{"id":10236,"date":"2025-04-11T11:05:32","date_gmt":"2025-04-11T09:05:32","guid":{"rendered":"https:\/\/unedpamplona.es\/?p=10236"},"modified":"2025-04-16T09:57:39","modified_gmt":"2025-04-16T07:57:39","slug":"uned-pamplona-celebra-el-9-de-abril-el-dia-de-la-universidad","status":"publish","type":"post","link":"https:\/\/unedpamplona.es\/eu\/uned-pamplona-celebra-el-9-de-abril-el-dia-de-la-universidad\/","title":{"rendered":"UNED Pamplona celebra el D\u00eda de la Universidad"},"content":{"rendered":"<p>UNED Pamplona celebr\u00f3 el mi\u00e9rcoles 9 de abril, a las 19:00 horas, el D\u00eda de la UNED, que estuvo presidido por el consejero de Universidad, Innovaci\u00f3n y Transformaci\u00f3n Digital del Gobierno de Navarra, Juan Luis Garc\u00eda Mart\u00edn, y la directora de UNED Pamplona, Teresa Im\u00edzcoz, quien se\u00f1al\u00f3 que \u201c<em>se trata de un d\u00eda de fiesta, de celebraci\u00f3n. Somos la Universidad de las segundas oportunidades, que da opciones a las personas que en su momento no pudieron realizar estudios universitarios y que, tras un desarrollo profesional y personal, deciden iniciar un Grado, previo paso de superar el Curso de Acceso\u201d.\u00a0<\/em><\/p>\n<p>La directora de UNED Pamplona quiso tambi\u00e9n agradecer a la sociedad navarra, <em>\u201ca todas y a cada una de las personas que se forman en UNED Pamplona, por su confianza en la calidad de nuestra oferta acad\u00e9mica. As\u00ed como el apoyo incondicional y continuo del Gobierno de Navarra a la UNED\u201d.<\/em><\/p>\n<p>Por su parte, el consejero de Universidad, Innovaci\u00f3n y Transformaci\u00f3n Digital, Juan Luis Garc\u00eda, destac\u00f3 el valor de UNED Pamplona como agente de transformaci\u00f3n social, subrayando su papel clave en el acceso igualitario a la educaci\u00f3n<em>. \u201cAqu\u00ed estudian quienes no pudieron hacerlo antes, quienes retoman sus estudios mientras trabajan, cuidan o rehacen su vida. Tambi\u00e9n quienes, a cualquier edad, deciden seguir form\u00e1ndose\u201d, <\/em>se\u00f1al\u00f3, haciendo hincapi\u00e9 en el <em>\u201ccar\u00e1cter inclusivo de este centro\u201d.<\/em><\/p>\n<p><span class=\"html-span xexx8yu x4uap5 x18d9i69 xkhd6sd x1hl2dhg x16tdsg8 x1vvkbs x3nfvp2 x1j61x8r x1fcty0u xdj266r xat24cr xgzva0m xhhsvwb xxymvpz xlup9mm x1kky2od\"><img decoding=\"async\" class=\"xz74otr x168nmei x13lgxp2 x5pf9jr xo71vjh\" src=\"https:\/\/static.xx.fbcdn.net\/images\/emoji.php\/v9\/tff\/1\/16\/1f3a5.png\" alt=\"\ud83c\udfa5\" width=\"16\" height=\"16\" \/>\u00a0 Accede al v\u00eddeo en nuestro canal de YouTube @unedpamplona720:\u00a0<\/span>\u00a0<span class=\"html-span xdj266r x11i5rnm xat24cr x1mh8g0r xexx8yu x4uap5 x18d9i69 xkhd6sd x1hl2dhg x16tdsg8 x1vvkbs\"><a class=\"x1i10hfl xjbqb8w x1ejq31n xd10rxx x1sy0etr x17r0tee x972fbf xcfux6l x1qhh985 xm0m39n x9f619 x1ypdohk xt0psk2 xe8uvvx xdj266r x11i5rnm xat24cr x1mh8g0r xexx8yu x4uap5 x18d9i69 xkhd6sd x16tdsg8 x1hl2dhg xggy1nq x1a2a7pz xkrqix3 x1sur9pj x1fey0fg x1s688f\" tabindex=\"0\" role=\"link\" href=\"https:\/\/www.youtube.com\/watch?v=pn5bOkP9YkA&amp;fbclid=IwZXh0bgNhZW0CMTAAAR4ko6_es7V080sQvlQdN8xpr8bR_TfoefilrEFJlEnzrbVA1wIVzgHKmdBQfw_aem_mHXdwFNx3uSBRY3uqnZvgA\" target=\"_blank\" rel=\"nofollow noopener\">https:\/\/www.youtube.com\/watch?v=pn5bOkP9YkA<\/a><\/span><\/p>\n<p><strong>Dorleta Garc\u00eda Melero, <\/strong><strong>premio al mejor expediente acad\u00e9mico<\/strong><\/p>\n<p>En el acto, se entreg\u00f3 el premio al mejor expediente acad\u00e9mico UNED Pamplona 2023-2024, dotado con 1000\u20ac. La ganadora ha sido la alumna <strong>Dorleta Garc\u00eda Melero<\/strong><strong>,<\/strong> con una nota de 8,4 en el Grado de Estudios Ingleses: Lengua, Literatura y Cultura.\u00a0<em>\u201cAunque no ha sido sencillo, no ha supuesto un gran sacrificio para m\u00ed. Estudiar es algo con lo que disfruto y a lo que me gusta dedicarle tiempo. Adem\u00e1s, en la UNED he conocido a gente maravillosa, porque, aunque es una universidad a distancia, en realidad la gente est\u00e1 muy cerca\u201d, <\/em>transmiti\u00f3 a trav\u00e9s de un v\u00eddeo, ya que, por motivos laborales, no pudo asistir al acto. Dorleta asegura que no pensaba conseguir el premio: \u201c<em>Ha sido una gran sorpresa y alegr\u00eda. El \u00faltimo a\u00f1o lo dediqu\u00e9 con mucho cari\u00f1o a hacer el Trabajo Fin de Grado, con el que obtuve muy buenos resultados. As\u00ed que despu\u00e9s de hacer el TFG, recibir este premio ha sido el broche de oro a esta experiencia tan bonita. Me ha hecho much\u00edsima ilusi\u00f3n.\u201d<\/em><\/p>\n<p><strong>Reconocimiento a estudiantes de Acceso<\/strong><\/p>\n<p>Durante el acto, se reconoci\u00f3 tambi\u00e9n a los estudiantes del Curso de Acceso a la Universidad que superaron los estudios el pasado a\u00f1o. El alumno <strong>Nacho Buhiga<\/strong> habl\u00f3 en representaci\u00f3n de sus compa\u00f1eros de lo que ha supuesto para \u00e9l la superaci\u00f3n del curso.<\/p>\n<p>Asimismo, se reconoci\u00f3 a la profesora <strong>Carmen San Mart\u00edn Grijalba<\/strong>, por sus 20 a\u00f1os de docencia en UNED Pamplona.<\/p>\n<p><strong>Premiadas en el Concursos de Microrrelatos<\/strong><\/p>\n<p>Durante el acto, se dieron a conocer los nombres de las personas ganadoras del \u00a0<strong>Concurso de Microrrelato<\/strong><strong>s. <\/strong>Se trata de Milagros Arizcuren Balda, ganadora con la obra &#8220;Centro de D\u00eda&#8221;, e Ysabel S\u00e1nchez Aldaz, finalista con el microrrelato &#8220;Valor ordinal&#8221;.<\/p>\n<p>El acto cont\u00f3 con la actuaci\u00f3n del <strong>Orfe\u00f3n Pamplon\u00e9s<\/strong> y al finalizar se realiz\u00f3 una fotograf\u00eda de grupo con los participantes del acto.<\/p>\n<p><strong>\u00a0Datos UNED Pamplona curso 2024-2025<\/strong><\/p>\n<p>Este curso 2024-2025, un total de <strong>4508 estudiantes<\/strong> se han matriculado en la oferta formativa reglada, incluyendo idiomas y UNED S\u00e9nior, cifra que supone un importante incremento con respecto al pasado a\u00f1o que hubo 4096 estudiantes.<\/p>\n<p>En <strong>Grados<\/strong>, se han matriculado un total de <strong>2365 estudiantes<\/strong>, siendo Psicolog\u00eda la titulaci\u00f3n con m\u00e1s estudiantes (535) seguida por Derecho, Geograf\u00eda e Historia, Historia del Arte, Criminolog\u00eda o Educaci\u00f3n Infantil.<\/p>\n<p>Por otra parte, las siguientes ense\u00f1anzas regladas tambi\u00e9n han incrementado el estudiantado respecto al curso pasado. Los microt\u00edtulos han registrado 99 matriculados; los m\u00e1steres, 179; los Cursos de Acceso, 105, e idiomas, 290.<\/p>\n<p>En este curso se han matriculado en <strong>Ingl\u00e9s<\/strong> un total de <strong>290 estudiantes<\/strong>, de los cu\u00e1les 105 se han matriculado de forma presencial en alguno de los cinco niveles (A1, A2, B1, B2 y C1). UNED Pamplona ha ofrecido este curso, por primera vez, clases de <strong>Euskera A1 y A2, <\/strong>y se han matriculado un total de <strong>28 estudiantes. <\/strong>En el pr\u00f3ximo curso se a\u00f1adir\u00e1n los t\u00edtulos B1 y B2.<\/p>\n<p>El programa <strong>UNED S\u00e9nior<\/strong> tambi\u00e9n ha experimentado un notable incremento alcanzando los 1474 estudiantes, respecto a los 1176 del curso pasado.<\/p>\n<p>Acercar el centro a sus estudiantes con el fin de allanar su camino, sobre todo, en los primeros cursos, ha marcado tambi\u00e9n el objetivo de las actividades del <strong>Plan de Acogida.<\/strong> Este curso, se han organizado 14 actividades con la participaci\u00f3n de 579 estudiantes.<\/p>\n<p>Asimismo, la oferta de <strong>Extensi\u00f3n Universitaria<\/strong> incide en el enriquecimiento cultural y social del entorno en el que se encuentra el centro asociado. Este curso se han desarrollado un total de 26 actividades (cursos, conferencias, presentaciones de libros), con<strong> 3217 matr\u00edculas<\/strong> respecto a las 2675 del curso pasado.<\/p>\n<p>En el centro universitario han destacado tambi\u00e9n las actividades de la<strong> C\u00e1tedra de Inteligencia Emocional<\/strong> de UNED Pamplona y Fundaci\u00f3n Caja Navarra, en las que han participado 4931 personas, y proyectos sociales como el <strong>programa la mejora de las competencias b\u00e1sicas<\/strong> en poblaci\u00f3n migrante, en el que han participado 314 estudiantes.<\/p>\n<p><strong>Procedencia y sexo de los estudiantes <\/strong><\/p>\n<p>En cuanto al sexo de los estudiantes, el 56% son mujeres y el 44%, hombres. Por edades, se extienden de los 18 a 89 a\u00f1os, siendo 28 la edad con m\u00e1s estudiantes. Y en cuanto a la procedencia, el 87% es de Navarra, el 8%, de otras CCAA, y el 5%, del extranjero.<\/p>\n<p><strong>Otros proyectos<\/strong><\/p>\n<p>Desde UNED Pamplona tambi\u00e9n se est\u00e1n desarrollando este curso otros proyectos como el convenio suscrito con el <strong>Parlamento de Navarra <\/strong>para realizar un proyecto de investigaci\u00f3n sobre la normativa europea y navarra en materia de racismo y xenofobia.<\/p>\n<p>Asimismo, este curso se ha puesto en marcha el <strong>Centro de Orientaci\u00f3n, Informaci\u00f3n y Empleo (COIE)<\/strong> que presta los servicios de orientaci\u00f3n acad\u00e9mica y profesional a los estudiantes del Centro.<\/p>\n<p>Otra de las novedades ha sido la creaci\u00f3n <strong>coro de UNED Pamplona,<\/strong> dirigido por Tania Polishchuk, y compuesto, en gran medida, por estudiantes del programa S\u00e9nior de UNED Pamplona.<\/p>\n","protected":false},"excerpt":{"rendered":"<p>UNED Pamplona celebr\u00f3 el mi\u00e9rcoles 9 de abril, a las 19:00 horas, el D\u00eda de la UNED, que estuvo presidido por el consejero de Universidad, Innovaci\u00f3n y Transformaci\u00f3n Digital del Gobierno de Navarra, Juan Luis Garc\u00eda Mart\u00edn, y la directora de UNED Pamplona, Teresa Im\u00edzcoz, quien se\u00f1al\u00f3 que \u201cse trata de un d\u00eda de fiesta, [&hellip;]<\/p>\n","protected":false},"author":2,"featured_media":10303,"comment_status":"closed","ping_status":"closed","sticky":false,"template":"","format":"standard","meta":{"footnotes":""},"categories":[1],"tags":[],"yoast_head":"<!-- This site is optimized with the Yoast SEO plugin v22.5 - https:\/\/yoast.com\/wordpress\/plugins\/seo\/ -->\n<title>UNED Pamplona celebra el D\u00eda de la Universidad - UNED Pamplona<\/title>\n<meta name=\"robots\" content=\"index, follow, max-snippet:-1, max-image-preview:large, max-video-preview:-1\" \/>\n<link rel=\"canonical\" href=\"https:\/\/unedpamplona.es\/eu\/uned-pamplona-celebra-el-9-de-abril-el-dia-de-la-universidad\/\" \/>\n<meta property=\"og:locale\" content=\"eu_ES\" \/>\n<meta property=\"og:type\" content=\"article\" \/>\n<meta property=\"og:title\" content=\"UNED Pamplona celebra el D\u00eda de la Universidad - UNED Pamplona\" \/>\n<meta property=\"og:description\" content=\"UNED Pamplona celebr\u00f3 el mi\u00e9rcoles 9 de abril, a las 19:00 horas, el D\u00eda de la UNED, que estuvo presidido por el consejero de Universidad, Innovaci\u00f3n y Transformaci\u00f3n Digital del Gobierno de Navarra, Juan Luis Garc\u00eda Mart\u00edn, y la directora de UNED Pamplona, Teresa Im\u00edzcoz, quien se\u00f1al\u00f3 que \u201cse trata de un d\u00eda de fiesta, [&hellip;]\" \/>\n<meta property=\"og:url\" content=\"https:\/\/unedpamplona.es\/eu\/uned-pamplona-celebra-el-9-de-abril-el-dia-de-la-universidad\/\" \/>\n<meta property=\"og:site_name\" content=\"UNED Pamplona\" \/>\n<meta property=\"article:published_time\" content=\"2025-04-11T09:05:32+00:00\" \/>\n<meta property=\"article:modified_time\" content=\"2025-04-16T07:57:39+00:00\" \/>\n<meta property=\"og:image\" content=\"https:\/\/unedpamplona.es\/wp-content\/uploads\/2025\/04\/DiaUNED3.jpg\" \/>\n\t<meta property=\"og:image:width\" content=\"2000\" \/>\n\t<meta property=\"og:image:height\" content=\"1034\" \/>\n\t<meta property=\"og:image:type\" content=\"image\/jpeg\" \/>\n<meta name=\"author\" content=\"uned\" \/>\n<meta name=\"twitter:card\" content=\"summary_large_image\" \/>\n<meta name=\"twitter:creator\" content=\"@unedpamplona\" \/>\n<meta name=\"twitter:site\" content=\"@unedpamplona\" \/>\n<meta name=\"twitter:label1\" content=\"Written by\" \/>\n\t<meta name=\"twitter:data1\" content=\"uned\" \/>\n\t<meta name=\"twitter:label2\" content=\"Est. reading time\" \/>\n\t<meta name=\"twitter:data2\" content=\"6 minutes\" \/>\n<script type=\"application\/ld+json\" class=\"yoast-schema-graph\">{\"@context\":\"https:\/\/schema.org\",\"@graph\":[{\"@type\":\"Article\",\"@id\":\"https:\/\/unedpamplona.es\/eu\/uned-pamplona-celebra-el-9-de-abril-el-dia-de-la-universidad\/#article\",\"isPartOf\":{\"@id\":\"https:\/\/unedpamplona.es\/eu\/uned-pamplona-celebra-el-9-de-abril-el-dia-de-la-universidad\/\"},\"author\":{\"name\":\"uned\",\"@id\":\"https:\/\/unedpamplona.es\/eu\/#\/schema\/person\/62a05b70c6808d41d8de2111f2b5f568\"},\"headline\":\"UNED Pamplona celebra el D\u00eda de la Universidad\",\"datePublished\":\"2025-04-11T09:05:32+00:00\",\"dateModified\":\"2025-04-16T07:57:39+00:00\",\"mainEntityOfPage\":{\"@id\":\"https:\/\/unedpamplona.es\/eu\/uned-pamplona-celebra-el-9-de-abril-el-dia-de-la-universidad\/\"},\"wordCount\":1118,\"publisher\":{\"@id\":\"https:\/\/unedpamplona.es\/eu\/#organization\"},\"image\":{\"@id\":\"https:\/\/unedpamplona.es\/eu\/uned-pamplona-celebra-el-9-de-abril-el-dia-de-la-universidad\/#primaryimage\"},\"thumbnailUrl\":\"https:\/\/unedpamplona.es\/wp-content\/uploads\/2025\/04\/DiaUNED3.jpg\",\"articleSection\":[\"Sin categorizar\"],\"inLanguage\":\"eu-ES\"},{\"@type\":\"WebPage\",\"@id\":\"https:\/\/unedpamplona.es\/eu\/uned-pamplona-celebra-el-9-de-abril-el-dia-de-la-universidad\/\",\"url\":\"https:\/\/unedpamplona.es\/eu\/uned-pamplona-celebra-el-9-de-abril-el-dia-de-la-universidad\/\",\"name\":\"UNED Pamplona celebra el D\u00eda de la Universidad - UNED Pamplona\",\"isPartOf\":{\"@id\":\"https:\/\/unedpamplona.es\/eu\/#website\"},\"primaryImageOfPage\":{\"@id\":\"https:\/\/unedpamplona.es\/eu\/uned-pamplona-celebra-el-9-de-abril-el-dia-de-la-universidad\/#primaryimage\"},\"image\":{\"@id\":\"https:\/\/unedpamplona.es\/eu\/uned-pamplona-celebra-el-9-de-abril-el-dia-de-la-universidad\/#primaryimage\"},\"thumbnailUrl\":\"https:\/\/unedpamplona.es\/wp-content\/uploads\/2025\/04\/DiaUNED3.jpg\",\"datePublished\":\"2025-04-11T09:05:32+00:00\",\"dateModified\":\"2025-04-16T07:57:39+00:00\",\"inLanguage\":\"eu-ES\",\"potentialAction\":[{\"@type\":\"ReadAction\",\"target\":[\"https:\/\/unedpamplona.es\/eu\/uned-pamplona-celebra-el-9-de-abril-el-dia-de-la-universidad\/\"]}]},{\"@type\":\"ImageObject\",\"inLanguage\":\"eu-ES\",\"@id\":\"https:\/\/unedpamplona.es\/eu\/uned-pamplona-celebra-el-9-de-abril-el-dia-de-la-universidad\/#primaryimage\",\"url\":\"https:\/\/unedpamplona.es\/wp-content\/uploads\/2025\/04\/DiaUNED3.jpg\",\"contentUrl\":\"https:\/\/unedpamplona.es\/wp-content\/uploads\/2025\/04\/DiaUNED3.jpg\",\"width\":2000,\"height\":1034},{\"@type\":\"WebSite\",\"@id\":\"https:\/\/unedpamplona.es\/eu\/#website\",\"url\":\"https:\/\/unedpamplona.es\/eu\/\",\"name\":\"UNED Pamplona\",\"description\":\"\",\"publisher\":{\"@id\":\"https:\/\/unedpamplona.es\/eu\/#organization\"},\"potentialAction\":[{\"@type\":\"SearchAction\",\"target\":{\"@type\":\"EntryPoint\",\"urlTemplate\":\"https:\/\/unedpamplona.es\/eu\/?s={search_term_string}\"},\"query-input\":\"required name=search_term_string\"}],\"inLanguage\":\"eu-ES\"},{\"@type\":\"Organization\",\"@id\":\"https:\/\/unedpamplona.es\/eu\/#organization\",\"name\":\"UNED Pamplona\",\"url\":\"https:\/\/unedpamplona.es\/eu\/\",\"logo\":{\"@type\":\"ImageObject\",\"inLanguage\":\"eu-ES\",\"@id\":\"https:\/\/unedpamplona.es\/eu\/#\/schema\/logo\/image\/\",\"url\":\"https:\/\/unedpamplona.es\/wp-content\/uploads\/2024\/02\/uned_pamplona_logo.png\",\"contentUrl\":\"https:\/\/unedpamplona.es\/wp-content\/uploads\/2024\/02\/uned_pamplona_logo.png\",\"width\":218,\"height\":104,\"caption\":\"UNED Pamplona\"},\"image\":{\"@id\":\"https:\/\/unedpamplona.es\/eu\/#\/schema\/logo\/image\/\"},\"sameAs\":[\"https:\/\/x.com\/unedpamplona\",\"https:\/\/www.youtube.com\/channel\/UCR2jc6TbCMAPnbcA17Z0wwg\",\"https:\/\/www.instagram.com\/unedpamplona\/\"]},{\"@type\":\"Person\",\"@id\":\"https:\/\/unedpamplona.es\/eu\/#\/schema\/person\/62a05b70c6808d41d8de2111f2b5f568\",\"name\":\"uned\",\"image\":{\"@type\":\"ImageObject\",\"inLanguage\":\"eu-ES\",\"@id\":\"https:\/\/unedpamplona.es\/eu\/#\/schema\/person\/image\/\",\"url\":\"https:\/\/secure.gravatar.com\/avatar\/344a1f8262dc552fd951ddf77b72239b?s=96&d=mm&r=g\",\"contentUrl\":\"https:\/\/secure.gravatar.com\/avatar\/344a1f8262dc552fd951ddf77b72239b?s=96&d=mm&r=g\",\"caption\":\"uned\"},\"url\":\"https:\/\/unedpamplona.es\/eu\/author\/uned\/\"}]}<\/script>\n<!-- \/ Yoast SEO plugin. -->","yoast_head_json":{"title":"UNED Pamplona celebra el D\u00eda de la Universidad - UNED Pamplona","robots":{"index":"index","follow":"follow","max-snippet":"max-snippet:-1","max-image-preview":"max-image-preview:large","max-video-preview":"max-video-preview:-1"},"canonical":"https:\/\/unedpamplona.es\/eu\/uned-pamplona-celebra-el-9-de-abril-el-dia-de-la-universidad\/","og_locale":"eu_ES","og_type":"article","og_title":"UNED Pamplona celebra el D\u00eda de la Universidad - UNED Pamplona","og_description":"UNED Pamplona celebr\u00f3 el mi\u00e9rcoles 9 de abril, a las 19:00 horas, el D\u00eda de la UNED, que estuvo presidido por el consejero de Universidad, Innovaci\u00f3n y Transformaci\u00f3n Digital del Gobierno de Navarra, Juan Luis Garc\u00eda Mart\u00edn, y la directora de UNED Pamplona, Teresa Im\u00edzcoz, quien se\u00f1al\u00f3 que \u201cse trata de un d\u00eda de fiesta, [&hellip;]","og_url":"https:\/\/unedpamplona.es\/eu\/uned-pamplona-celebra-el-9-de-abril-el-dia-de-la-universidad\/","og_site_name":"UNED Pamplona","article_published_time":"2025-04-11T09:05:32+00:00","article_modified_time":"2025-04-16T07:57:39+00:00","og_image":[{"width":2000,"height":1034,"url":"https:\/\/unedpamplona.es\/wp-content\/uploads\/2025\/04\/DiaUNED3.jpg","type":"image\/jpeg"}],"author":"uned","twitter_card":"summary_large_image","twitter_creator":"@unedpamplona","twitter_site":"@unedpamplona","twitter_misc":{"Written by":"uned","Est. reading time":"6 minutes"},"schema":{"@context":"https:\/\/schema.org","@graph":[{"@type":"Article","@id":"https:\/\/unedpamplona.es\/eu\/uned-pamplona-celebra-el-9-de-abril-el-dia-de-la-universidad\/#article","isPartOf":{"@id":"https:\/\/unedpamplona.es\/eu\/uned-pamplona-celebra-el-9-de-abril-el-dia-de-la-universidad\/"},"author":{"name":"uned","@id":"https:\/\/unedpamplona.es\/eu\/#\/schema\/person\/62a05b70c6808d41d8de2111f2b5f568"},"headline":"UNED Pamplona celebra el D\u00eda de la Universidad","datePublished":"2025-04-11T09:05:32+00:00","dateModified":"2025-04-16T07:57:39+00:00","mainEntityOfPage":{"@id":"https:\/\/unedpamplona.es\/eu\/uned-pamplona-celebra-el-9-de-abril-el-dia-de-la-universidad\/"},"wordCount":1118,"publisher":{"@id":"https:\/\/unedpamplona.es\/eu\/#organization"},"image":{"@id":"https:\/\/unedpamplona.es\/eu\/uned-pamplona-celebra-el-9-de-abril-el-dia-de-la-universidad\/#primaryimage"},"thumbnailUrl":"https:\/\/unedpamplona.es\/wp-content\/uploads\/2025\/04\/DiaUNED3.jpg","articleSection":["Sin categorizar"],"inLanguage":"eu-ES"},{"@type":"WebPage","@id":"https:\/\/unedpamplona.es\/eu\/uned-pamplona-celebra-el-9-de-abril-el-dia-de-la-universidad\/","url":"https:\/\/unedpamplona.es\/eu\/uned-pamplona-celebra-el-9-de-abril-el-dia-de-la-universidad\/","name":"UNED Pamplona celebra el D\u00eda de la Universidad - UNED Pamplona","isPartOf":{"@id":"https:\/\/unedpamplona.es\/eu\/#website"},"primaryImageOfPage":{"@id":"https:\/\/unedpamplona.es\/eu\/uned-pamplona-celebra-el-9-de-abril-el-dia-de-la-universidad\/#primaryimage"},"image":{"@id":"https:\/\/unedpamplona.es\/eu\/uned-pamplona-celebra-el-9-de-abril-el-dia-de-la-universidad\/#primaryimage"},"thumbnailUrl":"https:\/\/unedpamplona.es\/wp-content\/uploads\/2025\/04\/DiaUNED3.jpg","datePublished":"2025-04-11T09:05:32+00:00","dateModified":"2025-04-16T07:57:39+00:00","inLanguage":"eu-ES","potentialAction":[{"@type":"ReadAction","target":["https:\/\/unedpamplona.es\/eu\/uned-pamplona-celebra-el-9-de-abril-el-dia-de-la-universidad\/"]}]},{"@type":"ImageObject","inLanguage":"eu-ES","@id":"https:\/\/unedpamplona.es\/eu\/uned-pamplona-celebra-el-9-de-abril-el-dia-de-la-universidad\/#primaryimage","url":"https:\/\/unedpamplona.es\/wp-content\/uploads\/2025\/04\/DiaUNED3.jpg","contentUrl":"https:\/\/unedpamplona.es\/wp-content\/uploads\/2025\/04\/DiaUNED3.jpg","width":2000,"height":1034},{"@type":"WebSite","@id":"https:\/\/unedpamplona.es\/eu\/#website","url":"https:\/\/unedpamplona.es\/eu\/","name":"UNED Pamplona","description":"","publisher":{"@id":"https:\/\/unedpamplona.es\/eu\/#organization"},"potentialAction":[{"@type":"SearchAction","target":{"@type":"EntryPoint","urlTemplate":"https:\/\/unedpamplona.es\/eu\/?s={search_term_string}"},"query-input":"required name=search_term_string"}],"inLanguage":"eu-ES"},{"@type":"Organization","@id":"https:\/\/unedpamplona.es\/eu\/#organization","name":"UNED Pamplona","url":"https:\/\/unedpamplona.es\/eu\/","logo":{"@type":"ImageObject","inLanguage":"eu-ES","@id":"https:\/\/unedpamplona.es\/eu\/#\/schema\/logo\/image\/","url":"https:\/\/unedpamplona.es\/wp-content\/uploads\/2024\/02\/uned_pamplona_logo.png","contentUrl":"https:\/\/unedpamplona.es\/wp-content\/uploads\/2024\/02\/uned_pamplona_logo.png","width":218,"height":104,"caption":"UNED Pamplona"},"image":{"@id":"https:\/\/unedpamplona.es\/eu\/#\/schema\/logo\/image\/"},"sameAs":["https:\/\/x.com\/unedpamplona","https:\/\/www.youtube.com\/channel\/UCR2jc6TbCMAPnbcA17Z0wwg","https:\/\/www.instagram.com\/unedpamplona\/"]},{"@type":"Person","@id":"https:\/\/unedpamplona.es\/eu\/#\/schema\/person\/62a05b70c6808d41d8de2111f2b5f568","name":"uned","image":{"@type":"ImageObject","inLanguage":"eu-ES","@id":"https:\/\/unedpamplona.es\/eu\/#\/schema\/person\/image\/","url":"https:\/\/secure.gravatar.com\/avatar\/344a1f8262dc552fd951ddf77b72239b?s=96&d=mm&r=g","contentUrl":"https:\/\/secure.gravatar.com\/avatar\/344a1f8262dc552fd951ddf77b72239b?s=96&d=mm&r=g","caption":"uned"},"url":"https:\/\/unedpamplona.es\/eu\/author\/uned\/"}]}},"_links":{"self":[{"href":"https:\/\/unedpamplona.es\/eu\/wp-json\/wp\/v2\/posts\/10236"}],"collection":[{"href":"https:\/\/unedpamplona.es\/eu\/wp-json\/wp\/v2\/posts"}],"about":[{"href":"https:\/\/unedpamplona.es\/eu\/wp-json\/wp\/v2\/types\/post"}],"author":[{"embeddable":true,"href":"https:\/\/unedpamplona.es\/eu\/wp-json\/wp\/v2\/users\/2"}],"replies":[{"embeddable":true,"href":"https:\/\/unedpamplona.es\/eu\/wp-json\/wp\/v2\/comments?post=10236"}],"version-history":[{"count":28,"href":"https:\/\/unedpamplona.es\/eu\/wp-json\/wp\/v2\/posts\/10236\/revisions"}],"predecessor-version":[{"id":10505,"href":"https:\/\/unedpamplona.es\/eu\/wp-json\/wp\/v2\/posts\/10236\/revisions\/10505"}],"wp:featuredmedia":[{"embeddable":true,"href":"https:\/\/unedpamplona.es\/eu\/wp-json\/wp\/v2\/media\/10303"}],"wp:attachment":[{"href":"https:\/\/unedpamplona.es\/eu\/wp-json\/wp\/v2\/media?parent=10236"}],"wp:term":[{"taxonomy":"category","embeddable":true,"href":"https:\/\/unedpamplona.es\/eu\/wp-json\/wp\/v2\/categories?post=10236"},{"taxonomy":"post_tag","embeddable":true,"href":"https:\/\/unedpamplona.es\/eu\/wp-json\/wp\/v2\/tags?post=10236"}],"curies":[{"name":"wp","href":"https:\/\/api.w.org\/{rel}","templated":true}]}}