{"id":10389,"date":"2025-05-13T10:22:14","date_gmt":"2025-05-13T08:22:14","guid":{"rendered":"https:\/\/unedpamplona.es\/?p=10389"},"modified":"2025-05-13T12:50:04","modified_gmt":"2025-05-13T10:50:04","slug":"conferencia-de-rosa-molina-como-las-redes-sociales-afectan-a-tu-cerebro-mitos-y-realidades","status":"publish","type":"post","link":"https:\/\/unedpamplona.es\/eu\/conferencia-de-rosa-molina-como-las-redes-sociales-afectan-a-tu-cerebro-mitos-y-realidades\/","title":{"rendered":"M\u00e1s de 800 personas inscritas en la conferencia con la psiquiatra Rosa Molina sobre c\u00f3mo las redes sociales afectan al cerebro"},"content":{"rendered":"<p style=\"text-align: left;\">UNED Pamplona acogi\u00f3 ayer 12 de mayo la conferencia <strong>\u201cC\u00f3mo las redes sociales afectan a tu cerebro: mitos y realidades\u201d,<\/strong> que fue impartida por la psiquiatra y divulgadora <strong>Rosa Molina Ruiz<\/strong> y en la que se inscribieron m\u00e1s de 800 personas. Se trata de una actividad organizada dentro de la C\u00e1tedra de Inteligencia Emocional de UNED Pamplona y Fundaci\u00f3n Caja Navarra.<\/p>\n<p style=\"text-align: left;\">Las redes sociales han revolucionado nuestra comunicaci\u00f3n. Ofrecen, sin duda, claros beneficios. Sin embargo, su impacto negativo tambi\u00e9n existe y tiene que ver con un uso problem\u00e1tico de dichas tecnolog\u00edas. La clave no est\u00e1 en demonizarlas, si no en usarlas con pensamiento cr\u00edtico, conciencia de tiempo invertido y claridad sobre su impacto emocional. Para ello, Rosa Molina desminti\u00f3 algunos mitos y expuso la realidad que nos indica la evidencia cient\u00edfica.<\/p>\n<p><strong><a href=\"https:\/\/www.youtube.com\/watch?v=ayggk0kML6Q&amp;t=3s\">V\u00cdDEO CONFERENCIA CON LA PSIQUIATRA ROSA MOLINA<\/a><\/strong><\/p>\n<p>&nbsp;<\/p>\n<p><strong>CONFERENCIA DISPONIBLE EN NUESTRO CANAL DE YOUTUBE DE UNED PAMPLONA <span class=\"yt-core-attributed-string yt-content-metadata-view-model-wiz__metadata-text yt-core-attributed-string--white-space-pre-wrap yt-core-attributed-string--link-inherit-color\" dir=\"auto\" role=\"text\"><span class=\"yt-core-attributed-string--link-inherit-color\" dir=\"auto\">@unedpamplona720<\/span><\/span><\/strong><\/p>\n<div class=\"elementor-element elementor-element-2c990c0 elementor-widget-divider--view-line elementor-widget elementor-widget-divider\" style=\"text-align: left;\" data-id=\"2c990c0\" data-element_type=\"widget\" data-widget_type=\"divider.default\">\n<div class=\"elementor-widget-container\">\n<div>Las personas interesadas pueden visualizar la conferencia a trav\u00e9s de nuestro canal de YouTube de UNED Pamplona pinchando el siguiente enlace:<\/div>\n<div><a href=\"https:\/\/www.youtube.com\/live\/nnR4sK8ZFls\">\ud83d\udd34<strong> EN DIRECTO \/\/ CONFERENCIA: COMO LAS REDES SOCIALES AFECTAN A TU CEREBRO: MITOS Y REALIDADES<\/strong><\/a><\/div>\n<\/div>\n<\/div>\n<p style=\"text-align: left;\">\n","protected":false},"excerpt":{"rendered":"<p>UNED Pamplona acogi\u00f3 ayer 12 de mayo la conferencia \u201cC\u00f3mo las redes sociales afectan a tu cerebro: mitos y realidades\u201d, que fue impartida por la psiquiatra y divulgadora Rosa Molina Ruiz y en la que se inscribieron m\u00e1s de 800 personas. Se trata de una actividad organizada dentro de la C\u00e1tedra de Inteligencia Emocional de [&hellip;]<\/p>\n","protected":false},"author":2,"featured_media":10852,"comment_status":"closed","ping_status":"closed","sticky":false,"template":"","format":"standard","meta":{"footnotes":""},"categories":[11],"tags":[],"yoast_head":"<!-- This site is optimized with the Yoast SEO plugin v22.5 - https:\/\/yoast.com\/wordpress\/plugins\/seo\/ -->\n<title>M\u00e1s de 800 personas inscritas en la conferencia con la psiquiatra Rosa Molina sobre c\u00f3mo las redes sociales afectan al cerebro - UNED Pamplona<\/title>\n<meta name=\"robots\" content=\"index, follow, max-snippet:-1, max-image-preview:large, max-video-preview:-1\" \/>\n<link rel=\"canonical\" href=\"https:\/\/unedpamplona.es\/eu\/conferencia-de-rosa-molina-como-las-redes-sociales-afectan-a-tu-cerebro-mitos-y-realidades\/\" \/>\n<meta property=\"og:locale\" content=\"eu_ES\" \/>\n<meta property=\"og:type\" content=\"article\" \/>\n<meta property=\"og:title\" content=\"M\u00e1s de 800 personas inscritas en la conferencia con la psiquiatra Rosa Molina sobre c\u00f3mo las redes sociales afectan al cerebro - UNED Pamplona\" \/>\n<meta property=\"og:description\" content=\"UNED Pamplona acogi\u00f3 ayer 12 de mayo la conferencia \u201cC\u00f3mo las redes sociales afectan a tu cerebro: mitos y realidades\u201d, que fue impartida por la psiquiatra y divulgadora Rosa Molina Ruiz y en la que se inscribieron m\u00e1s de 800 personas. Se trata de una actividad organizada dentro de la C\u00e1tedra de Inteligencia Emocional de [&hellip;]\" \/>\n<meta property=\"og:url\" content=\"https:\/\/unedpamplona.es\/eu\/conferencia-de-rosa-molina-como-las-redes-sociales-afectan-a-tu-cerebro-mitos-y-realidades\/\" \/>\n<meta property=\"og:site_name\" content=\"UNED Pamplona\" \/>\n<meta property=\"article:published_time\" content=\"2025-05-13T08:22:14+00:00\" \/>\n<meta property=\"article:modified_time\" content=\"2025-05-13T10:50:04+00:00\" \/>\n<meta property=\"og:image\" content=\"https:\/\/unedpamplona.es\/wp-content\/uploads\/2025\/05\/CONFERENCIA-UNED-ROSA-MOLINA-48-scaled.jpg\" \/>\n\t<meta property=\"og:image:width\" content=\"2560\" \/>\n\t<meta property=\"og:image:height\" content=\"1703\" \/>\n\t<meta property=\"og:image:type\" content=\"image\/jpeg\" \/>\n<meta name=\"author\" content=\"uned\" \/>\n<meta name=\"twitter:card\" content=\"summary_large_image\" \/>\n<meta name=\"twitter:creator\" content=\"@unedpamplona\" \/>\n<meta name=\"twitter:site\" content=\"@unedpamplona\" \/>\n<meta name=\"twitter:label1\" content=\"Written by\" \/>\n\t<meta name=\"twitter:data1\" content=\"uned\" \/>\n\t<meta name=\"twitter:label2\" content=\"Est. reading time\" \/>\n\t<meta name=\"twitter:data2\" content=\"2 minutes\" \/>\n<script type=\"application\/ld+json\" class=\"yoast-schema-graph\">{\"@context\":\"https:\/\/schema.org\",\"@graph\":[{\"@type\":\"Article\",\"@id\":\"https:\/\/unedpamplona.es\/eu\/conferencia-de-rosa-molina-como-las-redes-sociales-afectan-a-tu-cerebro-mitos-y-realidades\/#article\",\"isPartOf\":{\"@id\":\"https:\/\/unedpamplona.es\/eu\/conferencia-de-rosa-molina-como-las-redes-sociales-afectan-a-tu-cerebro-mitos-y-realidades\/\"},\"author\":{\"name\":\"uned\",\"@id\":\"https:\/\/unedpamplona.es\/eu\/#\/schema\/person\/62a05b70c6808d41d8de2111f2b5f568\"},\"headline\":\"M\u00e1s de 800 personas inscritas en la conferencia con la psiquiatra Rosa Molina sobre c\u00f3mo las redes sociales afectan al cerebro\",\"datePublished\":\"2025-05-13T08:22:14+00:00\",\"dateModified\":\"2025-05-13T10:50:04+00:00\",\"mainEntityOfPage\":{\"@id\":\"https:\/\/unedpamplona.es\/eu\/conferencia-de-rosa-molina-como-las-redes-sociales-afectan-a-tu-cerebro-mitos-y-realidades\/\"},\"wordCount\":217,\"publisher\":{\"@id\":\"https:\/\/unedpamplona.es\/eu\/#organization\"},\"image\":{\"@id\":\"https:\/\/unedpamplona.es\/eu\/conferencia-de-rosa-molina-como-las-redes-sociales-afectan-a-tu-cerebro-mitos-y-realidades\/#primaryimage\"},\"thumbnailUrl\":\"https:\/\/unedpamplona.es\/wp-content\/uploads\/2025\/05\/CONFERENCIA-UNED-ROSA-MOLINA-48-scaled.jpg\",\"articleSection\":[\"Actualidad\"],\"inLanguage\":\"eu-ES\"},{\"@type\":\"WebPage\",\"@id\":\"https:\/\/unedpamplona.es\/eu\/conferencia-de-rosa-molina-como-las-redes-sociales-afectan-a-tu-cerebro-mitos-y-realidades\/\",\"url\":\"https:\/\/unedpamplona.es\/eu\/conferencia-de-rosa-molina-como-las-redes-sociales-afectan-a-tu-cerebro-mitos-y-realidades\/\",\"name\":\"M\u00e1s de 800 personas inscritas en la conferencia con la psiquiatra Rosa Molina sobre c\u00f3mo las redes sociales afectan al cerebro - UNED Pamplona\",\"isPartOf\":{\"@id\":\"https:\/\/unedpamplona.es\/eu\/#website\"},\"primaryImageOfPage\":{\"@id\":\"https:\/\/unedpamplona.es\/eu\/conferencia-de-rosa-molina-como-las-redes-sociales-afectan-a-tu-cerebro-mitos-y-realidades\/#primaryimage\"},\"image\":{\"@id\":\"https:\/\/unedpamplona.es\/eu\/conferencia-de-rosa-molina-como-las-redes-sociales-afectan-a-tu-cerebro-mitos-y-realidades\/#primaryimage\"},\"thumbnailUrl\":\"https:\/\/unedpamplona.es\/wp-content\/uploads\/2025\/05\/CONFERENCIA-UNED-ROSA-MOLINA-48-scaled.jpg\",\"datePublished\":\"2025-05-13T08:22:14+00:00\",\"dateModified\":\"2025-05-13T10:50:04+00:00\",\"inLanguage\":\"eu-ES\",\"potentialAction\":[{\"@type\":\"ReadAction\",\"target\":[\"https:\/\/unedpamplona.es\/eu\/conferencia-de-rosa-molina-como-las-redes-sociales-afectan-a-tu-cerebro-mitos-y-realidades\/\"]}]},{\"@type\":\"ImageObject\",\"inLanguage\":\"eu-ES\",\"@id\":\"https:\/\/unedpamplona.es\/eu\/conferencia-de-rosa-molina-como-las-redes-sociales-afectan-a-tu-cerebro-mitos-y-realidades\/#primaryimage\",\"url\":\"https:\/\/unedpamplona.es\/wp-content\/uploads\/2025\/05\/CONFERENCIA-UNED-ROSA-MOLINA-48-scaled.jpg\",\"contentUrl\":\"https:\/\/unedpamplona.es\/wp-content\/uploads\/2025\/05\/CONFERENCIA-UNED-ROSA-MOLINA-48-scaled.jpg\",\"width\":2560,\"height\":1703},{\"@type\":\"WebSite\",\"@id\":\"https:\/\/unedpamplona.es\/eu\/#website\",\"url\":\"https:\/\/unedpamplona.es\/eu\/\",\"name\":\"UNED Pamplona\",\"description\":\"\",\"publisher\":{\"@id\":\"https:\/\/unedpamplona.es\/eu\/#organization\"},\"potentialAction\":[{\"@type\":\"SearchAction\",\"target\":{\"@type\":\"EntryPoint\",\"urlTemplate\":\"https:\/\/unedpamplona.es\/eu\/?s={search_term_string}\"},\"query-input\":\"required name=search_term_string\"}],\"inLanguage\":\"eu-ES\"},{\"@type\":\"Organization\",\"@id\":\"https:\/\/unedpamplona.es\/eu\/#organization\",\"name\":\"UNED Pamplona\",\"url\":\"https:\/\/unedpamplona.es\/eu\/\",\"logo\":{\"@type\":\"ImageObject\",\"inLanguage\":\"eu-ES\",\"@id\":\"https:\/\/unedpamplona.es\/eu\/#\/schema\/logo\/image\/\",\"url\":\"https:\/\/unedpamplona.es\/wp-content\/uploads\/2024\/02\/uned_pamplona_logo.png\",\"contentUrl\":\"https:\/\/unedpamplona.es\/wp-content\/uploads\/2024\/02\/uned_pamplona_logo.png\",\"width\":218,\"height\":104,\"caption\":\"UNED Pamplona\"},\"image\":{\"@id\":\"https:\/\/unedpamplona.es\/eu\/#\/schema\/logo\/image\/\"},\"sameAs\":[\"https:\/\/x.com\/unedpamplona\",\"https:\/\/www.youtube.com\/channel\/UCR2jc6TbCMAPnbcA17Z0wwg\",\"https:\/\/www.instagram.com\/unedpamplona\/\"]},{\"@type\":\"Person\",\"@id\":\"https:\/\/unedpamplona.es\/eu\/#\/schema\/person\/62a05b70c6808d41d8de2111f2b5f568\",\"name\":\"uned\",\"image\":{\"@type\":\"ImageObject\",\"inLanguage\":\"eu-ES\",\"@id\":\"https:\/\/unedpamplona.es\/eu\/#\/schema\/person\/image\/\",\"url\":\"https:\/\/secure.gravatar.com\/avatar\/344a1f8262dc552fd951ddf77b72239b?s=96&d=mm&r=g\",\"contentUrl\":\"https:\/\/secure.gravatar.com\/avatar\/344a1f8262dc552fd951ddf77b72239b?s=96&d=mm&r=g\",\"caption\":\"uned\"},\"url\":\"https:\/\/unedpamplona.es\/eu\/author\/uned\/\"}]}<\/script>\n<!-- \/ Yoast SEO plugin. -->","yoast_head_json":{"title":"M\u00e1s de 800 personas inscritas en la conferencia con la psiquiatra Rosa Molina sobre c\u00f3mo las redes sociales afectan al cerebro - UNED Pamplona","robots":{"index":"index","follow":"follow","max-snippet":"max-snippet:-1","max-image-preview":"max-image-preview:large","max-video-preview":"max-video-preview:-1"},"canonical":"https:\/\/unedpamplona.es\/eu\/conferencia-de-rosa-molina-como-las-redes-sociales-afectan-a-tu-cerebro-mitos-y-realidades\/","og_locale":"eu_ES","og_type":"article","og_title":"M\u00e1s de 800 personas inscritas en la conferencia con la psiquiatra Rosa Molina sobre c\u00f3mo las redes sociales afectan al cerebro - UNED Pamplona","og_description":"UNED Pamplona acogi\u00f3 ayer 12 de mayo la conferencia \u201cC\u00f3mo las redes sociales afectan a tu cerebro: mitos y realidades\u201d, que fue impartida por la psiquiatra y divulgadora Rosa Molina Ruiz y en la que se inscribieron m\u00e1s de 800 personas. Se trata de una actividad organizada dentro de la C\u00e1tedra de Inteligencia Emocional de [&hellip;]","og_url":"https:\/\/unedpamplona.es\/eu\/conferencia-de-rosa-molina-como-las-redes-sociales-afectan-a-tu-cerebro-mitos-y-realidades\/","og_site_name":"UNED Pamplona","article_published_time":"2025-05-13T08:22:14+00:00","article_modified_time":"2025-05-13T10:50:04+00:00","og_image":[{"width":2560,"height":1703,"url":"https:\/\/unedpamplona.es\/wp-content\/uploads\/2025\/05\/CONFERENCIA-UNED-ROSA-MOLINA-48-scaled.jpg","type":"image\/jpeg"}],"author":"uned","twitter_card":"summary_large_image","twitter_creator":"@unedpamplona","twitter_site":"@unedpamplona","twitter_misc":{"Written by":"uned","Est. reading time":"2 minutes"},"schema":{"@context":"https:\/\/schema.org","@graph":[{"@type":"Article","@id":"https:\/\/unedpamplona.es\/eu\/conferencia-de-rosa-molina-como-las-redes-sociales-afectan-a-tu-cerebro-mitos-y-realidades\/#article","isPartOf":{"@id":"https:\/\/unedpamplona.es\/eu\/conferencia-de-rosa-molina-como-las-redes-sociales-afectan-a-tu-cerebro-mitos-y-realidades\/"},"author":{"name":"uned","@id":"https:\/\/unedpamplona.es\/eu\/#\/schema\/person\/62a05b70c6808d41d8de2111f2b5f568"},"headline":"M\u00e1s de 800 personas inscritas en la conferencia con la psiquiatra Rosa Molina sobre c\u00f3mo las redes sociales afectan al cerebro","datePublished":"2025-05-13T08:22:14+00:00","dateModified":"2025-05-13T10:50:04+00:00","mainEntityOfPage":{"@id":"https:\/\/unedpamplona.es\/eu\/conferencia-de-rosa-molina-como-las-redes-sociales-afectan-a-tu-cerebro-mitos-y-realidades\/"},"wordCount":217,"publisher":{"@id":"https:\/\/unedpamplona.es\/eu\/#organization"},"image":{"@id":"https:\/\/unedpamplona.es\/eu\/conferencia-de-rosa-molina-como-las-redes-sociales-afectan-a-tu-cerebro-mitos-y-realidades\/#primaryimage"},"thumbnailUrl":"https:\/\/unedpamplona.es\/wp-content\/uploads\/2025\/05\/CONFERENCIA-UNED-ROSA-MOLINA-48-scaled.jpg","articleSection":["Actualidad"],"inLanguage":"eu-ES"},{"@type":"WebPage","@id":"https:\/\/unedpamplona.es\/eu\/conferencia-de-rosa-molina-como-las-redes-sociales-afectan-a-tu-cerebro-mitos-y-realidades\/","url":"https:\/\/unedpamplona.es\/eu\/conferencia-de-rosa-molina-como-las-redes-sociales-afectan-a-tu-cerebro-mitos-y-realidades\/","name":"M\u00e1s de 800 personas inscritas en la conferencia con la psiquiatra Rosa Molina sobre c\u00f3mo las redes sociales afectan al cerebro - UNED Pamplona","isPartOf":{"@id":"https:\/\/unedpamplona.es\/eu\/#website"},"primaryImageOfPage":{"@id":"https:\/\/unedpamplona.es\/eu\/conferencia-de-rosa-molina-como-las-redes-sociales-afectan-a-tu-cerebro-mitos-y-realidades\/#primaryimage"},"image":{"@id":"https:\/\/unedpamplona.es\/eu\/conferencia-de-rosa-molina-como-las-redes-sociales-afectan-a-tu-cerebro-mitos-y-realidades\/#primaryimage"},"thumbnailUrl":"https:\/\/unedpamplona.es\/wp-content\/uploads\/2025\/05\/CONFERENCIA-UNED-ROSA-MOLINA-48-scaled.jpg","datePublished":"2025-05-13T08:22:14+00:00","dateModified":"2025-05-13T10:50:04+00:00","inLanguage":"eu-ES","potentialAction":[{"@type":"ReadAction","target":["https:\/\/unedpamplona.es\/eu\/conferencia-de-rosa-molina-como-las-redes-sociales-afectan-a-tu-cerebro-mitos-y-realidades\/"]}]},{"@type":"ImageObject","inLanguage":"eu-ES","@id":"https:\/\/unedpamplona.es\/eu\/conferencia-de-rosa-molina-como-las-redes-sociales-afectan-a-tu-cerebro-mitos-y-realidades\/#primaryimage","url":"https:\/\/unedpamplona.es\/wp-content\/uploads\/2025\/05\/CONFERENCIA-UNED-ROSA-MOLINA-48-scaled.jpg","contentUrl":"https:\/\/unedpamplona.es\/wp-content\/uploads\/2025\/05\/CONFERENCIA-UNED-ROSA-MOLINA-48-scaled.jpg","width":2560,"height":1703},{"@type":"WebSite","@id":"https:\/\/unedpamplona.es\/eu\/#website","url":"https:\/\/unedpamplona.es\/eu\/","name":"UNED Pamplona","description":"","publisher":{"@id":"https:\/\/unedpamplona.es\/eu\/#organization"},"potentialAction":[{"@type":"SearchAction","target":{"@type":"EntryPoint","urlTemplate":"https:\/\/unedpamplona.es\/eu\/?s={search_term_string}"},"query-input":"required name=search_term_string"}],"inLanguage":"eu-ES"},{"@type":"Organization","@id":"https:\/\/unedpamplona.es\/eu\/#organization","name":"UNED Pamplona","url":"https:\/\/unedpamplona.es\/eu\/","logo":{"@type":"ImageObject","inLanguage":"eu-ES","@id":"https:\/\/unedpamplona.es\/eu\/#\/schema\/logo\/image\/","url":"https:\/\/unedpamplona.es\/wp-content\/uploads\/2024\/02\/uned_pamplona_logo.png","contentUrl":"https:\/\/unedpamplona.es\/wp-content\/uploads\/2024\/02\/uned_pamplona_logo.png","width":218,"height":104,"caption":"UNED Pamplona"},"image":{"@id":"https:\/\/unedpamplona.es\/eu\/#\/schema\/logo\/image\/"},"sameAs":["https:\/\/x.com\/unedpamplona","https:\/\/www.youtube.com\/channel\/UCR2jc6TbCMAPnbcA17Z0wwg","https:\/\/www.instagram.com\/unedpamplona\/"]},{"@type":"Person","@id":"https:\/\/unedpamplona.es\/eu\/#\/schema\/person\/62a05b70c6808d41d8de2111f2b5f568","name":"uned","image":{"@type":"ImageObject","inLanguage":"eu-ES","@id":"https:\/\/unedpamplona.es\/eu\/#\/schema\/person\/image\/","url":"https:\/\/secure.gravatar.com\/avatar\/344a1f8262dc552fd951ddf77b72239b?s=96&d=mm&r=g","contentUrl":"https:\/\/secure.gravatar.com\/avatar\/344a1f8262dc552fd951ddf77b72239b?s=96&d=mm&r=g","caption":"uned"},"url":"https:\/\/unedpamplona.es\/eu\/author\/uned\/"}]}},"_links":{"self":[{"href":"https:\/\/unedpamplona.es\/eu\/wp-json\/wp\/v2\/posts\/10389"}],"collection":[{"href":"https:\/\/unedpamplona.es\/eu\/wp-json\/wp\/v2\/posts"}],"about":[{"href":"https:\/\/unedpamplona.es\/eu\/wp-json\/wp\/v2\/types\/post"}],"author":[{"embeddable":true,"href":"https:\/\/unedpamplona.es\/eu\/wp-json\/wp\/v2\/users\/2"}],"replies":[{"embeddable":true,"href":"https:\/\/unedpamplona.es\/eu\/wp-json\/wp\/v2\/comments?post=10389"}],"version-history":[{"count":23,"href":"https:\/\/unedpamplona.es\/eu\/wp-json\/wp\/v2\/posts\/10389\/revisions"}],"predecessor-version":[{"id":10855,"href":"https:\/\/unedpamplona.es\/eu\/wp-json\/wp\/v2\/posts\/10389\/revisions\/10855"}],"wp:featuredmedia":[{"embeddable":true,"href":"https:\/\/unedpamplona.es\/eu\/wp-json\/wp\/v2\/media\/10852"}],"wp:attachment":[{"href":"https:\/\/unedpamplona.es\/eu\/wp-json\/wp\/v2\/media?parent=10389"}],"wp:term":[{"taxonomy":"category","embeddable":true,"href":"https:\/\/unedpamplona.es\/eu\/wp-json\/wp\/v2\/categories?post=10389"},{"taxonomy":"post_tag","embeddable":true,"href":"https:\/\/unedpamplona.es\/eu\/wp-json\/wp\/v2\/tags?post=10389"}],"curies":[{"name":"wp","href":"https:\/\/api.w.org\/{rel}","templated":true}]}}