{"id":10731,"date":"2025-05-20T09:11:38","date_gmt":"2025-05-20T07:11:38","guid":{"rendered":"https:\/\/unedpamplona.es\/?p=10731"},"modified":"2025-05-27T10:10:57","modified_gmt":"2025-05-27T08:10:57","slug":"curso-estrategias-de-regulacion-emocional-uned-pamplona-26-y-27-de-mayo","status":"publish","type":"post","link":"https:\/\/unedpamplona.es\/eu\/curso-estrategias-de-regulacion-emocional-uned-pamplona-26-y-27-de-mayo\/","title":{"rendered":"Comienza el curso de &#8220;Estrategias de regulaci\u00f3n emocional&#8221;"},"content":{"rendered":"<p style=\"text-align: left;\">UNED Pamplona ha organizado los pr\u00f3ximos <strong>26 y 27 de mayo<\/strong> el curso &#8220;<strong>Estrategias de regulaci\u00f3n emocional&#8221; <\/strong>que ser\u00e1 impartida por <strong>Esperanza Garc\u00eda Sancho,<\/strong> profesora de la Universidad de M\u00e1laga.\u00a0Se trata de una actividad organizada dentro de la C\u00e1tedra de Inteligencia Emocional de UNED Pamplona y Fundaci\u00f3n Caja Navarra.<\/p>\n<p style=\"text-align: left;\">La regulaci\u00f3n emocional ha sido considerada como una variable transdiagn\u00f3stica implicada en la psicopatolog\u00eda. La investigaci\u00f3n sobre Regulaci\u00f3n Emocional se ha centrado en estudiar aquellos factores que influyen en la selecci\u00f3n de las estrategias de regulaci\u00f3n y en el efecto del uso de las mismas.<\/p>\n<p style=\"text-align: left;\">En este curso los asistentes aprender\u00e1n cu\u00e1l es el proceso y las variables implicadas en la selecci\u00f3n y uso de estrategias de regulaci\u00f3n as\u00ed como un amplio repertorio de estrategias, tanto intraindividuales como interpersonales, y el proceso psicol\u00f3gico que explica su funcionamiento.<\/p>\n<p><strong>FECHA<\/strong>: UNED Pamplona: 26 y 27 de mayo, de 16:30 a 20:30 horas.<\/p>\n<div class=\"elementor-element elementor-element-2c990c0 elementor-widget-divider--view-line elementor-widget elementor-widget-divider\" style=\"text-align: left;\" data-id=\"2c990c0\" data-element_type=\"widget\" data-widget_type=\"divider.default\">\n<div class=\"elementor-widget-container\">\n<div>Se trata de una actividad presencial y online (directo o diferido).<\/div>\n<div><\/div>\n<div><strong>0.5<\/strong>\u00a0cr\u00e9ditos ECTS (en tr\u00e1mite).<\/div>\n<\/div>\n<\/div>\n<p style=\"text-align: left;\"><strong>MATR\u00cdCULA ABIERTA<\/strong><\/p>\n<p><a href=\"https:\/\/extension.uned.es\/actividad\/44293&amp;codigo=CDRE\">Curso \u201cEstrategias\u00a0 de regulaci\u00f3n emocional\u201d | Extensi\u00f3n Universitaria en Pamplona | UNED<\/a><\/p>\n<p>&nbsp;<\/p>\n","protected":false},"excerpt":{"rendered":"<p>UNED Pamplona ha organizado los pr\u00f3ximos 26 y 27 de mayo el curso &#8220;Estrategias de regulaci\u00f3n emocional&#8221; que ser\u00e1 impartida por Esperanza Garc\u00eda Sancho, profesora de la Universidad de M\u00e1laga.\u00a0Se trata de una actividad organizada dentro de la C\u00e1tedra de Inteligencia Emocional de UNED Pamplona y Fundaci\u00f3n Caja Navarra. La regulaci\u00f3n emocional ha sido considerada [&hellip;]<\/p>\n","protected":false},"author":2,"featured_media":10732,"comment_status":"closed","ping_status":"closed","sticky":false,"template":"","format":"standard","meta":{"footnotes":""},"categories":[1],"tags":[],"yoast_head":"<!-- This site is optimized with the Yoast SEO plugin v22.5 - https:\/\/yoast.com\/wordpress\/plugins\/seo\/ -->\n<title>Comienza el curso de &quot;Estrategias de regulaci\u00f3n emocional&quot; - UNED Pamplona<\/title>\n<meta name=\"robots\" content=\"index, follow, max-snippet:-1, max-image-preview:large, max-video-preview:-1\" \/>\n<link rel=\"canonical\" href=\"https:\/\/unedpamplona.es\/eu\/curso-estrategias-de-regulacion-emocional-uned-pamplona-26-y-27-de-mayo\/\" \/>\n<meta property=\"og:locale\" content=\"eu_ES\" \/>\n<meta property=\"og:type\" content=\"article\" \/>\n<meta property=\"og:title\" content=\"Comienza el curso de &quot;Estrategias de regulaci\u00f3n emocional&quot; - UNED Pamplona\" \/>\n<meta property=\"og:description\" content=\"UNED Pamplona ha organizado los pr\u00f3ximos 26 y 27 de mayo el curso &#8220;Estrategias de regulaci\u00f3n emocional&#8221; que ser\u00e1 impartida por Esperanza Garc\u00eda Sancho, profesora de la Universidad de M\u00e1laga.\u00a0Se trata de una actividad organizada dentro de la C\u00e1tedra de Inteligencia Emocional de UNED Pamplona y Fundaci\u00f3n Caja Navarra. La regulaci\u00f3n emocional ha sido considerada [&hellip;]\" \/>\n<meta property=\"og:url\" content=\"https:\/\/unedpamplona.es\/eu\/curso-estrategias-de-regulacion-emocional-uned-pamplona-26-y-27-de-mayo\/\" \/>\n<meta property=\"og:site_name\" content=\"UNED Pamplona\" \/>\n<meta property=\"article:published_time\" content=\"2025-05-20T07:11:38+00:00\" \/>\n<meta property=\"article:modified_time\" content=\"2025-05-27T08:10:57+00:00\" \/>\n<meta property=\"og:image\" content=\"https:\/\/unedpamplona.es\/wp-content\/uploads\/2025\/05\/EstratregiasReguacionEmocional.jpeg\" \/>\n\t<meta property=\"og:image:width\" content=\"1082\" \/>\n\t<meta property=\"og:image:height\" content=\"494\" \/>\n\t<meta property=\"og:image:type\" content=\"image\/jpeg\" \/>\n<meta name=\"author\" content=\"uned\" \/>\n<meta name=\"twitter:card\" content=\"summary_large_image\" \/>\n<meta name=\"twitter:creator\" content=\"@unedpamplona\" \/>\n<meta name=\"twitter:site\" content=\"@unedpamplona\" \/>\n<meta name=\"twitter:label1\" content=\"Written by\" \/>\n\t<meta name=\"twitter:data1\" content=\"uned\" \/>\n\t<meta name=\"twitter:label2\" content=\"Est. reading time\" \/>\n\t<meta name=\"twitter:data2\" content=\"2 minutes\" \/>\n<script type=\"application\/ld+json\" class=\"yoast-schema-graph\">{\"@context\":\"https:\/\/schema.org\",\"@graph\":[{\"@type\":\"Article\",\"@id\":\"https:\/\/unedpamplona.es\/eu\/curso-estrategias-de-regulacion-emocional-uned-pamplona-26-y-27-de-mayo\/#article\",\"isPartOf\":{\"@id\":\"https:\/\/unedpamplona.es\/eu\/curso-estrategias-de-regulacion-emocional-uned-pamplona-26-y-27-de-mayo\/\"},\"author\":{\"name\":\"uned\",\"@id\":\"https:\/\/unedpamplona.es\/eu\/#\/schema\/person\/62a05b70c6808d41d8de2111f2b5f568\"},\"headline\":\"Comienza el curso de &#8220;Estrategias de regulaci\u00f3n emocional&#8221;\",\"datePublished\":\"2025-05-20T07:11:38+00:00\",\"dateModified\":\"2025-05-27T08:10:57+00:00\",\"mainEntityOfPage\":{\"@id\":\"https:\/\/unedpamplona.es\/eu\/curso-estrategias-de-regulacion-emocional-uned-pamplona-26-y-27-de-mayo\/\"},\"wordCount\":204,\"publisher\":{\"@id\":\"https:\/\/unedpamplona.es\/eu\/#organization\"},\"image\":{\"@id\":\"https:\/\/unedpamplona.es\/eu\/curso-estrategias-de-regulacion-emocional-uned-pamplona-26-y-27-de-mayo\/#primaryimage\"},\"thumbnailUrl\":\"https:\/\/unedpamplona.es\/wp-content\/uploads\/2025\/05\/EstratregiasReguacionEmocional.jpeg\",\"articleSection\":[\"Sin categorizar\"],\"inLanguage\":\"eu-ES\"},{\"@type\":\"WebPage\",\"@id\":\"https:\/\/unedpamplona.es\/eu\/curso-estrategias-de-regulacion-emocional-uned-pamplona-26-y-27-de-mayo\/\",\"url\":\"https:\/\/unedpamplona.es\/eu\/curso-estrategias-de-regulacion-emocional-uned-pamplona-26-y-27-de-mayo\/\",\"name\":\"Comienza el curso de \\\"Estrategias de regulaci\u00f3n emocional\\\" - UNED Pamplona\",\"isPartOf\":{\"@id\":\"https:\/\/unedpamplona.es\/eu\/#website\"},\"primaryImageOfPage\":{\"@id\":\"https:\/\/unedpamplona.es\/eu\/curso-estrategias-de-regulacion-emocional-uned-pamplona-26-y-27-de-mayo\/#primaryimage\"},\"image\":{\"@id\":\"https:\/\/unedpamplona.es\/eu\/curso-estrategias-de-regulacion-emocional-uned-pamplona-26-y-27-de-mayo\/#primaryimage\"},\"thumbnailUrl\":\"https:\/\/unedpamplona.es\/wp-content\/uploads\/2025\/05\/EstratregiasReguacionEmocional.jpeg\",\"datePublished\":\"2025-05-20T07:11:38+00:00\",\"dateModified\":\"2025-05-27T08:10:57+00:00\",\"inLanguage\":\"eu-ES\",\"potentialAction\":[{\"@type\":\"ReadAction\",\"target\":[\"https:\/\/unedpamplona.es\/eu\/curso-estrategias-de-regulacion-emocional-uned-pamplona-26-y-27-de-mayo\/\"]}]},{\"@type\":\"ImageObject\",\"inLanguage\":\"eu-ES\",\"@id\":\"https:\/\/unedpamplona.es\/eu\/curso-estrategias-de-regulacion-emocional-uned-pamplona-26-y-27-de-mayo\/#primaryimage\",\"url\":\"https:\/\/unedpamplona.es\/wp-content\/uploads\/2025\/05\/EstratregiasReguacionEmocional.jpeg\",\"contentUrl\":\"https:\/\/unedpamplona.es\/wp-content\/uploads\/2025\/05\/EstratregiasReguacionEmocional.jpeg\",\"width\":1082,\"height\":494},{\"@type\":\"WebSite\",\"@id\":\"https:\/\/unedpamplona.es\/eu\/#website\",\"url\":\"https:\/\/unedpamplona.es\/eu\/\",\"name\":\"UNED Pamplona\",\"description\":\"\",\"publisher\":{\"@id\":\"https:\/\/unedpamplona.es\/eu\/#organization\"},\"potentialAction\":[{\"@type\":\"SearchAction\",\"target\":{\"@type\":\"EntryPoint\",\"urlTemplate\":\"https:\/\/unedpamplona.es\/eu\/?s={search_term_string}\"},\"query-input\":\"required name=search_term_string\"}],\"inLanguage\":\"eu-ES\"},{\"@type\":\"Organization\",\"@id\":\"https:\/\/unedpamplona.es\/eu\/#organization\",\"name\":\"UNED Pamplona\",\"url\":\"https:\/\/unedpamplona.es\/eu\/\",\"logo\":{\"@type\":\"ImageObject\",\"inLanguage\":\"eu-ES\",\"@id\":\"https:\/\/unedpamplona.es\/eu\/#\/schema\/logo\/image\/\",\"url\":\"https:\/\/unedpamplona.es\/wp-content\/uploads\/2024\/02\/uned_pamplona_logo.png\",\"contentUrl\":\"https:\/\/unedpamplona.es\/wp-content\/uploads\/2024\/02\/uned_pamplona_logo.png\",\"width\":218,\"height\":104,\"caption\":\"UNED Pamplona\"},\"image\":{\"@id\":\"https:\/\/unedpamplona.es\/eu\/#\/schema\/logo\/image\/\"},\"sameAs\":[\"https:\/\/x.com\/unedpamplona\",\"https:\/\/www.youtube.com\/channel\/UCR2jc6TbCMAPnbcA17Z0wwg\",\"https:\/\/www.instagram.com\/unedpamplona\/\"]},{\"@type\":\"Person\",\"@id\":\"https:\/\/unedpamplona.es\/eu\/#\/schema\/person\/62a05b70c6808d41d8de2111f2b5f568\",\"name\":\"uned\",\"image\":{\"@type\":\"ImageObject\",\"inLanguage\":\"eu-ES\",\"@id\":\"https:\/\/unedpamplona.es\/eu\/#\/schema\/person\/image\/\",\"url\":\"https:\/\/secure.gravatar.com\/avatar\/344a1f8262dc552fd951ddf77b72239b?s=96&d=mm&r=g\",\"contentUrl\":\"https:\/\/secure.gravatar.com\/avatar\/344a1f8262dc552fd951ddf77b72239b?s=96&d=mm&r=g\",\"caption\":\"uned\"},\"url\":\"https:\/\/unedpamplona.es\/eu\/author\/uned\/\"}]}<\/script>\n<!-- \/ Yoast SEO plugin. -->","yoast_head_json":{"title":"Comienza el curso de \"Estrategias de regulaci\u00f3n emocional\" - UNED Pamplona","robots":{"index":"index","follow":"follow","max-snippet":"max-snippet:-1","max-image-preview":"max-image-preview:large","max-video-preview":"max-video-preview:-1"},"canonical":"https:\/\/unedpamplona.es\/eu\/curso-estrategias-de-regulacion-emocional-uned-pamplona-26-y-27-de-mayo\/","og_locale":"eu_ES","og_type":"article","og_title":"Comienza el curso de \"Estrategias de regulaci\u00f3n emocional\" - UNED Pamplona","og_description":"UNED Pamplona ha organizado los pr\u00f3ximos 26 y 27 de mayo el curso &#8220;Estrategias de regulaci\u00f3n emocional&#8221; que ser\u00e1 impartida por Esperanza Garc\u00eda Sancho, profesora de la Universidad de M\u00e1laga.\u00a0Se trata de una actividad organizada dentro de la C\u00e1tedra de Inteligencia Emocional de UNED Pamplona y Fundaci\u00f3n Caja Navarra. La regulaci\u00f3n emocional ha sido considerada [&hellip;]","og_url":"https:\/\/unedpamplona.es\/eu\/curso-estrategias-de-regulacion-emocional-uned-pamplona-26-y-27-de-mayo\/","og_site_name":"UNED Pamplona","article_published_time":"2025-05-20T07:11:38+00:00","article_modified_time":"2025-05-27T08:10:57+00:00","og_image":[{"width":1082,"height":494,"url":"https:\/\/unedpamplona.es\/wp-content\/uploads\/2025\/05\/EstratregiasReguacionEmocional.jpeg","type":"image\/jpeg"}],"author":"uned","twitter_card":"summary_large_image","twitter_creator":"@unedpamplona","twitter_site":"@unedpamplona","twitter_misc":{"Written by":"uned","Est. reading time":"2 minutes"},"schema":{"@context":"https:\/\/schema.org","@graph":[{"@type":"Article","@id":"https:\/\/unedpamplona.es\/eu\/curso-estrategias-de-regulacion-emocional-uned-pamplona-26-y-27-de-mayo\/#article","isPartOf":{"@id":"https:\/\/unedpamplona.es\/eu\/curso-estrategias-de-regulacion-emocional-uned-pamplona-26-y-27-de-mayo\/"},"author":{"name":"uned","@id":"https:\/\/unedpamplona.es\/eu\/#\/schema\/person\/62a05b70c6808d41d8de2111f2b5f568"},"headline":"Comienza el curso de &#8220;Estrategias de regulaci\u00f3n emocional&#8221;","datePublished":"2025-05-20T07:11:38+00:00","dateModified":"2025-05-27T08:10:57+00:00","mainEntityOfPage":{"@id":"https:\/\/unedpamplona.es\/eu\/curso-estrategias-de-regulacion-emocional-uned-pamplona-26-y-27-de-mayo\/"},"wordCount":204,"publisher":{"@id":"https:\/\/unedpamplona.es\/eu\/#organization"},"image":{"@id":"https:\/\/unedpamplona.es\/eu\/curso-estrategias-de-regulacion-emocional-uned-pamplona-26-y-27-de-mayo\/#primaryimage"},"thumbnailUrl":"https:\/\/unedpamplona.es\/wp-content\/uploads\/2025\/05\/EstratregiasReguacionEmocional.jpeg","articleSection":["Sin categorizar"],"inLanguage":"eu-ES"},{"@type":"WebPage","@id":"https:\/\/unedpamplona.es\/eu\/curso-estrategias-de-regulacion-emocional-uned-pamplona-26-y-27-de-mayo\/","url":"https:\/\/unedpamplona.es\/eu\/curso-estrategias-de-regulacion-emocional-uned-pamplona-26-y-27-de-mayo\/","name":"Comienza el curso de \"Estrategias de regulaci\u00f3n emocional\" - UNED Pamplona","isPartOf":{"@id":"https:\/\/unedpamplona.es\/eu\/#website"},"primaryImageOfPage":{"@id":"https:\/\/unedpamplona.es\/eu\/curso-estrategias-de-regulacion-emocional-uned-pamplona-26-y-27-de-mayo\/#primaryimage"},"image":{"@id":"https:\/\/unedpamplona.es\/eu\/curso-estrategias-de-regulacion-emocional-uned-pamplona-26-y-27-de-mayo\/#primaryimage"},"thumbnailUrl":"https:\/\/unedpamplona.es\/wp-content\/uploads\/2025\/05\/EstratregiasReguacionEmocional.jpeg","datePublished":"2025-05-20T07:11:38+00:00","dateModified":"2025-05-27T08:10:57+00:00","inLanguage":"eu-ES","potentialAction":[{"@type":"ReadAction","target":["https:\/\/unedpamplona.es\/eu\/curso-estrategias-de-regulacion-emocional-uned-pamplona-26-y-27-de-mayo\/"]}]},{"@type":"ImageObject","inLanguage":"eu-ES","@id":"https:\/\/unedpamplona.es\/eu\/curso-estrategias-de-regulacion-emocional-uned-pamplona-26-y-27-de-mayo\/#primaryimage","url":"https:\/\/unedpamplona.es\/wp-content\/uploads\/2025\/05\/EstratregiasReguacionEmocional.jpeg","contentUrl":"https:\/\/unedpamplona.es\/wp-content\/uploads\/2025\/05\/EstratregiasReguacionEmocional.jpeg","width":1082,"height":494},{"@type":"WebSite","@id":"https:\/\/unedpamplona.es\/eu\/#website","url":"https:\/\/unedpamplona.es\/eu\/","name":"UNED Pamplona","description":"","publisher":{"@id":"https:\/\/unedpamplona.es\/eu\/#organization"},"potentialAction":[{"@type":"SearchAction","target":{"@type":"EntryPoint","urlTemplate":"https:\/\/unedpamplona.es\/eu\/?s={search_term_string}"},"query-input":"required name=search_term_string"}],"inLanguage":"eu-ES"},{"@type":"Organization","@id":"https:\/\/unedpamplona.es\/eu\/#organization","name":"UNED Pamplona","url":"https:\/\/unedpamplona.es\/eu\/","logo":{"@type":"ImageObject","inLanguage":"eu-ES","@id":"https:\/\/unedpamplona.es\/eu\/#\/schema\/logo\/image\/","url":"https:\/\/unedpamplona.es\/wp-content\/uploads\/2024\/02\/uned_pamplona_logo.png","contentUrl":"https:\/\/unedpamplona.es\/wp-content\/uploads\/2024\/02\/uned_pamplona_logo.png","width":218,"height":104,"caption":"UNED Pamplona"},"image":{"@id":"https:\/\/unedpamplona.es\/eu\/#\/schema\/logo\/image\/"},"sameAs":["https:\/\/x.com\/unedpamplona","https:\/\/www.youtube.com\/channel\/UCR2jc6TbCMAPnbcA17Z0wwg","https:\/\/www.instagram.com\/unedpamplona\/"]},{"@type":"Person","@id":"https:\/\/unedpamplona.es\/eu\/#\/schema\/person\/62a05b70c6808d41d8de2111f2b5f568","name":"uned","image":{"@type":"ImageObject","inLanguage":"eu-ES","@id":"https:\/\/unedpamplona.es\/eu\/#\/schema\/person\/image\/","url":"https:\/\/secure.gravatar.com\/avatar\/344a1f8262dc552fd951ddf77b72239b?s=96&d=mm&r=g","contentUrl":"https:\/\/secure.gravatar.com\/avatar\/344a1f8262dc552fd951ddf77b72239b?s=96&d=mm&r=g","caption":"uned"},"url":"https:\/\/unedpamplona.es\/eu\/author\/uned\/"}]}},"_links":{"self":[{"href":"https:\/\/unedpamplona.es\/eu\/wp-json\/wp\/v2\/posts\/10731"}],"collection":[{"href":"https:\/\/unedpamplona.es\/eu\/wp-json\/wp\/v2\/posts"}],"about":[{"href":"https:\/\/unedpamplona.es\/eu\/wp-json\/wp\/v2\/types\/post"}],"author":[{"embeddable":true,"href":"https:\/\/unedpamplona.es\/eu\/wp-json\/wp\/v2\/users\/2"}],"replies":[{"embeddable":true,"href":"https:\/\/unedpamplona.es\/eu\/wp-json\/wp\/v2\/comments?post=10731"}],"version-history":[{"count":6,"href":"https:\/\/unedpamplona.es\/eu\/wp-json\/wp\/v2\/posts\/10731\/revisions"}],"predecessor-version":[{"id":11442,"href":"https:\/\/unedpamplona.es\/eu\/wp-json\/wp\/v2\/posts\/10731\/revisions\/11442"}],"wp:featuredmedia":[{"embeddable":true,"href":"https:\/\/unedpamplona.es\/eu\/wp-json\/wp\/v2\/media\/10732"}],"wp:attachment":[{"href":"https:\/\/unedpamplona.es\/eu\/wp-json\/wp\/v2\/media?parent=10731"}],"wp:term":[{"taxonomy":"category","embeddable":true,"href":"https:\/\/unedpamplona.es\/eu\/wp-json\/wp\/v2\/categories?post=10731"},{"taxonomy":"post_tag","embeddable":true,"href":"https:\/\/unedpamplona.es\/eu\/wp-json\/wp\/v2\/tags?post=10731"}],"curies":[{"name":"wp","href":"https:\/\/api.w.org\/{rel}","templated":true}]}}