{"id":10808,"date":"2025-05-14T09:30:36","date_gmt":"2025-05-14T07:30:36","guid":{"rendered":"https:\/\/unedpamplona.es\/?p=10808"},"modified":"2025-05-15T09:27:53","modified_gmt":"2025-05-15T07:27:53","slug":"el-15-de-mayo-conferencia-sobre-el-duelo-y-el-dolor-un-cambio-de-mirada","status":"publish","type":"post","link":"https:\/\/unedpamplona.es\/eu\/el-15-de-mayo-conferencia-sobre-el-duelo-y-el-dolor-un-cambio-de-mirada\/","title":{"rendered":"UNED Pamplona acoge la conferencia \u00abSobre el duelo y el dolor. Un cambio de mirada\u00bb. Inscripci\u00f3n gratuita"},"content":{"rendered":"<div class=\"xdj266r x11i5rnm xat24cr x1mh8g0r x1vvkbs x126k92a\">\n<div dir=\"auto\">Dentro de la C\u00e1tedra de Inteligencia Emocional de UNED Pamplona y Fundaci\u00f3n Caja Navarra, este mes de mayo se han organizado las siguientes conferencias:<\/div>\n<\/div>\n<div dir=\"auto\"><\/div>\n<div class=\"x11i5rnm xat24cr x1mh8g0r x1vvkbs xtlvy1s x126k92a\">\n<div dir=\"auto\"><strong>&#8211; \u00abSobre el duelo y el dolor. Un cambio de mirada\u00bb<\/strong><\/div>\n<\/div>\n<div class=\"x11i5rnm xat24cr x1mh8g0r x1vvkbs xtlvy1s x126k92a\">\n<div dir=\"auto\">Imparte: Rakel Mateo Sebasti\u00e1n, psicopedagoga y directora de Goizargi.<\/div>\n<div dir=\"auto\">Jueves 15 de mayo, a las 19:00 horas.<\/div>\n<\/div>\n<div dir=\"auto\"><\/div>\n<div dir=\"auto\"><strong>&#8211;\u00a0 \u00abC\u00f3mo les<\/strong><strong>\u00a0explico la muerte a mis hijos\u00bb<\/strong><\/div>\n<div class=\"x11i5rnm xat24cr x1mh8g0r x1vvkbs xtlvy1s x126k92a\">\n<div dir=\"auto\">\u00a0Imparte: Iban Onandia Hinchado, psic\u00f3logo y neuropsic\u00f3logo cl\u00ednico infantojuvenil.<\/div>\n<div dir=\"auto\">Jueves, 29 de mayo, a las 19:00 horas.<\/div>\n<\/div>\n<div class=\"x11i5rnm xat24cr x1mh8g0r x1vvkbs xtlvy1s x126k92a\">\n<div dir=\"auto\"><\/div>\n<div dir=\"auto\">Actividades presenciales y online (directo o diferido).<\/div>\n<div dir=\"auto\"><\/div>\n<\/div>\n<div class=\"x11i5rnm xat24cr x1mh8g0r x1vvkbs xtlvy1s x126k92a\">\n<div dir=\"auto\"><span class=\"html-span xexx8yu x4uap5 x18d9i69 xkhd6sd x1hl2dhg x16tdsg8 x1vvkbs x3nfvp2 x1j61x8r x1fcty0u xdj266r xat24cr xgzva0m xhhsvwb xxymvpz xlup9mm x1kky2od\"><img decoding=\"async\" class=\"xz74otr x168nmei x13lgxp2 x5pf9jr xo71vjh\" src=\"https:\/\/static.xx.fbcdn.net\/images\/emoji.php\/v9\/te2\/1\/16\/270d.png\" alt=\"\u270d\ufe0f\" width=\"16\" height=\"16\" \/><\/span> \u00a1MATR\u00cdCULA GRATUITA!<\/div>\n<div dir=\"auto\"><span class=\"html-span xdj266r x11i5rnm xat24cr x1mh8g0r xexx8yu x4uap5 x18d9i69 xkhd6sd x1hl2dhg x16tdsg8 x1vvkbs\"><a class=\"x1i10hfl xjbqb8w x1ejq31n xd10rxx x1sy0etr x17r0tee x972fbf xcfux6l x1qhh985 xm0m39n x9f619 x1ypdohk xt0psk2 xe8uvvx xdj266r x11i5rnm xat24cr x1mh8g0r xexx8yu x4uap5 x18d9i69 xkhd6sd x16tdsg8 x1hl2dhg xggy1nq x1a2a7pz xkrqix3 x1sur9pj x1fey0fg x1s688f\" tabindex=\"0\" role=\"link\" href=\"https:\/\/unedpamplona.es\/catedra\/el-duelo-y-ensenanza-sobre-la-muerte-desde-educacion-infantil\/?fbclid=IwZXh0bgNhZW0CMTAAAR0vtgSLMCCrO_nausON7aSv72slc0zkpRPjLGhrskPKTnLyTG_LeMEWvoE_aem_HCrNouSa4G8ENgK-wM7H3g\" target=\"_blank\" rel=\"nofollow noopener\">https:\/\/unedpamplona.es\/&#8230;\/el-duelo-y-ensenanza-sobre&#8230;\/<\/a><\/span><\/div>\n<\/div>\n","protected":false},"excerpt":{"rendered":"<p>Dentro de la C\u00e1tedra de Inteligencia Emocional de UNED Pamplona y Fundaci\u00f3n Caja Navarra, este mes de mayo se han organizado las siguientes conferencias: &#8211; \u00abSobre el duelo y el dolor. Un cambio de mirada\u00bb Imparte: Rakel Mateo Sebasti\u00e1n, psicopedagoga y directora de Goizargi. Jueves 15 de mayo, a las 19:00 horas. &#8211;\u00a0 \u00abC\u00f3mo les\u00a0explico [&hellip;]<\/p>\n","protected":false},"author":2,"featured_media":9960,"comment_status":"closed","ping_status":"closed","sticky":false,"template":"","format":"standard","meta":{"footnotes":""},"categories":[11],"tags":[],"yoast_head":"<!-- This site is optimized with the Yoast SEO plugin v22.5 - https:\/\/yoast.com\/wordpress\/plugins\/seo\/ -->\n<title>UNED Pamplona acoge la conferencia \u00abSobre el duelo y el dolor. Un cambio de mirada\u00bb. Inscripci\u00f3n gratuita - UNED Pamplona<\/title>\n<meta name=\"robots\" content=\"index, follow, max-snippet:-1, max-image-preview:large, max-video-preview:-1\" \/>\n<link rel=\"canonical\" href=\"https:\/\/unedpamplona.es\/eu\/el-15-de-mayo-conferencia-sobre-el-duelo-y-el-dolor-un-cambio-de-mirada\/\" \/>\n<meta property=\"og:locale\" content=\"eu_ES\" \/>\n<meta property=\"og:type\" content=\"article\" \/>\n<meta property=\"og:title\" content=\"UNED Pamplona acoge la conferencia \u00abSobre el duelo y el dolor. Un cambio de mirada\u00bb. Inscripci\u00f3n gratuita - UNED Pamplona\" \/>\n<meta property=\"og:description\" content=\"Dentro de la C\u00e1tedra de Inteligencia Emocional de UNED Pamplona y Fundaci\u00f3n Caja Navarra, este mes de mayo se han organizado las siguientes conferencias: &#8211; \u00abSobre el duelo y el dolor. Un cambio de mirada\u00bb Imparte: Rakel Mateo Sebasti\u00e1n, psicopedagoga y directora de Goizargi. Jueves 15 de mayo, a las 19:00 horas. &#8211;\u00a0 \u00abC\u00f3mo les\u00a0explico [&hellip;]\" \/>\n<meta property=\"og:url\" content=\"https:\/\/unedpamplona.es\/eu\/el-15-de-mayo-conferencia-sobre-el-duelo-y-el-dolor-un-cambio-de-mirada\/\" \/>\n<meta property=\"og:site_name\" content=\"UNED Pamplona\" \/>\n<meta property=\"article:published_time\" content=\"2025-05-14T07:30:36+00:00\" \/>\n<meta property=\"article:modified_time\" content=\"2025-05-15T07:27:53+00:00\" \/>\n<meta property=\"og:image\" content=\"https:\/\/unedpamplona.es\/wp-content\/uploads\/2025\/04\/ConferenciasMuerte.png\" \/>\n\t<meta property=\"og:image:width\" content=\"1024\" \/>\n\t<meta property=\"og:image:height\" content=\"366\" \/>\n\t<meta property=\"og:image:type\" content=\"image\/png\" \/>\n<meta name=\"author\" content=\"uned\" \/>\n<meta name=\"twitter:card\" content=\"summary_large_image\" \/>\n<meta name=\"twitter:creator\" content=\"@unedpamplona\" \/>\n<meta name=\"twitter:site\" content=\"@unedpamplona\" \/>\n<meta name=\"twitter:label1\" content=\"Written by\" \/>\n\t<meta name=\"twitter:data1\" content=\"uned\" \/>\n\t<meta name=\"twitter:label2\" content=\"Est. reading time\" \/>\n\t<meta name=\"twitter:data2\" content=\"1 minute\" \/>\n<script type=\"application\/ld+json\" class=\"yoast-schema-graph\">{\"@context\":\"https:\/\/schema.org\",\"@graph\":[{\"@type\":\"Article\",\"@id\":\"https:\/\/unedpamplona.es\/eu\/el-15-de-mayo-conferencia-sobre-el-duelo-y-el-dolor-un-cambio-de-mirada\/#article\",\"isPartOf\":{\"@id\":\"https:\/\/unedpamplona.es\/eu\/el-15-de-mayo-conferencia-sobre-el-duelo-y-el-dolor-un-cambio-de-mirada\/\"},\"author\":{\"name\":\"uned\",\"@id\":\"https:\/\/unedpamplona.es\/eu\/#\/schema\/person\/62a05b70c6808d41d8de2111f2b5f568\"},\"headline\":\"UNED Pamplona acoge la conferencia \u00abSobre el duelo y el dolor. Un cambio de mirada\u00bb. Inscripci\u00f3n gratuita\",\"datePublished\":\"2025-05-14T07:30:36+00:00\",\"dateModified\":\"2025-05-15T07:27:53+00:00\",\"mainEntityOfPage\":{\"@id\":\"https:\/\/unedpamplona.es\/eu\/el-15-de-mayo-conferencia-sobre-el-duelo-y-el-dolor-un-cambio-de-mirada\/\"},\"wordCount\":113,\"publisher\":{\"@id\":\"https:\/\/unedpamplona.es\/eu\/#organization\"},\"image\":{\"@id\":\"https:\/\/unedpamplona.es\/eu\/el-15-de-mayo-conferencia-sobre-el-duelo-y-el-dolor-un-cambio-de-mirada\/#primaryimage\"},\"thumbnailUrl\":\"https:\/\/unedpamplona.es\/wp-content\/uploads\/2025\/04\/ConferenciasMuerte.png\",\"articleSection\":[\"Actualidad\"],\"inLanguage\":\"eu-ES\"},{\"@type\":\"WebPage\",\"@id\":\"https:\/\/unedpamplona.es\/eu\/el-15-de-mayo-conferencia-sobre-el-duelo-y-el-dolor-un-cambio-de-mirada\/\",\"url\":\"https:\/\/unedpamplona.es\/eu\/el-15-de-mayo-conferencia-sobre-el-duelo-y-el-dolor-un-cambio-de-mirada\/\",\"name\":\"UNED Pamplona acoge la conferencia \u00abSobre el duelo y el dolor. Un cambio de mirada\u00bb. Inscripci\u00f3n gratuita - UNED Pamplona\",\"isPartOf\":{\"@id\":\"https:\/\/unedpamplona.es\/eu\/#website\"},\"primaryImageOfPage\":{\"@id\":\"https:\/\/unedpamplona.es\/eu\/el-15-de-mayo-conferencia-sobre-el-duelo-y-el-dolor-un-cambio-de-mirada\/#primaryimage\"},\"image\":{\"@id\":\"https:\/\/unedpamplona.es\/eu\/el-15-de-mayo-conferencia-sobre-el-duelo-y-el-dolor-un-cambio-de-mirada\/#primaryimage\"},\"thumbnailUrl\":\"https:\/\/unedpamplona.es\/wp-content\/uploads\/2025\/04\/ConferenciasMuerte.png\",\"datePublished\":\"2025-05-14T07:30:36+00:00\",\"dateModified\":\"2025-05-15T07:27:53+00:00\",\"inLanguage\":\"eu-ES\",\"potentialAction\":[{\"@type\":\"ReadAction\",\"target\":[\"https:\/\/unedpamplona.es\/eu\/el-15-de-mayo-conferencia-sobre-el-duelo-y-el-dolor-un-cambio-de-mirada\/\"]}]},{\"@type\":\"ImageObject\",\"inLanguage\":\"eu-ES\",\"@id\":\"https:\/\/unedpamplona.es\/eu\/el-15-de-mayo-conferencia-sobre-el-duelo-y-el-dolor-un-cambio-de-mirada\/#primaryimage\",\"url\":\"https:\/\/unedpamplona.es\/wp-content\/uploads\/2025\/04\/ConferenciasMuerte.png\",\"contentUrl\":\"https:\/\/unedpamplona.es\/wp-content\/uploads\/2025\/04\/ConferenciasMuerte.png\",\"width\":1024,\"height\":366},{\"@type\":\"WebSite\",\"@id\":\"https:\/\/unedpamplona.es\/eu\/#website\",\"url\":\"https:\/\/unedpamplona.es\/eu\/\",\"name\":\"UNED Pamplona\",\"description\":\"\",\"publisher\":{\"@id\":\"https:\/\/unedpamplona.es\/eu\/#organization\"},\"potentialAction\":[{\"@type\":\"SearchAction\",\"target\":{\"@type\":\"EntryPoint\",\"urlTemplate\":\"https:\/\/unedpamplona.es\/eu\/?s={search_term_string}\"},\"query-input\":\"required name=search_term_string\"}],\"inLanguage\":\"eu-ES\"},{\"@type\":\"Organization\",\"@id\":\"https:\/\/unedpamplona.es\/eu\/#organization\",\"name\":\"UNED Pamplona\",\"url\":\"https:\/\/unedpamplona.es\/eu\/\",\"logo\":{\"@type\":\"ImageObject\",\"inLanguage\":\"eu-ES\",\"@id\":\"https:\/\/unedpamplona.es\/eu\/#\/schema\/logo\/image\/\",\"url\":\"https:\/\/unedpamplona.es\/wp-content\/uploads\/2024\/02\/uned_pamplona_logo.png\",\"contentUrl\":\"https:\/\/unedpamplona.es\/wp-content\/uploads\/2024\/02\/uned_pamplona_logo.png\",\"width\":218,\"height\":104,\"caption\":\"UNED Pamplona\"},\"image\":{\"@id\":\"https:\/\/unedpamplona.es\/eu\/#\/schema\/logo\/image\/\"},\"sameAs\":[\"https:\/\/x.com\/unedpamplona\",\"https:\/\/www.youtube.com\/channel\/UCR2jc6TbCMAPnbcA17Z0wwg\",\"https:\/\/www.instagram.com\/unedpamplona\/\"]},{\"@type\":\"Person\",\"@id\":\"https:\/\/unedpamplona.es\/eu\/#\/schema\/person\/62a05b70c6808d41d8de2111f2b5f568\",\"name\":\"uned\",\"image\":{\"@type\":\"ImageObject\",\"inLanguage\":\"eu-ES\",\"@id\":\"https:\/\/unedpamplona.es\/eu\/#\/schema\/person\/image\/\",\"url\":\"https:\/\/secure.gravatar.com\/avatar\/344a1f8262dc552fd951ddf77b72239b?s=96&d=mm&r=g\",\"contentUrl\":\"https:\/\/secure.gravatar.com\/avatar\/344a1f8262dc552fd951ddf77b72239b?s=96&d=mm&r=g\",\"caption\":\"uned\"},\"url\":\"https:\/\/unedpamplona.es\/eu\/author\/uned\/\"}]}<\/script>\n<!-- \/ Yoast SEO plugin. -->","yoast_head_json":{"title":"UNED Pamplona acoge la conferencia \u00abSobre el duelo y el dolor. Un cambio de mirada\u00bb. Inscripci\u00f3n gratuita - UNED Pamplona","robots":{"index":"index","follow":"follow","max-snippet":"max-snippet:-1","max-image-preview":"max-image-preview:large","max-video-preview":"max-video-preview:-1"},"canonical":"https:\/\/unedpamplona.es\/eu\/el-15-de-mayo-conferencia-sobre-el-duelo-y-el-dolor-un-cambio-de-mirada\/","og_locale":"eu_ES","og_type":"article","og_title":"UNED Pamplona acoge la conferencia \u00abSobre el duelo y el dolor. Un cambio de mirada\u00bb. Inscripci\u00f3n gratuita - UNED Pamplona","og_description":"Dentro de la C\u00e1tedra de Inteligencia Emocional de UNED Pamplona y Fundaci\u00f3n Caja Navarra, este mes de mayo se han organizado las siguientes conferencias: &#8211; \u00abSobre el duelo y el dolor. Un cambio de mirada\u00bb Imparte: Rakel Mateo Sebasti\u00e1n, psicopedagoga y directora de Goizargi. Jueves 15 de mayo, a las 19:00 horas. &#8211;\u00a0 \u00abC\u00f3mo les\u00a0explico [&hellip;]","og_url":"https:\/\/unedpamplona.es\/eu\/el-15-de-mayo-conferencia-sobre-el-duelo-y-el-dolor-un-cambio-de-mirada\/","og_site_name":"UNED Pamplona","article_published_time":"2025-05-14T07:30:36+00:00","article_modified_time":"2025-05-15T07:27:53+00:00","og_image":[{"width":1024,"height":366,"url":"https:\/\/unedpamplona.es\/wp-content\/uploads\/2025\/04\/ConferenciasMuerte.png","type":"image\/png"}],"author":"uned","twitter_card":"summary_large_image","twitter_creator":"@unedpamplona","twitter_site":"@unedpamplona","twitter_misc":{"Written by":"uned","Est. reading time":"1 minute"},"schema":{"@context":"https:\/\/schema.org","@graph":[{"@type":"Article","@id":"https:\/\/unedpamplona.es\/eu\/el-15-de-mayo-conferencia-sobre-el-duelo-y-el-dolor-un-cambio-de-mirada\/#article","isPartOf":{"@id":"https:\/\/unedpamplona.es\/eu\/el-15-de-mayo-conferencia-sobre-el-duelo-y-el-dolor-un-cambio-de-mirada\/"},"author":{"name":"uned","@id":"https:\/\/unedpamplona.es\/eu\/#\/schema\/person\/62a05b70c6808d41d8de2111f2b5f568"},"headline":"UNED Pamplona acoge la conferencia \u00abSobre el duelo y el dolor. Un cambio de mirada\u00bb. Inscripci\u00f3n gratuita","datePublished":"2025-05-14T07:30:36+00:00","dateModified":"2025-05-15T07:27:53+00:00","mainEntityOfPage":{"@id":"https:\/\/unedpamplona.es\/eu\/el-15-de-mayo-conferencia-sobre-el-duelo-y-el-dolor-un-cambio-de-mirada\/"},"wordCount":113,"publisher":{"@id":"https:\/\/unedpamplona.es\/eu\/#organization"},"image":{"@id":"https:\/\/unedpamplona.es\/eu\/el-15-de-mayo-conferencia-sobre-el-duelo-y-el-dolor-un-cambio-de-mirada\/#primaryimage"},"thumbnailUrl":"https:\/\/unedpamplona.es\/wp-content\/uploads\/2025\/04\/ConferenciasMuerte.png","articleSection":["Actualidad"],"inLanguage":"eu-ES"},{"@type":"WebPage","@id":"https:\/\/unedpamplona.es\/eu\/el-15-de-mayo-conferencia-sobre-el-duelo-y-el-dolor-un-cambio-de-mirada\/","url":"https:\/\/unedpamplona.es\/eu\/el-15-de-mayo-conferencia-sobre-el-duelo-y-el-dolor-un-cambio-de-mirada\/","name":"UNED Pamplona acoge la conferencia \u00abSobre el duelo y el dolor. Un cambio de mirada\u00bb. Inscripci\u00f3n gratuita - UNED Pamplona","isPartOf":{"@id":"https:\/\/unedpamplona.es\/eu\/#website"},"primaryImageOfPage":{"@id":"https:\/\/unedpamplona.es\/eu\/el-15-de-mayo-conferencia-sobre-el-duelo-y-el-dolor-un-cambio-de-mirada\/#primaryimage"},"image":{"@id":"https:\/\/unedpamplona.es\/eu\/el-15-de-mayo-conferencia-sobre-el-duelo-y-el-dolor-un-cambio-de-mirada\/#primaryimage"},"thumbnailUrl":"https:\/\/unedpamplona.es\/wp-content\/uploads\/2025\/04\/ConferenciasMuerte.png","datePublished":"2025-05-14T07:30:36+00:00","dateModified":"2025-05-15T07:27:53+00:00","inLanguage":"eu-ES","potentialAction":[{"@type":"ReadAction","target":["https:\/\/unedpamplona.es\/eu\/el-15-de-mayo-conferencia-sobre-el-duelo-y-el-dolor-un-cambio-de-mirada\/"]}]},{"@type":"ImageObject","inLanguage":"eu-ES","@id":"https:\/\/unedpamplona.es\/eu\/el-15-de-mayo-conferencia-sobre-el-duelo-y-el-dolor-un-cambio-de-mirada\/#primaryimage","url":"https:\/\/unedpamplona.es\/wp-content\/uploads\/2025\/04\/ConferenciasMuerte.png","contentUrl":"https:\/\/unedpamplona.es\/wp-content\/uploads\/2025\/04\/ConferenciasMuerte.png","width":1024,"height":366},{"@type":"WebSite","@id":"https:\/\/unedpamplona.es\/eu\/#website","url":"https:\/\/unedpamplona.es\/eu\/","name":"UNED Pamplona","description":"","publisher":{"@id":"https:\/\/unedpamplona.es\/eu\/#organization"},"potentialAction":[{"@type":"SearchAction","target":{"@type":"EntryPoint","urlTemplate":"https:\/\/unedpamplona.es\/eu\/?s={search_term_string}"},"query-input":"required name=search_term_string"}],"inLanguage":"eu-ES"},{"@type":"Organization","@id":"https:\/\/unedpamplona.es\/eu\/#organization","name":"UNED Pamplona","url":"https:\/\/unedpamplona.es\/eu\/","logo":{"@type":"ImageObject","inLanguage":"eu-ES","@id":"https:\/\/unedpamplona.es\/eu\/#\/schema\/logo\/image\/","url":"https:\/\/unedpamplona.es\/wp-content\/uploads\/2024\/02\/uned_pamplona_logo.png","contentUrl":"https:\/\/unedpamplona.es\/wp-content\/uploads\/2024\/02\/uned_pamplona_logo.png","width":218,"height":104,"caption":"UNED Pamplona"},"image":{"@id":"https:\/\/unedpamplona.es\/eu\/#\/schema\/logo\/image\/"},"sameAs":["https:\/\/x.com\/unedpamplona","https:\/\/www.youtube.com\/channel\/UCR2jc6TbCMAPnbcA17Z0wwg","https:\/\/www.instagram.com\/unedpamplona\/"]},{"@type":"Person","@id":"https:\/\/unedpamplona.es\/eu\/#\/schema\/person\/62a05b70c6808d41d8de2111f2b5f568","name":"uned","image":{"@type":"ImageObject","inLanguage":"eu-ES","@id":"https:\/\/unedpamplona.es\/eu\/#\/schema\/person\/image\/","url":"https:\/\/secure.gravatar.com\/avatar\/344a1f8262dc552fd951ddf77b72239b?s=96&d=mm&r=g","contentUrl":"https:\/\/secure.gravatar.com\/avatar\/344a1f8262dc552fd951ddf77b72239b?s=96&d=mm&r=g","caption":"uned"},"url":"https:\/\/unedpamplona.es\/eu\/author\/uned\/"}]}},"_links":{"self":[{"href":"https:\/\/unedpamplona.es\/eu\/wp-json\/wp\/v2\/posts\/10808"}],"collection":[{"href":"https:\/\/unedpamplona.es\/eu\/wp-json\/wp\/v2\/posts"}],"about":[{"href":"https:\/\/unedpamplona.es\/eu\/wp-json\/wp\/v2\/types\/post"}],"author":[{"embeddable":true,"href":"https:\/\/unedpamplona.es\/eu\/wp-json\/wp\/v2\/users\/2"}],"replies":[{"embeddable":true,"href":"https:\/\/unedpamplona.es\/eu\/wp-json\/wp\/v2\/comments?post=10808"}],"version-history":[{"count":3,"href":"https:\/\/unedpamplona.es\/eu\/wp-json\/wp\/v2\/posts\/10808\/revisions"}],"predecessor-version":[{"id":10970,"href":"https:\/\/unedpamplona.es\/eu\/wp-json\/wp\/v2\/posts\/10808\/revisions\/10970"}],"wp:featuredmedia":[{"embeddable":true,"href":"https:\/\/unedpamplona.es\/eu\/wp-json\/wp\/v2\/media\/9960"}],"wp:attachment":[{"href":"https:\/\/unedpamplona.es\/eu\/wp-json\/wp\/v2\/media?parent=10808"}],"wp:term":[{"taxonomy":"category","embeddable":true,"href":"https:\/\/unedpamplona.es\/eu\/wp-json\/wp\/v2\/categories?post=10808"},{"taxonomy":"post_tag","embeddable":true,"href":"https:\/\/unedpamplona.es\/eu\/wp-json\/wp\/v2\/tags?post=10808"}],"curies":[{"name":"wp","href":"https:\/\/api.w.org\/{rel}","templated":true}]}}