{"id":11068,"date":"2025-05-16T13:27:44","date_gmt":"2025-05-16T11:27:44","guid":{"rendered":"https:\/\/unedpamplona.es\/?p=11068"},"modified":"2025-05-16T13:29:41","modified_gmt":"2025-05-16T11:29:41","slug":"presentado-el-estudio-de-uned-pamplona-sobre-la-normativa-europea-y-navarra-sobre-racismo-y-xenofobia","status":"publish","type":"post","link":"https:\/\/unedpamplona.es\/eu\/presentado-el-estudio-de-uned-pamplona-sobre-la-normativa-europea-y-navarra-sobre-racismo-y-xenofobia\/","title":{"rendered":"Presentado el estudio de UNED Pamplona acerca de la normativa europea y navarra sobre racismo y xenofobia"},"content":{"rendered":"<div class=\"elementor-element elementor-element-3a915c9 elementor-widget elementor-widget-theme-post-title elementor-page-title elementor-widget-heading\" data-id=\"3a915c9\" data-element_type=\"widget\" data-widget_type=\"theme-post-title.default\"><\/div>\n<div class=\"elementor-element elementor-element-93e3ed0 elementor-widget elementor-widget-theme-post-content\" data-id=\"93e3ed0\" data-element_type=\"widget\" data-widget_type=\"theme-post-content.default\">\n<div class=\"elementor-widget-container\">\n<div class=\"section\">\n<div id=\"node-191064\" class=\"row node node-noticias clearfix\">\n<div class=\"listanoticias content col-md-12\">\n<div class=\"subtitular\">\n<div class=\"elementor-element elementor-element-93e3ed0 elementor-widget elementor-widget-theme-post-content\" data-id=\"93e3ed0\" data-element_type=\"widget\" data-widget_type=\"theme-post-content.default\">\n<div class=\"elementor-widget-container\">\n<div class=\"section\">\n<div id=\"node-191064\" class=\"row node node-noticias clearfix\">\n<div class=\"listanoticias content col-md-12\">\n<div class=\"subtitular\">\n<p>UNED Pamplona ha acogido esta ma\u00f1ana, en el marco del convenio con el Parlamento de Navarra, la presentaci\u00f3n de las conclusiones que recoge el informe final del proyecto de investigaci\u00f3n desarrollado\u00a0 para analizar los instrumentos normativos internacionales y europeos existentes en el campo del racismo, la discriminaci\u00f3n racial y la xenofobia.<\/p>\n<p>En el acto, han participado el presidente del Parlamento de Navarra, Unai Hualde, Mar\u00eda Lasanta Palacios, Carmen Innerarity Grau (profesoras de la UNED) y Sergio Garc\u00eda Magari\u00f1o (profesor de Sociolog\u00eda de la UPNA), quienes han explicado y contextualizado las medidas europeas en cuesti\u00f3n de prevenci\u00f3n y actuaci\u00f3n frente al racismo y su aplicaci\u00f3n en Navarra.<\/p>\n<p>El presidente del Parlamento de Navarra ha abogado por seguir aprovechando todo el potencial investigador del \u00e1mbito universitario para identificar las sinergias y divergencias entre las normativas europeas y navarras, al objeto de dar cauce de la mejor manera posible a las demandas y necesidades ciudadanas, en este caso en el terreno de la convivencia.<\/p>\n<p>&nbsp;<\/p>\n<\/div>\n<\/div>\n<\/div>\n<\/div>\n<\/div>\n<\/div>\n<\/div>\n<\/div>\n<\/div>\n<\/div>\n<p>&nbsp;<\/p>\n<\/div>\n<\/div>\n","protected":false},"excerpt":{"rendered":"<p>UNED Pamplona ha acogido esta ma\u00f1ana, en el marco del convenio con el Parlamento de Navarra, la presentaci\u00f3n de las conclusiones que recoge el informe final del proyecto de investigaci\u00f3n desarrollado\u00a0 para analizar los instrumentos normativos internacionales y europeos existentes en el campo del racismo, la discriminaci\u00f3n racial y la xenofobia. En el acto, han [&hellip;]<\/p>\n","protected":false},"author":2,"featured_media":11069,"comment_status":"closed","ping_status":"closed","sticky":false,"template":"","format":"standard","meta":{"footnotes":""},"categories":[1],"tags":[],"yoast_head":"<!-- This site is optimized with the Yoast SEO plugin v22.5 - https:\/\/yoast.com\/wordpress\/plugins\/seo\/ -->\n<title>Presentado el estudio de UNED Pamplona acerca de la normativa europea y navarra sobre racismo y xenofobia - UNED Pamplona<\/title>\n<meta name=\"robots\" content=\"index, follow, max-snippet:-1, max-image-preview:large, max-video-preview:-1\" \/>\n<link rel=\"canonical\" href=\"https:\/\/unedpamplona.es\/eu\/presentado-el-estudio-de-uned-pamplona-sobre-la-normativa-europea-y-navarra-sobre-racismo-y-xenofobia\/\" \/>\n<meta property=\"og:locale\" content=\"eu_ES\" \/>\n<meta property=\"og:type\" content=\"article\" \/>\n<meta property=\"og:title\" content=\"Presentado el estudio de UNED Pamplona acerca de la normativa europea y navarra sobre racismo y xenofobia - UNED Pamplona\" \/>\n<meta property=\"og:description\" content=\"UNED Pamplona ha acogido esta ma\u00f1ana, en el marco del convenio con el Parlamento de Navarra, la presentaci\u00f3n de las conclusiones que recoge el informe final del proyecto de investigaci\u00f3n desarrollado\u00a0 para analizar los instrumentos normativos internacionales y europeos existentes en el campo del racismo, la discriminaci\u00f3n racial y la xenofobia. En el acto, han [&hellip;]\" \/>\n<meta property=\"og:url\" content=\"https:\/\/unedpamplona.es\/eu\/presentado-el-estudio-de-uned-pamplona-sobre-la-normativa-europea-y-navarra-sobre-racismo-y-xenofobia\/\" \/>\n<meta property=\"og:site_name\" content=\"UNED Pamplona\" \/>\n<meta property=\"article:published_time\" content=\"2025-05-16T11:27:44+00:00\" \/>\n<meta property=\"article:modified_time\" content=\"2025-05-16T11:29:41+00:00\" \/>\n<meta property=\"og:image\" content=\"https:\/\/unedpamplona.es\/wp-content\/uploads\/2025\/05\/Parlamento2.jpg\" \/>\n\t<meta property=\"og:image:width\" content=\"1600\" \/>\n\t<meta property=\"og:image:height\" content=\"1066\" \/>\n\t<meta property=\"og:image:type\" content=\"image\/jpeg\" \/>\n<meta name=\"author\" content=\"uned\" \/>\n<meta name=\"twitter:card\" content=\"summary_large_image\" \/>\n<meta name=\"twitter:creator\" content=\"@unedpamplona\" \/>\n<meta name=\"twitter:site\" content=\"@unedpamplona\" \/>\n<meta name=\"twitter:label1\" content=\"Written by\" \/>\n\t<meta name=\"twitter:data1\" content=\"uned\" \/>\n\t<meta name=\"twitter:label2\" content=\"Est. reading time\" \/>\n\t<meta name=\"twitter:data2\" content=\"1 minute\" \/>\n<script type=\"application\/ld+json\" class=\"yoast-schema-graph\">{\"@context\":\"https:\/\/schema.org\",\"@graph\":[{\"@type\":\"Article\",\"@id\":\"https:\/\/unedpamplona.es\/eu\/presentado-el-estudio-de-uned-pamplona-sobre-la-normativa-europea-y-navarra-sobre-racismo-y-xenofobia\/#article\",\"isPartOf\":{\"@id\":\"https:\/\/unedpamplona.es\/eu\/presentado-el-estudio-de-uned-pamplona-sobre-la-normativa-europea-y-navarra-sobre-racismo-y-xenofobia\/\"},\"author\":{\"name\":\"uned\",\"@id\":\"https:\/\/unedpamplona.es\/eu\/#\/schema\/person\/62a05b70c6808d41d8de2111f2b5f568\"},\"headline\":\"Presentado el estudio de UNED Pamplona acerca de la normativa europea y navarra sobre racismo y xenofobia\",\"datePublished\":\"2025-05-16T11:27:44+00:00\",\"dateModified\":\"2025-05-16T11:29:41+00:00\",\"mainEntityOfPage\":{\"@id\":\"https:\/\/unedpamplona.es\/eu\/presentado-el-estudio-de-uned-pamplona-sobre-la-normativa-europea-y-navarra-sobre-racismo-y-xenofobia\/\"},\"wordCount\":192,\"publisher\":{\"@id\":\"https:\/\/unedpamplona.es\/eu\/#organization\"},\"image\":{\"@id\":\"https:\/\/unedpamplona.es\/eu\/presentado-el-estudio-de-uned-pamplona-sobre-la-normativa-europea-y-navarra-sobre-racismo-y-xenofobia\/#primaryimage\"},\"thumbnailUrl\":\"https:\/\/unedpamplona.es\/wp-content\/uploads\/2025\/05\/Parlamento2.jpg\",\"articleSection\":[\"Sin categorizar\"],\"inLanguage\":\"eu-ES\"},{\"@type\":\"WebPage\",\"@id\":\"https:\/\/unedpamplona.es\/eu\/presentado-el-estudio-de-uned-pamplona-sobre-la-normativa-europea-y-navarra-sobre-racismo-y-xenofobia\/\",\"url\":\"https:\/\/unedpamplona.es\/eu\/presentado-el-estudio-de-uned-pamplona-sobre-la-normativa-europea-y-navarra-sobre-racismo-y-xenofobia\/\",\"name\":\"Presentado el estudio de UNED Pamplona acerca de la normativa europea y navarra sobre racismo y xenofobia - UNED Pamplona\",\"isPartOf\":{\"@id\":\"https:\/\/unedpamplona.es\/eu\/#website\"},\"primaryImageOfPage\":{\"@id\":\"https:\/\/unedpamplona.es\/eu\/presentado-el-estudio-de-uned-pamplona-sobre-la-normativa-europea-y-navarra-sobre-racismo-y-xenofobia\/#primaryimage\"},\"image\":{\"@id\":\"https:\/\/unedpamplona.es\/eu\/presentado-el-estudio-de-uned-pamplona-sobre-la-normativa-europea-y-navarra-sobre-racismo-y-xenofobia\/#primaryimage\"},\"thumbnailUrl\":\"https:\/\/unedpamplona.es\/wp-content\/uploads\/2025\/05\/Parlamento2.jpg\",\"datePublished\":\"2025-05-16T11:27:44+00:00\",\"dateModified\":\"2025-05-16T11:29:41+00:00\",\"inLanguage\":\"eu-ES\",\"potentialAction\":[{\"@type\":\"ReadAction\",\"target\":[\"https:\/\/unedpamplona.es\/eu\/presentado-el-estudio-de-uned-pamplona-sobre-la-normativa-europea-y-navarra-sobre-racismo-y-xenofobia\/\"]}]},{\"@type\":\"ImageObject\",\"inLanguage\":\"eu-ES\",\"@id\":\"https:\/\/unedpamplona.es\/eu\/presentado-el-estudio-de-uned-pamplona-sobre-la-normativa-europea-y-navarra-sobre-racismo-y-xenofobia\/#primaryimage\",\"url\":\"https:\/\/unedpamplona.es\/wp-content\/uploads\/2025\/05\/Parlamento2.jpg\",\"contentUrl\":\"https:\/\/unedpamplona.es\/wp-content\/uploads\/2025\/05\/Parlamento2.jpg\",\"width\":1600,\"height\":1066},{\"@type\":\"WebSite\",\"@id\":\"https:\/\/unedpamplona.es\/eu\/#website\",\"url\":\"https:\/\/unedpamplona.es\/eu\/\",\"name\":\"UNED Pamplona\",\"description\":\"\",\"publisher\":{\"@id\":\"https:\/\/unedpamplona.es\/eu\/#organization\"},\"potentialAction\":[{\"@type\":\"SearchAction\",\"target\":{\"@type\":\"EntryPoint\",\"urlTemplate\":\"https:\/\/unedpamplona.es\/eu\/?s={search_term_string}\"},\"query-input\":\"required name=search_term_string\"}],\"inLanguage\":\"eu-ES\"},{\"@type\":\"Organization\",\"@id\":\"https:\/\/unedpamplona.es\/eu\/#organization\",\"name\":\"UNED Pamplona\",\"url\":\"https:\/\/unedpamplona.es\/eu\/\",\"logo\":{\"@type\":\"ImageObject\",\"inLanguage\":\"eu-ES\",\"@id\":\"https:\/\/unedpamplona.es\/eu\/#\/schema\/logo\/image\/\",\"url\":\"https:\/\/unedpamplona.es\/wp-content\/uploads\/2024\/02\/uned_pamplona_logo.png\",\"contentUrl\":\"https:\/\/unedpamplona.es\/wp-content\/uploads\/2024\/02\/uned_pamplona_logo.png\",\"width\":218,\"height\":104,\"caption\":\"UNED Pamplona\"},\"image\":{\"@id\":\"https:\/\/unedpamplona.es\/eu\/#\/schema\/logo\/image\/\"},\"sameAs\":[\"https:\/\/x.com\/unedpamplona\",\"https:\/\/www.youtube.com\/channel\/UCR2jc6TbCMAPnbcA17Z0wwg\",\"https:\/\/www.instagram.com\/unedpamplona\/\"]},{\"@type\":\"Person\",\"@id\":\"https:\/\/unedpamplona.es\/eu\/#\/schema\/person\/62a05b70c6808d41d8de2111f2b5f568\",\"name\":\"uned\",\"image\":{\"@type\":\"ImageObject\",\"inLanguage\":\"eu-ES\",\"@id\":\"https:\/\/unedpamplona.es\/eu\/#\/schema\/person\/image\/\",\"url\":\"https:\/\/secure.gravatar.com\/avatar\/344a1f8262dc552fd951ddf77b72239b?s=96&d=mm&r=g\",\"contentUrl\":\"https:\/\/secure.gravatar.com\/avatar\/344a1f8262dc552fd951ddf77b72239b?s=96&d=mm&r=g\",\"caption\":\"uned\"},\"url\":\"https:\/\/unedpamplona.es\/eu\/author\/uned\/\"}]}<\/script>\n<!-- \/ Yoast SEO plugin. -->","yoast_head_json":{"title":"Presentado el estudio de UNED Pamplona acerca de la normativa europea y navarra sobre racismo y xenofobia - UNED Pamplona","robots":{"index":"index","follow":"follow","max-snippet":"max-snippet:-1","max-image-preview":"max-image-preview:large","max-video-preview":"max-video-preview:-1"},"canonical":"https:\/\/unedpamplona.es\/eu\/presentado-el-estudio-de-uned-pamplona-sobre-la-normativa-europea-y-navarra-sobre-racismo-y-xenofobia\/","og_locale":"eu_ES","og_type":"article","og_title":"Presentado el estudio de UNED Pamplona acerca de la normativa europea y navarra sobre racismo y xenofobia - UNED Pamplona","og_description":"UNED Pamplona ha acogido esta ma\u00f1ana, en el marco del convenio con el Parlamento de Navarra, la presentaci\u00f3n de las conclusiones que recoge el informe final del proyecto de investigaci\u00f3n desarrollado\u00a0 para analizar los instrumentos normativos internacionales y europeos existentes en el campo del racismo, la discriminaci\u00f3n racial y la xenofobia. En el acto, han [&hellip;]","og_url":"https:\/\/unedpamplona.es\/eu\/presentado-el-estudio-de-uned-pamplona-sobre-la-normativa-europea-y-navarra-sobre-racismo-y-xenofobia\/","og_site_name":"UNED Pamplona","article_published_time":"2025-05-16T11:27:44+00:00","article_modified_time":"2025-05-16T11:29:41+00:00","og_image":[{"width":1600,"height":1066,"url":"https:\/\/unedpamplona.es\/wp-content\/uploads\/2025\/05\/Parlamento2.jpg","type":"image\/jpeg"}],"author":"uned","twitter_card":"summary_large_image","twitter_creator":"@unedpamplona","twitter_site":"@unedpamplona","twitter_misc":{"Written by":"uned","Est. reading time":"1 minute"},"schema":{"@context":"https:\/\/schema.org","@graph":[{"@type":"Article","@id":"https:\/\/unedpamplona.es\/eu\/presentado-el-estudio-de-uned-pamplona-sobre-la-normativa-europea-y-navarra-sobre-racismo-y-xenofobia\/#article","isPartOf":{"@id":"https:\/\/unedpamplona.es\/eu\/presentado-el-estudio-de-uned-pamplona-sobre-la-normativa-europea-y-navarra-sobre-racismo-y-xenofobia\/"},"author":{"name":"uned","@id":"https:\/\/unedpamplona.es\/eu\/#\/schema\/person\/62a05b70c6808d41d8de2111f2b5f568"},"headline":"Presentado el estudio de UNED Pamplona acerca de la normativa europea y navarra sobre racismo y xenofobia","datePublished":"2025-05-16T11:27:44+00:00","dateModified":"2025-05-16T11:29:41+00:00","mainEntityOfPage":{"@id":"https:\/\/unedpamplona.es\/eu\/presentado-el-estudio-de-uned-pamplona-sobre-la-normativa-europea-y-navarra-sobre-racismo-y-xenofobia\/"},"wordCount":192,"publisher":{"@id":"https:\/\/unedpamplona.es\/eu\/#organization"},"image":{"@id":"https:\/\/unedpamplona.es\/eu\/presentado-el-estudio-de-uned-pamplona-sobre-la-normativa-europea-y-navarra-sobre-racismo-y-xenofobia\/#primaryimage"},"thumbnailUrl":"https:\/\/unedpamplona.es\/wp-content\/uploads\/2025\/05\/Parlamento2.jpg","articleSection":["Sin categorizar"],"inLanguage":"eu-ES"},{"@type":"WebPage","@id":"https:\/\/unedpamplona.es\/eu\/presentado-el-estudio-de-uned-pamplona-sobre-la-normativa-europea-y-navarra-sobre-racismo-y-xenofobia\/","url":"https:\/\/unedpamplona.es\/eu\/presentado-el-estudio-de-uned-pamplona-sobre-la-normativa-europea-y-navarra-sobre-racismo-y-xenofobia\/","name":"Presentado el estudio de UNED Pamplona acerca de la normativa europea y navarra sobre racismo y xenofobia - UNED Pamplona","isPartOf":{"@id":"https:\/\/unedpamplona.es\/eu\/#website"},"primaryImageOfPage":{"@id":"https:\/\/unedpamplona.es\/eu\/presentado-el-estudio-de-uned-pamplona-sobre-la-normativa-europea-y-navarra-sobre-racismo-y-xenofobia\/#primaryimage"},"image":{"@id":"https:\/\/unedpamplona.es\/eu\/presentado-el-estudio-de-uned-pamplona-sobre-la-normativa-europea-y-navarra-sobre-racismo-y-xenofobia\/#primaryimage"},"thumbnailUrl":"https:\/\/unedpamplona.es\/wp-content\/uploads\/2025\/05\/Parlamento2.jpg","datePublished":"2025-05-16T11:27:44+00:00","dateModified":"2025-05-16T11:29:41+00:00","inLanguage":"eu-ES","potentialAction":[{"@type":"ReadAction","target":["https:\/\/unedpamplona.es\/eu\/presentado-el-estudio-de-uned-pamplona-sobre-la-normativa-europea-y-navarra-sobre-racismo-y-xenofobia\/"]}]},{"@type":"ImageObject","inLanguage":"eu-ES","@id":"https:\/\/unedpamplona.es\/eu\/presentado-el-estudio-de-uned-pamplona-sobre-la-normativa-europea-y-navarra-sobre-racismo-y-xenofobia\/#primaryimage","url":"https:\/\/unedpamplona.es\/wp-content\/uploads\/2025\/05\/Parlamento2.jpg","contentUrl":"https:\/\/unedpamplona.es\/wp-content\/uploads\/2025\/05\/Parlamento2.jpg","width":1600,"height":1066},{"@type":"WebSite","@id":"https:\/\/unedpamplona.es\/eu\/#website","url":"https:\/\/unedpamplona.es\/eu\/","name":"UNED Pamplona","description":"","publisher":{"@id":"https:\/\/unedpamplona.es\/eu\/#organization"},"potentialAction":[{"@type":"SearchAction","target":{"@type":"EntryPoint","urlTemplate":"https:\/\/unedpamplona.es\/eu\/?s={search_term_string}"},"query-input":"required name=search_term_string"}],"inLanguage":"eu-ES"},{"@type":"Organization","@id":"https:\/\/unedpamplona.es\/eu\/#organization","name":"UNED Pamplona","url":"https:\/\/unedpamplona.es\/eu\/","logo":{"@type":"ImageObject","inLanguage":"eu-ES","@id":"https:\/\/unedpamplona.es\/eu\/#\/schema\/logo\/image\/","url":"https:\/\/unedpamplona.es\/wp-content\/uploads\/2024\/02\/uned_pamplona_logo.png","contentUrl":"https:\/\/unedpamplona.es\/wp-content\/uploads\/2024\/02\/uned_pamplona_logo.png","width":218,"height":104,"caption":"UNED Pamplona"},"image":{"@id":"https:\/\/unedpamplona.es\/eu\/#\/schema\/logo\/image\/"},"sameAs":["https:\/\/x.com\/unedpamplona","https:\/\/www.youtube.com\/channel\/UCR2jc6TbCMAPnbcA17Z0wwg","https:\/\/www.instagram.com\/unedpamplona\/"]},{"@type":"Person","@id":"https:\/\/unedpamplona.es\/eu\/#\/schema\/person\/62a05b70c6808d41d8de2111f2b5f568","name":"uned","image":{"@type":"ImageObject","inLanguage":"eu-ES","@id":"https:\/\/unedpamplona.es\/eu\/#\/schema\/person\/image\/","url":"https:\/\/secure.gravatar.com\/avatar\/344a1f8262dc552fd951ddf77b72239b?s=96&d=mm&r=g","contentUrl":"https:\/\/secure.gravatar.com\/avatar\/344a1f8262dc552fd951ddf77b72239b?s=96&d=mm&r=g","caption":"uned"},"url":"https:\/\/unedpamplona.es\/eu\/author\/uned\/"}]}},"_links":{"self":[{"href":"https:\/\/unedpamplona.es\/eu\/wp-json\/wp\/v2\/posts\/11068"}],"collection":[{"href":"https:\/\/unedpamplona.es\/eu\/wp-json\/wp\/v2\/posts"}],"about":[{"href":"https:\/\/unedpamplona.es\/eu\/wp-json\/wp\/v2\/types\/post"}],"author":[{"embeddable":true,"href":"https:\/\/unedpamplona.es\/eu\/wp-json\/wp\/v2\/users\/2"}],"replies":[{"embeddable":true,"href":"https:\/\/unedpamplona.es\/eu\/wp-json\/wp\/v2\/comments?post=11068"}],"version-history":[{"count":5,"href":"https:\/\/unedpamplona.es\/eu\/wp-json\/wp\/v2\/posts\/11068\/revisions"}],"predecessor-version":[{"id":11075,"href":"https:\/\/unedpamplona.es\/eu\/wp-json\/wp\/v2\/posts\/11068\/revisions\/11075"}],"wp:featuredmedia":[{"embeddable":true,"href":"https:\/\/unedpamplona.es\/eu\/wp-json\/wp\/v2\/media\/11069"}],"wp:attachment":[{"href":"https:\/\/unedpamplona.es\/eu\/wp-json\/wp\/v2\/media?parent=11068"}],"wp:term":[{"taxonomy":"category","embeddable":true,"href":"https:\/\/unedpamplona.es\/eu\/wp-json\/wp\/v2\/categories?post=11068"},{"taxonomy":"post_tag","embeddable":true,"href":"https:\/\/unedpamplona.es\/eu\/wp-json\/wp\/v2\/tags?post=11068"}],"curies":[{"name":"wp","href":"https:\/\/api.w.org\/{rel}","templated":true}]}}