{"id":11076,"date":"2025-05-23T13:41:36","date_gmt":"2025-05-23T11:41:36","guid":{"rendered":"https:\/\/unedpamplona.es\/?p=11076"},"modified":"2025-05-27T09:20:44","modified_gmt":"2025-05-27T07:20:44","slug":"la-catedra-de-uned-pamplona-y-fundacion-caja-navarra-en-el-vi-congreso-internacional-de-inteligencia-emocional-y-bienestar","status":"publish","type":"post","link":"https:\/\/unedpamplona.es\/eu\/la-catedra-de-uned-pamplona-y-fundacion-caja-navarra-en-el-vi-congreso-internacional-de-inteligencia-emocional-y-bienestar\/","title":{"rendered":"La C\u00e1tedra de UNED Pamplona y Fundaci\u00f3n Caja Navarra, en el VI Congreso Internacional de Inteligencia Emocional y Bienestar"},"content":{"rendered":"<p>Desde la <strong>C\u00e1tedra de Inteligencia Emocional de UNED Pamplona y Fundaci\u00f3n Caja Navarra<\/strong> estamos participando en el<strong> VI Congreso Internacional de Inteligencia Emocional y Bienestar (CIIEB), <\/strong>que se esta celebrando el 16 y 17 de mayo en Zaragoza. El CIIEB es un evento formativo y de crecimiento que, a modo de congreso, permite concentrar en unos d\u00edas todo lo relativo a la Inteligencia Emocional y el Bienestar.<\/p>\n<p>El congreso est\u00e1 dirigido a docentes, educadores, orientadores, directivos, profesiones de diferentes campos, familias y todas las personas interesadas en aprender, crecer y actualizarse en el \u00e1mbito de la educaci\u00f3n emocional.<\/p>\n<p>Al evento han asistido <strong>Juan Carlos P\u00e9rez- Gonz\u00e1lez,<\/strong> Director Cient\u00edfico de la C\u00e1tedra de Inteligencia Emocional de UNED Pamplona y Fundaci\u00f3n Caja Navarra, y <strong>Luis Cort\u00e9s Bri\u00f1ol,<\/strong> Secretario General Adjunto de UNED Pamplona. P\u00e9rez-Gonz\u00e1lez ha participado en el taller <a href=\"https:\/\/congresointeligenciaemocional.com\/events\/taller-6-que-estrategia-de-regulacion-emocional-me-convienen\/\">&#8220;\u00bfQu\u00e9 estrategias de regulaci\u00f3n emocional me convienen?&#8221;\u00a0<\/a><\/p>\n<p><strong>M\u00e1s informaci\u00f3n del congreso: <a href=\"https:\/\/congresointeligenciaemocional.com\/\">Home &#8211; VI Congreso Internacional de Inteligencia Emocional y Bienestar<\/a><\/strong><\/p>\n<p>&nbsp;<\/p>\n<p class=\"news-titulo\"><strong>INVESTIGACI\u00d3N\u00a0La inteligencia emocional impulsa el \u00e9xito educativo<\/strong><\/p>\n<p class=\"news-subtitulo\">La inteligencia emocional se consolida como una competencia imprescindible en el \u00e1mbito educativo. As\u00ed lo subrayan expertos y docentes, que alertan de la urgencia de formar al profesorado en esta habilidad para mejorar tanto el bienestar escolar como el rendimiento acad\u00e9mico.<\/p>\n<p><a href=\"https:\/\/www.uned.es\/universidad\/inicio\/noticias\/mostrarnoticia?noticia=la-inteligencia-emocional-impulsa-el-exito-educativo\">La inteligencia emocional impulsa el \u00e9xito educativo<\/a><\/p>\n","protected":false},"excerpt":{"rendered":"<p>Desde la C\u00e1tedra de Inteligencia Emocional de UNED Pamplona y Fundaci\u00f3n Caja Navarra estamos participando en el VI Congreso Internacional de Inteligencia Emocional y Bienestar (CIIEB), que se esta celebrando el 16 y 17 de mayo en Zaragoza. El CIIEB es un evento formativo y de crecimiento que, a modo de congreso, permite concentrar en [&hellip;]<\/p>\n","protected":false},"author":2,"featured_media":11077,"comment_status":"closed","ping_status":"closed","sticky":false,"template":"","format":"standard","meta":{"footnotes":""},"categories":[11],"tags":[],"yoast_head":"<!-- This site is optimized with the Yoast SEO plugin v22.5 - https:\/\/yoast.com\/wordpress\/plugins\/seo\/ -->\n<title>La C\u00e1tedra de UNED Pamplona y Fundaci\u00f3n Caja Navarra, en el VI Congreso Internacional de Inteligencia Emocional y Bienestar - UNED Pamplona<\/title>\n<meta name=\"robots\" content=\"index, follow, max-snippet:-1, max-image-preview:large, max-video-preview:-1\" \/>\n<link rel=\"canonical\" href=\"https:\/\/unedpamplona.es\/eu\/la-catedra-de-uned-pamplona-y-fundacion-caja-navarra-en-el-vi-congreso-internacional-de-inteligencia-emocional-y-bienestar\/\" \/>\n<meta property=\"og:locale\" content=\"eu_ES\" \/>\n<meta property=\"og:type\" content=\"article\" \/>\n<meta property=\"og:title\" content=\"La C\u00e1tedra de UNED Pamplona y Fundaci\u00f3n Caja Navarra, en el VI Congreso Internacional de Inteligencia Emocional y Bienestar - UNED Pamplona\" \/>\n<meta property=\"og:description\" content=\"Desde la C\u00e1tedra de Inteligencia Emocional de UNED Pamplona y Fundaci\u00f3n Caja Navarra estamos participando en el VI Congreso Internacional de Inteligencia Emocional y Bienestar (CIIEB), que se esta celebrando el 16 y 17 de mayo en Zaragoza. El CIIEB es un evento formativo y de crecimiento que, a modo de congreso, permite concentrar en [&hellip;]\" \/>\n<meta property=\"og:url\" content=\"https:\/\/unedpamplona.es\/eu\/la-catedra-de-uned-pamplona-y-fundacion-caja-navarra-en-el-vi-congreso-internacional-de-inteligencia-emocional-y-bienestar\/\" \/>\n<meta property=\"og:site_name\" content=\"UNED Pamplona\" \/>\n<meta property=\"article:published_time\" content=\"2025-05-23T11:41:36+00:00\" \/>\n<meta property=\"article:modified_time\" content=\"2025-05-27T07:20:44+00:00\" \/>\n<meta property=\"og:image\" content=\"https:\/\/unedpamplona.es\/wp-content\/uploads\/2025\/05\/CongresoCIE1.jpg\" \/>\n\t<meta property=\"og:image:width\" content=\"2048\" \/>\n\t<meta property=\"og:image:height\" content=\"1524\" \/>\n\t<meta property=\"og:image:type\" content=\"image\/jpeg\" \/>\n<meta name=\"author\" content=\"uned\" \/>\n<meta name=\"twitter:card\" content=\"summary_large_image\" \/>\n<meta name=\"twitter:creator\" content=\"@unedpamplona\" \/>\n<meta name=\"twitter:site\" content=\"@unedpamplona\" \/>\n<meta name=\"twitter:label1\" content=\"Written by\" \/>\n\t<meta name=\"twitter:data1\" content=\"uned\" \/>\n\t<meta name=\"twitter:label2\" content=\"Est. reading time\" \/>\n\t<meta name=\"twitter:data2\" content=\"2 minutes\" \/>\n<script type=\"application\/ld+json\" class=\"yoast-schema-graph\">{\"@context\":\"https:\/\/schema.org\",\"@graph\":[{\"@type\":\"Article\",\"@id\":\"https:\/\/unedpamplona.es\/eu\/la-catedra-de-uned-pamplona-y-fundacion-caja-navarra-en-el-vi-congreso-internacional-de-inteligencia-emocional-y-bienestar\/#article\",\"isPartOf\":{\"@id\":\"https:\/\/unedpamplona.es\/eu\/la-catedra-de-uned-pamplona-y-fundacion-caja-navarra-en-el-vi-congreso-internacional-de-inteligencia-emocional-y-bienestar\/\"},\"author\":{\"name\":\"uned\",\"@id\":\"https:\/\/unedpamplona.es\/eu\/#\/schema\/person\/62a05b70c6808d41d8de2111f2b5f568\"},\"headline\":\"La C\u00e1tedra de UNED Pamplona y Fundaci\u00f3n Caja Navarra, en el VI Congreso Internacional de Inteligencia Emocional y Bienestar\",\"datePublished\":\"2025-05-23T11:41:36+00:00\",\"dateModified\":\"2025-05-27T07:20:44+00:00\",\"mainEntityOfPage\":{\"@id\":\"https:\/\/unedpamplona.es\/eu\/la-catedra-de-uned-pamplona-y-fundacion-caja-navarra-en-el-vi-congreso-internacional-de-inteligencia-emocional-y-bienestar\/\"},\"wordCount\":252,\"publisher\":{\"@id\":\"https:\/\/unedpamplona.es\/eu\/#organization\"},\"image\":{\"@id\":\"https:\/\/unedpamplona.es\/eu\/la-catedra-de-uned-pamplona-y-fundacion-caja-navarra-en-el-vi-congreso-internacional-de-inteligencia-emocional-y-bienestar\/#primaryimage\"},\"thumbnailUrl\":\"https:\/\/unedpamplona.es\/wp-content\/uploads\/2025\/05\/CongresoCIE1.jpg\",\"articleSection\":[\"Actualidad\"],\"inLanguage\":\"eu-ES\"},{\"@type\":\"WebPage\",\"@id\":\"https:\/\/unedpamplona.es\/eu\/la-catedra-de-uned-pamplona-y-fundacion-caja-navarra-en-el-vi-congreso-internacional-de-inteligencia-emocional-y-bienestar\/\",\"url\":\"https:\/\/unedpamplona.es\/eu\/la-catedra-de-uned-pamplona-y-fundacion-caja-navarra-en-el-vi-congreso-internacional-de-inteligencia-emocional-y-bienestar\/\",\"name\":\"La C\u00e1tedra de UNED Pamplona y Fundaci\u00f3n Caja Navarra, en el VI Congreso Internacional de Inteligencia Emocional y Bienestar - UNED Pamplona\",\"isPartOf\":{\"@id\":\"https:\/\/unedpamplona.es\/eu\/#website\"},\"primaryImageOfPage\":{\"@id\":\"https:\/\/unedpamplona.es\/eu\/la-catedra-de-uned-pamplona-y-fundacion-caja-navarra-en-el-vi-congreso-internacional-de-inteligencia-emocional-y-bienestar\/#primaryimage\"},\"image\":{\"@id\":\"https:\/\/unedpamplona.es\/eu\/la-catedra-de-uned-pamplona-y-fundacion-caja-navarra-en-el-vi-congreso-internacional-de-inteligencia-emocional-y-bienestar\/#primaryimage\"},\"thumbnailUrl\":\"https:\/\/unedpamplona.es\/wp-content\/uploads\/2025\/05\/CongresoCIE1.jpg\",\"datePublished\":\"2025-05-23T11:41:36+00:00\",\"dateModified\":\"2025-05-27T07:20:44+00:00\",\"inLanguage\":\"eu-ES\",\"potentialAction\":[{\"@type\":\"ReadAction\",\"target\":[\"https:\/\/unedpamplona.es\/eu\/la-catedra-de-uned-pamplona-y-fundacion-caja-navarra-en-el-vi-congreso-internacional-de-inteligencia-emocional-y-bienestar\/\"]}]},{\"@type\":\"ImageObject\",\"inLanguage\":\"eu-ES\",\"@id\":\"https:\/\/unedpamplona.es\/eu\/la-catedra-de-uned-pamplona-y-fundacion-caja-navarra-en-el-vi-congreso-internacional-de-inteligencia-emocional-y-bienestar\/#primaryimage\",\"url\":\"https:\/\/unedpamplona.es\/wp-content\/uploads\/2025\/05\/CongresoCIE1.jpg\",\"contentUrl\":\"https:\/\/unedpamplona.es\/wp-content\/uploads\/2025\/05\/CongresoCIE1.jpg\",\"width\":2048,\"height\":1524},{\"@type\":\"WebSite\",\"@id\":\"https:\/\/unedpamplona.es\/eu\/#website\",\"url\":\"https:\/\/unedpamplona.es\/eu\/\",\"name\":\"UNED Pamplona\",\"description\":\"\",\"publisher\":{\"@id\":\"https:\/\/unedpamplona.es\/eu\/#organization\"},\"potentialAction\":[{\"@type\":\"SearchAction\",\"target\":{\"@type\":\"EntryPoint\",\"urlTemplate\":\"https:\/\/unedpamplona.es\/eu\/?s={search_term_string}\"},\"query-input\":\"required name=search_term_string\"}],\"inLanguage\":\"eu-ES\"},{\"@type\":\"Organization\",\"@id\":\"https:\/\/unedpamplona.es\/eu\/#organization\",\"name\":\"UNED Pamplona\",\"url\":\"https:\/\/unedpamplona.es\/eu\/\",\"logo\":{\"@type\":\"ImageObject\",\"inLanguage\":\"eu-ES\",\"@id\":\"https:\/\/unedpamplona.es\/eu\/#\/schema\/logo\/image\/\",\"url\":\"https:\/\/unedpamplona.es\/wp-content\/uploads\/2024\/02\/uned_pamplona_logo.png\",\"contentUrl\":\"https:\/\/unedpamplona.es\/wp-content\/uploads\/2024\/02\/uned_pamplona_logo.png\",\"width\":218,\"height\":104,\"caption\":\"UNED Pamplona\"},\"image\":{\"@id\":\"https:\/\/unedpamplona.es\/eu\/#\/schema\/logo\/image\/\"},\"sameAs\":[\"https:\/\/x.com\/unedpamplona\",\"https:\/\/www.youtube.com\/channel\/UCR2jc6TbCMAPnbcA17Z0wwg\",\"https:\/\/www.instagram.com\/unedpamplona\/\"]},{\"@type\":\"Person\",\"@id\":\"https:\/\/unedpamplona.es\/eu\/#\/schema\/person\/62a05b70c6808d41d8de2111f2b5f568\",\"name\":\"uned\",\"image\":{\"@type\":\"ImageObject\",\"inLanguage\":\"eu-ES\",\"@id\":\"https:\/\/unedpamplona.es\/eu\/#\/schema\/person\/image\/\",\"url\":\"https:\/\/secure.gravatar.com\/avatar\/344a1f8262dc552fd951ddf77b72239b?s=96&d=mm&r=g\",\"contentUrl\":\"https:\/\/secure.gravatar.com\/avatar\/344a1f8262dc552fd951ddf77b72239b?s=96&d=mm&r=g\",\"caption\":\"uned\"},\"url\":\"https:\/\/unedpamplona.es\/eu\/author\/uned\/\"}]}<\/script>\n<!-- \/ Yoast SEO plugin. -->","yoast_head_json":{"title":"La C\u00e1tedra de UNED Pamplona y Fundaci\u00f3n Caja Navarra, en el VI Congreso Internacional de Inteligencia Emocional y Bienestar - UNED Pamplona","robots":{"index":"index","follow":"follow","max-snippet":"max-snippet:-1","max-image-preview":"max-image-preview:large","max-video-preview":"max-video-preview:-1"},"canonical":"https:\/\/unedpamplona.es\/eu\/la-catedra-de-uned-pamplona-y-fundacion-caja-navarra-en-el-vi-congreso-internacional-de-inteligencia-emocional-y-bienestar\/","og_locale":"eu_ES","og_type":"article","og_title":"La C\u00e1tedra de UNED Pamplona y Fundaci\u00f3n Caja Navarra, en el VI Congreso Internacional de Inteligencia Emocional y Bienestar - UNED Pamplona","og_description":"Desde la C\u00e1tedra de Inteligencia Emocional de UNED Pamplona y Fundaci\u00f3n Caja Navarra estamos participando en el VI Congreso Internacional de Inteligencia Emocional y Bienestar (CIIEB), que se esta celebrando el 16 y 17 de mayo en Zaragoza. El CIIEB es un evento formativo y de crecimiento que, a modo de congreso, permite concentrar en [&hellip;]","og_url":"https:\/\/unedpamplona.es\/eu\/la-catedra-de-uned-pamplona-y-fundacion-caja-navarra-en-el-vi-congreso-internacional-de-inteligencia-emocional-y-bienestar\/","og_site_name":"UNED Pamplona","article_published_time":"2025-05-23T11:41:36+00:00","article_modified_time":"2025-05-27T07:20:44+00:00","og_image":[{"width":2048,"height":1524,"url":"https:\/\/unedpamplona.es\/wp-content\/uploads\/2025\/05\/CongresoCIE1.jpg","type":"image\/jpeg"}],"author":"uned","twitter_card":"summary_large_image","twitter_creator":"@unedpamplona","twitter_site":"@unedpamplona","twitter_misc":{"Written by":"uned","Est. reading time":"2 minutes"},"schema":{"@context":"https:\/\/schema.org","@graph":[{"@type":"Article","@id":"https:\/\/unedpamplona.es\/eu\/la-catedra-de-uned-pamplona-y-fundacion-caja-navarra-en-el-vi-congreso-internacional-de-inteligencia-emocional-y-bienestar\/#article","isPartOf":{"@id":"https:\/\/unedpamplona.es\/eu\/la-catedra-de-uned-pamplona-y-fundacion-caja-navarra-en-el-vi-congreso-internacional-de-inteligencia-emocional-y-bienestar\/"},"author":{"name":"uned","@id":"https:\/\/unedpamplona.es\/eu\/#\/schema\/person\/62a05b70c6808d41d8de2111f2b5f568"},"headline":"La C\u00e1tedra de UNED Pamplona y Fundaci\u00f3n Caja Navarra, en el VI Congreso Internacional de Inteligencia Emocional y Bienestar","datePublished":"2025-05-23T11:41:36+00:00","dateModified":"2025-05-27T07:20:44+00:00","mainEntityOfPage":{"@id":"https:\/\/unedpamplona.es\/eu\/la-catedra-de-uned-pamplona-y-fundacion-caja-navarra-en-el-vi-congreso-internacional-de-inteligencia-emocional-y-bienestar\/"},"wordCount":252,"publisher":{"@id":"https:\/\/unedpamplona.es\/eu\/#organization"},"image":{"@id":"https:\/\/unedpamplona.es\/eu\/la-catedra-de-uned-pamplona-y-fundacion-caja-navarra-en-el-vi-congreso-internacional-de-inteligencia-emocional-y-bienestar\/#primaryimage"},"thumbnailUrl":"https:\/\/unedpamplona.es\/wp-content\/uploads\/2025\/05\/CongresoCIE1.jpg","articleSection":["Actualidad"],"inLanguage":"eu-ES"},{"@type":"WebPage","@id":"https:\/\/unedpamplona.es\/eu\/la-catedra-de-uned-pamplona-y-fundacion-caja-navarra-en-el-vi-congreso-internacional-de-inteligencia-emocional-y-bienestar\/","url":"https:\/\/unedpamplona.es\/eu\/la-catedra-de-uned-pamplona-y-fundacion-caja-navarra-en-el-vi-congreso-internacional-de-inteligencia-emocional-y-bienestar\/","name":"La C\u00e1tedra de UNED Pamplona y Fundaci\u00f3n Caja Navarra, en el VI Congreso Internacional de Inteligencia Emocional y Bienestar - UNED Pamplona","isPartOf":{"@id":"https:\/\/unedpamplona.es\/eu\/#website"},"primaryImageOfPage":{"@id":"https:\/\/unedpamplona.es\/eu\/la-catedra-de-uned-pamplona-y-fundacion-caja-navarra-en-el-vi-congreso-internacional-de-inteligencia-emocional-y-bienestar\/#primaryimage"},"image":{"@id":"https:\/\/unedpamplona.es\/eu\/la-catedra-de-uned-pamplona-y-fundacion-caja-navarra-en-el-vi-congreso-internacional-de-inteligencia-emocional-y-bienestar\/#primaryimage"},"thumbnailUrl":"https:\/\/unedpamplona.es\/wp-content\/uploads\/2025\/05\/CongresoCIE1.jpg","datePublished":"2025-05-23T11:41:36+00:00","dateModified":"2025-05-27T07:20:44+00:00","inLanguage":"eu-ES","potentialAction":[{"@type":"ReadAction","target":["https:\/\/unedpamplona.es\/eu\/la-catedra-de-uned-pamplona-y-fundacion-caja-navarra-en-el-vi-congreso-internacional-de-inteligencia-emocional-y-bienestar\/"]}]},{"@type":"ImageObject","inLanguage":"eu-ES","@id":"https:\/\/unedpamplona.es\/eu\/la-catedra-de-uned-pamplona-y-fundacion-caja-navarra-en-el-vi-congreso-internacional-de-inteligencia-emocional-y-bienestar\/#primaryimage","url":"https:\/\/unedpamplona.es\/wp-content\/uploads\/2025\/05\/CongresoCIE1.jpg","contentUrl":"https:\/\/unedpamplona.es\/wp-content\/uploads\/2025\/05\/CongresoCIE1.jpg","width":2048,"height":1524},{"@type":"WebSite","@id":"https:\/\/unedpamplona.es\/eu\/#website","url":"https:\/\/unedpamplona.es\/eu\/","name":"UNED Pamplona","description":"","publisher":{"@id":"https:\/\/unedpamplona.es\/eu\/#organization"},"potentialAction":[{"@type":"SearchAction","target":{"@type":"EntryPoint","urlTemplate":"https:\/\/unedpamplona.es\/eu\/?s={search_term_string}"},"query-input":"required name=search_term_string"}],"inLanguage":"eu-ES"},{"@type":"Organization","@id":"https:\/\/unedpamplona.es\/eu\/#organization","name":"UNED Pamplona","url":"https:\/\/unedpamplona.es\/eu\/","logo":{"@type":"ImageObject","inLanguage":"eu-ES","@id":"https:\/\/unedpamplona.es\/eu\/#\/schema\/logo\/image\/","url":"https:\/\/unedpamplona.es\/wp-content\/uploads\/2024\/02\/uned_pamplona_logo.png","contentUrl":"https:\/\/unedpamplona.es\/wp-content\/uploads\/2024\/02\/uned_pamplona_logo.png","width":218,"height":104,"caption":"UNED Pamplona"},"image":{"@id":"https:\/\/unedpamplona.es\/eu\/#\/schema\/logo\/image\/"},"sameAs":["https:\/\/x.com\/unedpamplona","https:\/\/www.youtube.com\/channel\/UCR2jc6TbCMAPnbcA17Z0wwg","https:\/\/www.instagram.com\/unedpamplona\/"]},{"@type":"Person","@id":"https:\/\/unedpamplona.es\/eu\/#\/schema\/person\/62a05b70c6808d41d8de2111f2b5f568","name":"uned","image":{"@type":"ImageObject","inLanguage":"eu-ES","@id":"https:\/\/unedpamplona.es\/eu\/#\/schema\/person\/image\/","url":"https:\/\/secure.gravatar.com\/avatar\/344a1f8262dc552fd951ddf77b72239b?s=96&d=mm&r=g","contentUrl":"https:\/\/secure.gravatar.com\/avatar\/344a1f8262dc552fd951ddf77b72239b?s=96&d=mm&r=g","caption":"uned"},"url":"https:\/\/unedpamplona.es\/eu\/author\/uned\/"}]}},"_links":{"self":[{"href":"https:\/\/unedpamplona.es\/eu\/wp-json\/wp\/v2\/posts\/11076"}],"collection":[{"href":"https:\/\/unedpamplona.es\/eu\/wp-json\/wp\/v2\/posts"}],"about":[{"href":"https:\/\/unedpamplona.es\/eu\/wp-json\/wp\/v2\/types\/post"}],"author":[{"embeddable":true,"href":"https:\/\/unedpamplona.es\/eu\/wp-json\/wp\/v2\/users\/2"}],"replies":[{"embeddable":true,"href":"https:\/\/unedpamplona.es\/eu\/wp-json\/wp\/v2\/comments?post=11076"}],"version-history":[{"count":6,"href":"https:\/\/unedpamplona.es\/eu\/wp-json\/wp\/v2\/posts\/11076\/revisions"}],"predecessor-version":[{"id":11200,"href":"https:\/\/unedpamplona.es\/eu\/wp-json\/wp\/v2\/posts\/11076\/revisions\/11200"}],"wp:featuredmedia":[{"embeddable":true,"href":"https:\/\/unedpamplona.es\/eu\/wp-json\/wp\/v2\/media\/11077"}],"wp:attachment":[{"href":"https:\/\/unedpamplona.es\/eu\/wp-json\/wp\/v2\/media?parent=11076"}],"wp:term":[{"taxonomy":"category","embeddable":true,"href":"https:\/\/unedpamplona.es\/eu\/wp-json\/wp\/v2\/categories?post=11076"},{"taxonomy":"post_tag","embeddable":true,"href":"https:\/\/unedpamplona.es\/eu\/wp-json\/wp\/v2\/tags?post=11076"}],"curies":[{"name":"wp","href":"https:\/\/api.w.org\/{rel}","templated":true}]}}