{"id":11548,"date":"2025-06-04T10:55:56","date_gmt":"2025-06-04T08:55:56","guid":{"rendered":"https:\/\/unedpamplona.es\/?p=11548"},"modified":"2025-06-09T09:15:16","modified_gmt":"2025-06-09T07:15:16","slug":"presentados-los-47-cursos-de-verano-de-las-universidades-navarras","status":"publish","type":"post","link":"https:\/\/unedpamplona.es\/eu\/presentados-los-47-cursos-de-verano-de-las-universidades-navarras\/","title":{"rendered":"Presentada la 25\u00aa edici\u00f3n de los cursos de verano de las universidades navarras. UNED Pamplona oferta 10 cursos"},"content":{"rendered":"<p>Los cuatro centros universitarios navarros \u2013Universidad P\u00fablica de Navarra (UPNA), Universidad de Navarra (UNAV), y los centros asociados de la UNED en Pamplona y Tudela\u2013 ofertan este a\u00f1o 47 nuevos cursos de verano en la 25\u00aa edici\u00f3n de este ciclo. Estas formaciones est\u00e1n financiadas con 100.000 euros procedentes del Departamento de Universidad, Innovaci\u00f3n y Transformaci\u00f3n Digital. Su consejero, Juan Luis Garc\u00eda Mart\u00edn, ha participado en la presentaci\u00f3n de estos cursos en una rueda de prensa celebrada el 30 de mayo en la sede de UNED Tudela. En su intervenci\u00f3n, ha agradecido el \u201ctrabajo conjunto en beneficio de la sociedad\u201d de los centros, recordando que estos cursos son \u201cuna l\u00ednea estrat\u00e9gica fundamental para promover la extensi\u00f3n universitaria, acercando el conocimiento y el talento de nuestras universidades a toda la poblaci\u00f3n\u201d.<\/p>\n<p>En la presentaci\u00f3n han intervenido tambi\u00e9n el director de UNED Tudela, Luis Fern\u00e1ndez; la vicerrectora de Estudiantes, Vida Universitaria y Compromiso Social de la UPNA, Bego\u00f1a P\u00e9rez; la vicerrectora de Comunicaci\u00f3n de la UNAV, M\u00f3nica Herrero; y la coordinadora de Extensi\u00f3n Universitaria de UNED Pamplona, Mar\u00eda Cardero.<\/p>\n<p>La tem\u00e1tica de los cursos es variada y se abordar\u00e1n temas como la pol\u00edtica internacional y la polarizaci\u00f3n social; la transformaci\u00f3n demogr\u00e1fica, verde y digital o la transversalidad de las ciencias sociales en \u00e1mbitos como la tecnolog\u00eda, la ciencia o la salud. Asimismo, todos ellos se alinean con los Objetivos de Desarrollo Sostenible (ODS) de la Agenda 2030 y con las acciones del Gobierno de Navarra en \u00e1reas como la igualdad, la accesibilidad universal o la sostenibilidad.<\/p>\n<p>Entre las novedades, se han incluido charlas sobre materias que fomenten la tolerancia, la convivencia y los valores democr\u00e1ticos, que se unen a criterios consolidados como la inclusi\u00f3n de medidas de accesibilidad tanto en los espacios como en los recursos pedag\u00f3gicos, la aplicaci\u00f3n de la perspectiva de g\u00e9nero o el equilibrio de g\u00e9nero en las personas ponentes.<\/p>\n<p>Adem\u00e1s, entre la amplia oferta de charlas, se pueden encontrar opciones en euskera como el curso sobre narrativa vasca feminista actual, de UNED Pamplona.<\/p>\n<p>La informaci\u00f3n sobre los cursos y la realizaci\u00f3n de las inscripciones se encuentran en los portales de cada universidad y en la web <a href=\"https:\/\/cursosdeverano.navarra.es\">cursosdeverano.navarra.es<\/a>.<\/p>\n<p>La <strong>lecci\u00f3n inaugural<\/strong> de estos cursos de verano tendr\u00e1 lugar el pr\u00f3ximo <strong>5 de junio a las 19 horas<\/strong> en el Palacio del Marqu\u00e9s de San Adri\u00e1n, sede de UNED Tudela, donde el alpinista <strong>Carlos Soria,<\/strong> uno de los m\u00e1ximos exponentes de longevidad en el alpinismo, impartir\u00e1 la conferencia \u201c72 a\u00f1os subiendo monta\u00f1as\u201d.<\/p>\n<p><strong>UNED Pamplona oferta 10 cursos de verano<\/strong><\/p>\n<p>El Centro de UNED Pamplona oferta este a\u00f1o un total de 10 cursos:<\/p>\n<ul>\n<li>NUEVAS IDENTIDADES, IGUALDAD E INTEGRACI\u00d3N EN PSICOTERAPIA: 10 y 11 de septiembre.<\/li>\n<li>EL NUEVO (DES) ORDEN MUNDIAL: ACTORES Y ESTRATEGIAS EN EL SISTEMA INTERNACIONAL 11 y 12 de septiembre.<\/li>\n<li>NARRATIVA VASCA FEMINISTA ACTUAL: MEMORIA Y DESEO 12 de septiembre.<\/li>\n<li>IA PARA MENTES CURIOSAS: TRANSFORMANDO EL APRENDIZAJE AUT\u00d3NOMO 15 de septiembre<\/li>\n<li>EXPERIENCIA DE MUJER EN LA LITERATURA 16 y 17 de septiembre.<\/li>\n<li>VIOLENCIA SEXUAL EN LA ADOLESCENCIA 17 y 18 de septiembre.<\/li>\n<li>NUEVAS PERCEPCIONES DEL CAMINO DE SANTIAGO: LA VISI\u00d3N CINEMATOGR\u00c1FICA: 18 de septiembre<\/li>\n<li>\u00a0LA INTERPRETACI\u00d3N DE LAS IM\u00c1GENES EN EL ROM\u00c1NICO DE NAVARRA: ICONOGRAF\u00cdA: 19 y 20 de septiembre.<\/li>\n<li>ORBE TERRARVM SVBIECTO. La periferia, en el centro: administraci\u00f3n territorial en los grandes estados de la Antig\u00fcedad: 24 y 25 de septiembre.<\/li>\n<li>UN PEQUE\u00d1O RECORRIDO POR EL MUNDO DE LAS EMOCIONES, EL CEREBRO Y LA M\u00daSICA: 26 de septiembre<\/li>\n<\/ul>\n<p>&nbsp;<\/p>\n<p><strong>MATR\u00cdCULA ABIERTA: <a href=\"https:\/\/unedpamplona.es\/estudios\/cursos-verano\/\">Cursos de verano &#8211; UNED Pamplona<\/a><\/strong><\/p>\n<p><a href=\"https:\/\/unedpamplona.es\/wp-content\/uploads\/2025\/05\/CursosVerano2025-2.pdf\"><strong>D\u00edptico informativo<\/strong><\/a><\/p>\n","protected":false},"excerpt":{"rendered":"<p>Los cuatro centros universitarios navarros \u2013Universidad P\u00fablica de Navarra (UPNA), Universidad de Navarra (UNAV), y los centros asociados de la UNED en Pamplona y Tudela\u2013 ofertan este a\u00f1o 47 nuevos cursos de verano en la 25\u00aa edici\u00f3n de este ciclo. Estas formaciones est\u00e1n financiadas con 100.000 euros procedentes del Departamento de Universidad, Innovaci\u00f3n y Transformaci\u00f3n [&hellip;]<\/p>\n","protected":false},"author":2,"featured_media":11598,"comment_status":"closed","ping_status":"closed","sticky":false,"template":"","format":"standard","meta":{"footnotes":""},"categories":[11],"tags":[],"yoast_head":"<!-- This site is optimized with the Yoast SEO plugin v22.5 - https:\/\/yoast.com\/wordpress\/plugins\/seo\/ -->\n<title>Presentada la 25\u00aa edici\u00f3n de los cursos de verano de las universidades navarras. UNED Pamplona oferta 10 cursos - UNED Pamplona<\/title>\n<meta name=\"robots\" content=\"index, follow, max-snippet:-1, max-image-preview:large, max-video-preview:-1\" \/>\n<link rel=\"canonical\" href=\"https:\/\/unedpamplona.es\/eu\/presentados-los-47-cursos-de-verano-de-las-universidades-navarras\/\" \/>\n<meta property=\"og:locale\" content=\"eu_ES\" \/>\n<meta property=\"og:type\" content=\"article\" \/>\n<meta property=\"og:title\" content=\"Presentada la 25\u00aa edici\u00f3n de los cursos de verano de las universidades navarras. UNED Pamplona oferta 10 cursos - UNED Pamplona\" \/>\n<meta property=\"og:description\" content=\"Los cuatro centros universitarios navarros \u2013Universidad P\u00fablica de Navarra (UPNA), Universidad de Navarra (UNAV), y los centros asociados de la UNED en Pamplona y Tudela\u2013 ofertan este a\u00f1o 47 nuevos cursos de verano en la 25\u00aa edici\u00f3n de este ciclo. Estas formaciones est\u00e1n financiadas con 100.000 euros procedentes del Departamento de Universidad, Innovaci\u00f3n y Transformaci\u00f3n [&hellip;]\" \/>\n<meta property=\"og:url\" content=\"https:\/\/unedpamplona.es\/eu\/presentados-los-47-cursos-de-verano-de-las-universidades-navarras\/\" \/>\n<meta property=\"og:site_name\" content=\"UNED Pamplona\" \/>\n<meta property=\"article:published_time\" content=\"2025-06-04T08:55:56+00:00\" \/>\n<meta property=\"article:modified_time\" content=\"2025-06-09T07:15:16+00:00\" \/>\n<meta property=\"og:image\" content=\"https:\/\/unedpamplona.es\/wp-content\/uploads\/2025\/05\/PresentacionCCVV-scaled.jpg\" \/>\n\t<meta property=\"og:image:width\" content=\"2560\" \/>\n\t<meta property=\"og:image:height\" content=\"1920\" \/>\n\t<meta property=\"og:image:type\" content=\"image\/jpeg\" \/>\n<meta name=\"author\" content=\"uned\" \/>\n<meta name=\"twitter:card\" content=\"summary_large_image\" \/>\n<meta name=\"twitter:creator\" content=\"@unedpamplona\" \/>\n<meta name=\"twitter:site\" content=\"@unedpamplona\" \/>\n<meta name=\"twitter:label1\" content=\"Written by\" \/>\n\t<meta name=\"twitter:data1\" content=\"uned\" \/>\n\t<meta name=\"twitter:label2\" content=\"Est. reading time\" \/>\n\t<meta name=\"twitter:data2\" content=\"3 minutes\" \/>\n<script type=\"application\/ld+json\" class=\"yoast-schema-graph\">{\"@context\":\"https:\/\/schema.org\",\"@graph\":[{\"@type\":\"Article\",\"@id\":\"https:\/\/unedpamplona.es\/eu\/presentados-los-47-cursos-de-verano-de-las-universidades-navarras\/#article\",\"isPartOf\":{\"@id\":\"https:\/\/unedpamplona.es\/eu\/presentados-los-47-cursos-de-verano-de-las-universidades-navarras\/\"},\"author\":{\"name\":\"uned\",\"@id\":\"https:\/\/unedpamplona.es\/eu\/#\/schema\/person\/62a05b70c6808d41d8de2111f2b5f568\"},\"headline\":\"Presentada la 25\u00aa edici\u00f3n de los cursos de verano de las universidades navarras. UNED Pamplona oferta 10 cursos\",\"datePublished\":\"2025-06-04T08:55:56+00:00\",\"dateModified\":\"2025-06-09T07:15:16+00:00\",\"mainEntityOfPage\":{\"@id\":\"https:\/\/unedpamplona.es\/eu\/presentados-los-47-cursos-de-verano-de-las-universidades-navarras\/\"},\"wordCount\":634,\"publisher\":{\"@id\":\"https:\/\/unedpamplona.es\/eu\/#organization\"},\"image\":{\"@id\":\"https:\/\/unedpamplona.es\/eu\/presentados-los-47-cursos-de-verano-de-las-universidades-navarras\/#primaryimage\"},\"thumbnailUrl\":\"https:\/\/unedpamplona.es\/wp-content\/uploads\/2025\/05\/PresentacionCCVV-scaled.jpg\",\"articleSection\":[\"Actualidad\"],\"inLanguage\":\"eu-ES\"},{\"@type\":\"WebPage\",\"@id\":\"https:\/\/unedpamplona.es\/eu\/presentados-los-47-cursos-de-verano-de-las-universidades-navarras\/\",\"url\":\"https:\/\/unedpamplona.es\/eu\/presentados-los-47-cursos-de-verano-de-las-universidades-navarras\/\",\"name\":\"Presentada la 25\u00aa edici\u00f3n de los cursos de verano de las universidades navarras. UNED Pamplona oferta 10 cursos - UNED Pamplona\",\"isPartOf\":{\"@id\":\"https:\/\/unedpamplona.es\/eu\/#website\"},\"primaryImageOfPage\":{\"@id\":\"https:\/\/unedpamplona.es\/eu\/presentados-los-47-cursos-de-verano-de-las-universidades-navarras\/#primaryimage\"},\"image\":{\"@id\":\"https:\/\/unedpamplona.es\/eu\/presentados-los-47-cursos-de-verano-de-las-universidades-navarras\/#primaryimage\"},\"thumbnailUrl\":\"https:\/\/unedpamplona.es\/wp-content\/uploads\/2025\/05\/PresentacionCCVV-scaled.jpg\",\"datePublished\":\"2025-06-04T08:55:56+00:00\",\"dateModified\":\"2025-06-09T07:15:16+00:00\",\"inLanguage\":\"eu-ES\",\"potentialAction\":[{\"@type\":\"ReadAction\",\"target\":[\"https:\/\/unedpamplona.es\/eu\/presentados-los-47-cursos-de-verano-de-las-universidades-navarras\/\"]}]},{\"@type\":\"ImageObject\",\"inLanguage\":\"eu-ES\",\"@id\":\"https:\/\/unedpamplona.es\/eu\/presentados-los-47-cursos-de-verano-de-las-universidades-navarras\/#primaryimage\",\"url\":\"https:\/\/unedpamplona.es\/wp-content\/uploads\/2025\/05\/PresentacionCCVV-scaled.jpg\",\"contentUrl\":\"https:\/\/unedpamplona.es\/wp-content\/uploads\/2025\/05\/PresentacionCCVV-scaled.jpg\",\"width\":2560,\"height\":1920},{\"@type\":\"WebSite\",\"@id\":\"https:\/\/unedpamplona.es\/eu\/#website\",\"url\":\"https:\/\/unedpamplona.es\/eu\/\",\"name\":\"UNED Pamplona\",\"description\":\"\",\"publisher\":{\"@id\":\"https:\/\/unedpamplona.es\/eu\/#organization\"},\"potentialAction\":[{\"@type\":\"SearchAction\",\"target\":{\"@type\":\"EntryPoint\",\"urlTemplate\":\"https:\/\/unedpamplona.es\/eu\/?s={search_term_string}\"},\"query-input\":\"required name=search_term_string\"}],\"inLanguage\":\"eu-ES\"},{\"@type\":\"Organization\",\"@id\":\"https:\/\/unedpamplona.es\/eu\/#organization\",\"name\":\"UNED Pamplona\",\"url\":\"https:\/\/unedpamplona.es\/eu\/\",\"logo\":{\"@type\":\"ImageObject\",\"inLanguage\":\"eu-ES\",\"@id\":\"https:\/\/unedpamplona.es\/eu\/#\/schema\/logo\/image\/\",\"url\":\"https:\/\/unedpamplona.es\/wp-content\/uploads\/2024\/02\/uned_pamplona_logo.png\",\"contentUrl\":\"https:\/\/unedpamplona.es\/wp-content\/uploads\/2024\/02\/uned_pamplona_logo.png\",\"width\":218,\"height\":104,\"caption\":\"UNED Pamplona\"},\"image\":{\"@id\":\"https:\/\/unedpamplona.es\/eu\/#\/schema\/logo\/image\/\"},\"sameAs\":[\"https:\/\/x.com\/unedpamplona\",\"https:\/\/www.youtube.com\/channel\/UCR2jc6TbCMAPnbcA17Z0wwg\",\"https:\/\/www.instagram.com\/unedpamplona\/\"]},{\"@type\":\"Person\",\"@id\":\"https:\/\/unedpamplona.es\/eu\/#\/schema\/person\/62a05b70c6808d41d8de2111f2b5f568\",\"name\":\"uned\",\"image\":{\"@type\":\"ImageObject\",\"inLanguage\":\"eu-ES\",\"@id\":\"https:\/\/unedpamplona.es\/eu\/#\/schema\/person\/image\/\",\"url\":\"https:\/\/secure.gravatar.com\/avatar\/344a1f8262dc552fd951ddf77b72239b?s=96&d=mm&r=g\",\"contentUrl\":\"https:\/\/secure.gravatar.com\/avatar\/344a1f8262dc552fd951ddf77b72239b?s=96&d=mm&r=g\",\"caption\":\"uned\"},\"url\":\"https:\/\/unedpamplona.es\/eu\/author\/uned\/\"}]}<\/script>\n<!-- \/ Yoast SEO plugin. -->","yoast_head_json":{"title":"Presentada la 25\u00aa edici\u00f3n de los cursos de verano de las universidades navarras. UNED Pamplona oferta 10 cursos - UNED Pamplona","robots":{"index":"index","follow":"follow","max-snippet":"max-snippet:-1","max-image-preview":"max-image-preview:large","max-video-preview":"max-video-preview:-1"},"canonical":"https:\/\/unedpamplona.es\/eu\/presentados-los-47-cursos-de-verano-de-las-universidades-navarras\/","og_locale":"eu_ES","og_type":"article","og_title":"Presentada la 25\u00aa edici\u00f3n de los cursos de verano de las universidades navarras. UNED Pamplona oferta 10 cursos - UNED Pamplona","og_description":"Los cuatro centros universitarios navarros \u2013Universidad P\u00fablica de Navarra (UPNA), Universidad de Navarra (UNAV), y los centros asociados de la UNED en Pamplona y Tudela\u2013 ofertan este a\u00f1o 47 nuevos cursos de verano en la 25\u00aa edici\u00f3n de este ciclo. Estas formaciones est\u00e1n financiadas con 100.000 euros procedentes del Departamento de Universidad, Innovaci\u00f3n y Transformaci\u00f3n [&hellip;]","og_url":"https:\/\/unedpamplona.es\/eu\/presentados-los-47-cursos-de-verano-de-las-universidades-navarras\/","og_site_name":"UNED Pamplona","article_published_time":"2025-06-04T08:55:56+00:00","article_modified_time":"2025-06-09T07:15:16+00:00","og_image":[{"width":2560,"height":1920,"url":"https:\/\/unedpamplona.es\/wp-content\/uploads\/2025\/05\/PresentacionCCVV-scaled.jpg","type":"image\/jpeg"}],"author":"uned","twitter_card":"summary_large_image","twitter_creator":"@unedpamplona","twitter_site":"@unedpamplona","twitter_misc":{"Written by":"uned","Est. reading time":"3 minutes"},"schema":{"@context":"https:\/\/schema.org","@graph":[{"@type":"Article","@id":"https:\/\/unedpamplona.es\/eu\/presentados-los-47-cursos-de-verano-de-las-universidades-navarras\/#article","isPartOf":{"@id":"https:\/\/unedpamplona.es\/eu\/presentados-los-47-cursos-de-verano-de-las-universidades-navarras\/"},"author":{"name":"uned","@id":"https:\/\/unedpamplona.es\/eu\/#\/schema\/person\/62a05b70c6808d41d8de2111f2b5f568"},"headline":"Presentada la 25\u00aa edici\u00f3n de los cursos de verano de las universidades navarras. UNED Pamplona oferta 10 cursos","datePublished":"2025-06-04T08:55:56+00:00","dateModified":"2025-06-09T07:15:16+00:00","mainEntityOfPage":{"@id":"https:\/\/unedpamplona.es\/eu\/presentados-los-47-cursos-de-verano-de-las-universidades-navarras\/"},"wordCount":634,"publisher":{"@id":"https:\/\/unedpamplona.es\/eu\/#organization"},"image":{"@id":"https:\/\/unedpamplona.es\/eu\/presentados-los-47-cursos-de-verano-de-las-universidades-navarras\/#primaryimage"},"thumbnailUrl":"https:\/\/unedpamplona.es\/wp-content\/uploads\/2025\/05\/PresentacionCCVV-scaled.jpg","articleSection":["Actualidad"],"inLanguage":"eu-ES"},{"@type":"WebPage","@id":"https:\/\/unedpamplona.es\/eu\/presentados-los-47-cursos-de-verano-de-las-universidades-navarras\/","url":"https:\/\/unedpamplona.es\/eu\/presentados-los-47-cursos-de-verano-de-las-universidades-navarras\/","name":"Presentada la 25\u00aa edici\u00f3n de los cursos de verano de las universidades navarras. UNED Pamplona oferta 10 cursos - UNED Pamplona","isPartOf":{"@id":"https:\/\/unedpamplona.es\/eu\/#website"},"primaryImageOfPage":{"@id":"https:\/\/unedpamplona.es\/eu\/presentados-los-47-cursos-de-verano-de-las-universidades-navarras\/#primaryimage"},"image":{"@id":"https:\/\/unedpamplona.es\/eu\/presentados-los-47-cursos-de-verano-de-las-universidades-navarras\/#primaryimage"},"thumbnailUrl":"https:\/\/unedpamplona.es\/wp-content\/uploads\/2025\/05\/PresentacionCCVV-scaled.jpg","datePublished":"2025-06-04T08:55:56+00:00","dateModified":"2025-06-09T07:15:16+00:00","inLanguage":"eu-ES","potentialAction":[{"@type":"ReadAction","target":["https:\/\/unedpamplona.es\/eu\/presentados-los-47-cursos-de-verano-de-las-universidades-navarras\/"]}]},{"@type":"ImageObject","inLanguage":"eu-ES","@id":"https:\/\/unedpamplona.es\/eu\/presentados-los-47-cursos-de-verano-de-las-universidades-navarras\/#primaryimage","url":"https:\/\/unedpamplona.es\/wp-content\/uploads\/2025\/05\/PresentacionCCVV-scaled.jpg","contentUrl":"https:\/\/unedpamplona.es\/wp-content\/uploads\/2025\/05\/PresentacionCCVV-scaled.jpg","width":2560,"height":1920},{"@type":"WebSite","@id":"https:\/\/unedpamplona.es\/eu\/#website","url":"https:\/\/unedpamplona.es\/eu\/","name":"UNED Pamplona","description":"","publisher":{"@id":"https:\/\/unedpamplona.es\/eu\/#organization"},"potentialAction":[{"@type":"SearchAction","target":{"@type":"EntryPoint","urlTemplate":"https:\/\/unedpamplona.es\/eu\/?s={search_term_string}"},"query-input":"required name=search_term_string"}],"inLanguage":"eu-ES"},{"@type":"Organization","@id":"https:\/\/unedpamplona.es\/eu\/#organization","name":"UNED Pamplona","url":"https:\/\/unedpamplona.es\/eu\/","logo":{"@type":"ImageObject","inLanguage":"eu-ES","@id":"https:\/\/unedpamplona.es\/eu\/#\/schema\/logo\/image\/","url":"https:\/\/unedpamplona.es\/wp-content\/uploads\/2024\/02\/uned_pamplona_logo.png","contentUrl":"https:\/\/unedpamplona.es\/wp-content\/uploads\/2024\/02\/uned_pamplona_logo.png","width":218,"height":104,"caption":"UNED Pamplona"},"image":{"@id":"https:\/\/unedpamplona.es\/eu\/#\/schema\/logo\/image\/"},"sameAs":["https:\/\/x.com\/unedpamplona","https:\/\/www.youtube.com\/channel\/UCR2jc6TbCMAPnbcA17Z0wwg","https:\/\/www.instagram.com\/unedpamplona\/"]},{"@type":"Person","@id":"https:\/\/unedpamplona.es\/eu\/#\/schema\/person\/62a05b70c6808d41d8de2111f2b5f568","name":"uned","image":{"@type":"ImageObject","inLanguage":"eu-ES","@id":"https:\/\/unedpamplona.es\/eu\/#\/schema\/person\/image\/","url":"https:\/\/secure.gravatar.com\/avatar\/344a1f8262dc552fd951ddf77b72239b?s=96&d=mm&r=g","contentUrl":"https:\/\/secure.gravatar.com\/avatar\/344a1f8262dc552fd951ddf77b72239b?s=96&d=mm&r=g","caption":"uned"},"url":"https:\/\/unedpamplona.es\/eu\/author\/uned\/"}]}},"_links":{"self":[{"href":"https:\/\/unedpamplona.es\/eu\/wp-json\/wp\/v2\/posts\/11548"}],"collection":[{"href":"https:\/\/unedpamplona.es\/eu\/wp-json\/wp\/v2\/posts"}],"about":[{"href":"https:\/\/unedpamplona.es\/eu\/wp-json\/wp\/v2\/types\/post"}],"author":[{"embeddable":true,"href":"https:\/\/unedpamplona.es\/eu\/wp-json\/wp\/v2\/users\/2"}],"replies":[{"embeddable":true,"href":"https:\/\/unedpamplona.es\/eu\/wp-json\/wp\/v2\/comments?post=11548"}],"version-history":[{"count":16,"href":"https:\/\/unedpamplona.es\/eu\/wp-json\/wp\/v2\/posts\/11548\/revisions"}],"predecessor-version":[{"id":11769,"href":"https:\/\/unedpamplona.es\/eu\/wp-json\/wp\/v2\/posts\/11548\/revisions\/11769"}],"wp:featuredmedia":[{"embeddable":true,"href":"https:\/\/unedpamplona.es\/eu\/wp-json\/wp\/v2\/media\/11598"}],"wp:attachment":[{"href":"https:\/\/unedpamplona.es\/eu\/wp-json\/wp\/v2\/media?parent=11548"}],"wp:term":[{"taxonomy":"category","embeddable":true,"href":"https:\/\/unedpamplona.es\/eu\/wp-json\/wp\/v2\/categories?post=11548"},{"taxonomy":"post_tag","embeddable":true,"href":"https:\/\/unedpamplona.es\/eu\/wp-json\/wp\/v2\/tags?post=11548"}],"curies":[{"name":"wp","href":"https:\/\/api.w.org\/{rel}","templated":true}]}}