{"id":12146,"date":"2025-09-03T12:44:00","date_gmt":"2025-09-03T10:44:00","guid":{"rendered":"https:\/\/unedpamplona.es\/?p=12146"},"modified":"2025-09-15T09:11:06","modified_gmt":"2025-09-15T07:11:06","slug":"la-uned-amplia-su-oferta-con-dos-nuevos-dobles-grados-en-areas-clave-para-el-futuro-social-y-politico","status":"publish","type":"post","link":"https:\/\/unedpamplona.es\/eu\/la-uned-amplia-su-oferta-con-dos-nuevos-dobles-grados-en-areas-clave-para-el-futuro-social-y-politico\/","title":{"rendered":"La UNED ampl\u00eda su oferta con dos nuevos dobles grados en \u00e1reas clave para el futuro social y pol\u00edtico"},"content":{"rendered":"<p>Ciencia Pol\u00edtica y Sociolog\u00eda y Derecho y Trabajo Social: dos nuevas titulaciones que combinan formaci\u00f3n rigurosa y enfoque pr\u00e1ctico para afrontar los retos del siglo XXI. Ambas titulaciones podr\u00e1n cursarse \u00edntegramente en la modalidad online y semipresencial que caracteriza a la UNED y pensando en un alumnado diverso, con diferentes ritmos de dedicaci\u00f3n acad\u00e9mica. La matr\u00edcula estar\u00e1 abierta del 3 de julio al 22 de octubre, sin nota de corte.<\/p>\n<div class=\"news-descripcion\">\n<p>La UNED incorpora a su cat\u00e1logo acad\u00e9mico\u00a0<strong>dos nuevos dobles grados<\/strong>\u00a0que responden a la creciente demanda de formaci\u00f3n interdisciplinar, comprometida con los desaf\u00edos actuales: el\u00a0<strong>Doble Grado en Ciencia Pol\u00edtica y Sociolog\u00eda<\/strong>\u00a0y el\u00a0<strong>Doble Grado en Derecho y Trabajo Social<\/strong>. Ambas titulaciones permitir\u00e1n al estudiantado obtener dos t\u00edtulos oficiales en cinco cursos, con una formaci\u00f3n s\u00f3lida, cr\u00edtica y aplicada que les capacita para ejercer en un amplio abanico de \u00e1mbitos profesionales.<\/p>\n<p>&nbsp;<\/p>\n<p><strong>Ciencia Pol\u00edtica y Sociolog\u00eda: una mirada doble para entender y transformar la realidad<\/strong><\/p>\n<p>El nuevo Doble Grado en Ciencia Pol\u00edtica y Sociolog\u00eda\u00a0<strong>se propone formar especialistas capaces de analizar la complejidad de las sociedades contempor\u00e1neas y los fen\u00f3menos pol\u00edticos que las atraviesan<\/strong>. El plan de estudios combina la teor\u00eda y la pr\u00e1ctica, dotando al alumnado de herramientas para comprender actores, instituciones y din\u00e1micas pol\u00edticas, al tiempo que profundiza en el an\u00e1lisis de problem\u00e1ticas sociales como la desigualdad, la migraci\u00f3n o el cambio clim\u00e1tico.<\/p>\n<p>Seg\u00fan explica\u00a0<strong><a href=\"https:\/\/www.uned.es\/universidad\/docentes\/politicas-sociologia\/juan-jose-villalon-ogayar.html\" target=\"_blank\" rel=\"noopener\">Juan Jos\u00e9 Villal\u00f3n Og\u00e1yar<\/a>, decano de la Facultad de Ciencias Pol\u00edticas y Sociolog\u00eda<\/strong>, \u201cEl Doble Grado en Ciencia Pol\u00edtica y Sociolog\u00eda es\u00a0<strong>una demanda de muchos estudiantes\u00a0<\/strong>que ven la complementariedad tan extraordinaria que existe entre ambas disciplinas y las potencialidades que tiene en el cambiante mundo laboral actual y para la comprensi\u00f3n de la realidad social y pol\u00edtica. Reduce el tiempo que necesitan para obtener ambos grados al aprovechar las sinergias, puesto que\u00a0<strong>no es una fusi\u00f3n sino una complementaci\u00f3n que abre nuevas oportunidades laborales y cient\u00edficas<\/strong>\u201d.<\/p>\n<p>&nbsp;<\/p>\n<p><strong>Derecho y Trabajo Social: una formaci\u00f3n integral para intervenir con justicia y compromiso<\/strong><\/p>\n<p>Por su parte, el\u00a0<strong>Doble Grado en Derecho y Trabajo Social<\/strong>, impulsado por la Facultad de Derecho, ofrece una\u00a0<strong>formaci\u00f3n jur\u00eddico-social orientada al an\u00e1lisis y la intervenci\u00f3n en contextos de vulnerabilidad, mediaci\u00f3n, asistencia o promoci\u00f3n social<\/strong>. El programa conjuga conocimientos jur\u00eddicos fundamentales con competencias propias del trabajo social, en l\u00ednea con los Objetivos de Desarrollo Sostenible y los valores democr\u00e1ticos del sistema universitario.<\/p>\n<p>El plan de estudios\u00a0<strong>responde a las necesidades de un entorno profesional cambiante<\/strong>, capacitando al alumnado para ejercer en \u00e1reas como la abogac\u00eda, la funci\u00f3n p\u00fablica, la cooperaci\u00f3n internacional o los servicios sociales, siempre desde un enfoque \u00e9tico, inclusivo y respetuoso con los derechos humanos.<\/p>\n<p><strong><a href=\"https:\/\/www.uned.es\/universidad\/docentes\/derecho\/maria-sonia-calaza-lopez.html\" target=\"_blank\" rel=\"noopener\">Sonia Calaza L\u00f3pez<\/a>, decana de la Facultad de Derecho<\/strong>, subraya el valor de esta nueva oferta acad\u00e9mica:\u00a0\u201cEste doble grado es una<strong>\u00a0apuesta decidida por una formaci\u00f3n integral y comprometida<\/strong>, que responde a las necesidades reales de la sociedad.\u00a0<strong>A\u00fana la solidez de los estudios jur\u00eddicos con la sensibilidad y la acci\u00f3n propias del trabajo social<\/strong>, lo que permite a nuestros futuros egresados abordar con eficacia y \u00e9tica situaciones complejas en muy distintos contextos profesionales\u201d.<\/p>\n<\/div>\n<div class=\"news-images mt-5\">\n<div class=\"row mb-4\"><\/div>\n<\/div>\n<div class=\"news-relatedlinks\">\n<div class=\"list-link\">\n<h4 class=\"news-relatedlinks__title\">Enlaces de inter\u00e9s<\/h4>\n<ul class=\"news-relatedlinks__list\">\n<li class=\"list-item news-relatedlinks__list-item \" role=\"listitem\"><a class=\"news-relatedlinks__link pb-1\" title=\"Facultad de Ciencias Pol\u00edticas y Sociolog\u00eda\" href=\"https:\/\/www.uned.es\/universidad\/facultades\/politicas-sociologia.html\" target=\"_blank\" rel=\"noopener\" aria-label=\"Facultad de Ciencias Pol\u00edticas y Sociolog\u00eda\">Facultad de Ciencias Pol\u00edticas y Sociolog\u00eda<\/a><\/li>\n<li class=\"list-item news-relatedlinks__list-item \" role=\"listitem\"><a class=\"news-relatedlinks__link pb-1\" title=\"Facultad de Derecho\" href=\"https:\/\/www.uned.es\/universidad\/facultades\/derecho.html\" target=\"_blank\" rel=\"noopener\" aria-label=\"Facultad de Derecho\">Facultad de Derecho<\/a><\/li>\n<\/ul>\n<\/div>\n<\/div>\n","protected":false},"excerpt":{"rendered":"<p>Ciencia Pol\u00edtica y Sociolog\u00eda y Derecho y Trabajo Social: dos nuevas titulaciones que combinan formaci\u00f3n rigurosa y enfoque pr\u00e1ctico para afrontar los retos del siglo XXI. Ambas titulaciones podr\u00e1n cursarse \u00edntegramente en la modalidad online y semipresencial que caracteriza a la UNED y pensando en un alumnado diverso, con diferentes ritmos de dedicaci\u00f3n acad\u00e9mica. La [&hellip;]<\/p>\n","protected":false},"author":2,"featured_media":12147,"comment_status":"closed","ping_status":"closed","sticky":false,"template":"","format":"standard","meta":{"footnotes":""},"categories":[11],"tags":[],"yoast_head":"<!-- This site is optimized with the Yoast SEO plugin v22.5 - https:\/\/yoast.com\/wordpress\/plugins\/seo\/ -->\n<title>La UNED ampl\u00eda su oferta con dos nuevos dobles grados en \u00e1reas clave para el futuro social y pol\u00edtico - UNED Pamplona<\/title>\n<meta name=\"robots\" content=\"index, follow, max-snippet:-1, max-image-preview:large, max-video-preview:-1\" \/>\n<link rel=\"canonical\" href=\"https:\/\/unedpamplona.es\/eu\/la-uned-amplia-su-oferta-con-dos-nuevos-dobles-grados-en-areas-clave-para-el-futuro-social-y-politico\/\" \/>\n<meta property=\"og:locale\" content=\"eu_ES\" \/>\n<meta property=\"og:type\" content=\"article\" \/>\n<meta property=\"og:title\" content=\"La UNED ampl\u00eda su oferta con dos nuevos dobles grados en \u00e1reas clave para el futuro social y pol\u00edtico - UNED Pamplona\" \/>\n<meta property=\"og:description\" content=\"Ciencia Pol\u00edtica y Sociolog\u00eda y Derecho y Trabajo Social: dos nuevas titulaciones que combinan formaci\u00f3n rigurosa y enfoque pr\u00e1ctico para afrontar los retos del siglo XXI. Ambas titulaciones podr\u00e1n cursarse \u00edntegramente en la modalidad online y semipresencial que caracteriza a la UNED y pensando en un alumnado diverso, con diferentes ritmos de dedicaci\u00f3n acad\u00e9mica. La [&hellip;]\" \/>\n<meta property=\"og:url\" content=\"https:\/\/unedpamplona.es\/eu\/la-uned-amplia-su-oferta-con-dos-nuevos-dobles-grados-en-areas-clave-para-el-futuro-social-y-politico\/\" \/>\n<meta property=\"og:site_name\" content=\"UNED Pamplona\" \/>\n<meta property=\"article:published_time\" content=\"2025-09-03T10:44:00+00:00\" \/>\n<meta property=\"article:modified_time\" content=\"2025-09-15T07:11:06+00:00\" \/>\n<meta property=\"og:image\" content=\"https:\/\/unedpamplona.es\/wp-content\/uploads\/2025\/07\/FBIG_PoliticaSociologia_1080x1080.jpg\" \/>\n\t<meta property=\"og:image:width\" content=\"1080\" \/>\n\t<meta property=\"og:image:height\" content=\"1080\" \/>\n\t<meta property=\"og:image:type\" content=\"image\/jpeg\" \/>\n<meta name=\"author\" content=\"uned\" \/>\n<meta name=\"twitter:card\" content=\"summary_large_image\" \/>\n<meta name=\"twitter:creator\" content=\"@unedpamplona\" \/>\n<meta name=\"twitter:site\" content=\"@unedpamplona\" \/>\n<meta name=\"twitter:label1\" content=\"Written by\" \/>\n\t<meta name=\"twitter:data1\" content=\"uned\" \/>\n\t<meta name=\"twitter:label2\" content=\"Est. reading time\" \/>\n\t<meta name=\"twitter:data2\" content=\"3 minutes\" \/>\n<script type=\"application\/ld+json\" class=\"yoast-schema-graph\">{\"@context\":\"https:\/\/schema.org\",\"@graph\":[{\"@type\":\"Article\",\"@id\":\"https:\/\/unedpamplona.es\/eu\/la-uned-amplia-su-oferta-con-dos-nuevos-dobles-grados-en-areas-clave-para-el-futuro-social-y-politico\/#article\",\"isPartOf\":{\"@id\":\"https:\/\/unedpamplona.es\/eu\/la-uned-amplia-su-oferta-con-dos-nuevos-dobles-grados-en-areas-clave-para-el-futuro-social-y-politico\/\"},\"author\":{\"name\":\"uned\",\"@id\":\"https:\/\/unedpamplona.es\/eu\/#\/schema\/person\/62a05b70c6808d41d8de2111f2b5f568\"},\"headline\":\"La UNED ampl\u00eda su oferta con dos nuevos dobles grados en \u00e1reas clave para el futuro social y pol\u00edtico\",\"datePublished\":\"2025-09-03T10:44:00+00:00\",\"dateModified\":\"2025-09-15T07:11:06+00:00\",\"mainEntityOfPage\":{\"@id\":\"https:\/\/unedpamplona.es\/eu\/la-uned-amplia-su-oferta-con-dos-nuevos-dobles-grados-en-areas-clave-para-el-futuro-social-y-politico\/\"},\"wordCount\":614,\"publisher\":{\"@id\":\"https:\/\/unedpamplona.es\/eu\/#organization\"},\"image\":{\"@id\":\"https:\/\/unedpamplona.es\/eu\/la-uned-amplia-su-oferta-con-dos-nuevos-dobles-grados-en-areas-clave-para-el-futuro-social-y-politico\/#primaryimage\"},\"thumbnailUrl\":\"https:\/\/unedpamplona.es\/wp-content\/uploads\/2025\/07\/FBIG_PoliticaSociologia_1080x1080.jpg\",\"articleSection\":[\"Actualidad\"],\"inLanguage\":\"eu-ES\"},{\"@type\":\"WebPage\",\"@id\":\"https:\/\/unedpamplona.es\/eu\/la-uned-amplia-su-oferta-con-dos-nuevos-dobles-grados-en-areas-clave-para-el-futuro-social-y-politico\/\",\"url\":\"https:\/\/unedpamplona.es\/eu\/la-uned-amplia-su-oferta-con-dos-nuevos-dobles-grados-en-areas-clave-para-el-futuro-social-y-politico\/\",\"name\":\"La UNED ampl\u00eda su oferta con dos nuevos dobles grados en \u00e1reas clave para el futuro social y pol\u00edtico - UNED Pamplona\",\"isPartOf\":{\"@id\":\"https:\/\/unedpamplona.es\/eu\/#website\"},\"primaryImageOfPage\":{\"@id\":\"https:\/\/unedpamplona.es\/eu\/la-uned-amplia-su-oferta-con-dos-nuevos-dobles-grados-en-areas-clave-para-el-futuro-social-y-politico\/#primaryimage\"},\"image\":{\"@id\":\"https:\/\/unedpamplona.es\/eu\/la-uned-amplia-su-oferta-con-dos-nuevos-dobles-grados-en-areas-clave-para-el-futuro-social-y-politico\/#primaryimage\"},\"thumbnailUrl\":\"https:\/\/unedpamplona.es\/wp-content\/uploads\/2025\/07\/FBIG_PoliticaSociologia_1080x1080.jpg\",\"datePublished\":\"2025-09-03T10:44:00+00:00\",\"dateModified\":\"2025-09-15T07:11:06+00:00\",\"inLanguage\":\"eu-ES\",\"potentialAction\":[{\"@type\":\"ReadAction\",\"target\":[\"https:\/\/unedpamplona.es\/eu\/la-uned-amplia-su-oferta-con-dos-nuevos-dobles-grados-en-areas-clave-para-el-futuro-social-y-politico\/\"]}]},{\"@type\":\"ImageObject\",\"inLanguage\":\"eu-ES\",\"@id\":\"https:\/\/unedpamplona.es\/eu\/la-uned-amplia-su-oferta-con-dos-nuevos-dobles-grados-en-areas-clave-para-el-futuro-social-y-politico\/#primaryimage\",\"url\":\"https:\/\/unedpamplona.es\/wp-content\/uploads\/2025\/07\/FBIG_PoliticaSociologia_1080x1080.jpg\",\"contentUrl\":\"https:\/\/unedpamplona.es\/wp-content\/uploads\/2025\/07\/FBIG_PoliticaSociologia_1080x1080.jpg\",\"width\":1080,\"height\":1080},{\"@type\":\"WebSite\",\"@id\":\"https:\/\/unedpamplona.es\/eu\/#website\",\"url\":\"https:\/\/unedpamplona.es\/eu\/\",\"name\":\"UNED Pamplona\",\"description\":\"\",\"publisher\":{\"@id\":\"https:\/\/unedpamplona.es\/eu\/#organization\"},\"potentialAction\":[{\"@type\":\"SearchAction\",\"target\":{\"@type\":\"EntryPoint\",\"urlTemplate\":\"https:\/\/unedpamplona.es\/eu\/?s={search_term_string}\"},\"query-input\":\"required name=search_term_string\"}],\"inLanguage\":\"eu-ES\"},{\"@type\":\"Organization\",\"@id\":\"https:\/\/unedpamplona.es\/eu\/#organization\",\"name\":\"UNED Pamplona\",\"url\":\"https:\/\/unedpamplona.es\/eu\/\",\"logo\":{\"@type\":\"ImageObject\",\"inLanguage\":\"eu-ES\",\"@id\":\"https:\/\/unedpamplona.es\/eu\/#\/schema\/logo\/image\/\",\"url\":\"https:\/\/unedpamplona.es\/wp-content\/uploads\/2024\/02\/uned_pamplona_logo.png\",\"contentUrl\":\"https:\/\/unedpamplona.es\/wp-content\/uploads\/2024\/02\/uned_pamplona_logo.png\",\"width\":218,\"height\":104,\"caption\":\"UNED Pamplona\"},\"image\":{\"@id\":\"https:\/\/unedpamplona.es\/eu\/#\/schema\/logo\/image\/\"},\"sameAs\":[\"https:\/\/x.com\/unedpamplona\",\"https:\/\/www.youtube.com\/channel\/UCR2jc6TbCMAPnbcA17Z0wwg\",\"https:\/\/www.instagram.com\/unedpamplona\/\"]},{\"@type\":\"Person\",\"@id\":\"https:\/\/unedpamplona.es\/eu\/#\/schema\/person\/62a05b70c6808d41d8de2111f2b5f568\",\"name\":\"uned\",\"image\":{\"@type\":\"ImageObject\",\"inLanguage\":\"eu-ES\",\"@id\":\"https:\/\/unedpamplona.es\/eu\/#\/schema\/person\/image\/\",\"url\":\"https:\/\/secure.gravatar.com\/avatar\/344a1f8262dc552fd951ddf77b72239b?s=96&d=mm&r=g\",\"contentUrl\":\"https:\/\/secure.gravatar.com\/avatar\/344a1f8262dc552fd951ddf77b72239b?s=96&d=mm&r=g\",\"caption\":\"uned\"},\"url\":\"https:\/\/unedpamplona.es\/eu\/author\/uned\/\"}]}<\/script>\n<!-- \/ Yoast SEO plugin. -->","yoast_head_json":{"title":"La UNED ampl\u00eda su oferta con dos nuevos dobles grados en \u00e1reas clave para el futuro social y pol\u00edtico - UNED Pamplona","robots":{"index":"index","follow":"follow","max-snippet":"max-snippet:-1","max-image-preview":"max-image-preview:large","max-video-preview":"max-video-preview:-1"},"canonical":"https:\/\/unedpamplona.es\/eu\/la-uned-amplia-su-oferta-con-dos-nuevos-dobles-grados-en-areas-clave-para-el-futuro-social-y-politico\/","og_locale":"eu_ES","og_type":"article","og_title":"La UNED ampl\u00eda su oferta con dos nuevos dobles grados en \u00e1reas clave para el futuro social y pol\u00edtico - UNED Pamplona","og_description":"Ciencia Pol\u00edtica y Sociolog\u00eda y Derecho y Trabajo Social: dos nuevas titulaciones que combinan formaci\u00f3n rigurosa y enfoque pr\u00e1ctico para afrontar los retos del siglo XXI. Ambas titulaciones podr\u00e1n cursarse \u00edntegramente en la modalidad online y semipresencial que caracteriza a la UNED y pensando en un alumnado diverso, con diferentes ritmos de dedicaci\u00f3n acad\u00e9mica. La [&hellip;]","og_url":"https:\/\/unedpamplona.es\/eu\/la-uned-amplia-su-oferta-con-dos-nuevos-dobles-grados-en-areas-clave-para-el-futuro-social-y-politico\/","og_site_name":"UNED Pamplona","article_published_time":"2025-09-03T10:44:00+00:00","article_modified_time":"2025-09-15T07:11:06+00:00","og_image":[{"width":1080,"height":1080,"url":"https:\/\/unedpamplona.es\/wp-content\/uploads\/2025\/07\/FBIG_PoliticaSociologia_1080x1080.jpg","type":"image\/jpeg"}],"author":"uned","twitter_card":"summary_large_image","twitter_creator":"@unedpamplona","twitter_site":"@unedpamplona","twitter_misc":{"Written by":"uned","Est. reading time":"3 minutes"},"schema":{"@context":"https:\/\/schema.org","@graph":[{"@type":"Article","@id":"https:\/\/unedpamplona.es\/eu\/la-uned-amplia-su-oferta-con-dos-nuevos-dobles-grados-en-areas-clave-para-el-futuro-social-y-politico\/#article","isPartOf":{"@id":"https:\/\/unedpamplona.es\/eu\/la-uned-amplia-su-oferta-con-dos-nuevos-dobles-grados-en-areas-clave-para-el-futuro-social-y-politico\/"},"author":{"name":"uned","@id":"https:\/\/unedpamplona.es\/eu\/#\/schema\/person\/62a05b70c6808d41d8de2111f2b5f568"},"headline":"La UNED ampl\u00eda su oferta con dos nuevos dobles grados en \u00e1reas clave para el futuro social y pol\u00edtico","datePublished":"2025-09-03T10:44:00+00:00","dateModified":"2025-09-15T07:11:06+00:00","mainEntityOfPage":{"@id":"https:\/\/unedpamplona.es\/eu\/la-uned-amplia-su-oferta-con-dos-nuevos-dobles-grados-en-areas-clave-para-el-futuro-social-y-politico\/"},"wordCount":614,"publisher":{"@id":"https:\/\/unedpamplona.es\/eu\/#organization"},"image":{"@id":"https:\/\/unedpamplona.es\/eu\/la-uned-amplia-su-oferta-con-dos-nuevos-dobles-grados-en-areas-clave-para-el-futuro-social-y-politico\/#primaryimage"},"thumbnailUrl":"https:\/\/unedpamplona.es\/wp-content\/uploads\/2025\/07\/FBIG_PoliticaSociologia_1080x1080.jpg","articleSection":["Actualidad"],"inLanguage":"eu-ES"},{"@type":"WebPage","@id":"https:\/\/unedpamplona.es\/eu\/la-uned-amplia-su-oferta-con-dos-nuevos-dobles-grados-en-areas-clave-para-el-futuro-social-y-politico\/","url":"https:\/\/unedpamplona.es\/eu\/la-uned-amplia-su-oferta-con-dos-nuevos-dobles-grados-en-areas-clave-para-el-futuro-social-y-politico\/","name":"La UNED ampl\u00eda su oferta con dos nuevos dobles grados en \u00e1reas clave para el futuro social y pol\u00edtico - UNED Pamplona","isPartOf":{"@id":"https:\/\/unedpamplona.es\/eu\/#website"},"primaryImageOfPage":{"@id":"https:\/\/unedpamplona.es\/eu\/la-uned-amplia-su-oferta-con-dos-nuevos-dobles-grados-en-areas-clave-para-el-futuro-social-y-politico\/#primaryimage"},"image":{"@id":"https:\/\/unedpamplona.es\/eu\/la-uned-amplia-su-oferta-con-dos-nuevos-dobles-grados-en-areas-clave-para-el-futuro-social-y-politico\/#primaryimage"},"thumbnailUrl":"https:\/\/unedpamplona.es\/wp-content\/uploads\/2025\/07\/FBIG_PoliticaSociologia_1080x1080.jpg","datePublished":"2025-09-03T10:44:00+00:00","dateModified":"2025-09-15T07:11:06+00:00","inLanguage":"eu-ES","potentialAction":[{"@type":"ReadAction","target":["https:\/\/unedpamplona.es\/eu\/la-uned-amplia-su-oferta-con-dos-nuevos-dobles-grados-en-areas-clave-para-el-futuro-social-y-politico\/"]}]},{"@type":"ImageObject","inLanguage":"eu-ES","@id":"https:\/\/unedpamplona.es\/eu\/la-uned-amplia-su-oferta-con-dos-nuevos-dobles-grados-en-areas-clave-para-el-futuro-social-y-politico\/#primaryimage","url":"https:\/\/unedpamplona.es\/wp-content\/uploads\/2025\/07\/FBIG_PoliticaSociologia_1080x1080.jpg","contentUrl":"https:\/\/unedpamplona.es\/wp-content\/uploads\/2025\/07\/FBIG_PoliticaSociologia_1080x1080.jpg","width":1080,"height":1080},{"@type":"WebSite","@id":"https:\/\/unedpamplona.es\/eu\/#website","url":"https:\/\/unedpamplona.es\/eu\/","name":"UNED Pamplona","description":"","publisher":{"@id":"https:\/\/unedpamplona.es\/eu\/#organization"},"potentialAction":[{"@type":"SearchAction","target":{"@type":"EntryPoint","urlTemplate":"https:\/\/unedpamplona.es\/eu\/?s={search_term_string}"},"query-input":"required name=search_term_string"}],"inLanguage":"eu-ES"},{"@type":"Organization","@id":"https:\/\/unedpamplona.es\/eu\/#organization","name":"UNED Pamplona","url":"https:\/\/unedpamplona.es\/eu\/","logo":{"@type":"ImageObject","inLanguage":"eu-ES","@id":"https:\/\/unedpamplona.es\/eu\/#\/schema\/logo\/image\/","url":"https:\/\/unedpamplona.es\/wp-content\/uploads\/2024\/02\/uned_pamplona_logo.png","contentUrl":"https:\/\/unedpamplona.es\/wp-content\/uploads\/2024\/02\/uned_pamplona_logo.png","width":218,"height":104,"caption":"UNED Pamplona"},"image":{"@id":"https:\/\/unedpamplona.es\/eu\/#\/schema\/logo\/image\/"},"sameAs":["https:\/\/x.com\/unedpamplona","https:\/\/www.youtube.com\/channel\/UCR2jc6TbCMAPnbcA17Z0wwg","https:\/\/www.instagram.com\/unedpamplona\/"]},{"@type":"Person","@id":"https:\/\/unedpamplona.es\/eu\/#\/schema\/person\/62a05b70c6808d41d8de2111f2b5f568","name":"uned","image":{"@type":"ImageObject","inLanguage":"eu-ES","@id":"https:\/\/unedpamplona.es\/eu\/#\/schema\/person\/image\/","url":"https:\/\/secure.gravatar.com\/avatar\/344a1f8262dc552fd951ddf77b72239b?s=96&d=mm&r=g","contentUrl":"https:\/\/secure.gravatar.com\/avatar\/344a1f8262dc552fd951ddf77b72239b?s=96&d=mm&r=g","caption":"uned"},"url":"https:\/\/unedpamplona.es\/eu\/author\/uned\/"}]}},"_links":{"self":[{"href":"https:\/\/unedpamplona.es\/eu\/wp-json\/wp\/v2\/posts\/12146"}],"collection":[{"href":"https:\/\/unedpamplona.es\/eu\/wp-json\/wp\/v2\/posts"}],"about":[{"href":"https:\/\/unedpamplona.es\/eu\/wp-json\/wp\/v2\/types\/post"}],"author":[{"embeddable":true,"href":"https:\/\/unedpamplona.es\/eu\/wp-json\/wp\/v2\/users\/2"}],"replies":[{"embeddable":true,"href":"https:\/\/unedpamplona.es\/eu\/wp-json\/wp\/v2\/comments?post=12146"}],"version-history":[{"count":1,"href":"https:\/\/unedpamplona.es\/eu\/wp-json\/wp\/v2\/posts\/12146\/revisions"}],"predecessor-version":[{"id":12149,"href":"https:\/\/unedpamplona.es\/eu\/wp-json\/wp\/v2\/posts\/12146\/revisions\/12149"}],"wp:featuredmedia":[{"embeddable":true,"href":"https:\/\/unedpamplona.es\/eu\/wp-json\/wp\/v2\/media\/12147"}],"wp:attachment":[{"href":"https:\/\/unedpamplona.es\/eu\/wp-json\/wp\/v2\/media?parent=12146"}],"wp:term":[{"taxonomy":"category","embeddable":true,"href":"https:\/\/unedpamplona.es\/eu\/wp-json\/wp\/v2\/categories?post=12146"},{"taxonomy":"post_tag","embeddable":true,"href":"https:\/\/unedpamplona.es\/eu\/wp-json\/wp\/v2\/tags?post=12146"}],"curies":[{"name":"wp","href":"https:\/\/api.w.org\/{rel}","templated":true}]}}