{"id":12474,"date":"2025-10-01T11:50:41","date_gmt":"2025-10-01T09:50:41","guid":{"rendered":"https:\/\/unedpamplona.es\/?p=12474"},"modified":"2025-10-09T12:57:49","modified_gmt":"2025-10-09T10:57:49","slug":"conferencia-como-tender-puentes-afectivos-con-los-hijos-as-con-leticia-garces","status":"publish","type":"post","link":"https:\/\/unedpamplona.es\/eu\/conferencia-como-tender-puentes-afectivos-con-los-hijos-as-con-leticia-garces\/","title":{"rendered":"M\u00e1s de 500 personas participan en la conferencia &#8220;C\u00f3mo tender puentes afectivos con los hijos\/as&#8221;, impartida por Leticia Garc\u00e9s"},"content":{"rendered":"<p>UNED Pamplona acogi\u00f3 el 1 de octubre la conferencia &#8220;<span class=\"t color_b3\">C\u00f3mo tender puentes afectivos con los hijos\/as&#8221;, d<\/span>entro de la programaci\u00f3n de la C\u00e1tedra de Inteligencia Emocional de UNED Pamplona y Fundaci\u00f3n Caja Navarra y en la que participaron m\u00e1s de 500 personas, de forma presencial y online. En la presentaci\u00f3n participaron Teresa Im\u00edzcoz, Directora de UNED Pamplona y Directora de la C\u00e1tedra, y Luis Cort\u00e9s, Secretario adjunto de UNED Pamplona y Secretario t\u00e9cnico de la C\u00e1tedra.<\/p>\n<p>Durante la conferencia, impartida por <span class=\"ponente\">Leticia Garc\u00e9s Larrea, o<\/span><span class=\"cargo\"><span class=\"cargo_ponente\">rientadora y formadora familiar en Padres Formados, <\/span><\/span>se reflexion\u00f3 sobre las necesidades de la infancia desde la mirada del adulto.<\/p>\n<p>Durante la infancia se asientan las bases de nuestra personalidad adulta, por eso los primeros a\u00f1os de nuestra existencia necesitamos recibir cuidados de calidad, afecto y buenos tratos, experiencias educativas que nos conecten con el amor y la seguridad y, sobre todo, que las emociones m\u00e1s displacenteras como son el miedo, la verg\u00fcenza, la tristeza o la rabia sean escuchadas y bien acompa\u00f1adas por adultos emocionalmente competentes.<\/p>\n<p>Tambi\u00e9n es cierto que los padres educan desde su propia experiencia infantil, de modo que es probable que si han crecido con carencias afectivas tengan dificultad para llevar a cabo una parentalidad positiva, es decir, una crianza respetuosa y con respaldo cient\u00edfico. Por esta raz\u00f3n, la ponente revisar\u00e1 nuestra mirada hacia la infancia y adolescencia, acerc\u00e1ndonos a las neurociencias para adquirir un conocimiento actualizado que nos permita educar priorizando el desarrollo emocional y cerebral de los infantes.<\/p>\n<p>&nbsp;<\/p>\n<p><strong>Programa<\/strong><\/p>\n<p>Mi\u00e9rcoles, 1 de octubre<\/p>\n<p><span class=\"h\">19:00-20:30 h.<\/span>\u00a0<span class=\"t color_b3\">C\u00f3mo tender puentes afectivos con los hijos\/as. <\/span>La Educaci\u00f3n Emocional en la familia la podemos transmitir desde la parentalidad positiva, que es la ciencia aplicada a las relaciones filiales, es decir, a la convivencia familiar.<\/p>\n<p><span class=\"ponente\">Ponente: D\u00f1a. Leticia Garc\u00e9s Larrea.<\/span>\u00a0<span class=\"cargo\"><span class=\"cargo_ponente\">Orientadora y formadora familiar en Padres Formados.<\/span><\/span><\/p>\n<p><strong><a href=\"https:\/\/extension.uned.es\/actividad\/idactividad\/46289\">MATR\u00cdCULA ONLINE GRATUITA\u00a0<\/a><\/strong><\/p>\n","protected":false},"excerpt":{"rendered":"<p>UNED Pamplona acogi\u00f3 el 1 de octubre la conferencia &#8220;C\u00f3mo tender puentes afectivos con los hijos\/as&#8221;, dentro de la programaci\u00f3n de la C\u00e1tedra de Inteligencia Emocional de UNED Pamplona y Fundaci\u00f3n Caja Navarra y en la que participaron m\u00e1s de 500 personas, de forma presencial y online. En la presentaci\u00f3n participaron Teresa Im\u00edzcoz, Directora de [&hellip;]<\/p>\n","protected":false},"author":2,"featured_media":13738,"comment_status":"closed","ping_status":"closed","sticky":false,"template":"","format":"standard","meta":{"footnotes":""},"categories":[1],"tags":[],"yoast_head":"<!-- This site is optimized with the Yoast SEO plugin v22.5 - https:\/\/yoast.com\/wordpress\/plugins\/seo\/ -->\n<title>M\u00e1s de 500 personas participan en la conferencia &quot;C\u00f3mo tender puentes afectivos con los hijos\/as&quot;, impartida por Leticia Garc\u00e9s - UNED Pamplona<\/title>\n<meta name=\"robots\" content=\"index, follow, max-snippet:-1, max-image-preview:large, max-video-preview:-1\" \/>\n<link rel=\"canonical\" href=\"https:\/\/unedpamplona.es\/eu\/conferencia-como-tender-puentes-afectivos-con-los-hijos-as-con-leticia-garces\/\" \/>\n<meta property=\"og:locale\" content=\"eu_ES\" \/>\n<meta property=\"og:type\" content=\"article\" \/>\n<meta property=\"og:title\" content=\"M\u00e1s de 500 personas participan en la conferencia &quot;C\u00f3mo tender puentes afectivos con los hijos\/as&quot;, impartida por Leticia Garc\u00e9s - UNED Pamplona\" \/>\n<meta property=\"og:description\" content=\"UNED Pamplona acogi\u00f3 el 1 de octubre la conferencia &#8220;C\u00f3mo tender puentes afectivos con los hijos\/as&#8221;, dentro de la programaci\u00f3n de la C\u00e1tedra de Inteligencia Emocional de UNED Pamplona y Fundaci\u00f3n Caja Navarra y en la que participaron m\u00e1s de 500 personas, de forma presencial y online. En la presentaci\u00f3n participaron Teresa Im\u00edzcoz, Directora de [&hellip;]\" \/>\n<meta property=\"og:url\" content=\"https:\/\/unedpamplona.es\/eu\/conferencia-como-tender-puentes-afectivos-con-los-hijos-as-con-leticia-garces\/\" \/>\n<meta property=\"og:site_name\" content=\"UNED Pamplona\" \/>\n<meta property=\"article:published_time\" content=\"2025-10-01T09:50:41+00:00\" \/>\n<meta property=\"article:modified_time\" content=\"2025-10-09T10:57:49+00:00\" \/>\n<meta property=\"og:image\" content=\"https:\/\/unedpamplona.es\/wp-content\/uploads\/2025\/10\/CIEGarces-scaled.jpg\" \/>\n\t<meta property=\"og:image:width\" content=\"2560\" \/>\n\t<meta property=\"og:image:height\" content=\"1738\" \/>\n\t<meta property=\"og:image:type\" content=\"image\/jpeg\" \/>\n<meta name=\"author\" content=\"uned\" \/>\n<meta name=\"twitter:card\" content=\"summary_large_image\" \/>\n<meta name=\"twitter:creator\" content=\"@unedpamplona\" \/>\n<meta name=\"twitter:site\" content=\"@unedpamplona\" \/>\n<meta name=\"twitter:label1\" content=\"Written by\" \/>\n\t<meta name=\"twitter:data1\" content=\"uned\" \/>\n\t<meta name=\"twitter:label2\" content=\"Est. reading time\" \/>\n\t<meta name=\"twitter:data2\" content=\"2 minutes\" \/>\n<script type=\"application\/ld+json\" class=\"yoast-schema-graph\">{\"@context\":\"https:\/\/schema.org\",\"@graph\":[{\"@type\":\"Article\",\"@id\":\"https:\/\/unedpamplona.es\/eu\/conferencia-como-tender-puentes-afectivos-con-los-hijos-as-con-leticia-garces\/#article\",\"isPartOf\":{\"@id\":\"https:\/\/unedpamplona.es\/eu\/conferencia-como-tender-puentes-afectivos-con-los-hijos-as-con-leticia-garces\/\"},\"author\":{\"name\":\"uned\",\"@id\":\"https:\/\/unedpamplona.es\/eu\/#\/schema\/person\/62a05b70c6808d41d8de2111f2b5f568\"},\"headline\":\"M\u00e1s de 500 personas participan en la conferencia &#8220;C\u00f3mo tender puentes afectivos con los hijos\/as&#8221;, impartida por Leticia Garc\u00e9s\",\"datePublished\":\"2025-10-01T09:50:41+00:00\",\"dateModified\":\"2025-10-09T10:57:49+00:00\",\"mainEntityOfPage\":{\"@id\":\"https:\/\/unedpamplona.es\/eu\/conferencia-como-tender-puentes-afectivos-con-los-hijos-as-con-leticia-garces\/\"},\"wordCount\":354,\"publisher\":{\"@id\":\"https:\/\/unedpamplona.es\/eu\/#organization\"},\"image\":{\"@id\":\"https:\/\/unedpamplona.es\/eu\/conferencia-como-tender-puentes-afectivos-con-los-hijos-as-con-leticia-garces\/#primaryimage\"},\"thumbnailUrl\":\"https:\/\/unedpamplona.es\/wp-content\/uploads\/2025\/10\/CIEGarces-scaled.jpg\",\"articleSection\":[\"Sin categorizar\"],\"inLanguage\":\"eu-ES\"},{\"@type\":\"WebPage\",\"@id\":\"https:\/\/unedpamplona.es\/eu\/conferencia-como-tender-puentes-afectivos-con-los-hijos-as-con-leticia-garces\/\",\"url\":\"https:\/\/unedpamplona.es\/eu\/conferencia-como-tender-puentes-afectivos-con-los-hijos-as-con-leticia-garces\/\",\"name\":\"M\u00e1s de 500 personas participan en la conferencia \\\"C\u00f3mo tender puentes afectivos con los hijos\/as\\\", impartida por Leticia Garc\u00e9s - UNED Pamplona\",\"isPartOf\":{\"@id\":\"https:\/\/unedpamplona.es\/eu\/#website\"},\"primaryImageOfPage\":{\"@id\":\"https:\/\/unedpamplona.es\/eu\/conferencia-como-tender-puentes-afectivos-con-los-hijos-as-con-leticia-garces\/#primaryimage\"},\"image\":{\"@id\":\"https:\/\/unedpamplona.es\/eu\/conferencia-como-tender-puentes-afectivos-con-los-hijos-as-con-leticia-garces\/#primaryimage\"},\"thumbnailUrl\":\"https:\/\/unedpamplona.es\/wp-content\/uploads\/2025\/10\/CIEGarces-scaled.jpg\",\"datePublished\":\"2025-10-01T09:50:41+00:00\",\"dateModified\":\"2025-10-09T10:57:49+00:00\",\"inLanguage\":\"eu-ES\",\"potentialAction\":[{\"@type\":\"ReadAction\",\"target\":[\"https:\/\/unedpamplona.es\/eu\/conferencia-como-tender-puentes-afectivos-con-los-hijos-as-con-leticia-garces\/\"]}]},{\"@type\":\"ImageObject\",\"inLanguage\":\"eu-ES\",\"@id\":\"https:\/\/unedpamplona.es\/eu\/conferencia-como-tender-puentes-afectivos-con-los-hijos-as-con-leticia-garces\/#primaryimage\",\"url\":\"https:\/\/unedpamplona.es\/wp-content\/uploads\/2025\/10\/CIEGarces-scaled.jpg\",\"contentUrl\":\"https:\/\/unedpamplona.es\/wp-content\/uploads\/2025\/10\/CIEGarces-scaled.jpg\",\"width\":2560,\"height\":1738},{\"@type\":\"WebSite\",\"@id\":\"https:\/\/unedpamplona.es\/eu\/#website\",\"url\":\"https:\/\/unedpamplona.es\/eu\/\",\"name\":\"UNED Pamplona\",\"description\":\"\",\"publisher\":{\"@id\":\"https:\/\/unedpamplona.es\/eu\/#organization\"},\"potentialAction\":[{\"@type\":\"SearchAction\",\"target\":{\"@type\":\"EntryPoint\",\"urlTemplate\":\"https:\/\/unedpamplona.es\/eu\/?s={search_term_string}\"},\"query-input\":\"required name=search_term_string\"}],\"inLanguage\":\"eu-ES\"},{\"@type\":\"Organization\",\"@id\":\"https:\/\/unedpamplona.es\/eu\/#organization\",\"name\":\"UNED Pamplona\",\"url\":\"https:\/\/unedpamplona.es\/eu\/\",\"logo\":{\"@type\":\"ImageObject\",\"inLanguage\":\"eu-ES\",\"@id\":\"https:\/\/unedpamplona.es\/eu\/#\/schema\/logo\/image\/\",\"url\":\"https:\/\/unedpamplona.es\/wp-content\/uploads\/2024\/02\/uned_pamplona_logo.png\",\"contentUrl\":\"https:\/\/unedpamplona.es\/wp-content\/uploads\/2024\/02\/uned_pamplona_logo.png\",\"width\":218,\"height\":104,\"caption\":\"UNED Pamplona\"},\"image\":{\"@id\":\"https:\/\/unedpamplona.es\/eu\/#\/schema\/logo\/image\/\"},\"sameAs\":[\"https:\/\/x.com\/unedpamplona\",\"https:\/\/www.youtube.com\/channel\/UCR2jc6TbCMAPnbcA17Z0wwg\",\"https:\/\/www.instagram.com\/unedpamplona\/\"]},{\"@type\":\"Person\",\"@id\":\"https:\/\/unedpamplona.es\/eu\/#\/schema\/person\/62a05b70c6808d41d8de2111f2b5f568\",\"name\":\"uned\",\"image\":{\"@type\":\"ImageObject\",\"inLanguage\":\"eu-ES\",\"@id\":\"https:\/\/unedpamplona.es\/eu\/#\/schema\/person\/image\/\",\"url\":\"https:\/\/secure.gravatar.com\/avatar\/344a1f8262dc552fd951ddf77b72239b?s=96&d=mm&r=g\",\"contentUrl\":\"https:\/\/secure.gravatar.com\/avatar\/344a1f8262dc552fd951ddf77b72239b?s=96&d=mm&r=g\",\"caption\":\"uned\"},\"url\":\"https:\/\/unedpamplona.es\/eu\/author\/uned\/\"}]}<\/script>\n<!-- \/ Yoast SEO plugin. -->","yoast_head_json":{"title":"M\u00e1s de 500 personas participan en la conferencia \"C\u00f3mo tender puentes afectivos con los hijos\/as\", impartida por Leticia Garc\u00e9s - UNED Pamplona","robots":{"index":"index","follow":"follow","max-snippet":"max-snippet:-1","max-image-preview":"max-image-preview:large","max-video-preview":"max-video-preview:-1"},"canonical":"https:\/\/unedpamplona.es\/eu\/conferencia-como-tender-puentes-afectivos-con-los-hijos-as-con-leticia-garces\/","og_locale":"eu_ES","og_type":"article","og_title":"M\u00e1s de 500 personas participan en la conferencia \"C\u00f3mo tender puentes afectivos con los hijos\/as\", impartida por Leticia Garc\u00e9s - UNED Pamplona","og_description":"UNED Pamplona acogi\u00f3 el 1 de octubre la conferencia &#8220;C\u00f3mo tender puentes afectivos con los hijos\/as&#8221;, dentro de la programaci\u00f3n de la C\u00e1tedra de Inteligencia Emocional de UNED Pamplona y Fundaci\u00f3n Caja Navarra y en la que participaron m\u00e1s de 500 personas, de forma presencial y online. En la presentaci\u00f3n participaron Teresa Im\u00edzcoz, Directora de [&hellip;]","og_url":"https:\/\/unedpamplona.es\/eu\/conferencia-como-tender-puentes-afectivos-con-los-hijos-as-con-leticia-garces\/","og_site_name":"UNED Pamplona","article_published_time":"2025-10-01T09:50:41+00:00","article_modified_time":"2025-10-09T10:57:49+00:00","og_image":[{"width":2560,"height":1738,"url":"https:\/\/unedpamplona.es\/wp-content\/uploads\/2025\/10\/CIEGarces-scaled.jpg","type":"image\/jpeg"}],"author":"uned","twitter_card":"summary_large_image","twitter_creator":"@unedpamplona","twitter_site":"@unedpamplona","twitter_misc":{"Written by":"uned","Est. reading time":"2 minutes"},"schema":{"@context":"https:\/\/schema.org","@graph":[{"@type":"Article","@id":"https:\/\/unedpamplona.es\/eu\/conferencia-como-tender-puentes-afectivos-con-los-hijos-as-con-leticia-garces\/#article","isPartOf":{"@id":"https:\/\/unedpamplona.es\/eu\/conferencia-como-tender-puentes-afectivos-con-los-hijos-as-con-leticia-garces\/"},"author":{"name":"uned","@id":"https:\/\/unedpamplona.es\/eu\/#\/schema\/person\/62a05b70c6808d41d8de2111f2b5f568"},"headline":"M\u00e1s de 500 personas participan en la conferencia &#8220;C\u00f3mo tender puentes afectivos con los hijos\/as&#8221;, impartida por Leticia Garc\u00e9s","datePublished":"2025-10-01T09:50:41+00:00","dateModified":"2025-10-09T10:57:49+00:00","mainEntityOfPage":{"@id":"https:\/\/unedpamplona.es\/eu\/conferencia-como-tender-puentes-afectivos-con-los-hijos-as-con-leticia-garces\/"},"wordCount":354,"publisher":{"@id":"https:\/\/unedpamplona.es\/eu\/#organization"},"image":{"@id":"https:\/\/unedpamplona.es\/eu\/conferencia-como-tender-puentes-afectivos-con-los-hijos-as-con-leticia-garces\/#primaryimage"},"thumbnailUrl":"https:\/\/unedpamplona.es\/wp-content\/uploads\/2025\/10\/CIEGarces-scaled.jpg","articleSection":["Sin categorizar"],"inLanguage":"eu-ES"},{"@type":"WebPage","@id":"https:\/\/unedpamplona.es\/eu\/conferencia-como-tender-puentes-afectivos-con-los-hijos-as-con-leticia-garces\/","url":"https:\/\/unedpamplona.es\/eu\/conferencia-como-tender-puentes-afectivos-con-los-hijos-as-con-leticia-garces\/","name":"M\u00e1s de 500 personas participan en la conferencia \"C\u00f3mo tender puentes afectivos con los hijos\/as\", impartida por Leticia Garc\u00e9s - UNED Pamplona","isPartOf":{"@id":"https:\/\/unedpamplona.es\/eu\/#website"},"primaryImageOfPage":{"@id":"https:\/\/unedpamplona.es\/eu\/conferencia-como-tender-puentes-afectivos-con-los-hijos-as-con-leticia-garces\/#primaryimage"},"image":{"@id":"https:\/\/unedpamplona.es\/eu\/conferencia-como-tender-puentes-afectivos-con-los-hijos-as-con-leticia-garces\/#primaryimage"},"thumbnailUrl":"https:\/\/unedpamplona.es\/wp-content\/uploads\/2025\/10\/CIEGarces-scaled.jpg","datePublished":"2025-10-01T09:50:41+00:00","dateModified":"2025-10-09T10:57:49+00:00","inLanguage":"eu-ES","potentialAction":[{"@type":"ReadAction","target":["https:\/\/unedpamplona.es\/eu\/conferencia-como-tender-puentes-afectivos-con-los-hijos-as-con-leticia-garces\/"]}]},{"@type":"ImageObject","inLanguage":"eu-ES","@id":"https:\/\/unedpamplona.es\/eu\/conferencia-como-tender-puentes-afectivos-con-los-hijos-as-con-leticia-garces\/#primaryimage","url":"https:\/\/unedpamplona.es\/wp-content\/uploads\/2025\/10\/CIEGarces-scaled.jpg","contentUrl":"https:\/\/unedpamplona.es\/wp-content\/uploads\/2025\/10\/CIEGarces-scaled.jpg","width":2560,"height":1738},{"@type":"WebSite","@id":"https:\/\/unedpamplona.es\/eu\/#website","url":"https:\/\/unedpamplona.es\/eu\/","name":"UNED Pamplona","description":"","publisher":{"@id":"https:\/\/unedpamplona.es\/eu\/#organization"},"potentialAction":[{"@type":"SearchAction","target":{"@type":"EntryPoint","urlTemplate":"https:\/\/unedpamplona.es\/eu\/?s={search_term_string}"},"query-input":"required name=search_term_string"}],"inLanguage":"eu-ES"},{"@type":"Organization","@id":"https:\/\/unedpamplona.es\/eu\/#organization","name":"UNED Pamplona","url":"https:\/\/unedpamplona.es\/eu\/","logo":{"@type":"ImageObject","inLanguage":"eu-ES","@id":"https:\/\/unedpamplona.es\/eu\/#\/schema\/logo\/image\/","url":"https:\/\/unedpamplona.es\/wp-content\/uploads\/2024\/02\/uned_pamplona_logo.png","contentUrl":"https:\/\/unedpamplona.es\/wp-content\/uploads\/2024\/02\/uned_pamplona_logo.png","width":218,"height":104,"caption":"UNED Pamplona"},"image":{"@id":"https:\/\/unedpamplona.es\/eu\/#\/schema\/logo\/image\/"},"sameAs":["https:\/\/x.com\/unedpamplona","https:\/\/www.youtube.com\/channel\/UCR2jc6TbCMAPnbcA17Z0wwg","https:\/\/www.instagram.com\/unedpamplona\/"]},{"@type":"Person","@id":"https:\/\/unedpamplona.es\/eu\/#\/schema\/person\/62a05b70c6808d41d8de2111f2b5f568","name":"uned","image":{"@type":"ImageObject","inLanguage":"eu-ES","@id":"https:\/\/unedpamplona.es\/eu\/#\/schema\/person\/image\/","url":"https:\/\/secure.gravatar.com\/avatar\/344a1f8262dc552fd951ddf77b72239b?s=96&d=mm&r=g","contentUrl":"https:\/\/secure.gravatar.com\/avatar\/344a1f8262dc552fd951ddf77b72239b?s=96&d=mm&r=g","caption":"uned"},"url":"https:\/\/unedpamplona.es\/eu\/author\/uned\/"}]}},"_links":{"self":[{"href":"https:\/\/unedpamplona.es\/eu\/wp-json\/wp\/v2\/posts\/12474"}],"collection":[{"href":"https:\/\/unedpamplona.es\/eu\/wp-json\/wp\/v2\/posts"}],"about":[{"href":"https:\/\/unedpamplona.es\/eu\/wp-json\/wp\/v2\/types\/post"}],"author":[{"embeddable":true,"href":"https:\/\/unedpamplona.es\/eu\/wp-json\/wp\/v2\/users\/2"}],"replies":[{"embeddable":true,"href":"https:\/\/unedpamplona.es\/eu\/wp-json\/wp\/v2\/comments?post=12474"}],"version-history":[{"count":15,"href":"https:\/\/unedpamplona.es\/eu\/wp-json\/wp\/v2\/posts\/12474\/revisions"}],"predecessor-version":[{"id":13741,"href":"https:\/\/unedpamplona.es\/eu\/wp-json\/wp\/v2\/posts\/12474\/revisions\/13741"}],"wp:featuredmedia":[{"embeddable":true,"href":"https:\/\/unedpamplona.es\/eu\/wp-json\/wp\/v2\/media\/13738"}],"wp:attachment":[{"href":"https:\/\/unedpamplona.es\/eu\/wp-json\/wp\/v2\/media?parent=12474"}],"wp:term":[{"taxonomy":"category","embeddable":true,"href":"https:\/\/unedpamplona.es\/eu\/wp-json\/wp\/v2\/categories?post=12474"},{"taxonomy":"post_tag","embeddable":true,"href":"https:\/\/unedpamplona.es\/eu\/wp-json\/wp\/v2\/tags?post=12474"}],"curies":[{"name":"wp","href":"https:\/\/api.w.org\/{rel}","templated":true}]}}