{"id":12706,"date":"2025-08-19T09:21:44","date_gmt":"2025-08-19T07:21:44","guid":{"rendered":"https:\/\/unedpamplona.es\/?p=12706"},"modified":"2025-09-08T09:11:13","modified_gmt":"2025-09-08T07:11:13","slug":"orientacion-e-informacion-a-estudiantes-a-la-salida-de-los-examenes","status":"publish","type":"post","link":"https:\/\/unedpamplona.es\/eu\/orientacion-e-informacion-a-estudiantes-a-la-salida-de-los-examenes\/","title":{"rendered":"Orientaci\u00f3n e informaci\u00f3n a estudiantes a la salida de los ex\u00e1menes"},"content":{"rendered":"<p>Los estudiantes de UNED Pamplona de Grados, Microt\u00edtulos, M\u00e1steres, Cursos de Acceso a la Universidad e Idiomas est\u00e1n convocados a los ex\u00e1menes de septiembre de la UNED,\u00a0 que se celebrar\u00e1n los d\u00edas\u00a0<strong>2, 3, 4, 5, 6 (s\u00e1bado) y 8 de septiembre\u00a0<\/strong>\u00a0en el Aula Magna del Centro. Diariamente, se celebrar\u00e1n cuatro sesiones, a las 09:00 h, 11:30 h, 16:00 h. y 18:30 h. A nivel nacional, m\u00e1s de 200.000 estudiantes de la UNED est\u00e1n convocados a las pruebas presenciales.<\/p>\n<p>Los estudiantes de UNED Pamplona pueden acceder a toda la informaci\u00f3n, fechas y horarios de los ex\u00e1menes en la p\u00e1gina web\u00a0<strong><a href=\"https:\/\/unedpamplona.es\/estudiantes\/examenes\/\">Ex\u00e1menes \u2013 UNED Pamplona<\/a><\/strong><\/p>\n<p><strong>Orientaci\u00f3n e informaci\u00f3n a estudiantes a la salida de los ex\u00e1menes<\/strong><\/p>\n<p>En esta convocatoria, tras\u00a0 las sesiones de ex\u00e1menes habr\u00e1 un servicio de informaci\u00f3n y asesoramiento a los estudiantes. La coordinadora acad\u00e9mica de UNED Pamplona, Aitziber Aldabe, y la subdelegada de estudiantes de UNED Pamplona, Maitane Esteban, atender\u00e1n al estudiantado y resolver\u00e1n todas las dudas y sugerencias que tengan.<\/p>\n<p>Estar\u00e1n en la entrada del Centro los siguientes d\u00edas:<\/p>\n<ul>\n<li>Martes 2 de septiembre, a las 10:00h.<\/li>\n<li>Mi\u00e9rcoles 3 de septiembre, a las 17:00h.<\/li>\n<li>Jueves 4 de septiembre, a las 17:00h<\/li>\n<li>Viernes 5 de septiembre, a las 17:00 h<\/li>\n<li>S\u00e1bado 6 de septiembre, a las 17:00h.<\/li>\n<\/ul>\n<p>&nbsp;<\/p>\n<p><strong>M\u00e1s informaci\u00f3n: <a href=\"https:\/\/unedpamplona.es\/los-examenes-de-septiembre-se-celebraran-el-2-3-4-5-6-y-8-de-septiembre\/\">Los ex\u00e1menes de septiembre se celebrar\u00e1n los d\u00edas 2, 3, 4, 5, 6 y 8 de septiembre &#8211; UNED Pamplona<\/a><\/strong><\/p>\n","protected":false},"excerpt":{"rendered":"<p>Los estudiantes de UNED Pamplona de Grados, Microt\u00edtulos, M\u00e1steres, Cursos de Acceso a la Universidad e Idiomas est\u00e1n convocados a los ex\u00e1menes de septiembre de la UNED,\u00a0 que se celebrar\u00e1n los d\u00edas\u00a02, 3, 4, 5, 6 (s\u00e1bado) y 8 de septiembre\u00a0\u00a0en el Aula Magna del Centro. Diariamente, se celebrar\u00e1n cuatro sesiones, a las 09:00 h, [&hellip;]<\/p>\n","protected":false},"author":2,"featured_media":12707,"comment_status":"closed","ping_status":"closed","sticky":false,"template":"","format":"standard","meta":{"footnotes":""},"categories":[11],"tags":[],"yoast_head":"<!-- This site is optimized with the Yoast SEO plugin v22.5 - https:\/\/yoast.com\/wordpress\/plugins\/seo\/ -->\n<title>Orientaci\u00f3n e informaci\u00f3n a estudiantes a la salida de los ex\u00e1menes - UNED Pamplona<\/title>\n<meta name=\"robots\" content=\"index, follow, max-snippet:-1, max-image-preview:large, max-video-preview:-1\" \/>\n<link rel=\"canonical\" href=\"https:\/\/unedpamplona.es\/eu\/orientacion-e-informacion-a-estudiantes-a-la-salida-de-los-examenes\/\" \/>\n<meta property=\"og:locale\" content=\"eu_ES\" \/>\n<meta property=\"og:type\" content=\"article\" \/>\n<meta property=\"og:title\" content=\"Orientaci\u00f3n e informaci\u00f3n a estudiantes a la salida de los ex\u00e1menes - UNED Pamplona\" \/>\n<meta property=\"og:description\" content=\"Los estudiantes de UNED Pamplona de Grados, Microt\u00edtulos, M\u00e1steres, Cursos de Acceso a la Universidad e Idiomas est\u00e1n convocados a los ex\u00e1menes de septiembre de la UNED,\u00a0 que se celebrar\u00e1n los d\u00edas\u00a02, 3, 4, 5, 6 (s\u00e1bado) y 8 de septiembre\u00a0\u00a0en el Aula Magna del Centro. Diariamente, se celebrar\u00e1n cuatro sesiones, a las 09:00 h, [&hellip;]\" \/>\n<meta property=\"og:url\" content=\"https:\/\/unedpamplona.es\/eu\/orientacion-e-informacion-a-estudiantes-a-la-salida-de-los-examenes\/\" \/>\n<meta property=\"og:site_name\" content=\"UNED Pamplona\" \/>\n<meta property=\"article:published_time\" content=\"2025-08-19T07:21:44+00:00\" \/>\n<meta property=\"article:modified_time\" content=\"2025-09-08T07:11:13+00:00\" \/>\n<meta property=\"og:image\" content=\"https:\/\/unedpamplona.es\/wp-content\/uploads\/2025\/08\/Claes1.jpg\" \/>\n\t<meta property=\"og:image:width\" content=\"1737\" \/>\n\t<meta property=\"og:image:height\" content=\"1296\" \/>\n\t<meta property=\"og:image:type\" content=\"image\/jpeg\" \/>\n<meta name=\"author\" content=\"uned\" \/>\n<meta name=\"twitter:card\" content=\"summary_large_image\" \/>\n<meta name=\"twitter:creator\" content=\"@unedpamplona\" \/>\n<meta name=\"twitter:site\" content=\"@unedpamplona\" \/>\n<meta name=\"twitter:label1\" content=\"Written by\" \/>\n\t<meta name=\"twitter:data1\" content=\"uned\" \/>\n\t<meta name=\"twitter:label2\" content=\"Est. reading time\" \/>\n\t<meta name=\"twitter:data2\" content=\"2 minutes\" \/>\n<script type=\"application\/ld+json\" class=\"yoast-schema-graph\">{\"@context\":\"https:\/\/schema.org\",\"@graph\":[{\"@type\":\"Article\",\"@id\":\"https:\/\/unedpamplona.es\/eu\/orientacion-e-informacion-a-estudiantes-a-la-salida-de-los-examenes\/#article\",\"isPartOf\":{\"@id\":\"https:\/\/unedpamplona.es\/eu\/orientacion-e-informacion-a-estudiantes-a-la-salida-de-los-examenes\/\"},\"author\":{\"name\":\"uned\",\"@id\":\"https:\/\/unedpamplona.es\/eu\/#\/schema\/person\/62a05b70c6808d41d8de2111f2b5f568\"},\"headline\":\"Orientaci\u00f3n e informaci\u00f3n a estudiantes a la salida de los ex\u00e1menes\",\"datePublished\":\"2025-08-19T07:21:44+00:00\",\"dateModified\":\"2025-09-08T07:11:13+00:00\",\"mainEntityOfPage\":{\"@id\":\"https:\/\/unedpamplona.es\/eu\/orientacion-e-informacion-a-estudiantes-a-la-salida-de-los-examenes\/\"},\"wordCount\":253,\"publisher\":{\"@id\":\"https:\/\/unedpamplona.es\/eu\/#organization\"},\"image\":{\"@id\":\"https:\/\/unedpamplona.es\/eu\/orientacion-e-informacion-a-estudiantes-a-la-salida-de-los-examenes\/#primaryimage\"},\"thumbnailUrl\":\"https:\/\/unedpamplona.es\/wp-content\/uploads\/2025\/08\/Claes1.jpg\",\"articleSection\":[\"Actualidad\"],\"inLanguage\":\"eu-ES\"},{\"@type\":\"WebPage\",\"@id\":\"https:\/\/unedpamplona.es\/eu\/orientacion-e-informacion-a-estudiantes-a-la-salida-de-los-examenes\/\",\"url\":\"https:\/\/unedpamplona.es\/eu\/orientacion-e-informacion-a-estudiantes-a-la-salida-de-los-examenes\/\",\"name\":\"Orientaci\u00f3n e informaci\u00f3n a estudiantes a la salida de los ex\u00e1menes - UNED Pamplona\",\"isPartOf\":{\"@id\":\"https:\/\/unedpamplona.es\/eu\/#website\"},\"primaryImageOfPage\":{\"@id\":\"https:\/\/unedpamplona.es\/eu\/orientacion-e-informacion-a-estudiantes-a-la-salida-de-los-examenes\/#primaryimage\"},\"image\":{\"@id\":\"https:\/\/unedpamplona.es\/eu\/orientacion-e-informacion-a-estudiantes-a-la-salida-de-los-examenes\/#primaryimage\"},\"thumbnailUrl\":\"https:\/\/unedpamplona.es\/wp-content\/uploads\/2025\/08\/Claes1.jpg\",\"datePublished\":\"2025-08-19T07:21:44+00:00\",\"dateModified\":\"2025-09-08T07:11:13+00:00\",\"inLanguage\":\"eu-ES\",\"potentialAction\":[{\"@type\":\"ReadAction\",\"target\":[\"https:\/\/unedpamplona.es\/eu\/orientacion-e-informacion-a-estudiantes-a-la-salida-de-los-examenes\/\"]}]},{\"@type\":\"ImageObject\",\"inLanguage\":\"eu-ES\",\"@id\":\"https:\/\/unedpamplona.es\/eu\/orientacion-e-informacion-a-estudiantes-a-la-salida-de-los-examenes\/#primaryimage\",\"url\":\"https:\/\/unedpamplona.es\/wp-content\/uploads\/2025\/08\/Claes1.jpg\",\"contentUrl\":\"https:\/\/unedpamplona.es\/wp-content\/uploads\/2025\/08\/Claes1.jpg\",\"width\":1737,\"height\":1296},{\"@type\":\"WebSite\",\"@id\":\"https:\/\/unedpamplona.es\/eu\/#website\",\"url\":\"https:\/\/unedpamplona.es\/eu\/\",\"name\":\"UNED Pamplona\",\"description\":\"\",\"publisher\":{\"@id\":\"https:\/\/unedpamplona.es\/eu\/#organization\"},\"potentialAction\":[{\"@type\":\"SearchAction\",\"target\":{\"@type\":\"EntryPoint\",\"urlTemplate\":\"https:\/\/unedpamplona.es\/eu\/?s={search_term_string}\"},\"query-input\":\"required name=search_term_string\"}],\"inLanguage\":\"eu-ES\"},{\"@type\":\"Organization\",\"@id\":\"https:\/\/unedpamplona.es\/eu\/#organization\",\"name\":\"UNED Pamplona\",\"url\":\"https:\/\/unedpamplona.es\/eu\/\",\"logo\":{\"@type\":\"ImageObject\",\"inLanguage\":\"eu-ES\",\"@id\":\"https:\/\/unedpamplona.es\/eu\/#\/schema\/logo\/image\/\",\"url\":\"https:\/\/unedpamplona.es\/wp-content\/uploads\/2024\/02\/uned_pamplona_logo.png\",\"contentUrl\":\"https:\/\/unedpamplona.es\/wp-content\/uploads\/2024\/02\/uned_pamplona_logo.png\",\"width\":218,\"height\":104,\"caption\":\"UNED Pamplona\"},\"image\":{\"@id\":\"https:\/\/unedpamplona.es\/eu\/#\/schema\/logo\/image\/\"},\"sameAs\":[\"https:\/\/x.com\/unedpamplona\",\"https:\/\/www.youtube.com\/channel\/UCR2jc6TbCMAPnbcA17Z0wwg\",\"https:\/\/www.instagram.com\/unedpamplona\/\"]},{\"@type\":\"Person\",\"@id\":\"https:\/\/unedpamplona.es\/eu\/#\/schema\/person\/62a05b70c6808d41d8de2111f2b5f568\",\"name\":\"uned\",\"image\":{\"@type\":\"ImageObject\",\"inLanguage\":\"eu-ES\",\"@id\":\"https:\/\/unedpamplona.es\/eu\/#\/schema\/person\/image\/\",\"url\":\"https:\/\/secure.gravatar.com\/avatar\/344a1f8262dc552fd951ddf77b72239b?s=96&d=mm&r=g\",\"contentUrl\":\"https:\/\/secure.gravatar.com\/avatar\/344a1f8262dc552fd951ddf77b72239b?s=96&d=mm&r=g\",\"caption\":\"uned\"},\"url\":\"https:\/\/unedpamplona.es\/eu\/author\/uned\/\"}]}<\/script>\n<!-- \/ Yoast SEO plugin. -->","yoast_head_json":{"title":"Orientaci\u00f3n e informaci\u00f3n a estudiantes a la salida de los ex\u00e1menes - UNED Pamplona","robots":{"index":"index","follow":"follow","max-snippet":"max-snippet:-1","max-image-preview":"max-image-preview:large","max-video-preview":"max-video-preview:-1"},"canonical":"https:\/\/unedpamplona.es\/eu\/orientacion-e-informacion-a-estudiantes-a-la-salida-de-los-examenes\/","og_locale":"eu_ES","og_type":"article","og_title":"Orientaci\u00f3n e informaci\u00f3n a estudiantes a la salida de los ex\u00e1menes - UNED Pamplona","og_description":"Los estudiantes de UNED Pamplona de Grados, Microt\u00edtulos, M\u00e1steres, Cursos de Acceso a la Universidad e Idiomas est\u00e1n convocados a los ex\u00e1menes de septiembre de la UNED,\u00a0 que se celebrar\u00e1n los d\u00edas\u00a02, 3, 4, 5, 6 (s\u00e1bado) y 8 de septiembre\u00a0\u00a0en el Aula Magna del Centro. Diariamente, se celebrar\u00e1n cuatro sesiones, a las 09:00 h, [&hellip;]","og_url":"https:\/\/unedpamplona.es\/eu\/orientacion-e-informacion-a-estudiantes-a-la-salida-de-los-examenes\/","og_site_name":"UNED Pamplona","article_published_time":"2025-08-19T07:21:44+00:00","article_modified_time":"2025-09-08T07:11:13+00:00","og_image":[{"width":1737,"height":1296,"url":"https:\/\/unedpamplona.es\/wp-content\/uploads\/2025\/08\/Claes1.jpg","type":"image\/jpeg"}],"author":"uned","twitter_card":"summary_large_image","twitter_creator":"@unedpamplona","twitter_site":"@unedpamplona","twitter_misc":{"Written by":"uned","Est. reading time":"2 minutes"},"schema":{"@context":"https:\/\/schema.org","@graph":[{"@type":"Article","@id":"https:\/\/unedpamplona.es\/eu\/orientacion-e-informacion-a-estudiantes-a-la-salida-de-los-examenes\/#article","isPartOf":{"@id":"https:\/\/unedpamplona.es\/eu\/orientacion-e-informacion-a-estudiantes-a-la-salida-de-los-examenes\/"},"author":{"name":"uned","@id":"https:\/\/unedpamplona.es\/eu\/#\/schema\/person\/62a05b70c6808d41d8de2111f2b5f568"},"headline":"Orientaci\u00f3n e informaci\u00f3n a estudiantes a la salida de los ex\u00e1menes","datePublished":"2025-08-19T07:21:44+00:00","dateModified":"2025-09-08T07:11:13+00:00","mainEntityOfPage":{"@id":"https:\/\/unedpamplona.es\/eu\/orientacion-e-informacion-a-estudiantes-a-la-salida-de-los-examenes\/"},"wordCount":253,"publisher":{"@id":"https:\/\/unedpamplona.es\/eu\/#organization"},"image":{"@id":"https:\/\/unedpamplona.es\/eu\/orientacion-e-informacion-a-estudiantes-a-la-salida-de-los-examenes\/#primaryimage"},"thumbnailUrl":"https:\/\/unedpamplona.es\/wp-content\/uploads\/2025\/08\/Claes1.jpg","articleSection":["Actualidad"],"inLanguage":"eu-ES"},{"@type":"WebPage","@id":"https:\/\/unedpamplona.es\/eu\/orientacion-e-informacion-a-estudiantes-a-la-salida-de-los-examenes\/","url":"https:\/\/unedpamplona.es\/eu\/orientacion-e-informacion-a-estudiantes-a-la-salida-de-los-examenes\/","name":"Orientaci\u00f3n e informaci\u00f3n a estudiantes a la salida de los ex\u00e1menes - UNED Pamplona","isPartOf":{"@id":"https:\/\/unedpamplona.es\/eu\/#website"},"primaryImageOfPage":{"@id":"https:\/\/unedpamplona.es\/eu\/orientacion-e-informacion-a-estudiantes-a-la-salida-de-los-examenes\/#primaryimage"},"image":{"@id":"https:\/\/unedpamplona.es\/eu\/orientacion-e-informacion-a-estudiantes-a-la-salida-de-los-examenes\/#primaryimage"},"thumbnailUrl":"https:\/\/unedpamplona.es\/wp-content\/uploads\/2025\/08\/Claes1.jpg","datePublished":"2025-08-19T07:21:44+00:00","dateModified":"2025-09-08T07:11:13+00:00","inLanguage":"eu-ES","potentialAction":[{"@type":"ReadAction","target":["https:\/\/unedpamplona.es\/eu\/orientacion-e-informacion-a-estudiantes-a-la-salida-de-los-examenes\/"]}]},{"@type":"ImageObject","inLanguage":"eu-ES","@id":"https:\/\/unedpamplona.es\/eu\/orientacion-e-informacion-a-estudiantes-a-la-salida-de-los-examenes\/#primaryimage","url":"https:\/\/unedpamplona.es\/wp-content\/uploads\/2025\/08\/Claes1.jpg","contentUrl":"https:\/\/unedpamplona.es\/wp-content\/uploads\/2025\/08\/Claes1.jpg","width":1737,"height":1296},{"@type":"WebSite","@id":"https:\/\/unedpamplona.es\/eu\/#website","url":"https:\/\/unedpamplona.es\/eu\/","name":"UNED Pamplona","description":"","publisher":{"@id":"https:\/\/unedpamplona.es\/eu\/#organization"},"potentialAction":[{"@type":"SearchAction","target":{"@type":"EntryPoint","urlTemplate":"https:\/\/unedpamplona.es\/eu\/?s={search_term_string}"},"query-input":"required name=search_term_string"}],"inLanguage":"eu-ES"},{"@type":"Organization","@id":"https:\/\/unedpamplona.es\/eu\/#organization","name":"UNED Pamplona","url":"https:\/\/unedpamplona.es\/eu\/","logo":{"@type":"ImageObject","inLanguage":"eu-ES","@id":"https:\/\/unedpamplona.es\/eu\/#\/schema\/logo\/image\/","url":"https:\/\/unedpamplona.es\/wp-content\/uploads\/2024\/02\/uned_pamplona_logo.png","contentUrl":"https:\/\/unedpamplona.es\/wp-content\/uploads\/2024\/02\/uned_pamplona_logo.png","width":218,"height":104,"caption":"UNED Pamplona"},"image":{"@id":"https:\/\/unedpamplona.es\/eu\/#\/schema\/logo\/image\/"},"sameAs":["https:\/\/x.com\/unedpamplona","https:\/\/www.youtube.com\/channel\/UCR2jc6TbCMAPnbcA17Z0wwg","https:\/\/www.instagram.com\/unedpamplona\/"]},{"@type":"Person","@id":"https:\/\/unedpamplona.es\/eu\/#\/schema\/person\/62a05b70c6808d41d8de2111f2b5f568","name":"uned","image":{"@type":"ImageObject","inLanguage":"eu-ES","@id":"https:\/\/unedpamplona.es\/eu\/#\/schema\/person\/image\/","url":"https:\/\/secure.gravatar.com\/avatar\/344a1f8262dc552fd951ddf77b72239b?s=96&d=mm&r=g","contentUrl":"https:\/\/secure.gravatar.com\/avatar\/344a1f8262dc552fd951ddf77b72239b?s=96&d=mm&r=g","caption":"uned"},"url":"https:\/\/unedpamplona.es\/eu\/author\/uned\/"}]}},"_links":{"self":[{"href":"https:\/\/unedpamplona.es\/eu\/wp-json\/wp\/v2\/posts\/12706"}],"collection":[{"href":"https:\/\/unedpamplona.es\/eu\/wp-json\/wp\/v2\/posts"}],"about":[{"href":"https:\/\/unedpamplona.es\/eu\/wp-json\/wp\/v2\/types\/post"}],"author":[{"embeddable":true,"href":"https:\/\/unedpamplona.es\/eu\/wp-json\/wp\/v2\/users\/2"}],"replies":[{"embeddable":true,"href":"https:\/\/unedpamplona.es\/eu\/wp-json\/wp\/v2\/comments?post=12706"}],"version-history":[{"count":2,"href":"https:\/\/unedpamplona.es\/eu\/wp-json\/wp\/v2\/posts\/12706\/revisions"}],"predecessor-version":[{"id":12710,"href":"https:\/\/unedpamplona.es\/eu\/wp-json\/wp\/v2\/posts\/12706\/revisions\/12710"}],"wp:featuredmedia":[{"embeddable":true,"href":"https:\/\/unedpamplona.es\/eu\/wp-json\/wp\/v2\/media\/12707"}],"wp:attachment":[{"href":"https:\/\/unedpamplona.es\/eu\/wp-json\/wp\/v2\/media?parent=12706"}],"wp:term":[{"taxonomy":"category","embeddable":true,"href":"https:\/\/unedpamplona.es\/eu\/wp-json\/wp\/v2\/categories?post=12706"},{"taxonomy":"post_tag","embeddable":true,"href":"https:\/\/unedpamplona.es\/eu\/wp-json\/wp\/v2\/tags?post=12706"}],"curies":[{"name":"wp","href":"https:\/\/api.w.org\/{rel}","templated":true}]}}