{"id":13185,"date":"2025-09-09T09:00:07","date_gmt":"2025-09-09T07:00:07","guid":{"rendered":"https:\/\/unedpamplona.es\/?p=13185"},"modified":"2025-09-09T13:36:01","modified_gmt":"2025-09-09T11:36:01","slug":"plazas-ampliadas-en-el-curso-de-verano-la-interpretacion-de-las-imagenes-en-el-romanico-de-navarra-iconografia","status":"publish","type":"post","link":"https:\/\/unedpamplona.es\/eu\/plazas-ampliadas-en-el-curso-de-verano-la-interpretacion-de-las-imagenes-en-el-romanico-de-navarra-iconografia\/","title":{"rendered":"Plazas ampliadas en el curso de verano &#8220;La interpretaci\u00f3n de las im\u00e1genes en el Rom\u00e1nico de Navarra: iconograf\u00eda&#8221;"},"content":{"rendered":"<p>UNED Pamplona ha organizado este a\u00f1o un total de 9 cursos de verano, enmarcados en la 25\u00aa edici\u00f3n de los cursos de verano de las universidades navarras. Estas formaciones est\u00e1n financiadas con 100.000 euros procedentes del Departamento de Universidad, Innovaci\u00f3n y Transformaci\u00f3n Digital del Gobierno de Navarra.<\/p>\n<p>En los cursos se abordar\u00e1n diferentes temas como la historia, el arte, la piscolog\u00eda, la inteligencia artificial, la m\u00fasica, la adolescencia, el Camino de Santiago o la literatura, entre otros.<\/p>\n<p class=\"anim_fade anim_d2\" data-editable=\"titulo\">Uno de lo cursos es el de &#8220;La interpretaci\u00f3n de las im\u00e1genes en el Rom\u00e1nico de Navarra: Iconograf\u00eda&#8221;, dirigido por <strong>Eduardo Bayona S\u00e1ez, <\/strong>Presidente de la Asociaci\u00f3n Astrolabio Rom\u00e1nico.<\/p>\n<p class=\"anim_fade anim_d2\" data-editable=\"titulo\">El curso se celebrar\u00e1 el <strong>19 y 20 de septiembre<\/strong> y se responder\u00e1 a preguntas tales como: \u00bfDesde d\u00f3nde ven\u00edan las im\u00e1genes?\u00bfTodas tienen el mismo significado y valor? \u00bfHay particularidades en la iconograf\u00eda navarra o simplemente se repet\u00eda un modelo?<\/p>\n<p class=\"anim_fade anim_d2\" data-editable=\"titulo\">Estas y m\u00e1s preguntas ser\u00e1n respondidas con el fin de aumentar la comprensi\u00f3n de la rica iconograf\u00eda que encontramos en el arte rom\u00e1nico de Navarra.<\/p>\n<p data-editable=\"titulo\"><strong>M\u00c1S INFORMACI\u00d3N Y MATR\u00cdCULA: <a href=\"https:\/\/extension.uned.es\/actividad\/45319&amp;codigo=LIDLI\">La interpretaci\u00f3n de las im\u00e1genes en el Rom\u00e1nico de Navarra: Iconograf\u00eda | Extensi\u00f3n Universitaria en Pamplona | UNED<\/a><\/strong><\/p>\n","protected":false},"excerpt":{"rendered":"<p>UNED Pamplona ha organizado este a\u00f1o un total de 9 cursos de verano, enmarcados en la 25\u00aa edici\u00f3n de los cursos de verano de las universidades navarras. Estas formaciones est\u00e1n financiadas con 100.000 euros procedentes del Departamento de Universidad, Innovaci\u00f3n y Transformaci\u00f3n Digital del Gobierno de Navarra. En los cursos se abordar\u00e1n diferentes temas como [&hellip;]<\/p>\n","protected":false},"author":2,"featured_media":13186,"comment_status":"closed","ping_status":"closed","sticky":false,"template":"","format":"standard","meta":{"footnotes":""},"categories":[1],"tags":[],"yoast_head":"<!-- This site is optimized with the Yoast SEO plugin v22.5 - https:\/\/yoast.com\/wordpress\/plugins\/seo\/ -->\n<title>Plazas ampliadas en el curso de verano &quot;La interpretaci\u00f3n de las im\u00e1genes en el Rom\u00e1nico de Navarra: iconograf\u00eda&quot; - UNED Pamplona<\/title>\n<meta name=\"robots\" content=\"index, follow, max-snippet:-1, max-image-preview:large, max-video-preview:-1\" \/>\n<link rel=\"canonical\" href=\"https:\/\/unedpamplona.es\/eu\/plazas-ampliadas-en-el-curso-de-verano-la-interpretacion-de-las-imagenes-en-el-romanico-de-navarra-iconografia\/\" \/>\n<meta property=\"og:locale\" content=\"eu_ES\" \/>\n<meta property=\"og:type\" content=\"article\" \/>\n<meta property=\"og:title\" content=\"Plazas ampliadas en el curso de verano &quot;La interpretaci\u00f3n de las im\u00e1genes en el Rom\u00e1nico de Navarra: iconograf\u00eda&quot; - UNED Pamplona\" \/>\n<meta property=\"og:description\" content=\"UNED Pamplona ha organizado este a\u00f1o un total de 9 cursos de verano, enmarcados en la 25\u00aa edici\u00f3n de los cursos de verano de las universidades navarras. Estas formaciones est\u00e1n financiadas con 100.000 euros procedentes del Departamento de Universidad, Innovaci\u00f3n y Transformaci\u00f3n Digital del Gobierno de Navarra. En los cursos se abordar\u00e1n diferentes temas como [&hellip;]\" \/>\n<meta property=\"og:url\" content=\"https:\/\/unedpamplona.es\/eu\/plazas-ampliadas-en-el-curso-de-verano-la-interpretacion-de-las-imagenes-en-el-romanico-de-navarra-iconografia\/\" \/>\n<meta property=\"og:site_name\" content=\"UNED Pamplona\" \/>\n<meta property=\"article:published_time\" content=\"2025-09-09T07:00:07+00:00\" \/>\n<meta property=\"article:modified_time\" content=\"2025-09-09T11:36:01+00:00\" \/>\n<meta property=\"og:image\" content=\"https:\/\/unedpamplona.es\/wp-content\/uploads\/2025\/09\/CVRomanico.jpeg\" \/>\n\t<meta property=\"og:image:width\" content=\"1240\" \/>\n\t<meta property=\"og:image:height\" content=\"496\" \/>\n\t<meta property=\"og:image:type\" content=\"image\/jpeg\" \/>\n<meta name=\"author\" content=\"uned\" \/>\n<meta name=\"twitter:card\" content=\"summary_large_image\" \/>\n<meta name=\"twitter:creator\" content=\"@unedpamplona\" \/>\n<meta name=\"twitter:site\" content=\"@unedpamplona\" \/>\n<meta name=\"twitter:label1\" content=\"Written by\" \/>\n\t<meta name=\"twitter:data1\" content=\"uned\" \/>\n\t<meta name=\"twitter:label2\" content=\"Est. reading time\" \/>\n\t<meta name=\"twitter:data2\" content=\"2 minutes\" \/>\n<script type=\"application\/ld+json\" class=\"yoast-schema-graph\">{\"@context\":\"https:\/\/schema.org\",\"@graph\":[{\"@type\":\"Article\",\"@id\":\"https:\/\/unedpamplona.es\/eu\/plazas-ampliadas-en-el-curso-de-verano-la-interpretacion-de-las-imagenes-en-el-romanico-de-navarra-iconografia\/#article\",\"isPartOf\":{\"@id\":\"https:\/\/unedpamplona.es\/eu\/plazas-ampliadas-en-el-curso-de-verano-la-interpretacion-de-las-imagenes-en-el-romanico-de-navarra-iconografia\/\"},\"author\":{\"name\":\"uned\",\"@id\":\"https:\/\/unedpamplona.es\/eu\/#\/schema\/person\/62a05b70c6808d41d8de2111f2b5f568\"},\"headline\":\"Plazas ampliadas en el curso de verano &#8220;La interpretaci\u00f3n de las im\u00e1genes en el Rom\u00e1nico de Navarra: iconograf\u00eda&#8221;\",\"datePublished\":\"2025-09-09T07:00:07+00:00\",\"dateModified\":\"2025-09-09T11:36:01+00:00\",\"mainEntityOfPage\":{\"@id\":\"https:\/\/unedpamplona.es\/eu\/plazas-ampliadas-en-el-curso-de-verano-la-interpretacion-de-las-imagenes-en-el-romanico-de-navarra-iconografia\/\"},\"wordCount\":242,\"publisher\":{\"@id\":\"https:\/\/unedpamplona.es\/eu\/#organization\"},\"image\":{\"@id\":\"https:\/\/unedpamplona.es\/eu\/plazas-ampliadas-en-el-curso-de-verano-la-interpretacion-de-las-imagenes-en-el-romanico-de-navarra-iconografia\/#primaryimage\"},\"thumbnailUrl\":\"https:\/\/unedpamplona.es\/wp-content\/uploads\/2025\/09\/CVRomanico.jpeg\",\"articleSection\":[\"Sin categorizar\"],\"inLanguage\":\"eu-ES\"},{\"@type\":\"WebPage\",\"@id\":\"https:\/\/unedpamplona.es\/eu\/plazas-ampliadas-en-el-curso-de-verano-la-interpretacion-de-las-imagenes-en-el-romanico-de-navarra-iconografia\/\",\"url\":\"https:\/\/unedpamplona.es\/eu\/plazas-ampliadas-en-el-curso-de-verano-la-interpretacion-de-las-imagenes-en-el-romanico-de-navarra-iconografia\/\",\"name\":\"Plazas ampliadas en el curso de verano \\\"La interpretaci\u00f3n de las im\u00e1genes en el Rom\u00e1nico de Navarra: iconograf\u00eda\\\" - UNED Pamplona\",\"isPartOf\":{\"@id\":\"https:\/\/unedpamplona.es\/eu\/#website\"},\"primaryImageOfPage\":{\"@id\":\"https:\/\/unedpamplona.es\/eu\/plazas-ampliadas-en-el-curso-de-verano-la-interpretacion-de-las-imagenes-en-el-romanico-de-navarra-iconografia\/#primaryimage\"},\"image\":{\"@id\":\"https:\/\/unedpamplona.es\/eu\/plazas-ampliadas-en-el-curso-de-verano-la-interpretacion-de-las-imagenes-en-el-romanico-de-navarra-iconografia\/#primaryimage\"},\"thumbnailUrl\":\"https:\/\/unedpamplona.es\/wp-content\/uploads\/2025\/09\/CVRomanico.jpeg\",\"datePublished\":\"2025-09-09T07:00:07+00:00\",\"dateModified\":\"2025-09-09T11:36:01+00:00\",\"inLanguage\":\"eu-ES\",\"potentialAction\":[{\"@type\":\"ReadAction\",\"target\":[\"https:\/\/unedpamplona.es\/eu\/plazas-ampliadas-en-el-curso-de-verano-la-interpretacion-de-las-imagenes-en-el-romanico-de-navarra-iconografia\/\"]}]},{\"@type\":\"ImageObject\",\"inLanguage\":\"eu-ES\",\"@id\":\"https:\/\/unedpamplona.es\/eu\/plazas-ampliadas-en-el-curso-de-verano-la-interpretacion-de-las-imagenes-en-el-romanico-de-navarra-iconografia\/#primaryimage\",\"url\":\"https:\/\/unedpamplona.es\/wp-content\/uploads\/2025\/09\/CVRomanico.jpeg\",\"contentUrl\":\"https:\/\/unedpamplona.es\/wp-content\/uploads\/2025\/09\/CVRomanico.jpeg\",\"width\":1240,\"height\":496},{\"@type\":\"WebSite\",\"@id\":\"https:\/\/unedpamplona.es\/eu\/#website\",\"url\":\"https:\/\/unedpamplona.es\/eu\/\",\"name\":\"UNED Pamplona\",\"description\":\"\",\"publisher\":{\"@id\":\"https:\/\/unedpamplona.es\/eu\/#organization\"},\"potentialAction\":[{\"@type\":\"SearchAction\",\"target\":{\"@type\":\"EntryPoint\",\"urlTemplate\":\"https:\/\/unedpamplona.es\/eu\/?s={search_term_string}\"},\"query-input\":\"required name=search_term_string\"}],\"inLanguage\":\"eu-ES\"},{\"@type\":\"Organization\",\"@id\":\"https:\/\/unedpamplona.es\/eu\/#organization\",\"name\":\"UNED Pamplona\",\"url\":\"https:\/\/unedpamplona.es\/eu\/\",\"logo\":{\"@type\":\"ImageObject\",\"inLanguage\":\"eu-ES\",\"@id\":\"https:\/\/unedpamplona.es\/eu\/#\/schema\/logo\/image\/\",\"url\":\"https:\/\/unedpamplona.es\/wp-content\/uploads\/2024\/02\/uned_pamplona_logo.png\",\"contentUrl\":\"https:\/\/unedpamplona.es\/wp-content\/uploads\/2024\/02\/uned_pamplona_logo.png\",\"width\":218,\"height\":104,\"caption\":\"UNED Pamplona\"},\"image\":{\"@id\":\"https:\/\/unedpamplona.es\/eu\/#\/schema\/logo\/image\/\"},\"sameAs\":[\"https:\/\/x.com\/unedpamplona\",\"https:\/\/www.youtube.com\/channel\/UCR2jc6TbCMAPnbcA17Z0wwg\",\"https:\/\/www.instagram.com\/unedpamplona\/\"]},{\"@type\":\"Person\",\"@id\":\"https:\/\/unedpamplona.es\/eu\/#\/schema\/person\/62a05b70c6808d41d8de2111f2b5f568\",\"name\":\"uned\",\"image\":{\"@type\":\"ImageObject\",\"inLanguage\":\"eu-ES\",\"@id\":\"https:\/\/unedpamplona.es\/eu\/#\/schema\/person\/image\/\",\"url\":\"https:\/\/secure.gravatar.com\/avatar\/344a1f8262dc552fd951ddf77b72239b?s=96&d=mm&r=g\",\"contentUrl\":\"https:\/\/secure.gravatar.com\/avatar\/344a1f8262dc552fd951ddf77b72239b?s=96&d=mm&r=g\",\"caption\":\"uned\"},\"url\":\"https:\/\/unedpamplona.es\/eu\/author\/uned\/\"}]}<\/script>\n<!-- \/ Yoast SEO plugin. -->","yoast_head_json":{"title":"Plazas ampliadas en el curso de verano \"La interpretaci\u00f3n de las im\u00e1genes en el Rom\u00e1nico de Navarra: iconograf\u00eda\" - UNED Pamplona","robots":{"index":"index","follow":"follow","max-snippet":"max-snippet:-1","max-image-preview":"max-image-preview:large","max-video-preview":"max-video-preview:-1"},"canonical":"https:\/\/unedpamplona.es\/eu\/plazas-ampliadas-en-el-curso-de-verano-la-interpretacion-de-las-imagenes-en-el-romanico-de-navarra-iconografia\/","og_locale":"eu_ES","og_type":"article","og_title":"Plazas ampliadas en el curso de verano \"La interpretaci\u00f3n de las im\u00e1genes en el Rom\u00e1nico de Navarra: iconograf\u00eda\" - UNED Pamplona","og_description":"UNED Pamplona ha organizado este a\u00f1o un total de 9 cursos de verano, enmarcados en la 25\u00aa edici\u00f3n de los cursos de verano de las universidades navarras. Estas formaciones est\u00e1n financiadas con 100.000 euros procedentes del Departamento de Universidad, Innovaci\u00f3n y Transformaci\u00f3n Digital del Gobierno de Navarra. En los cursos se abordar\u00e1n diferentes temas como [&hellip;]","og_url":"https:\/\/unedpamplona.es\/eu\/plazas-ampliadas-en-el-curso-de-verano-la-interpretacion-de-las-imagenes-en-el-romanico-de-navarra-iconografia\/","og_site_name":"UNED Pamplona","article_published_time":"2025-09-09T07:00:07+00:00","article_modified_time":"2025-09-09T11:36:01+00:00","og_image":[{"width":1240,"height":496,"url":"https:\/\/unedpamplona.es\/wp-content\/uploads\/2025\/09\/CVRomanico.jpeg","type":"image\/jpeg"}],"author":"uned","twitter_card":"summary_large_image","twitter_creator":"@unedpamplona","twitter_site":"@unedpamplona","twitter_misc":{"Written by":"uned","Est. reading time":"2 minutes"},"schema":{"@context":"https:\/\/schema.org","@graph":[{"@type":"Article","@id":"https:\/\/unedpamplona.es\/eu\/plazas-ampliadas-en-el-curso-de-verano-la-interpretacion-de-las-imagenes-en-el-romanico-de-navarra-iconografia\/#article","isPartOf":{"@id":"https:\/\/unedpamplona.es\/eu\/plazas-ampliadas-en-el-curso-de-verano-la-interpretacion-de-las-imagenes-en-el-romanico-de-navarra-iconografia\/"},"author":{"name":"uned","@id":"https:\/\/unedpamplona.es\/eu\/#\/schema\/person\/62a05b70c6808d41d8de2111f2b5f568"},"headline":"Plazas ampliadas en el curso de verano &#8220;La interpretaci\u00f3n de las im\u00e1genes en el Rom\u00e1nico de Navarra: iconograf\u00eda&#8221;","datePublished":"2025-09-09T07:00:07+00:00","dateModified":"2025-09-09T11:36:01+00:00","mainEntityOfPage":{"@id":"https:\/\/unedpamplona.es\/eu\/plazas-ampliadas-en-el-curso-de-verano-la-interpretacion-de-las-imagenes-en-el-romanico-de-navarra-iconografia\/"},"wordCount":242,"publisher":{"@id":"https:\/\/unedpamplona.es\/eu\/#organization"},"image":{"@id":"https:\/\/unedpamplona.es\/eu\/plazas-ampliadas-en-el-curso-de-verano-la-interpretacion-de-las-imagenes-en-el-romanico-de-navarra-iconografia\/#primaryimage"},"thumbnailUrl":"https:\/\/unedpamplona.es\/wp-content\/uploads\/2025\/09\/CVRomanico.jpeg","articleSection":["Sin categorizar"],"inLanguage":"eu-ES"},{"@type":"WebPage","@id":"https:\/\/unedpamplona.es\/eu\/plazas-ampliadas-en-el-curso-de-verano-la-interpretacion-de-las-imagenes-en-el-romanico-de-navarra-iconografia\/","url":"https:\/\/unedpamplona.es\/eu\/plazas-ampliadas-en-el-curso-de-verano-la-interpretacion-de-las-imagenes-en-el-romanico-de-navarra-iconografia\/","name":"Plazas ampliadas en el curso de verano \"La interpretaci\u00f3n de las im\u00e1genes en el Rom\u00e1nico de Navarra: iconograf\u00eda\" - UNED Pamplona","isPartOf":{"@id":"https:\/\/unedpamplona.es\/eu\/#website"},"primaryImageOfPage":{"@id":"https:\/\/unedpamplona.es\/eu\/plazas-ampliadas-en-el-curso-de-verano-la-interpretacion-de-las-imagenes-en-el-romanico-de-navarra-iconografia\/#primaryimage"},"image":{"@id":"https:\/\/unedpamplona.es\/eu\/plazas-ampliadas-en-el-curso-de-verano-la-interpretacion-de-las-imagenes-en-el-romanico-de-navarra-iconografia\/#primaryimage"},"thumbnailUrl":"https:\/\/unedpamplona.es\/wp-content\/uploads\/2025\/09\/CVRomanico.jpeg","datePublished":"2025-09-09T07:00:07+00:00","dateModified":"2025-09-09T11:36:01+00:00","inLanguage":"eu-ES","potentialAction":[{"@type":"ReadAction","target":["https:\/\/unedpamplona.es\/eu\/plazas-ampliadas-en-el-curso-de-verano-la-interpretacion-de-las-imagenes-en-el-romanico-de-navarra-iconografia\/"]}]},{"@type":"ImageObject","inLanguage":"eu-ES","@id":"https:\/\/unedpamplona.es\/eu\/plazas-ampliadas-en-el-curso-de-verano-la-interpretacion-de-las-imagenes-en-el-romanico-de-navarra-iconografia\/#primaryimage","url":"https:\/\/unedpamplona.es\/wp-content\/uploads\/2025\/09\/CVRomanico.jpeg","contentUrl":"https:\/\/unedpamplona.es\/wp-content\/uploads\/2025\/09\/CVRomanico.jpeg","width":1240,"height":496},{"@type":"WebSite","@id":"https:\/\/unedpamplona.es\/eu\/#website","url":"https:\/\/unedpamplona.es\/eu\/","name":"UNED Pamplona","description":"","publisher":{"@id":"https:\/\/unedpamplona.es\/eu\/#organization"},"potentialAction":[{"@type":"SearchAction","target":{"@type":"EntryPoint","urlTemplate":"https:\/\/unedpamplona.es\/eu\/?s={search_term_string}"},"query-input":"required name=search_term_string"}],"inLanguage":"eu-ES"},{"@type":"Organization","@id":"https:\/\/unedpamplona.es\/eu\/#organization","name":"UNED Pamplona","url":"https:\/\/unedpamplona.es\/eu\/","logo":{"@type":"ImageObject","inLanguage":"eu-ES","@id":"https:\/\/unedpamplona.es\/eu\/#\/schema\/logo\/image\/","url":"https:\/\/unedpamplona.es\/wp-content\/uploads\/2024\/02\/uned_pamplona_logo.png","contentUrl":"https:\/\/unedpamplona.es\/wp-content\/uploads\/2024\/02\/uned_pamplona_logo.png","width":218,"height":104,"caption":"UNED Pamplona"},"image":{"@id":"https:\/\/unedpamplona.es\/eu\/#\/schema\/logo\/image\/"},"sameAs":["https:\/\/x.com\/unedpamplona","https:\/\/www.youtube.com\/channel\/UCR2jc6TbCMAPnbcA17Z0wwg","https:\/\/www.instagram.com\/unedpamplona\/"]},{"@type":"Person","@id":"https:\/\/unedpamplona.es\/eu\/#\/schema\/person\/62a05b70c6808d41d8de2111f2b5f568","name":"uned","image":{"@type":"ImageObject","inLanguage":"eu-ES","@id":"https:\/\/unedpamplona.es\/eu\/#\/schema\/person\/image\/","url":"https:\/\/secure.gravatar.com\/avatar\/344a1f8262dc552fd951ddf77b72239b?s=96&d=mm&r=g","contentUrl":"https:\/\/secure.gravatar.com\/avatar\/344a1f8262dc552fd951ddf77b72239b?s=96&d=mm&r=g","caption":"uned"},"url":"https:\/\/unedpamplona.es\/eu\/author\/uned\/"}]}},"_links":{"self":[{"href":"https:\/\/unedpamplona.es\/eu\/wp-json\/wp\/v2\/posts\/13185"}],"collection":[{"href":"https:\/\/unedpamplona.es\/eu\/wp-json\/wp\/v2\/posts"}],"about":[{"href":"https:\/\/unedpamplona.es\/eu\/wp-json\/wp\/v2\/types\/post"}],"author":[{"embeddable":true,"href":"https:\/\/unedpamplona.es\/eu\/wp-json\/wp\/v2\/users\/2"}],"replies":[{"embeddable":true,"href":"https:\/\/unedpamplona.es\/eu\/wp-json\/wp\/v2\/comments?post=13185"}],"version-history":[{"count":4,"href":"https:\/\/unedpamplona.es\/eu\/wp-json\/wp\/v2\/posts\/13185\/revisions"}],"predecessor-version":[{"id":13191,"href":"https:\/\/unedpamplona.es\/eu\/wp-json\/wp\/v2\/posts\/13185\/revisions\/13191"}],"wp:featuredmedia":[{"embeddable":true,"href":"https:\/\/unedpamplona.es\/eu\/wp-json\/wp\/v2\/media\/13186"}],"wp:attachment":[{"href":"https:\/\/unedpamplona.es\/eu\/wp-json\/wp\/v2\/media?parent=13185"}],"wp:term":[{"taxonomy":"category","embeddable":true,"href":"https:\/\/unedpamplona.es\/eu\/wp-json\/wp\/v2\/categories?post=13185"},{"taxonomy":"post_tag","embeddable":true,"href":"https:\/\/unedpamplona.es\/eu\/wp-json\/wp\/v2\/tags?post=13185"}],"curies":[{"name":"wp","href":"https:\/\/api.w.org\/{rel}","templated":true}]}}