{"id":132,"date":"2024-04-23T13:11:11","date_gmt":"2024-04-23T11:11:11","guid":{"rendered":"https:\/\/unedpamplona.es\/?p=132"},"modified":"2024-05-06T09:26:52","modified_gmt":"2024-05-06T07:26:52","slug":"parlamento-de-navarra-y-uned-pamplona-suscriben-el-primer-convenio-de-colaboracion","status":"publish","type":"post","link":"https:\/\/unedpamplona.es\/eu\/parlamento-de-navarra-y-uned-pamplona-suscriben-el-primer-convenio-de-colaboracion\/","title":{"rendered":"Parlamento de Navarra y UNED Pamplona suscriben el primer Convenio de Colaboraci\u00f3n"},"content":{"rendered":"<p>El presidente del Parlamento de Navarra, Unai Hualde, y la directora de UNED Pamplona, Teresa Imizcoz, firmaron el 23 de abril\u00a0<strong>el primer Convenio de Colaboraci\u00f3n espec\u00edfico para la realizaci\u00f3n conjunta de diversas actividades durante el a\u00f1o 2024<\/strong>. El Convenio se inserta en el Acuerdo Marco de colaboraci\u00f3n que, con el fin de canalizar la puesta en marcha de acciones susceptibles de contribuir al logro de sus respectivos fines, Parlamento y el centro educativo suscribieron el 23 de marzo de 2023.<\/p>\n<p>Entre las modalidades de cooperaci\u00f3n contempladas en el citado concierto figuran, entre otros, la \u201crealizaci\u00f3n de estudios, proyectos o programas de car\u00e1cter jur\u00eddico, social o pol\u00edtico\u201d, as\u00ed como la \u201corganizaci\u00f3n de cursos, conferencias, jornadas y otras actividades de inter\u00e9s com\u00fan\u201d.<\/p>\n<p>El Convenio de 2024 incluye un curso, dentro del programa UNED S\u00e9nior, de\u00a0<strong>Aula Parlamentaria<\/strong>\u00a0que una vez a la semana sirve de encuentro y debate entre el profesorado tutor de UNED Pamplona y la ciudadan\u00eda. Consta de diez sesiones, a lo largo de las cuales se est\u00e1n desarrollando una serie de herramientas conceptuales y metodol\u00f3gicas dirigidas a \u201cenriquecer el abordaje cr\u00edtico de temas de actualidad pol\u00edtica\u201d.<\/p>\n<p>Del mismo modo, se prev\u00e9 un\u00a0<strong>curso de extensi\u00f3n universitaria<\/strong>\u00a0con el que, coincidiendo con el 41 aniversario de la Lorafna, se desea\u00a0<strong>profundizar en el conocimiento del Derecho P\u00fablico de la Comunidad Foral.<\/strong>\u00a0Se desarrollar\u00e1 entre el 7 de octubre y el 15 de noviembre, a raz\u00f3n de cuatro horas semanales, bajo el t\u00edtulo Derecho P\u00fablico de la Comunidad Foral en el siglo XXI: propuestas de reforma. Contar\u00e1 con la participaci\u00f3n de docentes, investigadores y expertos en la materia.<\/p>\n<p>De la misma manera y atendiendo a su condici\u00f3n de \u201cactividad prioritaria para la formaci\u00f3n del alumnado\u201d, UNED Pamplona se suma al\u00a0<strong>programa de visitas del Parlamento<\/strong>, a fin de que sus universitarios y universitarias adquieran un \u201cconocimiento pr\u00e1ctico de la vida parlamentaria y del Parlamento como instituci\u00f3n central de la vida democr\u00e1tica\u201d.<\/p>\n<p>Otro tanto en lo que se refiere a las\u00a0<strong>reuniones entre universitarios y Parlamentarios y Parlamentarias<\/strong>. La UNED se incorpora al formato flexible vigente en los \u00faltimos a\u00f1os (a puerta cerrada) y dispondr\u00e1 de un encuentro directo entre estudiantes y representantes ciudadanos, dirigido a facilitar una visi\u00f3n m\u00e1s completa de los aforados y su trabajo. En todo caso, el objetivo es favorecer el intercambio de ideas en torno a materias relacionadas con la funci\u00f3n pol\u00edtica y el papel de servidor p\u00fablico del Parlamentario.<\/p>\n<p>En el orden normativo, se prev\u00e9 la organizaci\u00f3n de\u00a0<strong>dos Jornadas tendentes a analizar algunas de las disposiciones con rango de Ley que identifica el Plan Normativo 2024<\/strong>, de manera espec\u00edfica en los campos de\u00a0<strong>vivienda y salud.<\/strong>\u00a0Se contar\u00e1 con el concurso de especialistas en ambas materias. A su vez, se proyecta la realizaci\u00f3n de un informe comparado sobre la\u00a0<strong>adaptaci\u00f3n de la legislaci\u00f3n foral en materia de discriminaci\u00f3n, racismo y xenofobia<\/strong>, tomando como referencia los instrumentos normativos internacionales y europeos. En concreto, se explorar\u00e1 la normativa sectorial de aplicaci\u00f3n de los diferentes \u00e1mbitos de desarrollo recogidos en la Ley Foral 13\/2023 (art\u00edculos 14-22). Tras la recopilaci\u00f3n y an\u00e1lisis de las normas y recomendaciones internacionales tendr\u00e1 lugar una mesa de trabajo entre las entidades sociales y el equipo de investigaci\u00f3n de la UNED. Las propuestas que salgan de ah\u00ed se integrar\u00e1n en un informe, que deber\u00e1 estar concluido para diciembre.<\/p>\n<p>Tras la firma del Convenio, que tiene un<strong>\u00a0presupuesto m\u00e1ximo de 20.000 euros,<\/strong>\u00a0Unai Hualde y Teresa Imizcoz han expresado su\u00a0<strong>\u201csatisfacci\u00f3n\u201d\u00a0<\/strong>por lo que significa profundizar, con contenidos concretos, en lo que entienden es una relaci\u00f3n provechosa que contribuye a la formaci\u00f3n c\u00edvica de los estudiantes\u201d. A ese respecto, la directora ha precisado que al ser la UNED la \u00fanica Universidad con sede en Pamplona que ofrece estudios de Grado en Administraci\u00f3n y Ciencia Pol\u00edtica, el hecho de tender\u00a0<strong>puentes entre el aula y la realidad pol\u00edtico-institucional puede resultar de gran inter\u00e9s para ambas partes<\/strong>\u201d.<\/p>\n","protected":false},"excerpt":{"rendered":"<p>El presidente del Parlamento de Navarra, Unai Hualde, y la directora de UNED Pamplona, Teresa Imizcoz, firmaron el 23 de abril\u00a0el primer Convenio de Colaboraci\u00f3n espec\u00edfico para la realizaci\u00f3n conjunta de diversas actividades durante el a\u00f1o 2024. El Convenio se inserta en el Acuerdo Marco de colaboraci\u00f3n que, con el fin de canalizar la puesta [&hellip;]<\/p>\n","protected":false},"author":1,"featured_media":2326,"comment_status":"closed","ping_status":"closed","sticky":false,"template":"","format":"standard","meta":{"footnotes":""},"categories":[11],"tags":[],"yoast_head":"<!-- This site is optimized with the Yoast SEO plugin v22.5 - https:\/\/yoast.com\/wordpress\/plugins\/seo\/ -->\n<title>Parlamento de Navarra y UNED Pamplona suscriben el primer Convenio de Colaboraci\u00f3n - UNED Pamplona<\/title>\n<meta name=\"robots\" content=\"index, follow, max-snippet:-1, max-image-preview:large, max-video-preview:-1\" \/>\n<link rel=\"canonical\" href=\"https:\/\/unedpamplona.es\/eu\/parlamento-de-navarra-y-uned-pamplona-suscriben-el-primer-convenio-de-colaboracion\/\" \/>\n<meta property=\"og:locale\" content=\"eu_ES\" \/>\n<meta property=\"og:type\" content=\"article\" \/>\n<meta property=\"og:title\" content=\"Parlamento de Navarra y UNED Pamplona suscriben el primer Convenio de Colaboraci\u00f3n - UNED Pamplona\" \/>\n<meta property=\"og:description\" content=\"El presidente del Parlamento de Navarra, Unai Hualde, y la directora de UNED Pamplona, Teresa Imizcoz, firmaron el 23 de abril\u00a0el primer Convenio de Colaboraci\u00f3n espec\u00edfico para la realizaci\u00f3n conjunta de diversas actividades durante el a\u00f1o 2024. El Convenio se inserta en el Acuerdo Marco de colaboraci\u00f3n que, con el fin de canalizar la puesta [&hellip;]\" \/>\n<meta property=\"og:url\" content=\"https:\/\/unedpamplona.es\/eu\/parlamento-de-navarra-y-uned-pamplona-suscriben-el-primer-convenio-de-colaboracion\/\" \/>\n<meta property=\"og:site_name\" content=\"UNED Pamplona\" \/>\n<meta property=\"article:published_time\" content=\"2024-04-23T11:11:11+00:00\" \/>\n<meta property=\"article:modified_time\" content=\"2024-05-06T07:26:52+00:00\" \/>\n<meta property=\"og:image\" content=\"https:\/\/unedpamplona.es\/wp-content\/uploads\/2024\/02\/1-23-4-24-scaled.jpg\" \/>\n\t<meta property=\"og:image:width\" content=\"2560\" \/>\n\t<meta property=\"og:image:height\" content=\"1707\" \/>\n\t<meta property=\"og:image:type\" content=\"image\/jpeg\" \/>\n<meta name=\"author\" content=\"room116\" \/>\n<meta name=\"twitter:card\" content=\"summary_large_image\" \/>\n<meta name=\"twitter:creator\" content=\"@unedpamplona\" \/>\n<meta name=\"twitter:site\" content=\"@unedpamplona\" \/>\n<meta name=\"twitter:label1\" content=\"Written by\" \/>\n\t<meta name=\"twitter:data1\" content=\"room116\" \/>\n\t<meta name=\"twitter:label2\" content=\"Est. reading time\" \/>\n\t<meta name=\"twitter:data2\" content=\"4 minutes\" \/>\n<script type=\"application\/ld+json\" class=\"yoast-schema-graph\">{\"@context\":\"https:\/\/schema.org\",\"@graph\":[{\"@type\":\"Article\",\"@id\":\"https:\/\/unedpamplona.es\/eu\/parlamento-de-navarra-y-uned-pamplona-suscriben-el-primer-convenio-de-colaboracion\/#article\",\"isPartOf\":{\"@id\":\"https:\/\/unedpamplona.es\/eu\/parlamento-de-navarra-y-uned-pamplona-suscriben-el-primer-convenio-de-colaboracion\/\"},\"author\":{\"name\":\"room116\",\"@id\":\"https:\/\/unedpamplona.es\/eu\/#\/schema\/person\/2ab9beab35599470cd53757e726a9810\"},\"headline\":\"Parlamento de Navarra y UNED Pamplona suscriben el primer Convenio de Colaboraci\u00f3n\",\"datePublished\":\"2024-04-23T11:11:11+00:00\",\"dateModified\":\"2024-05-06T07:26:52+00:00\",\"mainEntityOfPage\":{\"@id\":\"https:\/\/unedpamplona.es\/eu\/parlamento-de-navarra-y-uned-pamplona-suscriben-el-primer-convenio-de-colaboracion\/\"},\"wordCount\":710,\"publisher\":{\"@id\":\"https:\/\/unedpamplona.es\/eu\/#organization\"},\"image\":{\"@id\":\"https:\/\/unedpamplona.es\/eu\/parlamento-de-navarra-y-uned-pamplona-suscriben-el-primer-convenio-de-colaboracion\/#primaryimage\"},\"thumbnailUrl\":\"https:\/\/unedpamplona.es\/wp-content\/uploads\/2024\/02\/1-23-4-24-scaled.jpg\",\"articleSection\":[\"Actualidad\"],\"inLanguage\":\"eu-ES\"},{\"@type\":\"WebPage\",\"@id\":\"https:\/\/unedpamplona.es\/eu\/parlamento-de-navarra-y-uned-pamplona-suscriben-el-primer-convenio-de-colaboracion\/\",\"url\":\"https:\/\/unedpamplona.es\/eu\/parlamento-de-navarra-y-uned-pamplona-suscriben-el-primer-convenio-de-colaboracion\/\",\"name\":\"Parlamento de Navarra y UNED Pamplona suscriben el primer Convenio de Colaboraci\u00f3n - UNED Pamplona\",\"isPartOf\":{\"@id\":\"https:\/\/unedpamplona.es\/eu\/#website\"},\"primaryImageOfPage\":{\"@id\":\"https:\/\/unedpamplona.es\/eu\/parlamento-de-navarra-y-uned-pamplona-suscriben-el-primer-convenio-de-colaboracion\/#primaryimage\"},\"image\":{\"@id\":\"https:\/\/unedpamplona.es\/eu\/parlamento-de-navarra-y-uned-pamplona-suscriben-el-primer-convenio-de-colaboracion\/#primaryimage\"},\"thumbnailUrl\":\"https:\/\/unedpamplona.es\/wp-content\/uploads\/2024\/02\/1-23-4-24-scaled.jpg\",\"datePublished\":\"2024-04-23T11:11:11+00:00\",\"dateModified\":\"2024-05-06T07:26:52+00:00\",\"inLanguage\":\"eu-ES\",\"potentialAction\":[{\"@type\":\"ReadAction\",\"target\":[\"https:\/\/unedpamplona.es\/eu\/parlamento-de-navarra-y-uned-pamplona-suscriben-el-primer-convenio-de-colaboracion\/\"]}]},{\"@type\":\"ImageObject\",\"inLanguage\":\"eu-ES\",\"@id\":\"https:\/\/unedpamplona.es\/eu\/parlamento-de-navarra-y-uned-pamplona-suscriben-el-primer-convenio-de-colaboracion\/#primaryimage\",\"url\":\"https:\/\/unedpamplona.es\/wp-content\/uploads\/2024\/02\/1-23-4-24-scaled.jpg\",\"contentUrl\":\"https:\/\/unedpamplona.es\/wp-content\/uploads\/2024\/02\/1-23-4-24-scaled.jpg\",\"width\":2560,\"height\":1707,\"caption\":\"Parlamento de Navarra y UNED Pamplona suscriben el primer Convenio de Colaboraci\u00f3n\"},{\"@type\":\"WebSite\",\"@id\":\"https:\/\/unedpamplona.es\/eu\/#website\",\"url\":\"https:\/\/unedpamplona.es\/eu\/\",\"name\":\"UNED Pamplona\",\"description\":\"\",\"publisher\":{\"@id\":\"https:\/\/unedpamplona.es\/eu\/#organization\"},\"potentialAction\":[{\"@type\":\"SearchAction\",\"target\":{\"@type\":\"EntryPoint\",\"urlTemplate\":\"https:\/\/unedpamplona.es\/eu\/?s={search_term_string}\"},\"query-input\":\"required name=search_term_string\"}],\"inLanguage\":\"eu-ES\"},{\"@type\":\"Organization\",\"@id\":\"https:\/\/unedpamplona.es\/eu\/#organization\",\"name\":\"UNED Pamplona\",\"url\":\"https:\/\/unedpamplona.es\/eu\/\",\"logo\":{\"@type\":\"ImageObject\",\"inLanguage\":\"eu-ES\",\"@id\":\"https:\/\/unedpamplona.es\/eu\/#\/schema\/logo\/image\/\",\"url\":\"https:\/\/unedpamplona.es\/wp-content\/uploads\/2024\/02\/uned_pamplona_logo.png\",\"contentUrl\":\"https:\/\/unedpamplona.es\/wp-content\/uploads\/2024\/02\/uned_pamplona_logo.png\",\"width\":218,\"height\":104,\"caption\":\"UNED Pamplona\"},\"image\":{\"@id\":\"https:\/\/unedpamplona.es\/eu\/#\/schema\/logo\/image\/\"},\"sameAs\":[\"https:\/\/x.com\/unedpamplona\",\"https:\/\/www.youtube.com\/channel\/UCR2jc6TbCMAPnbcA17Z0wwg\",\"https:\/\/www.instagram.com\/unedpamplona\/\"]},{\"@type\":\"Person\",\"@id\":\"https:\/\/unedpamplona.es\/eu\/#\/schema\/person\/2ab9beab35599470cd53757e726a9810\",\"name\":\"room116\",\"image\":{\"@type\":\"ImageObject\",\"inLanguage\":\"eu-ES\",\"@id\":\"https:\/\/unedpamplona.es\/eu\/#\/schema\/person\/image\/\",\"url\":\"https:\/\/secure.gravatar.com\/avatar\/4081e23516e875d8e1fa4ed0171d6f96?s=96&d=mm&r=g\",\"contentUrl\":\"https:\/\/secure.gravatar.com\/avatar\/4081e23516e875d8e1fa4ed0171d6f96?s=96&d=mm&r=g\",\"caption\":\"room116\"},\"sameAs\":[\"https:\/\/unedpamplona.es\"],\"url\":\"https:\/\/unedpamplona.es\/eu\/author\/room116\/\"}]}<\/script>\n<!-- \/ Yoast SEO plugin. -->","yoast_head_json":{"title":"Parlamento de Navarra y UNED Pamplona suscriben el primer Convenio de Colaboraci\u00f3n - UNED Pamplona","robots":{"index":"index","follow":"follow","max-snippet":"max-snippet:-1","max-image-preview":"max-image-preview:large","max-video-preview":"max-video-preview:-1"},"canonical":"https:\/\/unedpamplona.es\/eu\/parlamento-de-navarra-y-uned-pamplona-suscriben-el-primer-convenio-de-colaboracion\/","og_locale":"eu_ES","og_type":"article","og_title":"Parlamento de Navarra y UNED Pamplona suscriben el primer Convenio de Colaboraci\u00f3n - UNED Pamplona","og_description":"El presidente del Parlamento de Navarra, Unai Hualde, y la directora de UNED Pamplona, Teresa Imizcoz, firmaron el 23 de abril\u00a0el primer Convenio de Colaboraci\u00f3n espec\u00edfico para la realizaci\u00f3n conjunta de diversas actividades durante el a\u00f1o 2024. El Convenio se inserta en el Acuerdo Marco de colaboraci\u00f3n que, con el fin de canalizar la puesta [&hellip;]","og_url":"https:\/\/unedpamplona.es\/eu\/parlamento-de-navarra-y-uned-pamplona-suscriben-el-primer-convenio-de-colaboracion\/","og_site_name":"UNED Pamplona","article_published_time":"2024-04-23T11:11:11+00:00","article_modified_time":"2024-05-06T07:26:52+00:00","og_image":[{"width":2560,"height":1707,"url":"https:\/\/unedpamplona.es\/wp-content\/uploads\/2024\/02\/1-23-4-24-scaled.jpg","type":"image\/jpeg"}],"author":"room116","twitter_card":"summary_large_image","twitter_creator":"@unedpamplona","twitter_site":"@unedpamplona","twitter_misc":{"Written by":"room116","Est. reading time":"4 minutes"},"schema":{"@context":"https:\/\/schema.org","@graph":[{"@type":"Article","@id":"https:\/\/unedpamplona.es\/eu\/parlamento-de-navarra-y-uned-pamplona-suscriben-el-primer-convenio-de-colaboracion\/#article","isPartOf":{"@id":"https:\/\/unedpamplona.es\/eu\/parlamento-de-navarra-y-uned-pamplona-suscriben-el-primer-convenio-de-colaboracion\/"},"author":{"name":"room116","@id":"https:\/\/unedpamplona.es\/eu\/#\/schema\/person\/2ab9beab35599470cd53757e726a9810"},"headline":"Parlamento de Navarra y UNED Pamplona suscriben el primer Convenio de Colaboraci\u00f3n","datePublished":"2024-04-23T11:11:11+00:00","dateModified":"2024-05-06T07:26:52+00:00","mainEntityOfPage":{"@id":"https:\/\/unedpamplona.es\/eu\/parlamento-de-navarra-y-uned-pamplona-suscriben-el-primer-convenio-de-colaboracion\/"},"wordCount":710,"publisher":{"@id":"https:\/\/unedpamplona.es\/eu\/#organization"},"image":{"@id":"https:\/\/unedpamplona.es\/eu\/parlamento-de-navarra-y-uned-pamplona-suscriben-el-primer-convenio-de-colaboracion\/#primaryimage"},"thumbnailUrl":"https:\/\/unedpamplona.es\/wp-content\/uploads\/2024\/02\/1-23-4-24-scaled.jpg","articleSection":["Actualidad"],"inLanguage":"eu-ES"},{"@type":"WebPage","@id":"https:\/\/unedpamplona.es\/eu\/parlamento-de-navarra-y-uned-pamplona-suscriben-el-primer-convenio-de-colaboracion\/","url":"https:\/\/unedpamplona.es\/eu\/parlamento-de-navarra-y-uned-pamplona-suscriben-el-primer-convenio-de-colaboracion\/","name":"Parlamento de Navarra y UNED Pamplona suscriben el primer Convenio de Colaboraci\u00f3n - UNED Pamplona","isPartOf":{"@id":"https:\/\/unedpamplona.es\/eu\/#website"},"primaryImageOfPage":{"@id":"https:\/\/unedpamplona.es\/eu\/parlamento-de-navarra-y-uned-pamplona-suscriben-el-primer-convenio-de-colaboracion\/#primaryimage"},"image":{"@id":"https:\/\/unedpamplona.es\/eu\/parlamento-de-navarra-y-uned-pamplona-suscriben-el-primer-convenio-de-colaboracion\/#primaryimage"},"thumbnailUrl":"https:\/\/unedpamplona.es\/wp-content\/uploads\/2024\/02\/1-23-4-24-scaled.jpg","datePublished":"2024-04-23T11:11:11+00:00","dateModified":"2024-05-06T07:26:52+00:00","inLanguage":"eu-ES","potentialAction":[{"@type":"ReadAction","target":["https:\/\/unedpamplona.es\/eu\/parlamento-de-navarra-y-uned-pamplona-suscriben-el-primer-convenio-de-colaboracion\/"]}]},{"@type":"ImageObject","inLanguage":"eu-ES","@id":"https:\/\/unedpamplona.es\/eu\/parlamento-de-navarra-y-uned-pamplona-suscriben-el-primer-convenio-de-colaboracion\/#primaryimage","url":"https:\/\/unedpamplona.es\/wp-content\/uploads\/2024\/02\/1-23-4-24-scaled.jpg","contentUrl":"https:\/\/unedpamplona.es\/wp-content\/uploads\/2024\/02\/1-23-4-24-scaled.jpg","width":2560,"height":1707,"caption":"Parlamento de Navarra y UNED Pamplona suscriben el primer Convenio de Colaboraci\u00f3n"},{"@type":"WebSite","@id":"https:\/\/unedpamplona.es\/eu\/#website","url":"https:\/\/unedpamplona.es\/eu\/","name":"UNED Pamplona","description":"","publisher":{"@id":"https:\/\/unedpamplona.es\/eu\/#organization"},"potentialAction":[{"@type":"SearchAction","target":{"@type":"EntryPoint","urlTemplate":"https:\/\/unedpamplona.es\/eu\/?s={search_term_string}"},"query-input":"required name=search_term_string"}],"inLanguage":"eu-ES"},{"@type":"Organization","@id":"https:\/\/unedpamplona.es\/eu\/#organization","name":"UNED Pamplona","url":"https:\/\/unedpamplona.es\/eu\/","logo":{"@type":"ImageObject","inLanguage":"eu-ES","@id":"https:\/\/unedpamplona.es\/eu\/#\/schema\/logo\/image\/","url":"https:\/\/unedpamplona.es\/wp-content\/uploads\/2024\/02\/uned_pamplona_logo.png","contentUrl":"https:\/\/unedpamplona.es\/wp-content\/uploads\/2024\/02\/uned_pamplona_logo.png","width":218,"height":104,"caption":"UNED Pamplona"},"image":{"@id":"https:\/\/unedpamplona.es\/eu\/#\/schema\/logo\/image\/"},"sameAs":["https:\/\/x.com\/unedpamplona","https:\/\/www.youtube.com\/channel\/UCR2jc6TbCMAPnbcA17Z0wwg","https:\/\/www.instagram.com\/unedpamplona\/"]},{"@type":"Person","@id":"https:\/\/unedpamplona.es\/eu\/#\/schema\/person\/2ab9beab35599470cd53757e726a9810","name":"room116","image":{"@type":"ImageObject","inLanguage":"eu-ES","@id":"https:\/\/unedpamplona.es\/eu\/#\/schema\/person\/image\/","url":"https:\/\/secure.gravatar.com\/avatar\/4081e23516e875d8e1fa4ed0171d6f96?s=96&d=mm&r=g","contentUrl":"https:\/\/secure.gravatar.com\/avatar\/4081e23516e875d8e1fa4ed0171d6f96?s=96&d=mm&r=g","caption":"room116"},"sameAs":["https:\/\/unedpamplona.es"],"url":"https:\/\/unedpamplona.es\/eu\/author\/room116\/"}]}},"_links":{"self":[{"href":"https:\/\/unedpamplona.es\/eu\/wp-json\/wp\/v2\/posts\/132"}],"collection":[{"href":"https:\/\/unedpamplona.es\/eu\/wp-json\/wp\/v2\/posts"}],"about":[{"href":"https:\/\/unedpamplona.es\/eu\/wp-json\/wp\/v2\/types\/post"}],"author":[{"embeddable":true,"href":"https:\/\/unedpamplona.es\/eu\/wp-json\/wp\/v2\/users\/1"}],"replies":[{"embeddable":true,"href":"https:\/\/unedpamplona.es\/eu\/wp-json\/wp\/v2\/comments?post=132"}],"version-history":[{"count":2,"href":"https:\/\/unedpamplona.es\/eu\/wp-json\/wp\/v2\/posts\/132\/revisions"}],"predecessor-version":[{"id":2327,"href":"https:\/\/unedpamplona.es\/eu\/wp-json\/wp\/v2\/posts\/132\/revisions\/2327"}],"wp:featuredmedia":[{"embeddable":true,"href":"https:\/\/unedpamplona.es\/eu\/wp-json\/wp\/v2\/media\/2326"}],"wp:attachment":[{"href":"https:\/\/unedpamplona.es\/eu\/wp-json\/wp\/v2\/media?parent=132"}],"wp:term":[{"taxonomy":"category","embeddable":true,"href":"https:\/\/unedpamplona.es\/eu\/wp-json\/wp\/v2\/categories?post=132"},{"taxonomy":"post_tag","embeddable":true,"href":"https:\/\/unedpamplona.es\/eu\/wp-json\/wp\/v2\/tags?post=132"}],"curies":[{"name":"wp","href":"https:\/\/api.w.org\/{rel}","templated":true}]}}