{"id":13373,"date":"2025-09-26T09:00:42","date_gmt":"2025-09-26T07:00:42","guid":{"rendered":"https:\/\/unedpamplona.es\/?p=13373"},"modified":"2025-09-29T09:35:02","modified_gmt":"2025-09-29T07:35:02","slug":"concierto-didactico-de-clausura-de-los-cursos-de-verano-uned-un-pequeno-recorrido-por-el-mundo-de-las-emociones-el-cerebro-y-la-musica","status":"publish","type":"post","link":"https:\/\/unedpamplona.es\/eu\/concierto-didactico-de-clausura-de-los-cursos-de-verano-uned-un-pequeno-recorrido-por-el-mundo-de-las-emociones-el-cerebro-y-la-musica\/","title":{"rendered":"Clausura de los cursos de verano con el concierto did\u00e1ctico &#8220;Un peque\u00f1o recorrido por el mundo de las emociones, el cerebro y la m\u00fasica&#8221;"},"content":{"rendered":"<p>UNED Pamplona acogi\u00f3 el pasado 26 de septiembre la clausura de los cursos de verano con un concierto did\u00e1ctico titulado &#8220;Un peque\u00f1o recorrido por el mundo de las emociones, el cerebro y la m\u00fasica&#8221; al que acudieron cerca de 100 personas.<\/p>\n<p>En el curso se plante\u00f3 qu\u00e9 sucede en nuestro cerebro al escuchar y practicar m\u00fasica, c\u00f3mo nos afecta emocionalmente, c\u00f3mo interact\u00faa con la memoria para ayudarnos a recordar, c\u00f3mo nos influye a la hora de tener una actitud ante la vida, estos temas y m\u00e1s ser\u00e1n tratados en la conferencia, intentando abrir una puerta a la curiosidad y el conocimiento sobre la interacci\u00f3n de estas importantes \u00e1reas de nuestras vidas.<\/p>\n<p><span class=\"ponente\">En el concierto participaron Jos\u00e9 Luis G\u00f3mez Salas<\/span>\u00a0<span class=\"cargo\"><span class=\"cargo_ponente\">M\u00fasico, profesor de saxof\u00f3n y de lenguaje musical; <\/span><\/span><span class=\"ponente\">Eva Mart\u00ednez Sola, p<\/span><span class=\"cargo\"><span class=\"cargo_ponente\">rofesora UNED Pamplona., cantante y compositor, y <\/span><\/span><span class=\"ponente\">Javier Olabarrieta Zaro<\/span>\u00a0<span class=\"cargo\"><span class=\"cargo_ponente\">Profesor de Armon\u00eda, An\u00e1lisis y Acompa\u00f1amiento en el conservatorio Pablo Sarasate de Pamplona<\/span><\/span><\/p>\n<p><strong>M\u00e1s informaci\u00f3n :<a href=\"https:\/\/extension.uned.es\/actividad\/45329&amp;codigo=UPRPE\"> Un peque\u00f1o recorrido por el mundo de las emociones, el cerebro y la m\u00fasica | Extensi\u00f3n Universitaria en Pamplona | UNED<\/a><\/strong><\/p>\n","protected":false},"excerpt":{"rendered":"<p>UNED Pamplona acogi\u00f3 el pasado 26 de septiembre la clausura de los cursos de verano con un concierto did\u00e1ctico titulado &#8220;Un peque\u00f1o recorrido por el mundo de las emociones, el cerebro y la m\u00fasica&#8221; al que acudieron cerca de 100 personas. En el curso se plante\u00f3 qu\u00e9 sucede en nuestro cerebro al escuchar y practicar [&hellip;]<\/p>\n","protected":false},"author":2,"featured_media":13439,"comment_status":"closed","ping_status":"closed","sticky":false,"template":"","format":"standard","meta":{"footnotes":""},"categories":[11],"tags":[],"yoast_head":"<!-- This site is optimized with the Yoast SEO plugin v22.5 - https:\/\/yoast.com\/wordpress\/plugins\/seo\/ -->\n<title>Clausura de los cursos de verano con el concierto did\u00e1ctico &quot;Un peque\u00f1o recorrido por el mundo de las emociones, el cerebro y la m\u00fasica&quot; - UNED Pamplona<\/title>\n<meta name=\"robots\" content=\"index, follow, max-snippet:-1, max-image-preview:large, max-video-preview:-1\" \/>\n<link rel=\"canonical\" href=\"https:\/\/unedpamplona.es\/eu\/concierto-didactico-de-clausura-de-los-cursos-de-verano-uned-un-pequeno-recorrido-por-el-mundo-de-las-emociones-el-cerebro-y-la-musica\/\" \/>\n<meta property=\"og:locale\" content=\"eu_ES\" \/>\n<meta property=\"og:type\" content=\"article\" \/>\n<meta property=\"og:title\" content=\"Clausura de los cursos de verano con el concierto did\u00e1ctico &quot;Un peque\u00f1o recorrido por el mundo de las emociones, el cerebro y la m\u00fasica&quot; - UNED Pamplona\" \/>\n<meta property=\"og:description\" content=\"UNED Pamplona acogi\u00f3 el pasado 26 de septiembre la clausura de los cursos de verano con un concierto did\u00e1ctico titulado &#8220;Un peque\u00f1o recorrido por el mundo de las emociones, el cerebro y la m\u00fasica&#8221; al que acudieron cerca de 100 personas. En el curso se plante\u00f3 qu\u00e9 sucede en nuestro cerebro al escuchar y practicar [&hellip;]\" \/>\n<meta property=\"og:url\" content=\"https:\/\/unedpamplona.es\/eu\/concierto-didactico-de-clausura-de-los-cursos-de-verano-uned-un-pequeno-recorrido-por-el-mundo-de-las-emociones-el-cerebro-y-la-musica\/\" \/>\n<meta property=\"og:site_name\" content=\"UNED Pamplona\" \/>\n<meta property=\"article:published_time\" content=\"2025-09-26T07:00:42+00:00\" \/>\n<meta property=\"article:modified_time\" content=\"2025-09-29T07:35:02+00:00\" \/>\n<meta property=\"og:image\" content=\"https:\/\/unedpamplona.es\/wp-content\/uploads\/2025\/09\/CONCIERTO-1.jpeg\" \/>\n\t<meta property=\"og:image:width\" content=\"482\" \/>\n\t<meta property=\"og:image:height\" content=\"307\" \/>\n\t<meta property=\"og:image:type\" content=\"image\/jpeg\" \/>\n<meta name=\"author\" content=\"uned\" \/>\n<meta name=\"twitter:card\" content=\"summary_large_image\" \/>\n<meta name=\"twitter:creator\" content=\"@unedpamplona\" \/>\n<meta name=\"twitter:site\" content=\"@unedpamplona\" \/>\n<meta name=\"twitter:label1\" content=\"Written by\" \/>\n\t<meta name=\"twitter:data1\" content=\"uned\" \/>\n\t<meta name=\"twitter:label2\" content=\"Est. reading time\" \/>\n\t<meta name=\"twitter:data2\" content=\"2 minutes\" \/>\n<script type=\"application\/ld+json\" class=\"yoast-schema-graph\">{\"@context\":\"https:\/\/schema.org\",\"@graph\":[{\"@type\":\"Article\",\"@id\":\"https:\/\/unedpamplona.es\/eu\/concierto-didactico-de-clausura-de-los-cursos-de-verano-uned-un-pequeno-recorrido-por-el-mundo-de-las-emociones-el-cerebro-y-la-musica\/#article\",\"isPartOf\":{\"@id\":\"https:\/\/unedpamplona.es\/eu\/concierto-didactico-de-clausura-de-los-cursos-de-verano-uned-un-pequeno-recorrido-por-el-mundo-de-las-emociones-el-cerebro-y-la-musica\/\"},\"author\":{\"name\":\"uned\",\"@id\":\"https:\/\/unedpamplona.es\/eu\/#\/schema\/person\/62a05b70c6808d41d8de2111f2b5f568\"},\"headline\":\"Clausura de los cursos de verano con el concierto did\u00e1ctico &#8220;Un peque\u00f1o recorrido por el mundo de las emociones, el cerebro y la m\u00fasica&#8221;\",\"datePublished\":\"2025-09-26T07:00:42+00:00\",\"dateModified\":\"2025-09-29T07:35:02+00:00\",\"mainEntityOfPage\":{\"@id\":\"https:\/\/unedpamplona.es\/eu\/concierto-didactico-de-clausura-de-los-cursos-de-verano-uned-un-pequeno-recorrido-por-el-mundo-de-las-emociones-el-cerebro-y-la-musica\/\"},\"wordCount\":223,\"publisher\":{\"@id\":\"https:\/\/unedpamplona.es\/eu\/#organization\"},\"image\":{\"@id\":\"https:\/\/unedpamplona.es\/eu\/concierto-didactico-de-clausura-de-los-cursos-de-verano-uned-un-pequeno-recorrido-por-el-mundo-de-las-emociones-el-cerebro-y-la-musica\/#primaryimage\"},\"thumbnailUrl\":\"https:\/\/unedpamplona.es\/wp-content\/uploads\/2025\/09\/CONCIERTO-1.jpeg\",\"articleSection\":[\"Actualidad\"],\"inLanguage\":\"eu-ES\"},{\"@type\":\"WebPage\",\"@id\":\"https:\/\/unedpamplona.es\/eu\/concierto-didactico-de-clausura-de-los-cursos-de-verano-uned-un-pequeno-recorrido-por-el-mundo-de-las-emociones-el-cerebro-y-la-musica\/\",\"url\":\"https:\/\/unedpamplona.es\/eu\/concierto-didactico-de-clausura-de-los-cursos-de-verano-uned-un-pequeno-recorrido-por-el-mundo-de-las-emociones-el-cerebro-y-la-musica\/\",\"name\":\"Clausura de los cursos de verano con el concierto did\u00e1ctico \\\"Un peque\u00f1o recorrido por el mundo de las emociones, el cerebro y la m\u00fasica\\\" - UNED Pamplona\",\"isPartOf\":{\"@id\":\"https:\/\/unedpamplona.es\/eu\/#website\"},\"primaryImageOfPage\":{\"@id\":\"https:\/\/unedpamplona.es\/eu\/concierto-didactico-de-clausura-de-los-cursos-de-verano-uned-un-pequeno-recorrido-por-el-mundo-de-las-emociones-el-cerebro-y-la-musica\/#primaryimage\"},\"image\":{\"@id\":\"https:\/\/unedpamplona.es\/eu\/concierto-didactico-de-clausura-de-los-cursos-de-verano-uned-un-pequeno-recorrido-por-el-mundo-de-las-emociones-el-cerebro-y-la-musica\/#primaryimage\"},\"thumbnailUrl\":\"https:\/\/unedpamplona.es\/wp-content\/uploads\/2025\/09\/CONCIERTO-1.jpeg\",\"datePublished\":\"2025-09-26T07:00:42+00:00\",\"dateModified\":\"2025-09-29T07:35:02+00:00\",\"inLanguage\":\"eu-ES\",\"potentialAction\":[{\"@type\":\"ReadAction\",\"target\":[\"https:\/\/unedpamplona.es\/eu\/concierto-didactico-de-clausura-de-los-cursos-de-verano-uned-un-pequeno-recorrido-por-el-mundo-de-las-emociones-el-cerebro-y-la-musica\/\"]}]},{\"@type\":\"ImageObject\",\"inLanguage\":\"eu-ES\",\"@id\":\"https:\/\/unedpamplona.es\/eu\/concierto-didactico-de-clausura-de-los-cursos-de-verano-uned-un-pequeno-recorrido-por-el-mundo-de-las-emociones-el-cerebro-y-la-musica\/#primaryimage\",\"url\":\"https:\/\/unedpamplona.es\/wp-content\/uploads\/2025\/09\/CONCIERTO-1.jpeg\",\"contentUrl\":\"https:\/\/unedpamplona.es\/wp-content\/uploads\/2025\/09\/CONCIERTO-1.jpeg\",\"width\":482,\"height\":307},{\"@type\":\"WebSite\",\"@id\":\"https:\/\/unedpamplona.es\/eu\/#website\",\"url\":\"https:\/\/unedpamplona.es\/eu\/\",\"name\":\"UNED Pamplona\",\"description\":\"\",\"publisher\":{\"@id\":\"https:\/\/unedpamplona.es\/eu\/#organization\"},\"potentialAction\":[{\"@type\":\"SearchAction\",\"target\":{\"@type\":\"EntryPoint\",\"urlTemplate\":\"https:\/\/unedpamplona.es\/eu\/?s={search_term_string}\"},\"query-input\":\"required name=search_term_string\"}],\"inLanguage\":\"eu-ES\"},{\"@type\":\"Organization\",\"@id\":\"https:\/\/unedpamplona.es\/eu\/#organization\",\"name\":\"UNED Pamplona\",\"url\":\"https:\/\/unedpamplona.es\/eu\/\",\"logo\":{\"@type\":\"ImageObject\",\"inLanguage\":\"eu-ES\",\"@id\":\"https:\/\/unedpamplona.es\/eu\/#\/schema\/logo\/image\/\",\"url\":\"https:\/\/unedpamplona.es\/wp-content\/uploads\/2024\/02\/uned_pamplona_logo.png\",\"contentUrl\":\"https:\/\/unedpamplona.es\/wp-content\/uploads\/2024\/02\/uned_pamplona_logo.png\",\"width\":218,\"height\":104,\"caption\":\"UNED Pamplona\"},\"image\":{\"@id\":\"https:\/\/unedpamplona.es\/eu\/#\/schema\/logo\/image\/\"},\"sameAs\":[\"https:\/\/x.com\/unedpamplona\",\"https:\/\/www.youtube.com\/channel\/UCR2jc6TbCMAPnbcA17Z0wwg\",\"https:\/\/www.instagram.com\/unedpamplona\/\"]},{\"@type\":\"Person\",\"@id\":\"https:\/\/unedpamplona.es\/eu\/#\/schema\/person\/62a05b70c6808d41d8de2111f2b5f568\",\"name\":\"uned\",\"image\":{\"@type\":\"ImageObject\",\"inLanguage\":\"eu-ES\",\"@id\":\"https:\/\/unedpamplona.es\/eu\/#\/schema\/person\/image\/\",\"url\":\"https:\/\/secure.gravatar.com\/avatar\/344a1f8262dc552fd951ddf77b72239b?s=96&d=mm&r=g\",\"contentUrl\":\"https:\/\/secure.gravatar.com\/avatar\/344a1f8262dc552fd951ddf77b72239b?s=96&d=mm&r=g\",\"caption\":\"uned\"},\"url\":\"https:\/\/unedpamplona.es\/eu\/author\/uned\/\"}]}<\/script>\n<!-- \/ Yoast SEO plugin. -->","yoast_head_json":{"title":"Clausura de los cursos de verano con el concierto did\u00e1ctico \"Un peque\u00f1o recorrido por el mundo de las emociones, el cerebro y la m\u00fasica\" - UNED Pamplona","robots":{"index":"index","follow":"follow","max-snippet":"max-snippet:-1","max-image-preview":"max-image-preview:large","max-video-preview":"max-video-preview:-1"},"canonical":"https:\/\/unedpamplona.es\/eu\/concierto-didactico-de-clausura-de-los-cursos-de-verano-uned-un-pequeno-recorrido-por-el-mundo-de-las-emociones-el-cerebro-y-la-musica\/","og_locale":"eu_ES","og_type":"article","og_title":"Clausura de los cursos de verano con el concierto did\u00e1ctico \"Un peque\u00f1o recorrido por el mundo de las emociones, el cerebro y la m\u00fasica\" - UNED Pamplona","og_description":"UNED Pamplona acogi\u00f3 el pasado 26 de septiembre la clausura de los cursos de verano con un concierto did\u00e1ctico titulado &#8220;Un peque\u00f1o recorrido por el mundo de las emociones, el cerebro y la m\u00fasica&#8221; al que acudieron cerca de 100 personas. En el curso se plante\u00f3 qu\u00e9 sucede en nuestro cerebro al escuchar y practicar [&hellip;]","og_url":"https:\/\/unedpamplona.es\/eu\/concierto-didactico-de-clausura-de-los-cursos-de-verano-uned-un-pequeno-recorrido-por-el-mundo-de-las-emociones-el-cerebro-y-la-musica\/","og_site_name":"UNED Pamplona","article_published_time":"2025-09-26T07:00:42+00:00","article_modified_time":"2025-09-29T07:35:02+00:00","og_image":[{"width":482,"height":307,"url":"https:\/\/unedpamplona.es\/wp-content\/uploads\/2025\/09\/CONCIERTO-1.jpeg","type":"image\/jpeg"}],"author":"uned","twitter_card":"summary_large_image","twitter_creator":"@unedpamplona","twitter_site":"@unedpamplona","twitter_misc":{"Written by":"uned","Est. reading time":"2 minutes"},"schema":{"@context":"https:\/\/schema.org","@graph":[{"@type":"Article","@id":"https:\/\/unedpamplona.es\/eu\/concierto-didactico-de-clausura-de-los-cursos-de-verano-uned-un-pequeno-recorrido-por-el-mundo-de-las-emociones-el-cerebro-y-la-musica\/#article","isPartOf":{"@id":"https:\/\/unedpamplona.es\/eu\/concierto-didactico-de-clausura-de-los-cursos-de-verano-uned-un-pequeno-recorrido-por-el-mundo-de-las-emociones-el-cerebro-y-la-musica\/"},"author":{"name":"uned","@id":"https:\/\/unedpamplona.es\/eu\/#\/schema\/person\/62a05b70c6808d41d8de2111f2b5f568"},"headline":"Clausura de los cursos de verano con el concierto did\u00e1ctico &#8220;Un peque\u00f1o recorrido por el mundo de las emociones, el cerebro y la m\u00fasica&#8221;","datePublished":"2025-09-26T07:00:42+00:00","dateModified":"2025-09-29T07:35:02+00:00","mainEntityOfPage":{"@id":"https:\/\/unedpamplona.es\/eu\/concierto-didactico-de-clausura-de-los-cursos-de-verano-uned-un-pequeno-recorrido-por-el-mundo-de-las-emociones-el-cerebro-y-la-musica\/"},"wordCount":223,"publisher":{"@id":"https:\/\/unedpamplona.es\/eu\/#organization"},"image":{"@id":"https:\/\/unedpamplona.es\/eu\/concierto-didactico-de-clausura-de-los-cursos-de-verano-uned-un-pequeno-recorrido-por-el-mundo-de-las-emociones-el-cerebro-y-la-musica\/#primaryimage"},"thumbnailUrl":"https:\/\/unedpamplona.es\/wp-content\/uploads\/2025\/09\/CONCIERTO-1.jpeg","articleSection":["Actualidad"],"inLanguage":"eu-ES"},{"@type":"WebPage","@id":"https:\/\/unedpamplona.es\/eu\/concierto-didactico-de-clausura-de-los-cursos-de-verano-uned-un-pequeno-recorrido-por-el-mundo-de-las-emociones-el-cerebro-y-la-musica\/","url":"https:\/\/unedpamplona.es\/eu\/concierto-didactico-de-clausura-de-los-cursos-de-verano-uned-un-pequeno-recorrido-por-el-mundo-de-las-emociones-el-cerebro-y-la-musica\/","name":"Clausura de los cursos de verano con el concierto did\u00e1ctico \"Un peque\u00f1o recorrido por el mundo de las emociones, el cerebro y la m\u00fasica\" - UNED Pamplona","isPartOf":{"@id":"https:\/\/unedpamplona.es\/eu\/#website"},"primaryImageOfPage":{"@id":"https:\/\/unedpamplona.es\/eu\/concierto-didactico-de-clausura-de-los-cursos-de-verano-uned-un-pequeno-recorrido-por-el-mundo-de-las-emociones-el-cerebro-y-la-musica\/#primaryimage"},"image":{"@id":"https:\/\/unedpamplona.es\/eu\/concierto-didactico-de-clausura-de-los-cursos-de-verano-uned-un-pequeno-recorrido-por-el-mundo-de-las-emociones-el-cerebro-y-la-musica\/#primaryimage"},"thumbnailUrl":"https:\/\/unedpamplona.es\/wp-content\/uploads\/2025\/09\/CONCIERTO-1.jpeg","datePublished":"2025-09-26T07:00:42+00:00","dateModified":"2025-09-29T07:35:02+00:00","inLanguage":"eu-ES","potentialAction":[{"@type":"ReadAction","target":["https:\/\/unedpamplona.es\/eu\/concierto-didactico-de-clausura-de-los-cursos-de-verano-uned-un-pequeno-recorrido-por-el-mundo-de-las-emociones-el-cerebro-y-la-musica\/"]}]},{"@type":"ImageObject","inLanguage":"eu-ES","@id":"https:\/\/unedpamplona.es\/eu\/concierto-didactico-de-clausura-de-los-cursos-de-verano-uned-un-pequeno-recorrido-por-el-mundo-de-las-emociones-el-cerebro-y-la-musica\/#primaryimage","url":"https:\/\/unedpamplona.es\/wp-content\/uploads\/2025\/09\/CONCIERTO-1.jpeg","contentUrl":"https:\/\/unedpamplona.es\/wp-content\/uploads\/2025\/09\/CONCIERTO-1.jpeg","width":482,"height":307},{"@type":"WebSite","@id":"https:\/\/unedpamplona.es\/eu\/#website","url":"https:\/\/unedpamplona.es\/eu\/","name":"UNED Pamplona","description":"","publisher":{"@id":"https:\/\/unedpamplona.es\/eu\/#organization"},"potentialAction":[{"@type":"SearchAction","target":{"@type":"EntryPoint","urlTemplate":"https:\/\/unedpamplona.es\/eu\/?s={search_term_string}"},"query-input":"required name=search_term_string"}],"inLanguage":"eu-ES"},{"@type":"Organization","@id":"https:\/\/unedpamplona.es\/eu\/#organization","name":"UNED Pamplona","url":"https:\/\/unedpamplona.es\/eu\/","logo":{"@type":"ImageObject","inLanguage":"eu-ES","@id":"https:\/\/unedpamplona.es\/eu\/#\/schema\/logo\/image\/","url":"https:\/\/unedpamplona.es\/wp-content\/uploads\/2024\/02\/uned_pamplona_logo.png","contentUrl":"https:\/\/unedpamplona.es\/wp-content\/uploads\/2024\/02\/uned_pamplona_logo.png","width":218,"height":104,"caption":"UNED Pamplona"},"image":{"@id":"https:\/\/unedpamplona.es\/eu\/#\/schema\/logo\/image\/"},"sameAs":["https:\/\/x.com\/unedpamplona","https:\/\/www.youtube.com\/channel\/UCR2jc6TbCMAPnbcA17Z0wwg","https:\/\/www.instagram.com\/unedpamplona\/"]},{"@type":"Person","@id":"https:\/\/unedpamplona.es\/eu\/#\/schema\/person\/62a05b70c6808d41d8de2111f2b5f568","name":"uned","image":{"@type":"ImageObject","inLanguage":"eu-ES","@id":"https:\/\/unedpamplona.es\/eu\/#\/schema\/person\/image\/","url":"https:\/\/secure.gravatar.com\/avatar\/344a1f8262dc552fd951ddf77b72239b?s=96&d=mm&r=g","contentUrl":"https:\/\/secure.gravatar.com\/avatar\/344a1f8262dc552fd951ddf77b72239b?s=96&d=mm&r=g","caption":"uned"},"url":"https:\/\/unedpamplona.es\/eu\/author\/uned\/"}]}},"_links":{"self":[{"href":"https:\/\/unedpamplona.es\/eu\/wp-json\/wp\/v2\/posts\/13373"}],"collection":[{"href":"https:\/\/unedpamplona.es\/eu\/wp-json\/wp\/v2\/posts"}],"about":[{"href":"https:\/\/unedpamplona.es\/eu\/wp-json\/wp\/v2\/types\/post"}],"author":[{"embeddable":true,"href":"https:\/\/unedpamplona.es\/eu\/wp-json\/wp\/v2\/users\/2"}],"replies":[{"embeddable":true,"href":"https:\/\/unedpamplona.es\/eu\/wp-json\/wp\/v2\/comments?post=13373"}],"version-history":[{"count":11,"href":"https:\/\/unedpamplona.es\/eu\/wp-json\/wp\/v2\/posts\/13373\/revisions"}],"predecessor-version":[{"id":13441,"href":"https:\/\/unedpamplona.es\/eu\/wp-json\/wp\/v2\/posts\/13373\/revisions\/13441"}],"wp:featuredmedia":[{"embeddable":true,"href":"https:\/\/unedpamplona.es\/eu\/wp-json\/wp\/v2\/media\/13439"}],"wp:attachment":[{"href":"https:\/\/unedpamplona.es\/eu\/wp-json\/wp\/v2\/media?parent=13373"}],"wp:term":[{"taxonomy":"category","embeddable":true,"href":"https:\/\/unedpamplona.es\/eu\/wp-json\/wp\/v2\/categories?post=13373"},{"taxonomy":"post_tag","embeddable":true,"href":"https:\/\/unedpamplona.es\/eu\/wp-json\/wp\/v2\/tags?post=13373"}],"curies":[{"name":"wp","href":"https:\/\/api.w.org\/{rel}","templated":true}]}}