{"id":13709,"date":"2025-10-20T09:39:04","date_gmt":"2025-10-20T07:39:04","guid":{"rendered":"https:\/\/unedpamplona.es\/?p=13709"},"modified":"2025-10-29T11:41:36","modified_gmt":"2025-10-29T10:41:36","slug":"curso-el-imperio-del-sol-naciente-arte-y-cultura-de-japon-i","status":"publish","type":"post","link":"https:\/\/unedpamplona.es\/eu\/curso-el-imperio-del-sol-naciente-arte-y-cultura-de-japon-i\/","title":{"rendered":"Curso &#8220;El imperio del sol naciente: arte y cultura de Jap\u00f3n I&#8221;. A partir del 27 de octubre, en UNED Pamplona"},"content":{"rendered":"<div class=\"elementor-element elementor-element-c66a425 e-flex e-con-boxed e-con e-child\" data-id=\"c66a425\" data-element_type=\"container\" data-settings=\"{&quot;content_width&quot;:&quot;boxed&quot;}\">\n<div class=\"e-con-inner\">\n<div class=\"elementor-element elementor-element-cd57340 e-con-full e-flex e-con e-child\" data-id=\"cd57340\" data-element_type=\"container\" data-settings=\"{&quot;content_width&quot;:&quot;full&quot;}\">\n<div class=\"elementor-element elementor-element-3a915c9 elementor-widget elementor-widget-theme-post-title elementor-page-title elementor-widget-heading\" data-id=\"3a915c9\" data-element_type=\"widget\" data-widget_type=\"theme-post-title.default\">\n<div class=\"elementor-widget-container\" style=\"text-align: left;\"><span style=\"font-size: 16px;\">El actual y creciente inter\u00e9s por la cultura japonesa y su disponibilidad supera al de cualquier tiempo pasado. M\u00e1s presente que nunca en la cultura occidental, en nuestras librer\u00edas hay cientos de t\u00edtulos de manga junto al \u00faltimo superventas de Haruki Murakami, televisi\u00f3n y plataformas ofrecen series <\/span><i style=\"font-size: 16px;\">anime<\/i><span style=\"font-size: 16px;\">\u00a0y films, internet nos permite escuchar una nost\u00e1lgica canci\u00f3n\u00a0<\/span><i style=\"font-size: 16px;\">enka<\/i><span style=\"font-size: 16px;\">\u00a0y luego, para concluir la jornada, pediremos para cenar unos platos de\u00a0<\/span><i style=\"font-size: 16px;\">ramen<\/i><span style=\"font-size: 16px;\">\u00a0y\u00a0<\/span><i style=\"font-size: 16px;\">sushi<\/i><span style=\"font-size: 16px;\">\u2026<\/span><\/div>\n<\/div>\n<div class=\"elementor-element elementor-element-93e3ed0 elementor-widget elementor-widget-theme-post-content\" data-id=\"93e3ed0\" data-element_type=\"widget\" data-widget_type=\"theme-post-content.default\">\n<div class=\"elementor-widget-container\">\n<p>Este curso pretende acercar y contextualizar para su comprensi\u00f3n las principales manifestaciones art\u00edsticas (tradicionales y modernas) seg\u00fan el modo de pensar del pueblo japon\u00e9s. En ellas hay conjunci\u00f3n de \u2018alta\u2019 y \u2018baja\u2019 cultura, en el \u00e1mbito de una sociedad que equilibra la introspecci\u00f3n personal con la expresi\u00f3n y autoafirmaci\u00f3n a trav\u00e9s de la pr\u00e1ctica art\u00edstica y su consumo. De este modo se realizar\u00e1 un inicio de entendimiento de la especial idiosincrasia del pueblo nip\u00f3n.<\/p>\n<div class=\"cajasActividad\">\n<div class=\"cuadro_verde bcolor_a1\">\n<dl id=\"\">\n<dt>Online o presencial<\/dt>\n<dt><\/dt>\n<dt><\/dt>\n<dt><\/dt>\n<dt><a href=\"https:\/\/extension.uned.es\/actividad\/idactividad\/47219\"><strong>Matr\u00edcula\u00a0<\/strong><\/a><\/dt>\n<dd><\/dd>\n<\/dl>\n<\/div>\n<\/div>\n<div><strong>Programa<\/strong><\/div>\n<dl id=\"\">\n<dd>\n<ul id=\"programa\">\n<li><span class=\"fechas_programa\">lunes, 27 de octubre<\/span>\n<ul>\n<li><span class=\"h\">18:00-20:00 h.<\/span>\u00a0<span class=\"t color_b3\">Historia de Jap\u00f3n. La constante alternancia entre la apertura al resto del mundo y el aislamiento insular.<\/span>\n<ul class=\"listaPonente\">\n<li class=\"datosPonentes\"><span class=\"ponente\">Juan Urd\u00e1niz Escolano<\/span>\u00a0<span class=\"cargo\"><span class=\"cargo_ponente\">Profesor de Piano. Conservatorio Profesional \u201cPablo Sarasate\u00bb. Profesor de Historia de la M\u00fasica Japonesa en el M\u00e1ster en Estudios Japoneses de la Universidad de Zaragoza.<\/span><\/span><\/li>\n<\/ul>\n<\/li>\n<\/ul>\n<\/li>\n<li><span class=\"fechas_programa\">lunes, 3 de noviembre<\/span>\n<ul>\n<li><span class=\"h\">18:00-20:00 h.<\/span>\u00a0<span class=\"t color_b3\">El idioma japon\u00e9s. C\u00f3mo se refleja el modo de pensar en la expresi\u00f3n oral y escrita. Budismo, sinto\u00edsmo y cristianismo. Influencia en la est\u00e9tica del arte.<\/span>\n<ul class=\"listaPonente\">\n<li class=\"datosPonentes\"><span class=\"ponente\">Juan Urd\u00e1niz Escolano<\/span>\u00a0<span class=\"cargo\"><span class=\"cargo_ponente\">Profesor de Piano. Conservatorio Profesional \u201cPablo Sarasate\u00bb. Profesor de Historia de la M\u00fasica Japonesa en el M\u00e1ster en Estudios Japoneses de la Universidad de Zaragoza.<\/span><\/span><\/li>\n<\/ul>\n<\/li>\n<\/ul>\n<\/li>\n<li><span class=\"fechas_programa\">lunes, 10 de noviembre<\/span>\n<ul>\n<li><span class=\"h\">18:00-20:00 h.<\/span>\u00a0<span class=\"t color_b3\">Literatura. De la poes\u00eda a la novela contempor\u00e1nea.<\/span>\n<ul class=\"listaPonente\">\n<li class=\"datosPonentes\"><span class=\"ponente\">Juan Urd\u00e1niz Escolano<\/span>\u00a0<span class=\"cargo\"><span class=\"cargo_ponente\">Profesor de Piano. Conservatorio Profesional \u201cPablo Sarasate\u00bb. Profesor de Historia de la M\u00fasica Japonesa en el M\u00e1ster en Estudios Japoneses de la Universidad de Zaragoza.<\/span><\/span><\/li>\n<\/ul>\n<\/li>\n<\/ul>\n<\/li>\n<li><span class=\"fechas_programa\">lunes, 17 de noviembre<\/span>\n<ul>\n<li><span class=\"h\">18:00-20:00 h.<\/span>\u00a0<span class=\"t color_b3\">Cine. Desde las primeras proyecciones cinematogr\u00e1ficas a la actualidad.<\/span>\n<ul class=\"listaPonente\">\n<li class=\"datosPonentes\"><span class=\"ponente\">Juan Urd\u00e1niz Escolano<\/span>\u00a0<span class=\"cargo\"><span class=\"cargo_ponente\">Profesor de Piano. Conservatorio Profesional \u201cPablo Sarasate\u00bb. Profesor de Historia de la M\u00fasica Japonesa en el M\u00e1ster en Estudios Japoneses de la Universidad de Zaragoza.<\/span><\/span><\/li>\n<\/ul>\n<\/li>\n<\/ul>\n<\/li>\n<li><span class=\"fechas_programa\">lunes, 24 de noviembre<\/span>\n<ul>\n<li><span class=\"h\">18:00-20:00 h.<\/span>\u00a0<span class=\"t color_b3\">Gastronom\u00eda. La cocina y la ceremonia del t\u00e9 como lenguaje, simbolismo y ritual.<\/span>\n<ul class=\"listaPonente\">\n<li class=\"datosPonentes\"><span class=\"ponente\">Juan Urd\u00e1niz Escolano<\/span>\u00a0<span class=\"cargo\"><span class=\"cargo_ponente\">Profesor de Piano. Conservatorio Profesional \u201cPablo Sarasate\u00bb. Profesor de Historia de la M\u00fasica Japonesa en el M\u00e1ster en Estudios Japoneses de la Universidad de<\/span><\/span><\/li>\n<\/ul>\n<\/li>\n<\/ul>\n<\/li>\n<\/ul>\n<\/dd>\n<\/dl>\n<\/div>\n<\/div>\n<\/div>\n<\/div>\n<\/div>\n<div class=\"elementor-element elementor-element-eb2e902 e-con-full e-flex e-con e-child\" data-id=\"eb2e902\" data-element_type=\"container\" data-settings=\"{&quot;content_width&quot;:&quot;full&quot;}\">\n<div class=\"elementor-element elementor-element-17245d0 elementor-widget-divider--view-line elementor-widget elementor-widget-divider\" data-id=\"17245d0\" data-element_type=\"widget\" data-widget_type=\"divider.default\">\n<div class=\"elementor-widget-container\">\n<div class=\"elementor-divider\"><\/div>\n<\/div>\n<\/div>\n<\/div>\n","protected":false},"excerpt":{"rendered":"<p>El actual y creciente inter\u00e9s por la cultura japonesa y su disponibilidad supera al de cualquier tiempo pasado. M\u00e1s presente que nunca en la cultura occidental, en nuestras librer\u00edas hay cientos de t\u00edtulos de manga junto al \u00faltimo superventas de Haruki Murakami, televisi\u00f3n y plataformas ofrecen series anime\u00a0y films, internet nos permite escuchar una nost\u00e1lgica [&hellip;]<\/p>\n","protected":false},"author":2,"featured_media":13672,"comment_status":"closed","ping_status":"closed","sticky":false,"template":"","format":"standard","meta":{"footnotes":""},"categories":[1],"tags":[],"yoast_head":"<!-- This site is optimized with the Yoast SEO plugin v22.5 - https:\/\/yoast.com\/wordpress\/plugins\/seo\/ -->\n<title>Curso &quot;El imperio del sol naciente: arte y cultura de Jap\u00f3n I&quot;. A partir del 27 de octubre, en UNED Pamplona - UNED Pamplona<\/title>\n<meta name=\"robots\" content=\"index, follow, max-snippet:-1, max-image-preview:large, max-video-preview:-1\" \/>\n<link rel=\"canonical\" href=\"https:\/\/unedpamplona.es\/eu\/curso-el-imperio-del-sol-naciente-arte-y-cultura-de-japon-i\/\" \/>\n<meta property=\"og:locale\" content=\"eu_ES\" \/>\n<meta property=\"og:type\" content=\"article\" \/>\n<meta property=\"og:title\" content=\"Curso &quot;El imperio del sol naciente: arte y cultura de Jap\u00f3n I&quot;. A partir del 27 de octubre, en UNED Pamplona - UNED Pamplona\" \/>\n<meta property=\"og:description\" content=\"El actual y creciente inter\u00e9s por la cultura japonesa y su disponibilidad supera al de cualquier tiempo pasado. M\u00e1s presente que nunca en la cultura occidental, en nuestras librer\u00edas hay cientos de t\u00edtulos de manga junto al \u00faltimo superventas de Haruki Murakami, televisi\u00f3n y plataformas ofrecen series anime\u00a0y films, internet nos permite escuchar una nost\u00e1lgica [&hellip;]\" \/>\n<meta property=\"og:url\" content=\"https:\/\/unedpamplona.es\/eu\/curso-el-imperio-del-sol-naciente-arte-y-cultura-de-japon-i\/\" \/>\n<meta property=\"og:site_name\" content=\"UNED Pamplona\" \/>\n<meta property=\"article:published_time\" content=\"2025-10-20T07:39:04+00:00\" \/>\n<meta property=\"article:modified_time\" content=\"2025-10-29T10:41:36+00:00\" \/>\n<meta property=\"og:image\" content=\"https:\/\/unedpamplona.es\/wp-content\/uploads\/2025\/10\/Japon.jpeg\" \/>\n\t<meta property=\"og:image:width\" content=\"1253\" \/>\n\t<meta property=\"og:image:height\" content=\"487\" \/>\n\t<meta property=\"og:image:type\" content=\"image\/jpeg\" \/>\n<meta name=\"author\" content=\"uned\" \/>\n<meta name=\"twitter:card\" content=\"summary_large_image\" \/>\n<meta name=\"twitter:creator\" content=\"@unedpamplona\" \/>\n<meta name=\"twitter:site\" content=\"@unedpamplona\" \/>\n<meta name=\"twitter:label1\" content=\"Written by\" \/>\n\t<meta name=\"twitter:data1\" content=\"uned\" \/>\n\t<meta name=\"twitter:label2\" content=\"Est. reading time\" \/>\n\t<meta name=\"twitter:data2\" content=\"3 minutes\" \/>\n<script type=\"application\/ld+json\" class=\"yoast-schema-graph\">{\"@context\":\"https:\/\/schema.org\",\"@graph\":[{\"@type\":\"Article\",\"@id\":\"https:\/\/unedpamplona.es\/eu\/curso-el-imperio-del-sol-naciente-arte-y-cultura-de-japon-i\/#article\",\"isPartOf\":{\"@id\":\"https:\/\/unedpamplona.es\/eu\/curso-el-imperio-del-sol-naciente-arte-y-cultura-de-japon-i\/\"},\"author\":{\"name\":\"uned\",\"@id\":\"https:\/\/unedpamplona.es\/eu\/#\/schema\/person\/62a05b70c6808d41d8de2111f2b5f568\"},\"headline\":\"Curso &#8220;El imperio del sol naciente: arte y cultura de Jap\u00f3n I&#8221;. A partir del 27 de octubre, en UNED Pamplona\",\"datePublished\":\"2025-10-20T07:39:04+00:00\",\"dateModified\":\"2025-10-29T10:41:36+00:00\",\"mainEntityOfPage\":{\"@id\":\"https:\/\/unedpamplona.es\/eu\/curso-el-imperio-del-sol-naciente-arte-y-cultura-de-japon-i\/\"},\"wordCount\":455,\"publisher\":{\"@id\":\"https:\/\/unedpamplona.es\/eu\/#organization\"},\"image\":{\"@id\":\"https:\/\/unedpamplona.es\/eu\/curso-el-imperio-del-sol-naciente-arte-y-cultura-de-japon-i\/#primaryimage\"},\"thumbnailUrl\":\"https:\/\/unedpamplona.es\/wp-content\/uploads\/2025\/10\/Japon.jpeg\",\"articleSection\":[\"Sin categorizar\"],\"inLanguage\":\"eu-ES\"},{\"@type\":\"WebPage\",\"@id\":\"https:\/\/unedpamplona.es\/eu\/curso-el-imperio-del-sol-naciente-arte-y-cultura-de-japon-i\/\",\"url\":\"https:\/\/unedpamplona.es\/eu\/curso-el-imperio-del-sol-naciente-arte-y-cultura-de-japon-i\/\",\"name\":\"Curso \\\"El imperio del sol naciente: arte y cultura de Jap\u00f3n I\\\". A partir del 27 de octubre, en UNED Pamplona - UNED Pamplona\",\"isPartOf\":{\"@id\":\"https:\/\/unedpamplona.es\/eu\/#website\"},\"primaryImageOfPage\":{\"@id\":\"https:\/\/unedpamplona.es\/eu\/curso-el-imperio-del-sol-naciente-arte-y-cultura-de-japon-i\/#primaryimage\"},\"image\":{\"@id\":\"https:\/\/unedpamplona.es\/eu\/curso-el-imperio-del-sol-naciente-arte-y-cultura-de-japon-i\/#primaryimage\"},\"thumbnailUrl\":\"https:\/\/unedpamplona.es\/wp-content\/uploads\/2025\/10\/Japon.jpeg\",\"datePublished\":\"2025-10-20T07:39:04+00:00\",\"dateModified\":\"2025-10-29T10:41:36+00:00\",\"inLanguage\":\"eu-ES\",\"potentialAction\":[{\"@type\":\"ReadAction\",\"target\":[\"https:\/\/unedpamplona.es\/eu\/curso-el-imperio-del-sol-naciente-arte-y-cultura-de-japon-i\/\"]}]},{\"@type\":\"ImageObject\",\"inLanguage\":\"eu-ES\",\"@id\":\"https:\/\/unedpamplona.es\/eu\/curso-el-imperio-del-sol-naciente-arte-y-cultura-de-japon-i\/#primaryimage\",\"url\":\"https:\/\/unedpamplona.es\/wp-content\/uploads\/2025\/10\/Japon.jpeg\",\"contentUrl\":\"https:\/\/unedpamplona.es\/wp-content\/uploads\/2025\/10\/Japon.jpeg\",\"width\":1253,\"height\":487},{\"@type\":\"WebSite\",\"@id\":\"https:\/\/unedpamplona.es\/eu\/#website\",\"url\":\"https:\/\/unedpamplona.es\/eu\/\",\"name\":\"UNED Pamplona\",\"description\":\"\",\"publisher\":{\"@id\":\"https:\/\/unedpamplona.es\/eu\/#organization\"},\"potentialAction\":[{\"@type\":\"SearchAction\",\"target\":{\"@type\":\"EntryPoint\",\"urlTemplate\":\"https:\/\/unedpamplona.es\/eu\/?s={search_term_string}\"},\"query-input\":\"required name=search_term_string\"}],\"inLanguage\":\"eu-ES\"},{\"@type\":\"Organization\",\"@id\":\"https:\/\/unedpamplona.es\/eu\/#organization\",\"name\":\"UNED Pamplona\",\"url\":\"https:\/\/unedpamplona.es\/eu\/\",\"logo\":{\"@type\":\"ImageObject\",\"inLanguage\":\"eu-ES\",\"@id\":\"https:\/\/unedpamplona.es\/eu\/#\/schema\/logo\/image\/\",\"url\":\"https:\/\/unedpamplona.es\/wp-content\/uploads\/2024\/02\/uned_pamplona_logo.png\",\"contentUrl\":\"https:\/\/unedpamplona.es\/wp-content\/uploads\/2024\/02\/uned_pamplona_logo.png\",\"width\":218,\"height\":104,\"caption\":\"UNED Pamplona\"},\"image\":{\"@id\":\"https:\/\/unedpamplona.es\/eu\/#\/schema\/logo\/image\/\"},\"sameAs\":[\"https:\/\/x.com\/unedpamplona\",\"https:\/\/www.youtube.com\/channel\/UCR2jc6TbCMAPnbcA17Z0wwg\",\"https:\/\/www.instagram.com\/unedpamplona\/\"]},{\"@type\":\"Person\",\"@id\":\"https:\/\/unedpamplona.es\/eu\/#\/schema\/person\/62a05b70c6808d41d8de2111f2b5f568\",\"name\":\"uned\",\"image\":{\"@type\":\"ImageObject\",\"inLanguage\":\"eu-ES\",\"@id\":\"https:\/\/unedpamplona.es\/eu\/#\/schema\/person\/image\/\",\"url\":\"https:\/\/secure.gravatar.com\/avatar\/344a1f8262dc552fd951ddf77b72239b?s=96&d=mm&r=g\",\"contentUrl\":\"https:\/\/secure.gravatar.com\/avatar\/344a1f8262dc552fd951ddf77b72239b?s=96&d=mm&r=g\",\"caption\":\"uned\"},\"url\":\"https:\/\/unedpamplona.es\/eu\/author\/uned\/\"}]}<\/script>\n<!-- \/ Yoast SEO plugin. -->","yoast_head_json":{"title":"Curso \"El imperio del sol naciente: arte y cultura de Jap\u00f3n I\". A partir del 27 de octubre, en UNED Pamplona - UNED Pamplona","robots":{"index":"index","follow":"follow","max-snippet":"max-snippet:-1","max-image-preview":"max-image-preview:large","max-video-preview":"max-video-preview:-1"},"canonical":"https:\/\/unedpamplona.es\/eu\/curso-el-imperio-del-sol-naciente-arte-y-cultura-de-japon-i\/","og_locale":"eu_ES","og_type":"article","og_title":"Curso \"El imperio del sol naciente: arte y cultura de Jap\u00f3n I\". A partir del 27 de octubre, en UNED Pamplona - UNED Pamplona","og_description":"El actual y creciente inter\u00e9s por la cultura japonesa y su disponibilidad supera al de cualquier tiempo pasado. M\u00e1s presente que nunca en la cultura occidental, en nuestras librer\u00edas hay cientos de t\u00edtulos de manga junto al \u00faltimo superventas de Haruki Murakami, televisi\u00f3n y plataformas ofrecen series anime\u00a0y films, internet nos permite escuchar una nost\u00e1lgica [&hellip;]","og_url":"https:\/\/unedpamplona.es\/eu\/curso-el-imperio-del-sol-naciente-arte-y-cultura-de-japon-i\/","og_site_name":"UNED Pamplona","article_published_time":"2025-10-20T07:39:04+00:00","article_modified_time":"2025-10-29T10:41:36+00:00","og_image":[{"width":1253,"height":487,"url":"https:\/\/unedpamplona.es\/wp-content\/uploads\/2025\/10\/Japon.jpeg","type":"image\/jpeg"}],"author":"uned","twitter_card":"summary_large_image","twitter_creator":"@unedpamplona","twitter_site":"@unedpamplona","twitter_misc":{"Written by":"uned","Est. reading time":"3 minutes"},"schema":{"@context":"https:\/\/schema.org","@graph":[{"@type":"Article","@id":"https:\/\/unedpamplona.es\/eu\/curso-el-imperio-del-sol-naciente-arte-y-cultura-de-japon-i\/#article","isPartOf":{"@id":"https:\/\/unedpamplona.es\/eu\/curso-el-imperio-del-sol-naciente-arte-y-cultura-de-japon-i\/"},"author":{"name":"uned","@id":"https:\/\/unedpamplona.es\/eu\/#\/schema\/person\/62a05b70c6808d41d8de2111f2b5f568"},"headline":"Curso &#8220;El imperio del sol naciente: arte y cultura de Jap\u00f3n I&#8221;. A partir del 27 de octubre, en UNED Pamplona","datePublished":"2025-10-20T07:39:04+00:00","dateModified":"2025-10-29T10:41:36+00:00","mainEntityOfPage":{"@id":"https:\/\/unedpamplona.es\/eu\/curso-el-imperio-del-sol-naciente-arte-y-cultura-de-japon-i\/"},"wordCount":455,"publisher":{"@id":"https:\/\/unedpamplona.es\/eu\/#organization"},"image":{"@id":"https:\/\/unedpamplona.es\/eu\/curso-el-imperio-del-sol-naciente-arte-y-cultura-de-japon-i\/#primaryimage"},"thumbnailUrl":"https:\/\/unedpamplona.es\/wp-content\/uploads\/2025\/10\/Japon.jpeg","articleSection":["Sin categorizar"],"inLanguage":"eu-ES"},{"@type":"WebPage","@id":"https:\/\/unedpamplona.es\/eu\/curso-el-imperio-del-sol-naciente-arte-y-cultura-de-japon-i\/","url":"https:\/\/unedpamplona.es\/eu\/curso-el-imperio-del-sol-naciente-arte-y-cultura-de-japon-i\/","name":"Curso \"El imperio del sol naciente: arte y cultura de Jap\u00f3n I\". A partir del 27 de octubre, en UNED Pamplona - UNED Pamplona","isPartOf":{"@id":"https:\/\/unedpamplona.es\/eu\/#website"},"primaryImageOfPage":{"@id":"https:\/\/unedpamplona.es\/eu\/curso-el-imperio-del-sol-naciente-arte-y-cultura-de-japon-i\/#primaryimage"},"image":{"@id":"https:\/\/unedpamplona.es\/eu\/curso-el-imperio-del-sol-naciente-arte-y-cultura-de-japon-i\/#primaryimage"},"thumbnailUrl":"https:\/\/unedpamplona.es\/wp-content\/uploads\/2025\/10\/Japon.jpeg","datePublished":"2025-10-20T07:39:04+00:00","dateModified":"2025-10-29T10:41:36+00:00","inLanguage":"eu-ES","potentialAction":[{"@type":"ReadAction","target":["https:\/\/unedpamplona.es\/eu\/curso-el-imperio-del-sol-naciente-arte-y-cultura-de-japon-i\/"]}]},{"@type":"ImageObject","inLanguage":"eu-ES","@id":"https:\/\/unedpamplona.es\/eu\/curso-el-imperio-del-sol-naciente-arte-y-cultura-de-japon-i\/#primaryimage","url":"https:\/\/unedpamplona.es\/wp-content\/uploads\/2025\/10\/Japon.jpeg","contentUrl":"https:\/\/unedpamplona.es\/wp-content\/uploads\/2025\/10\/Japon.jpeg","width":1253,"height":487},{"@type":"WebSite","@id":"https:\/\/unedpamplona.es\/eu\/#website","url":"https:\/\/unedpamplona.es\/eu\/","name":"UNED Pamplona","description":"","publisher":{"@id":"https:\/\/unedpamplona.es\/eu\/#organization"},"potentialAction":[{"@type":"SearchAction","target":{"@type":"EntryPoint","urlTemplate":"https:\/\/unedpamplona.es\/eu\/?s={search_term_string}"},"query-input":"required name=search_term_string"}],"inLanguage":"eu-ES"},{"@type":"Organization","@id":"https:\/\/unedpamplona.es\/eu\/#organization","name":"UNED Pamplona","url":"https:\/\/unedpamplona.es\/eu\/","logo":{"@type":"ImageObject","inLanguage":"eu-ES","@id":"https:\/\/unedpamplona.es\/eu\/#\/schema\/logo\/image\/","url":"https:\/\/unedpamplona.es\/wp-content\/uploads\/2024\/02\/uned_pamplona_logo.png","contentUrl":"https:\/\/unedpamplona.es\/wp-content\/uploads\/2024\/02\/uned_pamplona_logo.png","width":218,"height":104,"caption":"UNED Pamplona"},"image":{"@id":"https:\/\/unedpamplona.es\/eu\/#\/schema\/logo\/image\/"},"sameAs":["https:\/\/x.com\/unedpamplona","https:\/\/www.youtube.com\/channel\/UCR2jc6TbCMAPnbcA17Z0wwg","https:\/\/www.instagram.com\/unedpamplona\/"]},{"@type":"Person","@id":"https:\/\/unedpamplona.es\/eu\/#\/schema\/person\/62a05b70c6808d41d8de2111f2b5f568","name":"uned","image":{"@type":"ImageObject","inLanguage":"eu-ES","@id":"https:\/\/unedpamplona.es\/eu\/#\/schema\/person\/image\/","url":"https:\/\/secure.gravatar.com\/avatar\/344a1f8262dc552fd951ddf77b72239b?s=96&d=mm&r=g","contentUrl":"https:\/\/secure.gravatar.com\/avatar\/344a1f8262dc552fd951ddf77b72239b?s=96&d=mm&r=g","caption":"uned"},"url":"https:\/\/unedpamplona.es\/eu\/author\/uned\/"}]}},"_links":{"self":[{"href":"https:\/\/unedpamplona.es\/eu\/wp-json\/wp\/v2\/posts\/13709"}],"collection":[{"href":"https:\/\/unedpamplona.es\/eu\/wp-json\/wp\/v2\/posts"}],"about":[{"href":"https:\/\/unedpamplona.es\/eu\/wp-json\/wp\/v2\/types\/post"}],"author":[{"embeddable":true,"href":"https:\/\/unedpamplona.es\/eu\/wp-json\/wp\/v2\/users\/2"}],"replies":[{"embeddable":true,"href":"https:\/\/unedpamplona.es\/eu\/wp-json\/wp\/v2\/comments?post=13709"}],"version-history":[{"count":10,"href":"https:\/\/unedpamplona.es\/eu\/wp-json\/wp\/v2\/posts\/13709\/revisions"}],"predecessor-version":[{"id":13724,"href":"https:\/\/unedpamplona.es\/eu\/wp-json\/wp\/v2\/posts\/13709\/revisions\/13724"}],"wp:featuredmedia":[{"embeddable":true,"href":"https:\/\/unedpamplona.es\/eu\/wp-json\/wp\/v2\/media\/13672"}],"wp:attachment":[{"href":"https:\/\/unedpamplona.es\/eu\/wp-json\/wp\/v2\/media?parent=13709"}],"wp:term":[{"taxonomy":"category","embeddable":true,"href":"https:\/\/unedpamplona.es\/eu\/wp-json\/wp\/v2\/categories?post=13709"},{"taxonomy":"post_tag","embeddable":true,"href":"https:\/\/unedpamplona.es\/eu\/wp-json\/wp\/v2\/tags?post=13709"}],"curies":[{"name":"wp","href":"https:\/\/api.w.org\/{rel}","templated":true}]}}