{"id":14094,"date":"2025-11-10T09:37:43","date_gmt":"2025-11-10T08:37:43","guid":{"rendered":"https:\/\/unedpamplona.es\/?p=14094"},"modified":"2025-11-19T09:53:18","modified_gmt":"2025-11-19T08:53:18","slug":"conferencia-de-la-catedra-ansiedad-y-depresion-bases-emocionales-y-salud-mental","status":"publish","type":"post","link":"https:\/\/unedpamplona.es\/eu\/conferencia-de-la-catedra-ansiedad-y-depresion-bases-emocionales-y-salud-mental\/","title":{"rendered":"Conferencia \u201cAnsiedad y depresi\u00f3n: bases emocionales y salud mental\u201d. C\u00e1tedra de Inteligencia Emocional"},"content":{"rendered":"<p>Desde la C\u00e1tedra de Inteligencia Emocional de UNED Pamplona y Fundaci\u00f3n Caja Navarra, se ha organizado la conferencia <strong>\u201cAnsiedad y depresi\u00f3n: bases emocionales y salud mental\u201d. <\/strong>Nuestras emociones y estados de \u00e1nimo con consustanciales a los seres humanos. Dan vida a la vida. A veces, tambi\u00e9n, nos hacen sufrir. Los problemas de regulaci\u00f3n emocional, especialmente los relacionados con las emociones y estados de \u00e1nimo negativos, como la tristeza, el miedo, la ansiedad, la verg\u00fcenza, la culpa o la ira, est\u00e1n en la base de un n\u00famero importante de problemas y trastornos psicol\u00f3gicos.<\/p>\n<p>Los trastornos depresivos y de la ansiedad son los trastornos mentales m\u00e1s frecuentes en la poblaci\u00f3n, y una de las causas m\u00e1s importantes de a\u00f1os de vida perdidos por discapacidad e incluso, en casos graves, mortalidad.<\/p>\n<p>En esta conferencia se abordar\u00e1n estos dos tipos de trastornos, en particular su definici\u00f3n e identificaci\u00f3n, su importancia sociosanitaria , sus causas y factores de riesgo, su prevenci\u00f3n y los tratamientos m\u00e1s eficaces actualmente.<\/p>\n<p><strong>Fecha: 18 de noviembre de 2025, de 19:00 a 20:30 h.<\/strong><\/p>\n<p>Online o presencial<\/p>\n<div><strong>Programa<\/strong><\/div>\n<div>Martes, 18 de noviembre, de\u00a0<span class=\"h\">19:00-20:30 h.<\/span>\u00a0<span class=\"t color_b3\">Ansiedad y depresi\u00f3n: bases emocionales y salud mental <\/span><\/div>\n<div><\/div>\n<div><span class=\"ponente\"><strong>Ponente:<\/strong> Mar\u00eda Paz Garc\u00eda Vera<\/span>\u00a0<span class=\"cargo\"><span class=\"cargo_ponente\">Catedr\u00e1tica de Psicolog\u00eda de la Universidad Complutense de Madrid<\/span><\/span><\/div>\n<dl id=\"\">\n<dt><\/dt>\n<dt><\/dt>\n<dt><\/dt>\n<dt><strong>Matr\u00edcula gratuita, previa inscripci\u00f3n: <a href=\"https:\/\/extension.uned.es\/actividad\/48095&amp;codigo=BEYSM\">Conferencia: \u201cAnsiedad y depresi\u00f3n: bases emocionales y salud mental\u201d | Extensi\u00f3n Universitaria en Pamplona | UNED<\/a><\/strong><\/dt>\n<dd><\/dd>\n<\/dl>\n","protected":false},"excerpt":{"rendered":"<p>Desde la C\u00e1tedra de Inteligencia Emocional de UNED Pamplona y Fundaci\u00f3n Caja Navarra, se ha organizado la conferencia \u201cAnsiedad y depresi\u00f3n: bases emocionales y salud mental\u201d. Nuestras emociones y estados de \u00e1nimo con consustanciales a los seres humanos. Dan vida a la vida. A veces, tambi\u00e9n, nos hacen sufrir. Los problemas de regulaci\u00f3n emocional, especialmente [&hellip;]<\/p>\n","protected":false},"author":2,"featured_media":14126,"comment_status":"closed","ping_status":"closed","sticky":false,"template":"","format":"standard","meta":{"footnotes":""},"categories":[11],"tags":[],"yoast_head":"<!-- This site is optimized with the Yoast SEO plugin v22.5 - https:\/\/yoast.com\/wordpress\/plugins\/seo\/ -->\n<title>Conferencia \u201cAnsiedad y depresi\u00f3n: bases emocionales y salud mental\u201d. C\u00e1tedra de Inteligencia Emocional - UNED Pamplona<\/title>\n<meta name=\"robots\" content=\"index, follow, max-snippet:-1, max-image-preview:large, max-video-preview:-1\" \/>\n<link rel=\"canonical\" href=\"https:\/\/unedpamplona.es\/eu\/conferencia-de-la-catedra-ansiedad-y-depresion-bases-emocionales-y-salud-mental\/\" \/>\n<meta property=\"og:locale\" content=\"eu_ES\" \/>\n<meta property=\"og:type\" content=\"article\" \/>\n<meta property=\"og:title\" content=\"Conferencia \u201cAnsiedad y depresi\u00f3n: bases emocionales y salud mental\u201d. C\u00e1tedra de Inteligencia Emocional - UNED Pamplona\" \/>\n<meta property=\"og:description\" content=\"Desde la C\u00e1tedra de Inteligencia Emocional de UNED Pamplona y Fundaci\u00f3n Caja Navarra, se ha organizado la conferencia \u201cAnsiedad y depresi\u00f3n: bases emocionales y salud mental\u201d. Nuestras emociones y estados de \u00e1nimo con consustanciales a los seres humanos. Dan vida a la vida. A veces, tambi\u00e9n, nos hacen sufrir. Los problemas de regulaci\u00f3n emocional, especialmente [&hellip;]\" \/>\n<meta property=\"og:url\" content=\"https:\/\/unedpamplona.es\/eu\/conferencia-de-la-catedra-ansiedad-y-depresion-bases-emocionales-y-salud-mental\/\" \/>\n<meta property=\"og:site_name\" content=\"UNED Pamplona\" \/>\n<meta property=\"article:published_time\" content=\"2025-11-10T08:37:43+00:00\" \/>\n<meta property=\"article:modified_time\" content=\"2025-11-19T08:53:18+00:00\" \/>\n<meta property=\"og:image\" content=\"https:\/\/unedpamplona.es\/wp-content\/uploads\/2025\/10\/Ansiedadydepresion.jpeg\" \/>\n\t<meta property=\"og:image:width\" content=\"1232\" \/>\n\t<meta property=\"og:image:height\" content=\"493\" \/>\n\t<meta property=\"og:image:type\" content=\"image\/jpeg\" \/>\n<meta name=\"author\" content=\"uned\" \/>\n<meta name=\"twitter:card\" content=\"summary_large_image\" \/>\n<meta name=\"twitter:creator\" content=\"@unedpamplona\" \/>\n<meta name=\"twitter:site\" content=\"@unedpamplona\" \/>\n<meta name=\"twitter:label1\" content=\"Written by\" \/>\n\t<meta name=\"twitter:data1\" content=\"uned\" \/>\n\t<meta name=\"twitter:label2\" content=\"Est. reading time\" \/>\n\t<meta name=\"twitter:data2\" content=\"2 minutes\" \/>\n<script type=\"application\/ld+json\" class=\"yoast-schema-graph\">{\"@context\":\"https:\/\/schema.org\",\"@graph\":[{\"@type\":\"Article\",\"@id\":\"https:\/\/unedpamplona.es\/eu\/conferencia-de-la-catedra-ansiedad-y-depresion-bases-emocionales-y-salud-mental\/#article\",\"isPartOf\":{\"@id\":\"https:\/\/unedpamplona.es\/eu\/conferencia-de-la-catedra-ansiedad-y-depresion-bases-emocionales-y-salud-mental\/\"},\"author\":{\"name\":\"uned\",\"@id\":\"https:\/\/unedpamplona.es\/eu\/#\/schema\/person\/62a05b70c6808d41d8de2111f2b5f568\"},\"headline\":\"Conferencia \u201cAnsiedad y depresi\u00f3n: bases emocionales y salud mental\u201d. C\u00e1tedra de Inteligencia Emocional\",\"datePublished\":\"2025-11-10T08:37:43+00:00\",\"dateModified\":\"2025-11-19T08:53:18+00:00\",\"mainEntityOfPage\":{\"@id\":\"https:\/\/unedpamplona.es\/eu\/conferencia-de-la-catedra-ansiedad-y-depresion-bases-emocionales-y-salud-mental\/\"},\"wordCount\":260,\"publisher\":{\"@id\":\"https:\/\/unedpamplona.es\/eu\/#organization\"},\"image\":{\"@id\":\"https:\/\/unedpamplona.es\/eu\/conferencia-de-la-catedra-ansiedad-y-depresion-bases-emocionales-y-salud-mental\/#primaryimage\"},\"thumbnailUrl\":\"https:\/\/unedpamplona.es\/wp-content\/uploads\/2025\/10\/Ansiedadydepresion.jpeg\",\"articleSection\":[\"Actualidad\"],\"inLanguage\":\"eu-ES\"},{\"@type\":\"WebPage\",\"@id\":\"https:\/\/unedpamplona.es\/eu\/conferencia-de-la-catedra-ansiedad-y-depresion-bases-emocionales-y-salud-mental\/\",\"url\":\"https:\/\/unedpamplona.es\/eu\/conferencia-de-la-catedra-ansiedad-y-depresion-bases-emocionales-y-salud-mental\/\",\"name\":\"Conferencia \u201cAnsiedad y depresi\u00f3n: bases emocionales y salud mental\u201d. C\u00e1tedra de Inteligencia Emocional - UNED Pamplona\",\"isPartOf\":{\"@id\":\"https:\/\/unedpamplona.es\/eu\/#website\"},\"primaryImageOfPage\":{\"@id\":\"https:\/\/unedpamplona.es\/eu\/conferencia-de-la-catedra-ansiedad-y-depresion-bases-emocionales-y-salud-mental\/#primaryimage\"},\"image\":{\"@id\":\"https:\/\/unedpamplona.es\/eu\/conferencia-de-la-catedra-ansiedad-y-depresion-bases-emocionales-y-salud-mental\/#primaryimage\"},\"thumbnailUrl\":\"https:\/\/unedpamplona.es\/wp-content\/uploads\/2025\/10\/Ansiedadydepresion.jpeg\",\"datePublished\":\"2025-11-10T08:37:43+00:00\",\"dateModified\":\"2025-11-19T08:53:18+00:00\",\"inLanguage\":\"eu-ES\",\"potentialAction\":[{\"@type\":\"ReadAction\",\"target\":[\"https:\/\/unedpamplona.es\/eu\/conferencia-de-la-catedra-ansiedad-y-depresion-bases-emocionales-y-salud-mental\/\"]}]},{\"@type\":\"ImageObject\",\"inLanguage\":\"eu-ES\",\"@id\":\"https:\/\/unedpamplona.es\/eu\/conferencia-de-la-catedra-ansiedad-y-depresion-bases-emocionales-y-salud-mental\/#primaryimage\",\"url\":\"https:\/\/unedpamplona.es\/wp-content\/uploads\/2025\/10\/Ansiedadydepresion.jpeg\",\"contentUrl\":\"https:\/\/unedpamplona.es\/wp-content\/uploads\/2025\/10\/Ansiedadydepresion.jpeg\",\"width\":1232,\"height\":493},{\"@type\":\"WebSite\",\"@id\":\"https:\/\/unedpamplona.es\/eu\/#website\",\"url\":\"https:\/\/unedpamplona.es\/eu\/\",\"name\":\"UNED Pamplona\",\"description\":\"\",\"publisher\":{\"@id\":\"https:\/\/unedpamplona.es\/eu\/#organization\"},\"potentialAction\":[{\"@type\":\"SearchAction\",\"target\":{\"@type\":\"EntryPoint\",\"urlTemplate\":\"https:\/\/unedpamplona.es\/eu\/?s={search_term_string}\"},\"query-input\":\"required name=search_term_string\"}],\"inLanguage\":\"eu-ES\"},{\"@type\":\"Organization\",\"@id\":\"https:\/\/unedpamplona.es\/eu\/#organization\",\"name\":\"UNED Pamplona\",\"url\":\"https:\/\/unedpamplona.es\/eu\/\",\"logo\":{\"@type\":\"ImageObject\",\"inLanguage\":\"eu-ES\",\"@id\":\"https:\/\/unedpamplona.es\/eu\/#\/schema\/logo\/image\/\",\"url\":\"https:\/\/unedpamplona.es\/wp-content\/uploads\/2024\/02\/uned_pamplona_logo.png\",\"contentUrl\":\"https:\/\/unedpamplona.es\/wp-content\/uploads\/2024\/02\/uned_pamplona_logo.png\",\"width\":218,\"height\":104,\"caption\":\"UNED Pamplona\"},\"image\":{\"@id\":\"https:\/\/unedpamplona.es\/eu\/#\/schema\/logo\/image\/\"},\"sameAs\":[\"https:\/\/x.com\/unedpamplona\",\"https:\/\/www.youtube.com\/channel\/UCR2jc6TbCMAPnbcA17Z0wwg\",\"https:\/\/www.instagram.com\/unedpamplona\/\"]},{\"@type\":\"Person\",\"@id\":\"https:\/\/unedpamplona.es\/eu\/#\/schema\/person\/62a05b70c6808d41d8de2111f2b5f568\",\"name\":\"uned\",\"image\":{\"@type\":\"ImageObject\",\"inLanguage\":\"eu-ES\",\"@id\":\"https:\/\/unedpamplona.es\/eu\/#\/schema\/person\/image\/\",\"url\":\"https:\/\/secure.gravatar.com\/avatar\/344a1f8262dc552fd951ddf77b72239b?s=96&d=mm&r=g\",\"contentUrl\":\"https:\/\/secure.gravatar.com\/avatar\/344a1f8262dc552fd951ddf77b72239b?s=96&d=mm&r=g\",\"caption\":\"uned\"},\"url\":\"https:\/\/unedpamplona.es\/eu\/author\/uned\/\"}]}<\/script>\n<!-- \/ Yoast SEO plugin. -->","yoast_head_json":{"title":"Conferencia \u201cAnsiedad y depresi\u00f3n: bases emocionales y salud mental\u201d. C\u00e1tedra de Inteligencia Emocional - UNED Pamplona","robots":{"index":"index","follow":"follow","max-snippet":"max-snippet:-1","max-image-preview":"max-image-preview:large","max-video-preview":"max-video-preview:-1"},"canonical":"https:\/\/unedpamplona.es\/eu\/conferencia-de-la-catedra-ansiedad-y-depresion-bases-emocionales-y-salud-mental\/","og_locale":"eu_ES","og_type":"article","og_title":"Conferencia \u201cAnsiedad y depresi\u00f3n: bases emocionales y salud mental\u201d. C\u00e1tedra de Inteligencia Emocional - UNED Pamplona","og_description":"Desde la C\u00e1tedra de Inteligencia Emocional de UNED Pamplona y Fundaci\u00f3n Caja Navarra, se ha organizado la conferencia \u201cAnsiedad y depresi\u00f3n: bases emocionales y salud mental\u201d. Nuestras emociones y estados de \u00e1nimo con consustanciales a los seres humanos. Dan vida a la vida. A veces, tambi\u00e9n, nos hacen sufrir. Los problemas de regulaci\u00f3n emocional, especialmente [&hellip;]","og_url":"https:\/\/unedpamplona.es\/eu\/conferencia-de-la-catedra-ansiedad-y-depresion-bases-emocionales-y-salud-mental\/","og_site_name":"UNED Pamplona","article_published_time":"2025-11-10T08:37:43+00:00","article_modified_time":"2025-11-19T08:53:18+00:00","og_image":[{"width":1232,"height":493,"url":"https:\/\/unedpamplona.es\/wp-content\/uploads\/2025\/10\/Ansiedadydepresion.jpeg","type":"image\/jpeg"}],"author":"uned","twitter_card":"summary_large_image","twitter_creator":"@unedpamplona","twitter_site":"@unedpamplona","twitter_misc":{"Written by":"uned","Est. reading time":"2 minutes"},"schema":{"@context":"https:\/\/schema.org","@graph":[{"@type":"Article","@id":"https:\/\/unedpamplona.es\/eu\/conferencia-de-la-catedra-ansiedad-y-depresion-bases-emocionales-y-salud-mental\/#article","isPartOf":{"@id":"https:\/\/unedpamplona.es\/eu\/conferencia-de-la-catedra-ansiedad-y-depresion-bases-emocionales-y-salud-mental\/"},"author":{"name":"uned","@id":"https:\/\/unedpamplona.es\/eu\/#\/schema\/person\/62a05b70c6808d41d8de2111f2b5f568"},"headline":"Conferencia \u201cAnsiedad y depresi\u00f3n: bases emocionales y salud mental\u201d. C\u00e1tedra de Inteligencia Emocional","datePublished":"2025-11-10T08:37:43+00:00","dateModified":"2025-11-19T08:53:18+00:00","mainEntityOfPage":{"@id":"https:\/\/unedpamplona.es\/eu\/conferencia-de-la-catedra-ansiedad-y-depresion-bases-emocionales-y-salud-mental\/"},"wordCount":260,"publisher":{"@id":"https:\/\/unedpamplona.es\/eu\/#organization"},"image":{"@id":"https:\/\/unedpamplona.es\/eu\/conferencia-de-la-catedra-ansiedad-y-depresion-bases-emocionales-y-salud-mental\/#primaryimage"},"thumbnailUrl":"https:\/\/unedpamplona.es\/wp-content\/uploads\/2025\/10\/Ansiedadydepresion.jpeg","articleSection":["Actualidad"],"inLanguage":"eu-ES"},{"@type":"WebPage","@id":"https:\/\/unedpamplona.es\/eu\/conferencia-de-la-catedra-ansiedad-y-depresion-bases-emocionales-y-salud-mental\/","url":"https:\/\/unedpamplona.es\/eu\/conferencia-de-la-catedra-ansiedad-y-depresion-bases-emocionales-y-salud-mental\/","name":"Conferencia \u201cAnsiedad y depresi\u00f3n: bases emocionales y salud mental\u201d. C\u00e1tedra de Inteligencia Emocional - UNED Pamplona","isPartOf":{"@id":"https:\/\/unedpamplona.es\/eu\/#website"},"primaryImageOfPage":{"@id":"https:\/\/unedpamplona.es\/eu\/conferencia-de-la-catedra-ansiedad-y-depresion-bases-emocionales-y-salud-mental\/#primaryimage"},"image":{"@id":"https:\/\/unedpamplona.es\/eu\/conferencia-de-la-catedra-ansiedad-y-depresion-bases-emocionales-y-salud-mental\/#primaryimage"},"thumbnailUrl":"https:\/\/unedpamplona.es\/wp-content\/uploads\/2025\/10\/Ansiedadydepresion.jpeg","datePublished":"2025-11-10T08:37:43+00:00","dateModified":"2025-11-19T08:53:18+00:00","inLanguage":"eu-ES","potentialAction":[{"@type":"ReadAction","target":["https:\/\/unedpamplona.es\/eu\/conferencia-de-la-catedra-ansiedad-y-depresion-bases-emocionales-y-salud-mental\/"]}]},{"@type":"ImageObject","inLanguage":"eu-ES","@id":"https:\/\/unedpamplona.es\/eu\/conferencia-de-la-catedra-ansiedad-y-depresion-bases-emocionales-y-salud-mental\/#primaryimage","url":"https:\/\/unedpamplona.es\/wp-content\/uploads\/2025\/10\/Ansiedadydepresion.jpeg","contentUrl":"https:\/\/unedpamplona.es\/wp-content\/uploads\/2025\/10\/Ansiedadydepresion.jpeg","width":1232,"height":493},{"@type":"WebSite","@id":"https:\/\/unedpamplona.es\/eu\/#website","url":"https:\/\/unedpamplona.es\/eu\/","name":"UNED Pamplona","description":"","publisher":{"@id":"https:\/\/unedpamplona.es\/eu\/#organization"},"potentialAction":[{"@type":"SearchAction","target":{"@type":"EntryPoint","urlTemplate":"https:\/\/unedpamplona.es\/eu\/?s={search_term_string}"},"query-input":"required name=search_term_string"}],"inLanguage":"eu-ES"},{"@type":"Organization","@id":"https:\/\/unedpamplona.es\/eu\/#organization","name":"UNED Pamplona","url":"https:\/\/unedpamplona.es\/eu\/","logo":{"@type":"ImageObject","inLanguage":"eu-ES","@id":"https:\/\/unedpamplona.es\/eu\/#\/schema\/logo\/image\/","url":"https:\/\/unedpamplona.es\/wp-content\/uploads\/2024\/02\/uned_pamplona_logo.png","contentUrl":"https:\/\/unedpamplona.es\/wp-content\/uploads\/2024\/02\/uned_pamplona_logo.png","width":218,"height":104,"caption":"UNED Pamplona"},"image":{"@id":"https:\/\/unedpamplona.es\/eu\/#\/schema\/logo\/image\/"},"sameAs":["https:\/\/x.com\/unedpamplona","https:\/\/www.youtube.com\/channel\/UCR2jc6TbCMAPnbcA17Z0wwg","https:\/\/www.instagram.com\/unedpamplona\/"]},{"@type":"Person","@id":"https:\/\/unedpamplona.es\/eu\/#\/schema\/person\/62a05b70c6808d41d8de2111f2b5f568","name":"uned","image":{"@type":"ImageObject","inLanguage":"eu-ES","@id":"https:\/\/unedpamplona.es\/eu\/#\/schema\/person\/image\/","url":"https:\/\/secure.gravatar.com\/avatar\/344a1f8262dc552fd951ddf77b72239b?s=96&d=mm&r=g","contentUrl":"https:\/\/secure.gravatar.com\/avatar\/344a1f8262dc552fd951ddf77b72239b?s=96&d=mm&r=g","caption":"uned"},"url":"https:\/\/unedpamplona.es\/eu\/author\/uned\/"}]}},"_links":{"self":[{"href":"https:\/\/unedpamplona.es\/eu\/wp-json\/wp\/v2\/posts\/14094"}],"collection":[{"href":"https:\/\/unedpamplona.es\/eu\/wp-json\/wp\/v2\/posts"}],"about":[{"href":"https:\/\/unedpamplona.es\/eu\/wp-json\/wp\/v2\/types\/post"}],"author":[{"embeddable":true,"href":"https:\/\/unedpamplona.es\/eu\/wp-json\/wp\/v2\/users\/2"}],"replies":[{"embeddable":true,"href":"https:\/\/unedpamplona.es\/eu\/wp-json\/wp\/v2\/comments?post=14094"}],"version-history":[{"count":9,"href":"https:\/\/unedpamplona.es\/eu\/wp-json\/wp\/v2\/posts\/14094\/revisions"}],"predecessor-version":[{"id":14794,"href":"https:\/\/unedpamplona.es\/eu\/wp-json\/wp\/v2\/posts\/14094\/revisions\/14794"}],"wp:featuredmedia":[{"embeddable":true,"href":"https:\/\/unedpamplona.es\/eu\/wp-json\/wp\/v2\/media\/14126"}],"wp:attachment":[{"href":"https:\/\/unedpamplona.es\/eu\/wp-json\/wp\/v2\/media?parent=14094"}],"wp:term":[{"taxonomy":"category","embeddable":true,"href":"https:\/\/unedpamplona.es\/eu\/wp-json\/wp\/v2\/categories?post=14094"},{"taxonomy":"post_tag","embeddable":true,"href":"https:\/\/unedpamplona.es\/eu\/wp-json\/wp\/v2\/tags?post=14094"}],"curies":[{"name":"wp","href":"https:\/\/api.w.org\/{rel}","templated":true}]}}