{"id":14447,"date":"2025-11-17T09:01:25","date_gmt":"2025-11-17T08:01:25","guid":{"rendered":"https:\/\/unedpamplona.es\/?p=14447"},"modified":"2025-11-20T13:04:56","modified_gmt":"2025-11-20T12:04:56","slug":"curso-herencias-sin-conflictos-claves-del-derecho-sucesorio-aplicado","status":"publish","type":"post","link":"https:\/\/unedpamplona.es\/eu\/curso-herencias-sin-conflictos-claves-del-derecho-sucesorio-aplicado\/","title":{"rendered":"Comienza el curso &#8220;Herencias sin conflictos: claves del Derecho Sucesorio aplicado&#8221;"},"content":{"rendered":"<p>Desde UNED Pamplona se ha organizado el curso &#8220;Herencias sin conflictos: claves del Derecho Sucesorio aplicado&#8221;, dirigido principalmente a estudiantes universitarios que tengan inter\u00e9s en mejorar su comprensi\u00f3n del Derecho de sucesiones com\u00fan y en conocer el Derecho sucesorio de Navarra, ofreci\u00e9ndose de esta manera una atalaya desde la que contemplar las diferencias entre uno y otro sistema sucesorio.<\/p>\n<p>Estructurado en ocho sesiones de dos horas, se abordar\u00e1n las siguientes materias:<\/p>\n<p>&#8211;\u00a0\u00a0\u00a0\u00a0\u00a0\u00a0\u00a0\u00a0\u00a0 Sucesi\u00f3n voluntaria com\u00fan y foral: testamentos y pactos sucesorios<\/p>\n<p>&#8211;\u00a0\u00a0\u00a0\u00a0\u00a0\u00a0\u00a0\u00a0\u00a0 L\u00edmites a la libertad dispositiva mortis causa en el C\u00f3digo civil: en especial, la leg\u00edtima<\/p>\n<p>&#8211;\u00a0\u00a0\u00a0\u00a0\u00a0\u00a0\u00a0\u00a0\u00a0 L\u00edmites en Derecho navarro a la libertad dispositiva mortis causa: en especial, el usufructo viudal.<\/p>\n<p>&#8211;\u00a0\u00a0\u00a0\u00a0\u00a0\u00a0\u00a0\u00a0\u00a0 Intangibilidad legitimaria, preterici\u00f3n y desheredaci\u00f3n.<\/p>\n<p>&#8211;\u00a0\u00a0\u00a0\u00a0\u00a0\u00a0\u00a0\u00a0\u00a0 Sucesi\u00f3n legal en el C\u00f3digo civil y en Navarra.<\/p>\n<p>&#8211;\u00a0\u00a0\u00a0\u00a0\u00a0\u00a0\u00a0\u00a0\u00a0 Aceptaci\u00f3n y repudiaci\u00f3n. La comunidad hereditaria.<\/p>\n<p>&#8211;\u00a0\u00a0\u00a0\u00a0\u00a0\u00a0\u00a0\u00a0\u00a0 Partici\u00f3n de la herencia.<\/p>\n<p>&#8211;\u00a0\u00a0\u00a0\u00a0\u00a0\u00a0\u00a0\u00a0\u00a0 Implicaciones tributarias de la ordenaci\u00f3n de la sucesi\u00f3n patrimonial<\/p>\n<div>Lugar y fechas<\/div>\n<div class=\"cajasActividad\">\n<div class=\"cuadro bcolor_c1\">\n<dl id=\"\">\n<dd>Del 18 de noviembre al 10 de diciembre de 2025<br \/>\nDe 18:00 a 20:00 h.<\/dd>\n<dd>Aula 07<\/dd>\n<\/dl>\n<\/div>\n<div class=\"cuadro bcolor_c1\">\n<dl id=\"\">\n<dt>Cr\u00e9ditos<\/dt>\n<dd><strong>0.5<\/strong> cr\u00e9ditos ECTS (en tr\u00e1mite)<\/dd>\n<dd><\/dd>\n<dd>Asistencia\u00a0presencial o asistencia online en directo o en diferido, sin necesidad de ir al centro.<\/dd>\n<dd><\/dd>\n<\/dl>\n<\/div>\n<p><strong>Matr\u00edcula: <a href=\"https:\/\/extension.uned.es\/actividad\/idactividad\/48177\">Herencias sin conflictos: claves del Derecho Sucesorio aplicado | Extensi\u00f3n Universitaria en Pamplona | UNED<\/a><\/strong><\/p>\n<div class=\"cuadro_verde bcolor_a1\">\n<dl id=\"\">\n<dt><\/dt>\n<dt><strong>Programa<\/strong><\/dt>\n<\/dl>\n<\/div>\n<\/div>\n<dl id=\"\">\n<dd>\n<ul id=\"programa\">\n<li><span class=\"fechas_programa\">martes, 18 de noviembre<\/span>\n<ul>\n<li><span class=\"h\">18:00-20:00 h.<\/span>\u00a0<span class=\"t color_b3\"><b>Formas de exteriorizaci\u00f3n de la voluntad dispositiva mortis causa.<\/b><\/span>\n<ul class=\"listaPonente\">\n<li class=\"datosPonentes\"><span class=\"ponente\">D\u00f1a. Mar\u00eda Teresa Hualde Manso<\/span>\u00a0<span class=\"cargo\"><span class=\"cargo_ponente\">Catedr\u00e1tica de Derecho civil de la UPNA.\u00a0 Profesora tutora Derecho Civil en UNED Pamplona<\/span><\/span><\/li>\n<\/ul>\n<\/li>\n<\/ul>\n<\/li>\n<li><span class=\"fechas_programa\">mi\u00e9rcoles, 19 de noviembre<\/span>\n<ul>\n<li><span class=\"h\">18:00-20:00 h.<\/span>\u00a0<span class=\"t color_b3\"><b>Contenido de la voluntad dispositiva mortis causa. T\u00edtulos sucesorios.<\/b><\/span>\n<ul class=\"listaPonente\">\n<li class=\"datosPonentes\"><span class=\"ponente\">Mar\u00eda Concepci\u00f3n Granado Fern\u00e1ndez de la Pradilla<\/span>\u00a0<span class=\"cargo\"><span class=\"cargo_ponente\">Notaria de Vitoria-Gasteiz (Araba\/\u00c1lava)<\/span><\/span><\/li>\n<\/ul>\n<\/li>\n<\/ul>\n<\/li>\n<li><span class=\"fechas_programa\">lunes, 24 de noviembre<\/span>\n<ul>\n<li><span class=\"h\">18:00-20:00 h.<\/span>\u00a0<span class=\"t color_b3\"><b>L\u00edmites a la libertad dispositiva mortis causa en el C\u00f3digo civil: en especial, la leg\u00edtima.<\/b><\/span>\n<ul class=\"listaPonente\">\n<li class=\"datosPonentes\"><span class=\"ponente\">Javier Nanclares Valle<\/span>\u00a0<span class=\"cargo\"><span class=\"cargo_ponente\">Profesor tutor Derecho Civil. UNED Pamplona.<\/span><\/span><\/li>\n<\/ul>\n<\/li>\n<\/ul>\n<\/li>\n<li><span class=\"fechas_programa\">martes, 25 de noviembre<\/span>\n<ul>\n<li><span class=\"h\">18:00-20:00 h.<\/span>\u00a0<span class=\"t color_b3\"><b>L\u00edmites en Derecho navarro a la libertad dispositiva mortis causa.<\/b><\/span>\n<ul class=\"listaPonente\">\n<li class=\"datosPonentes\"><span class=\"ponente\">D\u00f1a. Mar\u00eda Teresa Hualde Manso<\/span>\u00a0<span class=\"cargo\"><span class=\"cargo_ponente\">Catedr\u00e1tica de Derecho civil de la UPNA.\u00a0 Profesora tutora Derecho Civil en UNED Pamplona<\/span><\/span><\/li>\n<\/ul>\n<\/li>\n<\/ul>\n<\/li>\n<li><span class=\"fechas_programa\">lunes, 1 de diciembre<\/span>\n<ul>\n<li><span class=\"h\">18:00-20:00 h.<\/span>\u00a0<span class=\"t color_b3\"><b>Intangibilidad legitimaria, preterici\u00f3n y desheredaci\u00f3n.<\/b><\/span>\n<ul class=\"listaPonente\">\n<li class=\"datosPonentes\"><span class=\"ponente\">Javier Nanclares Valle<\/span>\u00a0<span class=\"cargo\"><span class=\"cargo_ponente\">Profesor tutor Derecho Civil. UNED Pamplona.<\/span><\/span><\/li>\n<\/ul>\n<\/li>\n<\/ul>\n<\/li>\n<li><span class=\"fechas_programa\">martes, 2 de diciembre<\/span>\n<ul>\n<li><span class=\"h\">18:00-20:00 h.<\/span>\u00a0<span class=\"t color_b3\"><b>La sucesi\u00f3n legal en el C\u00f3digo civil y en Navarra.<\/b><\/span>\n<ul class=\"listaPonente\">\n<li class=\"datosPonentes\"><span class=\"ponente\">Raquel Luquin Bergareche<\/span>\u00a0<span class=\"cargo\"><span class=\"cargo_ponente\">Profesora Titular de Derecho civil de la UPNA.<\/span><\/span><\/li>\n<\/ul>\n<\/li>\n<\/ul>\n<\/li>\n<li><span class=\"fechas_programa\">martes, 9 de diciembre<\/span>\n<ul>\n<li><span class=\"h\">18:00-20:00 h.<\/span>\u00a0<span class=\"t color_b3\"><b>Comunidad hereditaria y partici\u00f3n de la herencia.<\/b><\/span>\n<ul class=\"listaPonente\">\n<li class=\"datosPonentes\"><span class=\"ponente\">M \u00c1ngeles Eg\u00fasquiza Balmaseda<\/span>\u00a0<span class=\"cargo\"><span class=\"cargo_ponente\">Catedr\u00e1tica de Derecho civil de la UPNA<\/span><\/span><\/li>\n<\/ul>\n<\/li>\n<\/ul>\n<\/li>\n<li><span class=\"fechas_programa\">mi\u00e9rcoles, 10 de diciembre<\/span>\n<ul>\n<li><span class=\"h\">18:00-20:00 h.<\/span>\u00a0<span class=\"t color_b3\"><b>Implicaciones tributarias de la ordenaci\u00f3n de la sucesi\u00f3n.<\/b><\/span>\n<ul class=\"listaPonente\">\n<li class=\"datosPonentes\"><span class=\"ponente\">Mar\u00eda Ar\u00e1nzazu Yuste Jord\u00e1n<\/span>\u00a0<span class=\"cargo\"><span class=\"cargo_ponente\">Profesora tutora en UNED Pamplona<\/span><\/span><\/li>\n<\/ul>\n<\/li>\n<\/ul>\n<\/li>\n<\/ul>\n<\/dd>\n<\/dl>\n<p>&nbsp;<\/p>\n","protected":false},"excerpt":{"rendered":"<p>Desde UNED Pamplona se ha organizado el curso &#8220;Herencias sin conflictos: claves del Derecho Sucesorio aplicado&#8221;, dirigido principalmente a estudiantes universitarios que tengan inter\u00e9s en mejorar su comprensi\u00f3n del Derecho de sucesiones com\u00fan y en conocer el Derecho sucesorio de Navarra, ofreci\u00e9ndose de esta manera una atalaya desde la que contemplar las diferencias entre uno [&hellip;]<\/p>\n","protected":false},"author":2,"featured_media":14448,"comment_status":"closed","ping_status":"closed","sticky":false,"template":"","format":"standard","meta":{"footnotes":""},"categories":[11],"tags":[],"yoast_head":"<!-- This site is optimized with the Yoast SEO plugin v22.5 - https:\/\/yoast.com\/wordpress\/plugins\/seo\/ -->\n<title>Comienza el curso &quot;Herencias sin conflictos: claves del Derecho Sucesorio aplicado&quot; - UNED Pamplona<\/title>\n<meta name=\"robots\" content=\"index, follow, max-snippet:-1, max-image-preview:large, max-video-preview:-1\" \/>\n<link rel=\"canonical\" href=\"https:\/\/unedpamplona.es\/eu\/curso-herencias-sin-conflictos-claves-del-derecho-sucesorio-aplicado\/\" \/>\n<meta property=\"og:locale\" content=\"eu_ES\" \/>\n<meta property=\"og:type\" content=\"article\" \/>\n<meta property=\"og:title\" content=\"Comienza el curso &quot;Herencias sin conflictos: claves del Derecho Sucesorio aplicado&quot; - UNED Pamplona\" \/>\n<meta property=\"og:description\" content=\"Desde UNED Pamplona se ha organizado el curso &#8220;Herencias sin conflictos: claves del Derecho Sucesorio aplicado&#8221;, dirigido principalmente a estudiantes universitarios que tengan inter\u00e9s en mejorar su comprensi\u00f3n del Derecho de sucesiones com\u00fan y en conocer el Derecho sucesorio de Navarra, ofreci\u00e9ndose de esta manera una atalaya desde la que contemplar las diferencias entre uno [&hellip;]\" \/>\n<meta property=\"og:url\" content=\"https:\/\/unedpamplona.es\/eu\/curso-herencias-sin-conflictos-claves-del-derecho-sucesorio-aplicado\/\" \/>\n<meta property=\"og:site_name\" content=\"UNED Pamplona\" \/>\n<meta property=\"article:published_time\" content=\"2025-11-17T08:01:25+00:00\" \/>\n<meta property=\"article:modified_time\" content=\"2025-11-20T12:04:56+00:00\" \/>\n<meta property=\"og:image\" content=\"https:\/\/unedpamplona.es\/wp-content\/uploads\/2025\/10\/Herenciasinconflictos.jpeg\" \/>\n\t<meta property=\"og:image:width\" content=\"1249\" \/>\n\t<meta property=\"og:image:height\" content=\"493\" \/>\n\t<meta property=\"og:image:type\" content=\"image\/jpeg\" \/>\n<meta name=\"author\" content=\"uned\" \/>\n<meta name=\"twitter:card\" content=\"summary_large_image\" \/>\n<meta name=\"twitter:creator\" content=\"@unedpamplona\" \/>\n<meta name=\"twitter:site\" content=\"@unedpamplona\" \/>\n<meta name=\"twitter:label1\" content=\"Written by\" \/>\n\t<meta name=\"twitter:data1\" content=\"uned\" \/>\n\t<meta name=\"twitter:label2\" content=\"Est. reading time\" \/>\n\t<meta name=\"twitter:data2\" content=\"3 minutes\" \/>\n<script type=\"application\/ld+json\" class=\"yoast-schema-graph\">{\"@context\":\"https:\/\/schema.org\",\"@graph\":[{\"@type\":\"Article\",\"@id\":\"https:\/\/unedpamplona.es\/eu\/curso-herencias-sin-conflictos-claves-del-derecho-sucesorio-aplicado\/#article\",\"isPartOf\":{\"@id\":\"https:\/\/unedpamplona.es\/eu\/curso-herencias-sin-conflictos-claves-del-derecho-sucesorio-aplicado\/\"},\"author\":{\"name\":\"uned\",\"@id\":\"https:\/\/unedpamplona.es\/eu\/#\/schema\/person\/62a05b70c6808d41d8de2111f2b5f568\"},\"headline\":\"Comienza el curso &#8220;Herencias sin conflictos: claves del Derecho Sucesorio aplicado&#8221;\",\"datePublished\":\"2025-11-17T08:01:25+00:00\",\"dateModified\":\"2025-11-20T12:04:56+00:00\",\"mainEntityOfPage\":{\"@id\":\"https:\/\/unedpamplona.es\/eu\/curso-herencias-sin-conflictos-claves-del-derecho-sucesorio-aplicado\/\"},\"wordCount\":479,\"publisher\":{\"@id\":\"https:\/\/unedpamplona.es\/eu\/#organization\"},\"image\":{\"@id\":\"https:\/\/unedpamplona.es\/eu\/curso-herencias-sin-conflictos-claves-del-derecho-sucesorio-aplicado\/#primaryimage\"},\"thumbnailUrl\":\"https:\/\/unedpamplona.es\/wp-content\/uploads\/2025\/10\/Herenciasinconflictos.jpeg\",\"articleSection\":[\"Actualidad\"],\"inLanguage\":\"eu-ES\"},{\"@type\":\"WebPage\",\"@id\":\"https:\/\/unedpamplona.es\/eu\/curso-herencias-sin-conflictos-claves-del-derecho-sucesorio-aplicado\/\",\"url\":\"https:\/\/unedpamplona.es\/eu\/curso-herencias-sin-conflictos-claves-del-derecho-sucesorio-aplicado\/\",\"name\":\"Comienza el curso \\\"Herencias sin conflictos: claves del Derecho Sucesorio aplicado\\\" - UNED Pamplona\",\"isPartOf\":{\"@id\":\"https:\/\/unedpamplona.es\/eu\/#website\"},\"primaryImageOfPage\":{\"@id\":\"https:\/\/unedpamplona.es\/eu\/curso-herencias-sin-conflictos-claves-del-derecho-sucesorio-aplicado\/#primaryimage\"},\"image\":{\"@id\":\"https:\/\/unedpamplona.es\/eu\/curso-herencias-sin-conflictos-claves-del-derecho-sucesorio-aplicado\/#primaryimage\"},\"thumbnailUrl\":\"https:\/\/unedpamplona.es\/wp-content\/uploads\/2025\/10\/Herenciasinconflictos.jpeg\",\"datePublished\":\"2025-11-17T08:01:25+00:00\",\"dateModified\":\"2025-11-20T12:04:56+00:00\",\"inLanguage\":\"eu-ES\",\"potentialAction\":[{\"@type\":\"ReadAction\",\"target\":[\"https:\/\/unedpamplona.es\/eu\/curso-herencias-sin-conflictos-claves-del-derecho-sucesorio-aplicado\/\"]}]},{\"@type\":\"ImageObject\",\"inLanguage\":\"eu-ES\",\"@id\":\"https:\/\/unedpamplona.es\/eu\/curso-herencias-sin-conflictos-claves-del-derecho-sucesorio-aplicado\/#primaryimage\",\"url\":\"https:\/\/unedpamplona.es\/wp-content\/uploads\/2025\/10\/Herenciasinconflictos.jpeg\",\"contentUrl\":\"https:\/\/unedpamplona.es\/wp-content\/uploads\/2025\/10\/Herenciasinconflictos.jpeg\",\"width\":1249,\"height\":493},{\"@type\":\"WebSite\",\"@id\":\"https:\/\/unedpamplona.es\/eu\/#website\",\"url\":\"https:\/\/unedpamplona.es\/eu\/\",\"name\":\"UNED Pamplona\",\"description\":\"\",\"publisher\":{\"@id\":\"https:\/\/unedpamplona.es\/eu\/#organization\"},\"potentialAction\":[{\"@type\":\"SearchAction\",\"target\":{\"@type\":\"EntryPoint\",\"urlTemplate\":\"https:\/\/unedpamplona.es\/eu\/?s={search_term_string}\"},\"query-input\":\"required name=search_term_string\"}],\"inLanguage\":\"eu-ES\"},{\"@type\":\"Organization\",\"@id\":\"https:\/\/unedpamplona.es\/eu\/#organization\",\"name\":\"UNED Pamplona\",\"url\":\"https:\/\/unedpamplona.es\/eu\/\",\"logo\":{\"@type\":\"ImageObject\",\"inLanguage\":\"eu-ES\",\"@id\":\"https:\/\/unedpamplona.es\/eu\/#\/schema\/logo\/image\/\",\"url\":\"https:\/\/unedpamplona.es\/wp-content\/uploads\/2024\/02\/uned_pamplona_logo.png\",\"contentUrl\":\"https:\/\/unedpamplona.es\/wp-content\/uploads\/2024\/02\/uned_pamplona_logo.png\",\"width\":218,\"height\":104,\"caption\":\"UNED Pamplona\"},\"image\":{\"@id\":\"https:\/\/unedpamplona.es\/eu\/#\/schema\/logo\/image\/\"},\"sameAs\":[\"https:\/\/x.com\/unedpamplona\",\"https:\/\/www.youtube.com\/channel\/UCR2jc6TbCMAPnbcA17Z0wwg\",\"https:\/\/www.instagram.com\/unedpamplona\/\"]},{\"@type\":\"Person\",\"@id\":\"https:\/\/unedpamplona.es\/eu\/#\/schema\/person\/62a05b70c6808d41d8de2111f2b5f568\",\"name\":\"uned\",\"image\":{\"@type\":\"ImageObject\",\"inLanguage\":\"eu-ES\",\"@id\":\"https:\/\/unedpamplona.es\/eu\/#\/schema\/person\/image\/\",\"url\":\"https:\/\/secure.gravatar.com\/avatar\/344a1f8262dc552fd951ddf77b72239b?s=96&d=mm&r=g\",\"contentUrl\":\"https:\/\/secure.gravatar.com\/avatar\/344a1f8262dc552fd951ddf77b72239b?s=96&d=mm&r=g\",\"caption\":\"uned\"},\"url\":\"https:\/\/unedpamplona.es\/eu\/author\/uned\/\"}]}<\/script>\n<!-- \/ Yoast SEO plugin. -->","yoast_head_json":{"title":"Comienza el curso \"Herencias sin conflictos: claves del Derecho Sucesorio aplicado\" - UNED Pamplona","robots":{"index":"index","follow":"follow","max-snippet":"max-snippet:-1","max-image-preview":"max-image-preview:large","max-video-preview":"max-video-preview:-1"},"canonical":"https:\/\/unedpamplona.es\/eu\/curso-herencias-sin-conflictos-claves-del-derecho-sucesorio-aplicado\/","og_locale":"eu_ES","og_type":"article","og_title":"Comienza el curso \"Herencias sin conflictos: claves del Derecho Sucesorio aplicado\" - UNED Pamplona","og_description":"Desde UNED Pamplona se ha organizado el curso &#8220;Herencias sin conflictos: claves del Derecho Sucesorio aplicado&#8221;, dirigido principalmente a estudiantes universitarios que tengan inter\u00e9s en mejorar su comprensi\u00f3n del Derecho de sucesiones com\u00fan y en conocer el Derecho sucesorio de Navarra, ofreci\u00e9ndose de esta manera una atalaya desde la que contemplar las diferencias entre uno [&hellip;]","og_url":"https:\/\/unedpamplona.es\/eu\/curso-herencias-sin-conflictos-claves-del-derecho-sucesorio-aplicado\/","og_site_name":"UNED Pamplona","article_published_time":"2025-11-17T08:01:25+00:00","article_modified_time":"2025-11-20T12:04:56+00:00","og_image":[{"width":1249,"height":493,"url":"https:\/\/unedpamplona.es\/wp-content\/uploads\/2025\/10\/Herenciasinconflictos.jpeg","type":"image\/jpeg"}],"author":"uned","twitter_card":"summary_large_image","twitter_creator":"@unedpamplona","twitter_site":"@unedpamplona","twitter_misc":{"Written by":"uned","Est. reading time":"3 minutes"},"schema":{"@context":"https:\/\/schema.org","@graph":[{"@type":"Article","@id":"https:\/\/unedpamplona.es\/eu\/curso-herencias-sin-conflictos-claves-del-derecho-sucesorio-aplicado\/#article","isPartOf":{"@id":"https:\/\/unedpamplona.es\/eu\/curso-herencias-sin-conflictos-claves-del-derecho-sucesorio-aplicado\/"},"author":{"name":"uned","@id":"https:\/\/unedpamplona.es\/eu\/#\/schema\/person\/62a05b70c6808d41d8de2111f2b5f568"},"headline":"Comienza el curso &#8220;Herencias sin conflictos: claves del Derecho Sucesorio aplicado&#8221;","datePublished":"2025-11-17T08:01:25+00:00","dateModified":"2025-11-20T12:04:56+00:00","mainEntityOfPage":{"@id":"https:\/\/unedpamplona.es\/eu\/curso-herencias-sin-conflictos-claves-del-derecho-sucesorio-aplicado\/"},"wordCount":479,"publisher":{"@id":"https:\/\/unedpamplona.es\/eu\/#organization"},"image":{"@id":"https:\/\/unedpamplona.es\/eu\/curso-herencias-sin-conflictos-claves-del-derecho-sucesorio-aplicado\/#primaryimage"},"thumbnailUrl":"https:\/\/unedpamplona.es\/wp-content\/uploads\/2025\/10\/Herenciasinconflictos.jpeg","articleSection":["Actualidad"],"inLanguage":"eu-ES"},{"@type":"WebPage","@id":"https:\/\/unedpamplona.es\/eu\/curso-herencias-sin-conflictos-claves-del-derecho-sucesorio-aplicado\/","url":"https:\/\/unedpamplona.es\/eu\/curso-herencias-sin-conflictos-claves-del-derecho-sucesorio-aplicado\/","name":"Comienza el curso \"Herencias sin conflictos: claves del Derecho Sucesorio aplicado\" - UNED Pamplona","isPartOf":{"@id":"https:\/\/unedpamplona.es\/eu\/#website"},"primaryImageOfPage":{"@id":"https:\/\/unedpamplona.es\/eu\/curso-herencias-sin-conflictos-claves-del-derecho-sucesorio-aplicado\/#primaryimage"},"image":{"@id":"https:\/\/unedpamplona.es\/eu\/curso-herencias-sin-conflictos-claves-del-derecho-sucesorio-aplicado\/#primaryimage"},"thumbnailUrl":"https:\/\/unedpamplona.es\/wp-content\/uploads\/2025\/10\/Herenciasinconflictos.jpeg","datePublished":"2025-11-17T08:01:25+00:00","dateModified":"2025-11-20T12:04:56+00:00","inLanguage":"eu-ES","potentialAction":[{"@type":"ReadAction","target":["https:\/\/unedpamplona.es\/eu\/curso-herencias-sin-conflictos-claves-del-derecho-sucesorio-aplicado\/"]}]},{"@type":"ImageObject","inLanguage":"eu-ES","@id":"https:\/\/unedpamplona.es\/eu\/curso-herencias-sin-conflictos-claves-del-derecho-sucesorio-aplicado\/#primaryimage","url":"https:\/\/unedpamplona.es\/wp-content\/uploads\/2025\/10\/Herenciasinconflictos.jpeg","contentUrl":"https:\/\/unedpamplona.es\/wp-content\/uploads\/2025\/10\/Herenciasinconflictos.jpeg","width":1249,"height":493},{"@type":"WebSite","@id":"https:\/\/unedpamplona.es\/eu\/#website","url":"https:\/\/unedpamplona.es\/eu\/","name":"UNED Pamplona","description":"","publisher":{"@id":"https:\/\/unedpamplona.es\/eu\/#organization"},"potentialAction":[{"@type":"SearchAction","target":{"@type":"EntryPoint","urlTemplate":"https:\/\/unedpamplona.es\/eu\/?s={search_term_string}"},"query-input":"required name=search_term_string"}],"inLanguage":"eu-ES"},{"@type":"Organization","@id":"https:\/\/unedpamplona.es\/eu\/#organization","name":"UNED Pamplona","url":"https:\/\/unedpamplona.es\/eu\/","logo":{"@type":"ImageObject","inLanguage":"eu-ES","@id":"https:\/\/unedpamplona.es\/eu\/#\/schema\/logo\/image\/","url":"https:\/\/unedpamplona.es\/wp-content\/uploads\/2024\/02\/uned_pamplona_logo.png","contentUrl":"https:\/\/unedpamplona.es\/wp-content\/uploads\/2024\/02\/uned_pamplona_logo.png","width":218,"height":104,"caption":"UNED Pamplona"},"image":{"@id":"https:\/\/unedpamplona.es\/eu\/#\/schema\/logo\/image\/"},"sameAs":["https:\/\/x.com\/unedpamplona","https:\/\/www.youtube.com\/channel\/UCR2jc6TbCMAPnbcA17Z0wwg","https:\/\/www.instagram.com\/unedpamplona\/"]},{"@type":"Person","@id":"https:\/\/unedpamplona.es\/eu\/#\/schema\/person\/62a05b70c6808d41d8de2111f2b5f568","name":"uned","image":{"@type":"ImageObject","inLanguage":"eu-ES","@id":"https:\/\/unedpamplona.es\/eu\/#\/schema\/person\/image\/","url":"https:\/\/secure.gravatar.com\/avatar\/344a1f8262dc552fd951ddf77b72239b?s=96&d=mm&r=g","contentUrl":"https:\/\/secure.gravatar.com\/avatar\/344a1f8262dc552fd951ddf77b72239b?s=96&d=mm&r=g","caption":"uned"},"url":"https:\/\/unedpamplona.es\/eu\/author\/uned\/"}]}},"_links":{"self":[{"href":"https:\/\/unedpamplona.es\/eu\/wp-json\/wp\/v2\/posts\/14447"}],"collection":[{"href":"https:\/\/unedpamplona.es\/eu\/wp-json\/wp\/v2\/posts"}],"about":[{"href":"https:\/\/unedpamplona.es\/eu\/wp-json\/wp\/v2\/types\/post"}],"author":[{"embeddable":true,"href":"https:\/\/unedpamplona.es\/eu\/wp-json\/wp\/v2\/users\/2"}],"replies":[{"embeddable":true,"href":"https:\/\/unedpamplona.es\/eu\/wp-json\/wp\/v2\/comments?post=14447"}],"version-history":[{"count":4,"href":"https:\/\/unedpamplona.es\/eu\/wp-json\/wp\/v2\/posts\/14447\/revisions"}],"predecessor-version":[{"id":15172,"href":"https:\/\/unedpamplona.es\/eu\/wp-json\/wp\/v2\/posts\/14447\/revisions\/15172"}],"wp:featuredmedia":[{"embeddable":true,"href":"https:\/\/unedpamplona.es\/eu\/wp-json\/wp\/v2\/media\/14448"}],"wp:attachment":[{"href":"https:\/\/unedpamplona.es\/eu\/wp-json\/wp\/v2\/media?parent=14447"}],"wp:term":[{"taxonomy":"category","embeddable":true,"href":"https:\/\/unedpamplona.es\/eu\/wp-json\/wp\/v2\/categories?post=14447"},{"taxonomy":"post_tag","embeddable":true,"href":"https:\/\/unedpamplona.es\/eu\/wp-json\/wp\/v2\/tags?post=14447"}],"curies":[{"name":"wp","href":"https:\/\/api.w.org\/{rel}","templated":true}]}}