{"id":15403,"date":"2025-12-18T09:00:47","date_gmt":"2025-12-18T08:00:47","guid":{"rendered":"https:\/\/unedpamplona.es\/?p=15403"},"modified":"2025-12-19T12:58:17","modified_gmt":"2025-12-19T11:58:17","slug":"el-18-de-diciembre-se-presenta-revista-libernautas-revista-literaria-de-estudiantes-de-filologia-de-la-uned","status":"publish","type":"post","link":"https:\/\/unedpamplona.es\/eu\/el-18-de-diciembre-se-presenta-revista-libernautas-revista-literaria-de-estudiantes-de-filologia-de-la-uned\/","title":{"rendered":"Presentada la revista Libernautas, realizada por estudiantes de Filolog\u00eda de la UNED"},"content":{"rendered":"<p>El\u00a0 18 de diciembre, a las 18 horas, se celebr\u00f3 en UNED Pamplona la presentaci\u00f3n de la revista <strong>Libernautas<\/strong>, impulsada por el alumnado de la Facultad de Filolog\u00eda de la UNED. Se trata de un espacio abierto a la creaci\u00f3n, reflexi\u00f3n y experimentaci\u00f3n literaria. Su objetivo principal es dar voz a los estudiantes y ofrecer un lugar donde compartir textos vinculados a la lengua y la literatura en todas sus formas<\/p>\n<p><span class=\"ponente\">La revista fue presentada por Pablo Gonz\u00e1lez S\u00e1nchez, estudiante del Grado de Estudios Ingleses de UNED Pamplona, y M<\/span><span class=\"ponente\">aje Mart\u00ednez Soto, g<\/span><span class=\"cargo\"><span class=\"cargo_ponente\">raduada en Estudios Ingleses. Traductora y editora de textos.<\/span><\/span><\/p>\n<p>En sus p\u00e1ginas tienen cabida\u00a0relatos, microrrelatos, poes\u00eda, ensayos, traducciones y otros textos relacionados con las lenguas, siempre en las lenguas oficiales en las que se imparte docencia en la UNED. La revista nace como un punto de encuentro para quienes aman la palabra y desean explorar su potencial creativo y acad\u00e9mico.<\/p>\n<p>Libernautas\u00a0no es solo una revista: es una comunidad de lectores y escritores que navegan juntos por el universo de las letras.<\/p>\n<p>Si eres estudiante de Filolog\u00eda y escribes, este es tu lugar.<\/p>\n<p><strong><a href=\"https:\/\/extension.uned.es\/actividad\/idactividad\/49037\">Presentaci\u00f3n de Libernautas: la revista literaria de la Facultad de Filolog\u00eda (UNED) | Extensi\u00f3n Universitaria en Pamplona | UNED<\/a><\/strong><\/p>\n","protected":false},"excerpt":{"rendered":"<p>El\u00a0 18 de diciembre, a las 18 horas, se celebr\u00f3 en UNED Pamplona la presentaci\u00f3n de la revista Libernautas, impulsada por el alumnado de la Facultad de Filolog\u00eda de la UNED. Se trata de un espacio abierto a la creaci\u00f3n, reflexi\u00f3n y experimentaci\u00f3n literaria. Su objetivo principal es dar voz a los estudiantes y ofrecer [&hellip;]<\/p>\n","protected":false},"author":2,"featured_media":16094,"comment_status":"closed","ping_status":"closed","sticky":false,"template":"","format":"standard","meta":{"footnotes":""},"categories":[1],"tags":[],"yoast_head":"<!-- This site is optimized with the Yoast SEO plugin v22.5 - https:\/\/yoast.com\/wordpress\/plugins\/seo\/ -->\n<title>Presentada la revista Libernautas, realizada por estudiantes de Filolog\u00eda de la UNED - UNED Pamplona<\/title>\n<meta name=\"robots\" content=\"index, follow, max-snippet:-1, max-image-preview:large, max-video-preview:-1\" \/>\n<link rel=\"canonical\" href=\"https:\/\/unedpamplona.es\/eu\/el-18-de-diciembre-se-presenta-revista-libernautas-revista-literaria-de-estudiantes-de-filologia-de-la-uned\/\" \/>\n<meta property=\"og:locale\" content=\"eu_ES\" \/>\n<meta property=\"og:type\" content=\"article\" \/>\n<meta property=\"og:title\" content=\"Presentada la revista Libernautas, realizada por estudiantes de Filolog\u00eda de la UNED - UNED Pamplona\" \/>\n<meta property=\"og:description\" content=\"El\u00a0 18 de diciembre, a las 18 horas, se celebr\u00f3 en UNED Pamplona la presentaci\u00f3n de la revista Libernautas, impulsada por el alumnado de la Facultad de Filolog\u00eda de la UNED. Se trata de un espacio abierto a la creaci\u00f3n, reflexi\u00f3n y experimentaci\u00f3n literaria. Su objetivo principal es dar voz a los estudiantes y ofrecer [&hellip;]\" \/>\n<meta property=\"og:url\" content=\"https:\/\/unedpamplona.es\/eu\/el-18-de-diciembre-se-presenta-revista-libernautas-revista-literaria-de-estudiantes-de-filologia-de-la-uned\/\" \/>\n<meta property=\"og:site_name\" content=\"UNED Pamplona\" \/>\n<meta property=\"article:published_time\" content=\"2025-12-18T08:00:47+00:00\" \/>\n<meta property=\"article:modified_time\" content=\"2025-12-19T11:58:17+00:00\" \/>\n<meta property=\"og:image\" content=\"https:\/\/unedpamplona.es\/wp-content\/uploads\/2025\/12\/Libernautas2-2-scaled.jpg\" \/>\n\t<meta property=\"og:image:width\" content=\"2560\" \/>\n\t<meta property=\"og:image:height\" content=\"1570\" \/>\n\t<meta property=\"og:image:type\" content=\"image\/jpeg\" \/>\n<meta name=\"author\" content=\"uned\" \/>\n<meta name=\"twitter:card\" content=\"summary_large_image\" \/>\n<meta name=\"twitter:creator\" content=\"@unedpamplona\" \/>\n<meta name=\"twitter:site\" content=\"@unedpamplona\" \/>\n<meta name=\"twitter:label1\" content=\"Written by\" \/>\n\t<meta name=\"twitter:data1\" content=\"uned\" \/>\n\t<meta name=\"twitter:label2\" content=\"Est. reading time\" \/>\n\t<meta name=\"twitter:data2\" content=\"2 minutes\" \/>\n<script type=\"application\/ld+json\" class=\"yoast-schema-graph\">{\"@context\":\"https:\/\/schema.org\",\"@graph\":[{\"@type\":\"Article\",\"@id\":\"https:\/\/unedpamplona.es\/eu\/el-18-de-diciembre-se-presenta-revista-libernautas-revista-literaria-de-estudiantes-de-filologia-de-la-uned\/#article\",\"isPartOf\":{\"@id\":\"https:\/\/unedpamplona.es\/eu\/el-18-de-diciembre-se-presenta-revista-libernautas-revista-literaria-de-estudiantes-de-filologia-de-la-uned\/\"},\"author\":{\"name\":\"uned\",\"@id\":\"https:\/\/unedpamplona.es\/eu\/#\/schema\/person\/62a05b70c6808d41d8de2111f2b5f568\"},\"headline\":\"Presentada la revista Libernautas, realizada por estudiantes de Filolog\u00eda de la UNED\",\"datePublished\":\"2025-12-18T08:00:47+00:00\",\"dateModified\":\"2025-12-19T11:58:17+00:00\",\"mainEntityOfPage\":{\"@id\":\"https:\/\/unedpamplona.es\/eu\/el-18-de-diciembre-se-presenta-revista-libernautas-revista-literaria-de-estudiantes-de-filologia-de-la-uned\/\"},\"wordCount\":231,\"publisher\":{\"@id\":\"https:\/\/unedpamplona.es\/eu\/#organization\"},\"image\":{\"@id\":\"https:\/\/unedpamplona.es\/eu\/el-18-de-diciembre-se-presenta-revista-libernautas-revista-literaria-de-estudiantes-de-filologia-de-la-uned\/#primaryimage\"},\"thumbnailUrl\":\"https:\/\/unedpamplona.es\/wp-content\/uploads\/2025\/12\/Libernautas2-2-scaled.jpg\",\"articleSection\":[\"Sin categorizar\"],\"inLanguage\":\"eu-ES\"},{\"@type\":\"WebPage\",\"@id\":\"https:\/\/unedpamplona.es\/eu\/el-18-de-diciembre-se-presenta-revista-libernautas-revista-literaria-de-estudiantes-de-filologia-de-la-uned\/\",\"url\":\"https:\/\/unedpamplona.es\/eu\/el-18-de-diciembre-se-presenta-revista-libernautas-revista-literaria-de-estudiantes-de-filologia-de-la-uned\/\",\"name\":\"Presentada la revista Libernautas, realizada por estudiantes de Filolog\u00eda de la UNED - UNED Pamplona\",\"isPartOf\":{\"@id\":\"https:\/\/unedpamplona.es\/eu\/#website\"},\"primaryImageOfPage\":{\"@id\":\"https:\/\/unedpamplona.es\/eu\/el-18-de-diciembre-se-presenta-revista-libernautas-revista-literaria-de-estudiantes-de-filologia-de-la-uned\/#primaryimage\"},\"image\":{\"@id\":\"https:\/\/unedpamplona.es\/eu\/el-18-de-diciembre-se-presenta-revista-libernautas-revista-literaria-de-estudiantes-de-filologia-de-la-uned\/#primaryimage\"},\"thumbnailUrl\":\"https:\/\/unedpamplona.es\/wp-content\/uploads\/2025\/12\/Libernautas2-2-scaled.jpg\",\"datePublished\":\"2025-12-18T08:00:47+00:00\",\"dateModified\":\"2025-12-19T11:58:17+00:00\",\"inLanguage\":\"eu-ES\",\"potentialAction\":[{\"@type\":\"ReadAction\",\"target\":[\"https:\/\/unedpamplona.es\/eu\/el-18-de-diciembre-se-presenta-revista-libernautas-revista-literaria-de-estudiantes-de-filologia-de-la-uned\/\"]}]},{\"@type\":\"ImageObject\",\"inLanguage\":\"eu-ES\",\"@id\":\"https:\/\/unedpamplona.es\/eu\/el-18-de-diciembre-se-presenta-revista-libernautas-revista-literaria-de-estudiantes-de-filologia-de-la-uned\/#primaryimage\",\"url\":\"https:\/\/unedpamplona.es\/wp-content\/uploads\/2025\/12\/Libernautas2-2-scaled.jpg\",\"contentUrl\":\"https:\/\/unedpamplona.es\/wp-content\/uploads\/2025\/12\/Libernautas2-2-scaled.jpg\",\"width\":2560,\"height\":1570},{\"@type\":\"WebSite\",\"@id\":\"https:\/\/unedpamplona.es\/eu\/#website\",\"url\":\"https:\/\/unedpamplona.es\/eu\/\",\"name\":\"UNED Pamplona\",\"description\":\"\",\"publisher\":{\"@id\":\"https:\/\/unedpamplona.es\/eu\/#organization\"},\"potentialAction\":[{\"@type\":\"SearchAction\",\"target\":{\"@type\":\"EntryPoint\",\"urlTemplate\":\"https:\/\/unedpamplona.es\/eu\/?s={search_term_string}\"},\"query-input\":\"required name=search_term_string\"}],\"inLanguage\":\"eu-ES\"},{\"@type\":\"Organization\",\"@id\":\"https:\/\/unedpamplona.es\/eu\/#organization\",\"name\":\"UNED Pamplona\",\"url\":\"https:\/\/unedpamplona.es\/eu\/\",\"logo\":{\"@type\":\"ImageObject\",\"inLanguage\":\"eu-ES\",\"@id\":\"https:\/\/unedpamplona.es\/eu\/#\/schema\/logo\/image\/\",\"url\":\"https:\/\/unedpamplona.es\/wp-content\/uploads\/2024\/02\/uned_pamplona_logo.png\",\"contentUrl\":\"https:\/\/unedpamplona.es\/wp-content\/uploads\/2024\/02\/uned_pamplona_logo.png\",\"width\":218,\"height\":104,\"caption\":\"UNED Pamplona\"},\"image\":{\"@id\":\"https:\/\/unedpamplona.es\/eu\/#\/schema\/logo\/image\/\"},\"sameAs\":[\"https:\/\/x.com\/unedpamplona\",\"https:\/\/www.youtube.com\/channel\/UCR2jc6TbCMAPnbcA17Z0wwg\",\"https:\/\/www.instagram.com\/unedpamplona\/\"]},{\"@type\":\"Person\",\"@id\":\"https:\/\/unedpamplona.es\/eu\/#\/schema\/person\/62a05b70c6808d41d8de2111f2b5f568\",\"name\":\"uned\",\"image\":{\"@type\":\"ImageObject\",\"inLanguage\":\"eu-ES\",\"@id\":\"https:\/\/unedpamplona.es\/eu\/#\/schema\/person\/image\/\",\"url\":\"https:\/\/secure.gravatar.com\/avatar\/344a1f8262dc552fd951ddf77b72239b?s=96&d=mm&r=g\",\"contentUrl\":\"https:\/\/secure.gravatar.com\/avatar\/344a1f8262dc552fd951ddf77b72239b?s=96&d=mm&r=g\",\"caption\":\"uned\"},\"url\":\"https:\/\/unedpamplona.es\/eu\/author\/uned\/\"}]}<\/script>\n<!-- \/ Yoast SEO plugin. -->","yoast_head_json":{"title":"Presentada la revista Libernautas, realizada por estudiantes de Filolog\u00eda de la UNED - UNED Pamplona","robots":{"index":"index","follow":"follow","max-snippet":"max-snippet:-1","max-image-preview":"max-image-preview:large","max-video-preview":"max-video-preview:-1"},"canonical":"https:\/\/unedpamplona.es\/eu\/el-18-de-diciembre-se-presenta-revista-libernautas-revista-literaria-de-estudiantes-de-filologia-de-la-uned\/","og_locale":"eu_ES","og_type":"article","og_title":"Presentada la revista Libernautas, realizada por estudiantes de Filolog\u00eda de la UNED - UNED Pamplona","og_description":"El\u00a0 18 de diciembre, a las 18 horas, se celebr\u00f3 en UNED Pamplona la presentaci\u00f3n de la revista Libernautas, impulsada por el alumnado de la Facultad de Filolog\u00eda de la UNED. Se trata de un espacio abierto a la creaci\u00f3n, reflexi\u00f3n y experimentaci\u00f3n literaria. Su objetivo principal es dar voz a los estudiantes y ofrecer [&hellip;]","og_url":"https:\/\/unedpamplona.es\/eu\/el-18-de-diciembre-se-presenta-revista-libernautas-revista-literaria-de-estudiantes-de-filologia-de-la-uned\/","og_site_name":"UNED Pamplona","article_published_time":"2025-12-18T08:00:47+00:00","article_modified_time":"2025-12-19T11:58:17+00:00","og_image":[{"width":2560,"height":1570,"url":"https:\/\/unedpamplona.es\/wp-content\/uploads\/2025\/12\/Libernautas2-2-scaled.jpg","type":"image\/jpeg"}],"author":"uned","twitter_card":"summary_large_image","twitter_creator":"@unedpamplona","twitter_site":"@unedpamplona","twitter_misc":{"Written by":"uned","Est. reading time":"2 minutes"},"schema":{"@context":"https:\/\/schema.org","@graph":[{"@type":"Article","@id":"https:\/\/unedpamplona.es\/eu\/el-18-de-diciembre-se-presenta-revista-libernautas-revista-literaria-de-estudiantes-de-filologia-de-la-uned\/#article","isPartOf":{"@id":"https:\/\/unedpamplona.es\/eu\/el-18-de-diciembre-se-presenta-revista-libernautas-revista-literaria-de-estudiantes-de-filologia-de-la-uned\/"},"author":{"name":"uned","@id":"https:\/\/unedpamplona.es\/eu\/#\/schema\/person\/62a05b70c6808d41d8de2111f2b5f568"},"headline":"Presentada la revista Libernautas, realizada por estudiantes de Filolog\u00eda de la UNED","datePublished":"2025-12-18T08:00:47+00:00","dateModified":"2025-12-19T11:58:17+00:00","mainEntityOfPage":{"@id":"https:\/\/unedpamplona.es\/eu\/el-18-de-diciembre-se-presenta-revista-libernautas-revista-literaria-de-estudiantes-de-filologia-de-la-uned\/"},"wordCount":231,"publisher":{"@id":"https:\/\/unedpamplona.es\/eu\/#organization"},"image":{"@id":"https:\/\/unedpamplona.es\/eu\/el-18-de-diciembre-se-presenta-revista-libernautas-revista-literaria-de-estudiantes-de-filologia-de-la-uned\/#primaryimage"},"thumbnailUrl":"https:\/\/unedpamplona.es\/wp-content\/uploads\/2025\/12\/Libernautas2-2-scaled.jpg","articleSection":["Sin categorizar"],"inLanguage":"eu-ES"},{"@type":"WebPage","@id":"https:\/\/unedpamplona.es\/eu\/el-18-de-diciembre-se-presenta-revista-libernautas-revista-literaria-de-estudiantes-de-filologia-de-la-uned\/","url":"https:\/\/unedpamplona.es\/eu\/el-18-de-diciembre-se-presenta-revista-libernautas-revista-literaria-de-estudiantes-de-filologia-de-la-uned\/","name":"Presentada la revista Libernautas, realizada por estudiantes de Filolog\u00eda de la UNED - UNED Pamplona","isPartOf":{"@id":"https:\/\/unedpamplona.es\/eu\/#website"},"primaryImageOfPage":{"@id":"https:\/\/unedpamplona.es\/eu\/el-18-de-diciembre-se-presenta-revista-libernautas-revista-literaria-de-estudiantes-de-filologia-de-la-uned\/#primaryimage"},"image":{"@id":"https:\/\/unedpamplona.es\/eu\/el-18-de-diciembre-se-presenta-revista-libernautas-revista-literaria-de-estudiantes-de-filologia-de-la-uned\/#primaryimage"},"thumbnailUrl":"https:\/\/unedpamplona.es\/wp-content\/uploads\/2025\/12\/Libernautas2-2-scaled.jpg","datePublished":"2025-12-18T08:00:47+00:00","dateModified":"2025-12-19T11:58:17+00:00","inLanguage":"eu-ES","potentialAction":[{"@type":"ReadAction","target":["https:\/\/unedpamplona.es\/eu\/el-18-de-diciembre-se-presenta-revista-libernautas-revista-literaria-de-estudiantes-de-filologia-de-la-uned\/"]}]},{"@type":"ImageObject","inLanguage":"eu-ES","@id":"https:\/\/unedpamplona.es\/eu\/el-18-de-diciembre-se-presenta-revista-libernautas-revista-literaria-de-estudiantes-de-filologia-de-la-uned\/#primaryimage","url":"https:\/\/unedpamplona.es\/wp-content\/uploads\/2025\/12\/Libernautas2-2-scaled.jpg","contentUrl":"https:\/\/unedpamplona.es\/wp-content\/uploads\/2025\/12\/Libernautas2-2-scaled.jpg","width":2560,"height":1570},{"@type":"WebSite","@id":"https:\/\/unedpamplona.es\/eu\/#website","url":"https:\/\/unedpamplona.es\/eu\/","name":"UNED Pamplona","description":"","publisher":{"@id":"https:\/\/unedpamplona.es\/eu\/#organization"},"potentialAction":[{"@type":"SearchAction","target":{"@type":"EntryPoint","urlTemplate":"https:\/\/unedpamplona.es\/eu\/?s={search_term_string}"},"query-input":"required name=search_term_string"}],"inLanguage":"eu-ES"},{"@type":"Organization","@id":"https:\/\/unedpamplona.es\/eu\/#organization","name":"UNED Pamplona","url":"https:\/\/unedpamplona.es\/eu\/","logo":{"@type":"ImageObject","inLanguage":"eu-ES","@id":"https:\/\/unedpamplona.es\/eu\/#\/schema\/logo\/image\/","url":"https:\/\/unedpamplona.es\/wp-content\/uploads\/2024\/02\/uned_pamplona_logo.png","contentUrl":"https:\/\/unedpamplona.es\/wp-content\/uploads\/2024\/02\/uned_pamplona_logo.png","width":218,"height":104,"caption":"UNED Pamplona"},"image":{"@id":"https:\/\/unedpamplona.es\/eu\/#\/schema\/logo\/image\/"},"sameAs":["https:\/\/x.com\/unedpamplona","https:\/\/www.youtube.com\/channel\/UCR2jc6TbCMAPnbcA17Z0wwg","https:\/\/www.instagram.com\/unedpamplona\/"]},{"@type":"Person","@id":"https:\/\/unedpamplona.es\/eu\/#\/schema\/person\/62a05b70c6808d41d8de2111f2b5f568","name":"uned","image":{"@type":"ImageObject","inLanguage":"eu-ES","@id":"https:\/\/unedpamplona.es\/eu\/#\/schema\/person\/image\/","url":"https:\/\/secure.gravatar.com\/avatar\/344a1f8262dc552fd951ddf77b72239b?s=96&d=mm&r=g","contentUrl":"https:\/\/secure.gravatar.com\/avatar\/344a1f8262dc552fd951ddf77b72239b?s=96&d=mm&r=g","caption":"uned"},"url":"https:\/\/unedpamplona.es\/eu\/author\/uned\/"}]}},"_links":{"self":[{"href":"https:\/\/unedpamplona.es\/eu\/wp-json\/wp\/v2\/posts\/15403"}],"collection":[{"href":"https:\/\/unedpamplona.es\/eu\/wp-json\/wp\/v2\/posts"}],"about":[{"href":"https:\/\/unedpamplona.es\/eu\/wp-json\/wp\/v2\/types\/post"}],"author":[{"embeddable":true,"href":"https:\/\/unedpamplona.es\/eu\/wp-json\/wp\/v2\/users\/2"}],"replies":[{"embeddable":true,"href":"https:\/\/unedpamplona.es\/eu\/wp-json\/wp\/v2\/comments?post=15403"}],"version-history":[{"count":9,"href":"https:\/\/unedpamplona.es\/eu\/wp-json\/wp\/v2\/posts\/15403\/revisions"}],"predecessor-version":[{"id":16096,"href":"https:\/\/unedpamplona.es\/eu\/wp-json\/wp\/v2\/posts\/15403\/revisions\/16096"}],"wp:featuredmedia":[{"embeddable":true,"href":"https:\/\/unedpamplona.es\/eu\/wp-json\/wp\/v2\/media\/16094"}],"wp:attachment":[{"href":"https:\/\/unedpamplona.es\/eu\/wp-json\/wp\/v2\/media?parent=15403"}],"wp:term":[{"taxonomy":"category","embeddable":true,"href":"https:\/\/unedpamplona.es\/eu\/wp-json\/wp\/v2\/categories?post=15403"},{"taxonomy":"post_tag","embeddable":true,"href":"https:\/\/unedpamplona.es\/eu\/wp-json\/wp\/v2\/tags?post=15403"}],"curies":[{"name":"wp","href":"https:\/\/api.w.org\/{rel}","templated":true}]}}