{"id":17158,"date":"2026-02-18T12:58:51","date_gmt":"2026-02-18T11:58:51","guid":{"rendered":"https:\/\/unedpamplona.es\/?p=17158"},"modified":"2026-02-18T13:02:05","modified_gmt":"2026-02-18T12:02:05","slug":"mas-de-1-000-matriculas-en-la-conferencia-inteligencia-emocional-y-altas-capacidades","status":"publish","type":"post","link":"https:\/\/unedpamplona.es\/eu\/mas-de-1-000-matriculas-en-la-conferencia-inteligencia-emocional-y-altas-capacidades\/","title":{"rendered":"M\u00e1s de 1.000 matr\u00edculas en la conferencia \u201cInteligencia emocional y altas capacidades\u201d"},"content":{"rendered":"<p>Un total de 1.220 personas se ha matriculado para seguir On line la conferencia &#8220;Inteligencia emocional y altas capacidades&#8221;, impartida por <span class=\"ponente\">Silvia Cristina Benito Moreno, p<\/span><span class=\"cargo\"><span class=\"cargo_ponente\">sic\u00f3loga y doctora en Educaci\u00f3n por la UNED, adem\u00e1s de coordinadora del Programa de Enriquecimiento Educativo de Alumnos con Altas Capacidades (PEAC) de la Comunidad de Madrid.\u00a0<\/span><\/span><\/p>\n<p>Con este n\u00famero de inscripciones queda patente el inter\u00e9s de la ciudadan\u00eda por la educaci\u00f3n emocional como herramienta imprescindible para el desarrollo integral del alumnado con altas capacidades. Adem\u00e1s, en la conferencia se abord\u00f3 su potencial cognitivo, acompa\u00f1ado con frecuencia de una emocionalidad intensa y una elevada sensibilidad, que exige una intervenci\u00f3n educativa que contemple, no solo la estimulaci\u00f3n intelectual, sino tambi\u00e9n la comprensi\u00f3n, gesti\u00f3n y regulaci\u00f3n de sus emociones.<\/p>\n<p>Esta conferencia se enmarca dentro del programa de la C\u00e1tedra de Inteligencia Emocional UNED Pamplona &#8211; Fundaci\u00f3n Caja Navarra y, concretamente, del ciclo de emociones en neurodivergentes.<\/p>\n","protected":false},"excerpt":{"rendered":"<p>Un total de 1.220 personas se ha matriculado para seguir On line la conferencia &#8220;Inteligencia emocional y altas capacidades&#8221;, impartida por Silvia Cristina Benito Moreno, psic\u00f3loga y doctora en Educaci\u00f3n por la UNED, adem\u00e1s de coordinadora del Programa de Enriquecimiento Educativo de Alumnos con Altas Capacidades (PEAC) de la Comunidad de Madrid.\u00a0 Con este n\u00famero [&hellip;]<\/p>\n","protected":false},"author":2,"featured_media":17159,"comment_status":"closed","ping_status":"closed","sticky":false,"template":"","format":"standard","meta":{"footnotes":""},"categories":[11],"tags":[],"yoast_head":"<!-- This site is optimized with the Yoast SEO plugin v22.5 - https:\/\/yoast.com\/wordpress\/plugins\/seo\/ -->\n<title>M\u00e1s de 1.000 matr\u00edculas en la conferencia \u201cInteligencia emocional y altas capacidades\u201d - UNED Pamplona<\/title>\n<meta name=\"robots\" content=\"index, follow, max-snippet:-1, max-image-preview:large, max-video-preview:-1\" \/>\n<link rel=\"canonical\" href=\"https:\/\/unedpamplona.es\/eu\/mas-de-1-000-matriculas-en-la-conferencia-inteligencia-emocional-y-altas-capacidades\/\" \/>\n<meta property=\"og:locale\" content=\"eu_ES\" \/>\n<meta property=\"og:type\" content=\"article\" \/>\n<meta property=\"og:title\" content=\"M\u00e1s de 1.000 matr\u00edculas en la conferencia \u201cInteligencia emocional y altas capacidades\u201d - UNED Pamplona\" \/>\n<meta property=\"og:description\" content=\"Un total de 1.220 personas se ha matriculado para seguir On line la conferencia &#8220;Inteligencia emocional y altas capacidades&#8221;, impartida por Silvia Cristina Benito Moreno, psic\u00f3loga y doctora en Educaci\u00f3n por la UNED, adem\u00e1s de coordinadora del Programa de Enriquecimiento Educativo de Alumnos con Altas Capacidades (PEAC) de la Comunidad de Madrid.\u00a0 Con este n\u00famero [&hellip;]\" \/>\n<meta property=\"og:url\" content=\"https:\/\/unedpamplona.es\/eu\/mas-de-1-000-matriculas-en-la-conferencia-inteligencia-emocional-y-altas-capacidades\/\" \/>\n<meta property=\"og:site_name\" content=\"UNED Pamplona\" \/>\n<meta property=\"article:published_time\" content=\"2026-02-18T11:58:51+00:00\" \/>\n<meta property=\"article:modified_time\" content=\"2026-02-18T12:02:05+00:00\" \/>\n<meta property=\"og:image\" content=\"https:\/\/unedpamplona.es\/wp-content\/uploads\/2026\/02\/conferencia.jpg\" \/>\n\t<meta property=\"og:image:width\" content=\"1195\" \/>\n\t<meta property=\"og:image:height\" content=\"820\" \/>\n\t<meta property=\"og:image:type\" content=\"image\/jpeg\" \/>\n<meta name=\"author\" content=\"uned\" \/>\n<meta name=\"twitter:card\" content=\"summary_large_image\" \/>\n<meta name=\"twitter:creator\" content=\"@unedpamplona\" \/>\n<meta name=\"twitter:site\" content=\"@unedpamplona\" \/>\n<meta name=\"twitter:label1\" content=\"Written by\" \/>\n\t<meta name=\"twitter:data1\" content=\"uned\" \/>\n\t<meta name=\"twitter:label2\" content=\"Est. reading time\" \/>\n\t<meta name=\"twitter:data2\" content=\"1 minute\" \/>\n<script type=\"application\/ld+json\" class=\"yoast-schema-graph\">{\"@context\":\"https:\/\/schema.org\",\"@graph\":[{\"@type\":\"Article\",\"@id\":\"https:\/\/unedpamplona.es\/eu\/mas-de-1-000-matriculas-en-la-conferencia-inteligencia-emocional-y-altas-capacidades\/#article\",\"isPartOf\":{\"@id\":\"https:\/\/unedpamplona.es\/eu\/mas-de-1-000-matriculas-en-la-conferencia-inteligencia-emocional-y-altas-capacidades\/\"},\"author\":{\"name\":\"uned\",\"@id\":\"https:\/\/unedpamplona.es\/eu\/#\/schema\/person\/62a05b70c6808d41d8de2111f2b5f568\"},\"headline\":\"M\u00e1s de 1.000 matr\u00edculas en la conferencia \u201cInteligencia emocional y altas capacidades\u201d\",\"datePublished\":\"2026-02-18T11:58:51+00:00\",\"dateModified\":\"2026-02-18T12:02:05+00:00\",\"mainEntityOfPage\":{\"@id\":\"https:\/\/unedpamplona.es\/eu\/mas-de-1-000-matriculas-en-la-conferencia-inteligencia-emocional-y-altas-capacidades\/\"},\"wordCount\":179,\"publisher\":{\"@id\":\"https:\/\/unedpamplona.es\/eu\/#organization\"},\"image\":{\"@id\":\"https:\/\/unedpamplona.es\/eu\/mas-de-1-000-matriculas-en-la-conferencia-inteligencia-emocional-y-altas-capacidades\/#primaryimage\"},\"thumbnailUrl\":\"https:\/\/unedpamplona.es\/wp-content\/uploads\/2026\/02\/conferencia.jpg\",\"articleSection\":[\"Actualidad\"],\"inLanguage\":\"eu-ES\"},{\"@type\":\"WebPage\",\"@id\":\"https:\/\/unedpamplona.es\/eu\/mas-de-1-000-matriculas-en-la-conferencia-inteligencia-emocional-y-altas-capacidades\/\",\"url\":\"https:\/\/unedpamplona.es\/eu\/mas-de-1-000-matriculas-en-la-conferencia-inteligencia-emocional-y-altas-capacidades\/\",\"name\":\"M\u00e1s de 1.000 matr\u00edculas en la conferencia \u201cInteligencia emocional y altas capacidades\u201d - UNED Pamplona\",\"isPartOf\":{\"@id\":\"https:\/\/unedpamplona.es\/eu\/#website\"},\"primaryImageOfPage\":{\"@id\":\"https:\/\/unedpamplona.es\/eu\/mas-de-1-000-matriculas-en-la-conferencia-inteligencia-emocional-y-altas-capacidades\/#primaryimage\"},\"image\":{\"@id\":\"https:\/\/unedpamplona.es\/eu\/mas-de-1-000-matriculas-en-la-conferencia-inteligencia-emocional-y-altas-capacidades\/#primaryimage\"},\"thumbnailUrl\":\"https:\/\/unedpamplona.es\/wp-content\/uploads\/2026\/02\/conferencia.jpg\",\"datePublished\":\"2026-02-18T11:58:51+00:00\",\"dateModified\":\"2026-02-18T12:02:05+00:00\",\"inLanguage\":\"eu-ES\",\"potentialAction\":[{\"@type\":\"ReadAction\",\"target\":[\"https:\/\/unedpamplona.es\/eu\/mas-de-1-000-matriculas-en-la-conferencia-inteligencia-emocional-y-altas-capacidades\/\"]}]},{\"@type\":\"ImageObject\",\"inLanguage\":\"eu-ES\",\"@id\":\"https:\/\/unedpamplona.es\/eu\/mas-de-1-000-matriculas-en-la-conferencia-inteligencia-emocional-y-altas-capacidades\/#primaryimage\",\"url\":\"https:\/\/unedpamplona.es\/wp-content\/uploads\/2026\/02\/conferencia.jpg\",\"contentUrl\":\"https:\/\/unedpamplona.es\/wp-content\/uploads\/2026\/02\/conferencia.jpg\",\"width\":1195,\"height\":820},{\"@type\":\"WebSite\",\"@id\":\"https:\/\/unedpamplona.es\/eu\/#website\",\"url\":\"https:\/\/unedpamplona.es\/eu\/\",\"name\":\"UNED Pamplona\",\"description\":\"\",\"publisher\":{\"@id\":\"https:\/\/unedpamplona.es\/eu\/#organization\"},\"potentialAction\":[{\"@type\":\"SearchAction\",\"target\":{\"@type\":\"EntryPoint\",\"urlTemplate\":\"https:\/\/unedpamplona.es\/eu\/?s={search_term_string}\"},\"query-input\":\"required name=search_term_string\"}],\"inLanguage\":\"eu-ES\"},{\"@type\":\"Organization\",\"@id\":\"https:\/\/unedpamplona.es\/eu\/#organization\",\"name\":\"UNED Pamplona\",\"url\":\"https:\/\/unedpamplona.es\/eu\/\",\"logo\":{\"@type\":\"ImageObject\",\"inLanguage\":\"eu-ES\",\"@id\":\"https:\/\/unedpamplona.es\/eu\/#\/schema\/logo\/image\/\",\"url\":\"https:\/\/unedpamplona.es\/wp-content\/uploads\/2024\/02\/uned_pamplona_logo.png\",\"contentUrl\":\"https:\/\/unedpamplona.es\/wp-content\/uploads\/2024\/02\/uned_pamplona_logo.png\",\"width\":218,\"height\":104,\"caption\":\"UNED Pamplona\"},\"image\":{\"@id\":\"https:\/\/unedpamplona.es\/eu\/#\/schema\/logo\/image\/\"},\"sameAs\":[\"https:\/\/x.com\/unedpamplona\",\"https:\/\/www.youtube.com\/channel\/UCR2jc6TbCMAPnbcA17Z0wwg\",\"https:\/\/www.instagram.com\/unedpamplona\/\"]},{\"@type\":\"Person\",\"@id\":\"https:\/\/unedpamplona.es\/eu\/#\/schema\/person\/62a05b70c6808d41d8de2111f2b5f568\",\"name\":\"uned\",\"image\":{\"@type\":\"ImageObject\",\"inLanguage\":\"eu-ES\",\"@id\":\"https:\/\/unedpamplona.es\/eu\/#\/schema\/person\/image\/\",\"url\":\"https:\/\/secure.gravatar.com\/avatar\/344a1f8262dc552fd951ddf77b72239b?s=96&d=mm&r=g\",\"contentUrl\":\"https:\/\/secure.gravatar.com\/avatar\/344a1f8262dc552fd951ddf77b72239b?s=96&d=mm&r=g\",\"caption\":\"uned\"},\"url\":\"https:\/\/unedpamplona.es\/eu\/author\/uned\/\"}]}<\/script>\n<!-- \/ Yoast SEO plugin. -->","yoast_head_json":{"title":"M\u00e1s de 1.000 matr\u00edculas en la conferencia \u201cInteligencia emocional y altas capacidades\u201d - UNED Pamplona","robots":{"index":"index","follow":"follow","max-snippet":"max-snippet:-1","max-image-preview":"max-image-preview:large","max-video-preview":"max-video-preview:-1"},"canonical":"https:\/\/unedpamplona.es\/eu\/mas-de-1-000-matriculas-en-la-conferencia-inteligencia-emocional-y-altas-capacidades\/","og_locale":"eu_ES","og_type":"article","og_title":"M\u00e1s de 1.000 matr\u00edculas en la conferencia \u201cInteligencia emocional y altas capacidades\u201d - UNED Pamplona","og_description":"Un total de 1.220 personas se ha matriculado para seguir On line la conferencia &#8220;Inteligencia emocional y altas capacidades&#8221;, impartida por Silvia Cristina Benito Moreno, psic\u00f3loga y doctora en Educaci\u00f3n por la UNED, adem\u00e1s de coordinadora del Programa de Enriquecimiento Educativo de Alumnos con Altas Capacidades (PEAC) de la Comunidad de Madrid.\u00a0 Con este n\u00famero [&hellip;]","og_url":"https:\/\/unedpamplona.es\/eu\/mas-de-1-000-matriculas-en-la-conferencia-inteligencia-emocional-y-altas-capacidades\/","og_site_name":"UNED Pamplona","article_published_time":"2026-02-18T11:58:51+00:00","article_modified_time":"2026-02-18T12:02:05+00:00","og_image":[{"width":1195,"height":820,"url":"https:\/\/unedpamplona.es\/wp-content\/uploads\/2026\/02\/conferencia.jpg","type":"image\/jpeg"}],"author":"uned","twitter_card":"summary_large_image","twitter_creator":"@unedpamplona","twitter_site":"@unedpamplona","twitter_misc":{"Written by":"uned","Est. reading time":"1 minute"},"schema":{"@context":"https:\/\/schema.org","@graph":[{"@type":"Article","@id":"https:\/\/unedpamplona.es\/eu\/mas-de-1-000-matriculas-en-la-conferencia-inteligencia-emocional-y-altas-capacidades\/#article","isPartOf":{"@id":"https:\/\/unedpamplona.es\/eu\/mas-de-1-000-matriculas-en-la-conferencia-inteligencia-emocional-y-altas-capacidades\/"},"author":{"name":"uned","@id":"https:\/\/unedpamplona.es\/eu\/#\/schema\/person\/62a05b70c6808d41d8de2111f2b5f568"},"headline":"M\u00e1s de 1.000 matr\u00edculas en la conferencia \u201cInteligencia emocional y altas capacidades\u201d","datePublished":"2026-02-18T11:58:51+00:00","dateModified":"2026-02-18T12:02:05+00:00","mainEntityOfPage":{"@id":"https:\/\/unedpamplona.es\/eu\/mas-de-1-000-matriculas-en-la-conferencia-inteligencia-emocional-y-altas-capacidades\/"},"wordCount":179,"publisher":{"@id":"https:\/\/unedpamplona.es\/eu\/#organization"},"image":{"@id":"https:\/\/unedpamplona.es\/eu\/mas-de-1-000-matriculas-en-la-conferencia-inteligencia-emocional-y-altas-capacidades\/#primaryimage"},"thumbnailUrl":"https:\/\/unedpamplona.es\/wp-content\/uploads\/2026\/02\/conferencia.jpg","articleSection":["Actualidad"],"inLanguage":"eu-ES"},{"@type":"WebPage","@id":"https:\/\/unedpamplona.es\/eu\/mas-de-1-000-matriculas-en-la-conferencia-inteligencia-emocional-y-altas-capacidades\/","url":"https:\/\/unedpamplona.es\/eu\/mas-de-1-000-matriculas-en-la-conferencia-inteligencia-emocional-y-altas-capacidades\/","name":"M\u00e1s de 1.000 matr\u00edculas en la conferencia \u201cInteligencia emocional y altas capacidades\u201d - UNED Pamplona","isPartOf":{"@id":"https:\/\/unedpamplona.es\/eu\/#website"},"primaryImageOfPage":{"@id":"https:\/\/unedpamplona.es\/eu\/mas-de-1-000-matriculas-en-la-conferencia-inteligencia-emocional-y-altas-capacidades\/#primaryimage"},"image":{"@id":"https:\/\/unedpamplona.es\/eu\/mas-de-1-000-matriculas-en-la-conferencia-inteligencia-emocional-y-altas-capacidades\/#primaryimage"},"thumbnailUrl":"https:\/\/unedpamplona.es\/wp-content\/uploads\/2026\/02\/conferencia.jpg","datePublished":"2026-02-18T11:58:51+00:00","dateModified":"2026-02-18T12:02:05+00:00","inLanguage":"eu-ES","potentialAction":[{"@type":"ReadAction","target":["https:\/\/unedpamplona.es\/eu\/mas-de-1-000-matriculas-en-la-conferencia-inteligencia-emocional-y-altas-capacidades\/"]}]},{"@type":"ImageObject","inLanguage":"eu-ES","@id":"https:\/\/unedpamplona.es\/eu\/mas-de-1-000-matriculas-en-la-conferencia-inteligencia-emocional-y-altas-capacidades\/#primaryimage","url":"https:\/\/unedpamplona.es\/wp-content\/uploads\/2026\/02\/conferencia.jpg","contentUrl":"https:\/\/unedpamplona.es\/wp-content\/uploads\/2026\/02\/conferencia.jpg","width":1195,"height":820},{"@type":"WebSite","@id":"https:\/\/unedpamplona.es\/eu\/#website","url":"https:\/\/unedpamplona.es\/eu\/","name":"UNED Pamplona","description":"","publisher":{"@id":"https:\/\/unedpamplona.es\/eu\/#organization"},"potentialAction":[{"@type":"SearchAction","target":{"@type":"EntryPoint","urlTemplate":"https:\/\/unedpamplona.es\/eu\/?s={search_term_string}"},"query-input":"required name=search_term_string"}],"inLanguage":"eu-ES"},{"@type":"Organization","@id":"https:\/\/unedpamplona.es\/eu\/#organization","name":"UNED Pamplona","url":"https:\/\/unedpamplona.es\/eu\/","logo":{"@type":"ImageObject","inLanguage":"eu-ES","@id":"https:\/\/unedpamplona.es\/eu\/#\/schema\/logo\/image\/","url":"https:\/\/unedpamplona.es\/wp-content\/uploads\/2024\/02\/uned_pamplona_logo.png","contentUrl":"https:\/\/unedpamplona.es\/wp-content\/uploads\/2024\/02\/uned_pamplona_logo.png","width":218,"height":104,"caption":"UNED Pamplona"},"image":{"@id":"https:\/\/unedpamplona.es\/eu\/#\/schema\/logo\/image\/"},"sameAs":["https:\/\/x.com\/unedpamplona","https:\/\/www.youtube.com\/channel\/UCR2jc6TbCMAPnbcA17Z0wwg","https:\/\/www.instagram.com\/unedpamplona\/"]},{"@type":"Person","@id":"https:\/\/unedpamplona.es\/eu\/#\/schema\/person\/62a05b70c6808d41d8de2111f2b5f568","name":"uned","image":{"@type":"ImageObject","inLanguage":"eu-ES","@id":"https:\/\/unedpamplona.es\/eu\/#\/schema\/person\/image\/","url":"https:\/\/secure.gravatar.com\/avatar\/344a1f8262dc552fd951ddf77b72239b?s=96&d=mm&r=g","contentUrl":"https:\/\/secure.gravatar.com\/avatar\/344a1f8262dc552fd951ddf77b72239b?s=96&d=mm&r=g","caption":"uned"},"url":"https:\/\/unedpamplona.es\/eu\/author\/uned\/"}]}},"_links":{"self":[{"href":"https:\/\/unedpamplona.es\/eu\/wp-json\/wp\/v2\/posts\/17158"}],"collection":[{"href":"https:\/\/unedpamplona.es\/eu\/wp-json\/wp\/v2\/posts"}],"about":[{"href":"https:\/\/unedpamplona.es\/eu\/wp-json\/wp\/v2\/types\/post"}],"author":[{"embeddable":true,"href":"https:\/\/unedpamplona.es\/eu\/wp-json\/wp\/v2\/users\/2"}],"replies":[{"embeddable":true,"href":"https:\/\/unedpamplona.es\/eu\/wp-json\/wp\/v2\/comments?post=17158"}],"version-history":[{"count":3,"href":"https:\/\/unedpamplona.es\/eu\/wp-json\/wp\/v2\/posts\/17158\/revisions"}],"predecessor-version":[{"id":17163,"href":"https:\/\/unedpamplona.es\/eu\/wp-json\/wp\/v2\/posts\/17158\/revisions\/17163"}],"wp:featuredmedia":[{"embeddable":true,"href":"https:\/\/unedpamplona.es\/eu\/wp-json\/wp\/v2\/media\/17159"}],"wp:attachment":[{"href":"https:\/\/unedpamplona.es\/eu\/wp-json\/wp\/v2\/media?parent=17158"}],"wp:term":[{"taxonomy":"category","embeddable":true,"href":"https:\/\/unedpamplona.es\/eu\/wp-json\/wp\/v2\/categories?post=17158"},{"taxonomy":"post_tag","embeddable":true,"href":"https:\/\/unedpamplona.es\/eu\/wp-json\/wp\/v2\/tags?post=17158"}],"curies":[{"name":"wp","href":"https:\/\/api.w.org\/{rel}","templated":true}]}}