{"id":19150,"date":"2026-04-27T11:42:15","date_gmt":"2026-04-27T09:42:15","guid":{"rendered":"https:\/\/unedpamplona.es\/?p=19150"},"modified":"2026-04-27T11:42:15","modified_gmt":"2026-04-27T09:42:15","slug":"conferencia-implicaciones-de-una-ia-consciente-con-el-neurocientifico-ignacio-morgado-2","status":"publish","type":"post","link":"https:\/\/unedpamplona.es\/eu\/conferencia-implicaciones-de-una-ia-consciente-con-el-neurocientifico-ignacio-morgado-2\/","title":{"rendered":"Conferencia \u201cImplicaciones de una IA consciente\u201d, con el neurocient\u00edfico Ignacio Morgado"},"content":{"rendered":"<div class=\"elementor-element elementor-element-c66a425 e-flex e-con-boxed e-con e-child\" data-id=\"c66a425\" data-element_type=\"container\" data-settings=\"{&quot;content_width&quot;:&quot;boxed&quot;}\">\n<div class=\"e-con-inner\">\n<div class=\"elementor-element elementor-element-cd57340 e-con-full e-flex e-con e-child\" data-id=\"cd57340\" data-element_type=\"container\" data-settings=\"{&quot;content_width&quot;:&quot;full&quot;}\">\n<div class=\"elementor-element elementor-element-3a915c9 elementor-widget elementor-widget-theme-post-title elementor-page-title elementor-widget-heading\" data-id=\"3a915c9\" data-element_type=\"widget\" data-widget_type=\"theme-post-title.default\">\n<div class=\"elementor-widget-container\"><\/div>\n<\/div>\n<div class=\"elementor-element elementor-element-2c990c0 elementor-widget-divider--view-line elementor-widget elementor-widget-divider\" data-id=\"2c990c0\" data-element_type=\"widget\" data-widget_type=\"divider.default\">\n<div class=\"elementor-widget-container\">\n<div class=\"elementor-divider\">El neurocient\u00edfico Ignacio Morgado impartir\u00e1 el pr\u00f3ximo 3 de junio en Civican la conferencia \u201cImplicaciones de una IA consciente\u201d, enmarcada dentro de las de la C\u00e1tedra de Inteligencia Emocional UNED Pamplona \u2013 Fundaci\u00f3n Caja Navarra.<\/div>\n<\/div>\n<\/div>\n<div class=\"elementor-element elementor-element-93e3ed0 elementor-widget elementor-widget-theme-post-content\" data-id=\"93e3ed0\" data-element_type=\"widget\" data-widget_type=\"theme-post-content.default\">\n<div class=\"elementor-widget-container\">\n<p>Morgado, catedr\u00e1tico em\u00e9rito de Psicolog\u00eda en el Instituto de Neurociencias y en la Facultad de Psicolog\u00eda de la Universidad Aut\u00f3noma de Barcelona, abordar\u00e1 si la IA podr\u00eda desarrollar consciencia y emociones similares a las humanas. Adem\u00e1s, se debatir\u00e1 sobre las implicaciones \u00e9ticas, sociales y legales que puede llegar a tener este tema.<\/p>\n<p>&nbsp;<\/p>\n<p><strong>MATR\u00cdCULA GRATUITA:\u00a0<a href=\"https:\/\/extension.uned.es\/actividad\/51951&amp;codigo=IDUIC\">Conferencia de Ignacio Morgado: \u201cImplicaciones de una IA consciente\u201d | Extensi\u00f3n Universitaria en Pamplona | UNED<\/a><\/strong><\/p>\n<\/div>\n<\/div>\n<\/div>\n<\/div>\n<\/div>\n<div class=\"elementor-element elementor-element-a58bc10 e-con-full e-flex e-con e-child\" data-id=\"a58bc10\" data-element_type=\"container\" data-settings=\"{&quot;content_width&quot;:&quot;full&quot;}\">\n<div class=\"elementor-element elementor-element-2b8aa2d elementor-widget-divider--view-line elementor-widget elementor-widget-divider\" data-id=\"2b8aa2d\" data-element_type=\"widget\" data-widget_type=\"divider.default\">\n<div class=\"elementor-widget-container\">\n<div class=\"elementor-divider\"><\/div>\n<\/div>\n<\/div>\n<\/div>\n","protected":false},"excerpt":{"rendered":"<p>El neurocient\u00edfico Ignacio Morgado impartir\u00e1 el pr\u00f3ximo 3 de junio en Civican la conferencia \u201cImplicaciones de una IA consciente\u201d, enmarcada dentro de las de la C\u00e1tedra de Inteligencia Emocional UNED Pamplona \u2013 Fundaci\u00f3n Caja Navarra. Morgado, catedr\u00e1tico em\u00e9rito de Psicolog\u00eda en el Instituto de Neurociencias y en la Facultad de Psicolog\u00eda de la Universidad Aut\u00f3noma [&hellip;]<\/p>\n","protected":false},"author":2,"featured_media":0,"comment_status":"closed","ping_status":"closed","sticky":false,"template":"","format":"standard","meta":{"footnotes":""},"categories":[26],"tags":[],"yoast_head":"<!-- This site is optimized with the Yoast SEO plugin v22.5 - https:\/\/yoast.com\/wordpress\/plugins\/seo\/ -->\n<title>Conferencia \u201cImplicaciones de una IA consciente\u201d, con el neurocient\u00edfico Ignacio Morgado - UNED Pamplona<\/title>\n<meta name=\"robots\" content=\"index, follow, max-snippet:-1, max-image-preview:large, max-video-preview:-1\" \/>\n<link rel=\"canonical\" href=\"https:\/\/unedpamplona.es\/eu\/conferencia-implicaciones-de-una-ia-consciente-con-el-neurocientifico-ignacio-morgado-2\/\" \/>\n<meta property=\"og:locale\" content=\"eu_ES\" \/>\n<meta property=\"og:type\" content=\"article\" \/>\n<meta property=\"og:title\" content=\"Conferencia \u201cImplicaciones de una IA consciente\u201d, con el neurocient\u00edfico Ignacio Morgado - UNED Pamplona\" \/>\n<meta property=\"og:description\" content=\"El neurocient\u00edfico Ignacio Morgado impartir\u00e1 el pr\u00f3ximo 3 de junio en Civican la conferencia \u201cImplicaciones de una IA consciente\u201d, enmarcada dentro de las de la C\u00e1tedra de Inteligencia Emocional UNED Pamplona \u2013 Fundaci\u00f3n Caja Navarra. Morgado, catedr\u00e1tico em\u00e9rito de Psicolog\u00eda en el Instituto de Neurociencias y en la Facultad de Psicolog\u00eda de la Universidad Aut\u00f3noma [&hellip;]\" \/>\n<meta property=\"og:url\" content=\"https:\/\/unedpamplona.es\/eu\/conferencia-implicaciones-de-una-ia-consciente-con-el-neurocientifico-ignacio-morgado-2\/\" \/>\n<meta property=\"og:site_name\" content=\"UNED Pamplona\" \/>\n<meta property=\"article:published_time\" content=\"2026-04-27T09:42:15+00:00\" \/>\n<meta name=\"author\" content=\"uned\" \/>\n<meta name=\"twitter:card\" content=\"summary_large_image\" \/>\n<meta name=\"twitter:creator\" content=\"@unedpamplona\" \/>\n<meta name=\"twitter:site\" content=\"@unedpamplona\" \/>\n<meta name=\"twitter:label1\" content=\"Written by\" \/>\n\t<meta name=\"twitter:data1\" content=\"uned\" \/>\n\t<meta name=\"twitter:label2\" content=\"Est. reading time\" \/>\n\t<meta name=\"twitter:data2\" content=\"1 minute\" \/>\n<script type=\"application\/ld+json\" class=\"yoast-schema-graph\">{\"@context\":\"https:\/\/schema.org\",\"@graph\":[{\"@type\":\"Article\",\"@id\":\"https:\/\/unedpamplona.es\/eu\/conferencia-implicaciones-de-una-ia-consciente-con-el-neurocientifico-ignacio-morgado-2\/#article\",\"isPartOf\":{\"@id\":\"https:\/\/unedpamplona.es\/eu\/conferencia-implicaciones-de-una-ia-consciente-con-el-neurocientifico-ignacio-morgado-2\/\"},\"author\":{\"name\":\"uned\",\"@id\":\"https:\/\/unedpamplona.es\/eu\/#\/schema\/person\/62a05b70c6808d41d8de2111f2b5f568\"},\"headline\":\"Conferencia \u201cImplicaciones de una IA consciente\u201d, con el neurocient\u00edfico Ignacio Morgado\",\"datePublished\":\"2026-04-27T09:42:15+00:00\",\"dateModified\":\"2026-04-27T09:42:15+00:00\",\"mainEntityOfPage\":{\"@id\":\"https:\/\/unedpamplona.es\/eu\/conferencia-implicaciones-de-una-ia-consciente-con-el-neurocientifico-ignacio-morgado-2\/\"},\"wordCount\":127,\"publisher\":{\"@id\":\"https:\/\/unedpamplona.es\/eu\/#organization\"},\"articleSection\":[\"C\u00e1tedra\"],\"inLanguage\":\"eu-ES\"},{\"@type\":\"WebPage\",\"@id\":\"https:\/\/unedpamplona.es\/eu\/conferencia-implicaciones-de-una-ia-consciente-con-el-neurocientifico-ignacio-morgado-2\/\",\"url\":\"https:\/\/unedpamplona.es\/eu\/conferencia-implicaciones-de-una-ia-consciente-con-el-neurocientifico-ignacio-morgado-2\/\",\"name\":\"Conferencia \u201cImplicaciones de una IA consciente\u201d, con el neurocient\u00edfico Ignacio Morgado - UNED Pamplona\",\"isPartOf\":{\"@id\":\"https:\/\/unedpamplona.es\/eu\/#website\"},\"datePublished\":\"2026-04-27T09:42:15+00:00\",\"dateModified\":\"2026-04-27T09:42:15+00:00\",\"inLanguage\":\"eu-ES\",\"potentialAction\":[{\"@type\":\"ReadAction\",\"target\":[\"https:\/\/unedpamplona.es\/eu\/conferencia-implicaciones-de-una-ia-consciente-con-el-neurocientifico-ignacio-morgado-2\/\"]}]},{\"@type\":\"WebSite\",\"@id\":\"https:\/\/unedpamplona.es\/eu\/#website\",\"url\":\"https:\/\/unedpamplona.es\/eu\/\",\"name\":\"UNED Pamplona\",\"description\":\"\",\"publisher\":{\"@id\":\"https:\/\/unedpamplona.es\/eu\/#organization\"},\"potentialAction\":[{\"@type\":\"SearchAction\",\"target\":{\"@type\":\"EntryPoint\",\"urlTemplate\":\"https:\/\/unedpamplona.es\/eu\/?s={search_term_string}\"},\"query-input\":\"required name=search_term_string\"}],\"inLanguage\":\"eu-ES\"},{\"@type\":\"Organization\",\"@id\":\"https:\/\/unedpamplona.es\/eu\/#organization\",\"name\":\"UNED Pamplona\",\"url\":\"https:\/\/unedpamplona.es\/eu\/\",\"logo\":{\"@type\":\"ImageObject\",\"inLanguage\":\"eu-ES\",\"@id\":\"https:\/\/unedpamplona.es\/eu\/#\/schema\/logo\/image\/\",\"url\":\"https:\/\/unedpamplona.es\/wp-content\/uploads\/2024\/02\/uned_pamplona_logo.png\",\"contentUrl\":\"https:\/\/unedpamplona.es\/wp-content\/uploads\/2024\/02\/uned_pamplona_logo.png\",\"width\":218,\"height\":104,\"caption\":\"UNED Pamplona\"},\"image\":{\"@id\":\"https:\/\/unedpamplona.es\/eu\/#\/schema\/logo\/image\/\"},\"sameAs\":[\"https:\/\/x.com\/unedpamplona\",\"https:\/\/www.youtube.com\/channel\/UCR2jc6TbCMAPnbcA17Z0wwg\",\"https:\/\/www.instagram.com\/unedpamplona\/\"]},{\"@type\":\"Person\",\"@id\":\"https:\/\/unedpamplona.es\/eu\/#\/schema\/person\/62a05b70c6808d41d8de2111f2b5f568\",\"name\":\"uned\",\"image\":{\"@type\":\"ImageObject\",\"inLanguage\":\"eu-ES\",\"@id\":\"https:\/\/unedpamplona.es\/eu\/#\/schema\/person\/image\/\",\"url\":\"https:\/\/secure.gravatar.com\/avatar\/344a1f8262dc552fd951ddf77b72239b?s=96&d=mm&r=g\",\"contentUrl\":\"https:\/\/secure.gravatar.com\/avatar\/344a1f8262dc552fd951ddf77b72239b?s=96&d=mm&r=g\",\"caption\":\"uned\"},\"url\":\"https:\/\/unedpamplona.es\/eu\/author\/uned\/\"}]}<\/script>\n<!-- \/ Yoast SEO plugin. -->","yoast_head_json":{"title":"Conferencia \u201cImplicaciones de una IA consciente\u201d, con el neurocient\u00edfico Ignacio Morgado - UNED Pamplona","robots":{"index":"index","follow":"follow","max-snippet":"max-snippet:-1","max-image-preview":"max-image-preview:large","max-video-preview":"max-video-preview:-1"},"canonical":"https:\/\/unedpamplona.es\/eu\/conferencia-implicaciones-de-una-ia-consciente-con-el-neurocientifico-ignacio-morgado-2\/","og_locale":"eu_ES","og_type":"article","og_title":"Conferencia \u201cImplicaciones de una IA consciente\u201d, con el neurocient\u00edfico Ignacio Morgado - UNED Pamplona","og_description":"El neurocient\u00edfico Ignacio Morgado impartir\u00e1 el pr\u00f3ximo 3 de junio en Civican la conferencia \u201cImplicaciones de una IA consciente\u201d, enmarcada dentro de las de la C\u00e1tedra de Inteligencia Emocional UNED Pamplona \u2013 Fundaci\u00f3n Caja Navarra. Morgado, catedr\u00e1tico em\u00e9rito de Psicolog\u00eda en el Instituto de Neurociencias y en la Facultad de Psicolog\u00eda de la Universidad Aut\u00f3noma [&hellip;]","og_url":"https:\/\/unedpamplona.es\/eu\/conferencia-implicaciones-de-una-ia-consciente-con-el-neurocientifico-ignacio-morgado-2\/","og_site_name":"UNED Pamplona","article_published_time":"2026-04-27T09:42:15+00:00","author":"uned","twitter_card":"summary_large_image","twitter_creator":"@unedpamplona","twitter_site":"@unedpamplona","twitter_misc":{"Written by":"uned","Est. reading time":"1 minute"},"schema":{"@context":"https:\/\/schema.org","@graph":[{"@type":"Article","@id":"https:\/\/unedpamplona.es\/eu\/conferencia-implicaciones-de-una-ia-consciente-con-el-neurocientifico-ignacio-morgado-2\/#article","isPartOf":{"@id":"https:\/\/unedpamplona.es\/eu\/conferencia-implicaciones-de-una-ia-consciente-con-el-neurocientifico-ignacio-morgado-2\/"},"author":{"name":"uned","@id":"https:\/\/unedpamplona.es\/eu\/#\/schema\/person\/62a05b70c6808d41d8de2111f2b5f568"},"headline":"Conferencia \u201cImplicaciones de una IA consciente\u201d, con el neurocient\u00edfico Ignacio Morgado","datePublished":"2026-04-27T09:42:15+00:00","dateModified":"2026-04-27T09:42:15+00:00","mainEntityOfPage":{"@id":"https:\/\/unedpamplona.es\/eu\/conferencia-implicaciones-de-una-ia-consciente-con-el-neurocientifico-ignacio-morgado-2\/"},"wordCount":127,"publisher":{"@id":"https:\/\/unedpamplona.es\/eu\/#organization"},"articleSection":["C\u00e1tedra"],"inLanguage":"eu-ES"},{"@type":"WebPage","@id":"https:\/\/unedpamplona.es\/eu\/conferencia-implicaciones-de-una-ia-consciente-con-el-neurocientifico-ignacio-morgado-2\/","url":"https:\/\/unedpamplona.es\/eu\/conferencia-implicaciones-de-una-ia-consciente-con-el-neurocientifico-ignacio-morgado-2\/","name":"Conferencia \u201cImplicaciones de una IA consciente\u201d, con el neurocient\u00edfico Ignacio Morgado - UNED Pamplona","isPartOf":{"@id":"https:\/\/unedpamplona.es\/eu\/#website"},"datePublished":"2026-04-27T09:42:15+00:00","dateModified":"2026-04-27T09:42:15+00:00","inLanguage":"eu-ES","potentialAction":[{"@type":"ReadAction","target":["https:\/\/unedpamplona.es\/eu\/conferencia-implicaciones-de-una-ia-consciente-con-el-neurocientifico-ignacio-morgado-2\/"]}]},{"@type":"WebSite","@id":"https:\/\/unedpamplona.es\/eu\/#website","url":"https:\/\/unedpamplona.es\/eu\/","name":"UNED Pamplona","description":"","publisher":{"@id":"https:\/\/unedpamplona.es\/eu\/#organization"},"potentialAction":[{"@type":"SearchAction","target":{"@type":"EntryPoint","urlTemplate":"https:\/\/unedpamplona.es\/eu\/?s={search_term_string}"},"query-input":"required name=search_term_string"}],"inLanguage":"eu-ES"},{"@type":"Organization","@id":"https:\/\/unedpamplona.es\/eu\/#organization","name":"UNED Pamplona","url":"https:\/\/unedpamplona.es\/eu\/","logo":{"@type":"ImageObject","inLanguage":"eu-ES","@id":"https:\/\/unedpamplona.es\/eu\/#\/schema\/logo\/image\/","url":"https:\/\/unedpamplona.es\/wp-content\/uploads\/2024\/02\/uned_pamplona_logo.png","contentUrl":"https:\/\/unedpamplona.es\/wp-content\/uploads\/2024\/02\/uned_pamplona_logo.png","width":218,"height":104,"caption":"UNED Pamplona"},"image":{"@id":"https:\/\/unedpamplona.es\/eu\/#\/schema\/logo\/image\/"},"sameAs":["https:\/\/x.com\/unedpamplona","https:\/\/www.youtube.com\/channel\/UCR2jc6TbCMAPnbcA17Z0wwg","https:\/\/www.instagram.com\/unedpamplona\/"]},{"@type":"Person","@id":"https:\/\/unedpamplona.es\/eu\/#\/schema\/person\/62a05b70c6808d41d8de2111f2b5f568","name":"uned","image":{"@type":"ImageObject","inLanguage":"eu-ES","@id":"https:\/\/unedpamplona.es\/eu\/#\/schema\/person\/image\/","url":"https:\/\/secure.gravatar.com\/avatar\/344a1f8262dc552fd951ddf77b72239b?s=96&d=mm&r=g","contentUrl":"https:\/\/secure.gravatar.com\/avatar\/344a1f8262dc552fd951ddf77b72239b?s=96&d=mm&r=g","caption":"uned"},"url":"https:\/\/unedpamplona.es\/eu\/author\/uned\/"}]}},"_links":{"self":[{"href":"https:\/\/unedpamplona.es\/eu\/wp-json\/wp\/v2\/posts\/19150"}],"collection":[{"href":"https:\/\/unedpamplona.es\/eu\/wp-json\/wp\/v2\/posts"}],"about":[{"href":"https:\/\/unedpamplona.es\/eu\/wp-json\/wp\/v2\/types\/post"}],"author":[{"embeddable":true,"href":"https:\/\/unedpamplona.es\/eu\/wp-json\/wp\/v2\/users\/2"}],"replies":[{"embeddable":true,"href":"https:\/\/unedpamplona.es\/eu\/wp-json\/wp\/v2\/comments?post=19150"}],"version-history":[{"count":1,"href":"https:\/\/unedpamplona.es\/eu\/wp-json\/wp\/v2\/posts\/19150\/revisions"}],"predecessor-version":[{"id":19151,"href":"https:\/\/unedpamplona.es\/eu\/wp-json\/wp\/v2\/posts\/19150\/revisions\/19151"}],"wp:attachment":[{"href":"https:\/\/unedpamplona.es\/eu\/wp-json\/wp\/v2\/media?parent=19150"}],"wp:term":[{"taxonomy":"category","embeddable":true,"href":"https:\/\/unedpamplona.es\/eu\/wp-json\/wp\/v2\/categories?post=19150"},{"taxonomy":"post_tag","embeddable":true,"href":"https:\/\/unedpamplona.es\/eu\/wp-json\/wp\/v2\/tags?post=19150"}],"curies":[{"name":"wp","href":"https:\/\/api.w.org\/{rel}","templated":true}]}}