{"id":20682,"date":"2026-09-03T12:01:16","date_gmt":"2026-09-03T10:01:16","guid":{"rendered":"https:\/\/unedpamplona.es\/?p=20682"},"modified":"2026-09-04T10:22:11","modified_gmt":"2026-09-04T08:22:11","slug":"la-narrativa-y-el-pensamiento-literario-de-arantxa-urretabizkaia-en-un-uros-de-verano-en-euskera-de-uned-pamplona","status":"publish","type":"post","link":"https:\/\/unedpamplona.es\/eu\/la-narrativa-y-el-pensamiento-literario-de-arantxa-urretabizkaia-en-un-uros-de-verano-en-euskera-de-uned-pamplona\/","title":{"rendered":"El 9 de septiembre comienza el curso de verano en euskera &#8220;La narrativa y el pensamiento literario de Arantxa Urretabizkaia&#8221;"},"content":{"rendered":"<div class=\"xdj266r x14z9mp xat24cr x1lziwak x1vvkbs x126k92a\">\n<div dir=\"auto\"><span class=\"html-span xexx8yu xyri2b x18d9i69 x1c1uobl x1hl2dhg x16tdsg8 x1vvkbs x3nfvp2 x1j61x8r x1fcty0u xdj266r xat24cr xm2jcoa x1mpyi22 xxymvpz xlup9mm x1kky2od\">UNED Pamplona ha organizado el pr\u00f3ximo 9 de septiembre, de 10:00 a 13:45 horas, el curso de verano en euskera <\/span>&#8220;Arantxa Urretabizkaiaren azken etxea, edo zahartzaroa baikortasunez eta ahaldunduta bizitzeaz&#8221;. Este curso propone un acercamiento cr\u00edtico a la narrativa y el pensamiento literario de Arantxa Urretabizkaia, desde sus primeras obras hasta sus trabajos m\u00e1s recientes, analizando su aportaci\u00f3n a la literatura vasca contempor\u00e1nea y a los debates culturales y sociales.<\/div>\n<\/div>\n<div class=\"x14z9mp xat24cr x1lziwak x1vvkbs xtlvy1s x126k92a\">\n<div dir=\"auto\"><\/div>\n<div dir=\"auto\"><strong>PROGRAMA<\/strong><\/div>\n<div dir=\"auto\"><\/div>\n<div dir=\"auto\">-10:00-11:00 h. Arantxa Urretabizkaiaren eleberriak, pertsonala politikoa da. Mar\u00eda Jos\u00e9 Olaciregui Al\u00fastiza. Doctora en Filolog\u00eda Vasca y Catedr\u00e1tica de Literatura Vasca en la UPV\/EHU.<\/div>\n<div dir=\"auto\">-11:15-12:15 h. Urretabizkaiaren &#8220;Azken etxea&#8221;, zahartzea amestea ere bada Mar\u00eda Jos\u00e9 Olaciregui Al\u00fastiza Doctora en Filolog\u00eda Vasca y Catedr\u00e1tica de Literatura Vasca en la UPV\/EHU.<\/div>\n<div dir=\"auto\">&#8211; 12:45-13:45 h. Zahartzaroak, desirak. Arantxa Urretabizkaia. Escritora.<\/div>\n<div dir=\"auto\"><\/div>\n<\/div>\n<div class=\"x14z9mp xat24cr x1lziwak x1vvkbs xtlvy1s x126k92a\">\n<div dir=\"auto\"><strong>MATR\u00cdCULA ONLINE<\/strong> <span class=\"html-span xdj266r x14z9mp xat24cr x1lziwak xexx8yu xyri2b x18d9i69 x1c1uobl x1hl2dhg x16tdsg8 x1vvkbs\"><a class=\"x1i10hfl xjbqb8w x1ejq31n x18oe1m7 x1sy0etr xstzfhl x972fbf x10w94by x1qhh985 x14e42zd x9f619 x1ypdohk xt0psk2 x3ct3a4 xdj266r x14z9mp xat24cr x1lziwak xexx8yu xyri2b x18d9i69 x1c1uobl x16tdsg8 x1hl2dhg xggy1nq x1a2a7pz xkrqix3 x1sur9pj x1fey0fg x1s688f\" tabindex=\"0\" role=\"link\" href=\"https:\/\/extension.uned.es\/actividad\/idactividad\/52815?fbclid=IwcGRvZgFleHRuA2FlbQIxMABicmlkETEwS3U1ek8wbTFVaGRRb0xJc3J0YwZhcHBfaWQQMjIyMDM5MTc4ODIwMDg5MgABHnmHjXCTmVGgSxkRXhUTdPhi-npMIxwoc_EMMrtLzCba9DzBN9goX8JimIf0_aem_pzA4vmVjV_-7SKKbuA4oJA\" target=\"_blank\" rel=\"nofollow noopener\">https:\/\/extension.uned.es\/actividad\/idactividad\/52815<\/a><\/span><\/div>\n<\/div>\n<div dir=\"auto\"><\/div>\n<div dir=\"auto\"><\/div>\n<div dir=\"auto\"><strong>CURSOS DE VERANO UNED PAMPLONA\u00a0<\/strong><\/div>\n<div dir=\"auto\"><\/div>\n<div dir=\"auto\">\n<ul class=\"last-child\">\n<li><strong>\u00abArantxa Urretabizkaiaren azken etxea, edo zahartzaroa baikortasunez eta ahaldunduta bizitzeaz\u00bb\u00a0<\/strong>(en euskera): \u00a09 de septiembre<\/li>\n<li><strong>\u00abA sangre y fuego: arqueolog\u00eda del conflicto sertoriano en la ciudad berona de La Custodia (Viana)\u00bb<\/strong>: 10 y 11 de septiembre<\/li>\n<li><strong>\u00abTierra y vino: cultura, sostenibilidad poblacional y diversidad de ecosistemas:\u00a0<\/strong>12 de septiembre<\/li>\n<li><strong>\u00abOpera Fecit Nova. Pol\u00edtica e ideolog\u00eda de la monumentalizaci\u00f3n de ciudades en los estados del Mediterr\u00e1neo antiguo\u00bb<\/strong>: 14 y 15 de septiembre<\/li>\n<li><strong>\u00ab\u00bfQu\u00e9 nos dice la investigaci\u00f3n sobre inteligencia emocional despu\u00e9s de 36 a\u00f1os?<\/strong>\u00bb: 16 y 17 de septiembre<\/li>\n<li><strong>\u00abExperiencias sentimentales compartidas y contadas\u00bb<\/strong>: 21 y 22 de septiembre<\/li>\n<li>\n<p class=\"\"><strong>\u00abOdios que impactan, j\u00f3venes que transforman\u00bb<\/strong>: 23 y 24 de septiembre<\/p>\n<\/li>\n<li>\n<p class=\"\"><strong>\u00abEducaci\u00f3n, trauma y crianza consciente\u00bb:<\/strong>\u00a028 y 29 de septiembre<\/p>\n<\/li>\n<li><strong>\u00abEl arte de la sugesti\u00f3n mediante la m\u00fasica: t\u00e9cnicas musicales para emocionar y convencer\u00bb<\/strong>: 30 de septiembre.<\/li>\n<\/ul>\n<\/div>\n","protected":false},"excerpt":{"rendered":"<p>UNED Pamplona ha organizado el pr\u00f3ximo 9 de septiembre, de 10:00 a 13:45 horas, el curso de verano en euskera &#8220;Arantxa Urretabizkaiaren azken etxea, edo zahartzaroa baikortasunez eta ahaldunduta bizitzeaz&#8221;. Este curso propone un acercamiento cr\u00edtico a la narrativa y el pensamiento literario de Arantxa Urretabizkaia, desde sus primeras obras hasta sus trabajos m\u00e1s recientes, [&hellip;]<\/p>\n","protected":false},"author":2,"featured_media":20865,"comment_status":"closed","ping_status":"closed","sticky":false,"template":"","format":"standard","meta":{"footnotes":""},"categories":[1],"tags":[],"class_list":["post-20682","post","type-post","status-publish","format-standard","has-post-thumbnail","hentry","category-sin-categorizar"],"yoast_head":"<!-- This site is optimized with the Yoast SEO plugin v28.1 - https:\/\/yoast.com\/product\/yoast-seo-wordpress\/ -->\n<title>El 9 de septiembre comienza el curso de verano en euskera &quot;La narrativa y el pensamiento literario de Arantxa Urretabizkaia&quot; - UNED Pamplona<\/title>\n<meta name=\"robots\" content=\"index, follow, max-snippet:-1, max-image-preview:large, max-video-preview:-1\" \/>\n<link rel=\"canonical\" href=\"https:\/\/unedpamplona.es\/eu\/la-narrativa-y-el-pensamiento-literario-de-arantxa-urretabizkaia-en-un-uros-de-verano-en-euskera-de-uned-pamplona\/\" \/>\n<meta property=\"og:locale\" content=\"eu_ES\" \/>\n<meta property=\"og:type\" content=\"article\" \/>\n<meta property=\"og:title\" content=\"El 9 de septiembre comienza el curso de verano en euskera &quot;La narrativa y el pensamiento literario de Arantxa Urretabizkaia&quot; - UNED Pamplona\" \/>\n<meta property=\"og:description\" content=\"UNED Pamplona ha organizado el pr\u00f3ximo 9 de septiembre, de 10:00 a 13:45 horas, el curso de verano en euskera &#8220;Arantxa Urretabizkaiaren azken etxea, edo zahartzaroa baikortasunez eta ahaldunduta bizitzeaz&#8221;. Este curso propone un acercamiento cr\u00edtico a la narrativa y el pensamiento literario de Arantxa Urretabizkaia, desde sus primeras obras hasta sus trabajos m\u00e1s recientes, [&hellip;]\" \/>\n<meta property=\"og:url\" content=\"https:\/\/unedpamplona.es\/eu\/la-narrativa-y-el-pensamiento-literario-de-arantxa-urretabizkaia-en-un-uros-de-verano-en-euskera-de-uned-pamplona\/\" \/>\n<meta property=\"og:site_name\" content=\"UNED Pamplona\" \/>\n<meta property=\"article:published_time\" content=\"2026-09-03T10:01:16+00:00\" \/>\n<meta property=\"article:modified_time\" content=\"2026-09-04T08:22:11+00:00\" \/>\n<meta property=\"og:image\" content=\"https:\/\/unedpamplona.es\/wp-content\/uploads\/2026\/09\/OIP.webp\" \/>\n\t<meta property=\"og:image:width\" content=\"474\" \/>\n\t<meta property=\"og:image:height\" content=\"315\" \/>\n\t<meta property=\"og:image:type\" content=\"image\/webp\" \/>\n<meta name=\"author\" content=\"uned\" \/>\n<meta name=\"twitter:card\" content=\"summary_large_image\" \/>\n<meta name=\"twitter:creator\" content=\"@unedpamplona\" \/>\n<meta name=\"twitter:site\" content=\"@unedpamplona\" \/>\n<meta name=\"twitter:label1\" content=\"Written by\" \/>\n\t<meta name=\"twitter:data1\" content=\"uned\" \/>\n\t<meta name=\"twitter:label2\" content=\"Est. reading time\" \/>\n\t<meta name=\"twitter:data2\" content=\"2 minutes\" \/>\n<script type=\"application\/ld+json\" class=\"yoast-schema-graph\">{\"@context\":\"https:\\\/\\\/schema.org\",\"@graph\":[{\"@type\":\"Article\",\"@id\":\"https:\\\/\\\/unedpamplona.es\\\/eu\\\/la-narrativa-y-el-pensamiento-literario-de-arantxa-urretabizkaia-en-un-uros-de-verano-en-euskera-de-uned-pamplona\\\/#article\",\"isPartOf\":{\"@id\":\"https:\\\/\\\/unedpamplona.es\\\/eu\\\/la-narrativa-y-el-pensamiento-literario-de-arantxa-urretabizkaia-en-un-uros-de-verano-en-euskera-de-uned-pamplona\\\/\"},\"author\":{\"name\":\"uned\",\"@id\":\"https:\\\/\\\/unedpamplona.es\\\/eu\\\/#\\\/schema\\\/person\\\/62a05b70c6808d41d8de2111f2b5f568\"},\"headline\":\"El 9 de septiembre comienza el curso de verano en euskera &#8220;La narrativa y el pensamiento literario de Arantxa Urretabizkaia&#8221;\",\"datePublished\":\"2026-09-03T10:01:16+00:00\",\"dateModified\":\"2026-09-04T08:22:11+00:00\",\"mainEntityOfPage\":{\"@id\":\"https:\\\/\\\/unedpamplona.es\\\/eu\\\/la-narrativa-y-el-pensamiento-literario-de-arantxa-urretabizkaia-en-un-uros-de-verano-en-euskera-de-uned-pamplona\\\/\"},\"wordCount\":308,\"publisher\":{\"@id\":\"https:\\\/\\\/unedpamplona.es\\\/eu\\\/#organization\"},\"image\":{\"@id\":\"https:\\\/\\\/unedpamplona.es\\\/eu\\\/la-narrativa-y-el-pensamiento-literario-de-arantxa-urretabizkaia-en-un-uros-de-verano-en-euskera-de-uned-pamplona\\\/#primaryimage\"},\"thumbnailUrl\":\"https:\\\/\\\/unedpamplona.es\\\/wp-content\\\/uploads\\\/2026\\\/09\\\/OIP.webp\",\"articleSection\":[\"Sin categorizar\"],\"inLanguage\":\"eu-ES\"},{\"@type\":\"WebPage\",\"@id\":\"https:\\\/\\\/unedpamplona.es\\\/eu\\\/la-narrativa-y-el-pensamiento-literario-de-arantxa-urretabizkaia-en-un-uros-de-verano-en-euskera-de-uned-pamplona\\\/\",\"url\":\"https:\\\/\\\/unedpamplona.es\\\/eu\\\/la-narrativa-y-el-pensamiento-literario-de-arantxa-urretabizkaia-en-un-uros-de-verano-en-euskera-de-uned-pamplona\\\/\",\"name\":\"El 9 de septiembre comienza el curso de verano en euskera \\\"La narrativa y el pensamiento literario de Arantxa Urretabizkaia\\\" - UNED Pamplona\",\"isPartOf\":{\"@id\":\"https:\\\/\\\/unedpamplona.es\\\/eu\\\/#website\"},\"primaryImageOfPage\":{\"@id\":\"https:\\\/\\\/unedpamplona.es\\\/eu\\\/la-narrativa-y-el-pensamiento-literario-de-arantxa-urretabizkaia-en-un-uros-de-verano-en-euskera-de-uned-pamplona\\\/#primaryimage\"},\"image\":{\"@id\":\"https:\\\/\\\/unedpamplona.es\\\/eu\\\/la-narrativa-y-el-pensamiento-literario-de-arantxa-urretabizkaia-en-un-uros-de-verano-en-euskera-de-uned-pamplona\\\/#primaryimage\"},\"thumbnailUrl\":\"https:\\\/\\\/unedpamplona.es\\\/wp-content\\\/uploads\\\/2026\\\/09\\\/OIP.webp\",\"datePublished\":\"2026-09-03T10:01:16+00:00\",\"dateModified\":\"2026-09-04T08:22:11+00:00\",\"inLanguage\":\"eu-ES\",\"potentialAction\":[{\"@type\":\"ReadAction\",\"target\":[\"https:\\\/\\\/unedpamplona.es\\\/eu\\\/la-narrativa-y-el-pensamiento-literario-de-arantxa-urretabizkaia-en-un-uros-de-verano-en-euskera-de-uned-pamplona\\\/\"]}]},{\"@type\":\"ImageObject\",\"inLanguage\":\"eu-ES\",\"@id\":\"https:\\\/\\\/unedpamplona.es\\\/eu\\\/la-narrativa-y-el-pensamiento-literario-de-arantxa-urretabizkaia-en-un-uros-de-verano-en-euskera-de-uned-pamplona\\\/#primaryimage\",\"url\":\"https:\\\/\\\/unedpamplona.es\\\/wp-content\\\/uploads\\\/2026\\\/09\\\/OIP.webp\",\"contentUrl\":\"https:\\\/\\\/unedpamplona.es\\\/wp-content\\\/uploads\\\/2026\\\/09\\\/OIP.webp\",\"width\":474,\"height\":315},{\"@type\":\"WebSite\",\"@id\":\"https:\\\/\\\/unedpamplona.es\\\/eu\\\/#website\",\"url\":\"https:\\\/\\\/unedpamplona.es\\\/eu\\\/\",\"name\":\"UNED Pamplona\",\"description\":\"\",\"publisher\":{\"@id\":\"https:\\\/\\\/unedpamplona.es\\\/eu\\\/#organization\"},\"potentialAction\":[{\"@type\":\"SearchAction\",\"target\":{\"@type\":\"EntryPoint\",\"urlTemplate\":\"https:\\\/\\\/unedpamplona.es\\\/eu\\\/?s={search_term_string}\"},\"query-input\":{\"@type\":\"PropertyValueSpecification\",\"valueRequired\":true,\"valueName\":\"search_term_string\"}}],\"inLanguage\":\"eu-ES\"},{\"@type\":\"Organization\",\"@id\":\"https:\\\/\\\/unedpamplona.es\\\/eu\\\/#organization\",\"name\":\"UNED Pamplona\",\"url\":\"https:\\\/\\\/unedpamplona.es\\\/eu\\\/\",\"logo\":{\"@type\":\"ImageObject\",\"inLanguage\":\"eu-ES\",\"@id\":\"https:\\\/\\\/unedpamplona.es\\\/eu\\\/#\\\/schema\\\/logo\\\/image\\\/\",\"url\":\"https:\\\/\\\/unedpamplona.es\\\/wp-content\\\/uploads\\\/2024\\\/02\\\/uned_pamplona_logo.png\",\"contentUrl\":\"https:\\\/\\\/unedpamplona.es\\\/wp-content\\\/uploads\\\/2024\\\/02\\\/uned_pamplona_logo.png\",\"width\":218,\"height\":104,\"caption\":\"UNED Pamplona\"},\"image\":{\"@id\":\"https:\\\/\\\/unedpamplona.es\\\/eu\\\/#\\\/schema\\\/logo\\\/image\\\/\"},\"sameAs\":[\"https:\\\/\\\/x.com\\\/unedpamplona\",\"https:\\\/\\\/www.youtube.com\\\/channel\\\/UCR2jc6TbCMAPnbcA17Z0wwg\",\"https:\\\/\\\/www.instagram.com\\\/unedpamplona\\\/\"]},{\"@type\":\"Person\",\"@id\":\"https:\\\/\\\/unedpamplona.es\\\/eu\\\/#\\\/schema\\\/person\\\/62a05b70c6808d41d8de2111f2b5f568\",\"name\":\"uned\",\"image\":{\"@type\":\"ImageObject\",\"inLanguage\":\"eu-ES\",\"@id\":\"https:\\\/\\\/secure.gravatar.com\\\/avatar\\\/0f209443cb5c5f6cfcbf945ff9daeea07a6fd20660e2fef884d297440a25d6c3?s=96&d=mm&r=g\",\"url\":\"https:\\\/\\\/secure.gravatar.com\\\/avatar\\\/0f209443cb5c5f6cfcbf945ff9daeea07a6fd20660e2fef884d297440a25d6c3?s=96&d=mm&r=g\",\"contentUrl\":\"https:\\\/\\\/secure.gravatar.com\\\/avatar\\\/0f209443cb5c5f6cfcbf945ff9daeea07a6fd20660e2fef884d297440a25d6c3?s=96&d=mm&r=g\",\"caption\":\"uned\"},\"url\":\"https:\\\/\\\/unedpamplona.es\\\/eu\\\/author\\\/uned\\\/\"}]}<\/script>\n<!-- \/ Yoast SEO plugin. -->","yoast_head_json":{"title":"El 9 de septiembre comienza el curso de verano en euskera \"La narrativa y el pensamiento literario de Arantxa Urretabizkaia\" - UNED Pamplona","robots":{"index":"index","follow":"follow","max-snippet":"max-snippet:-1","max-image-preview":"max-image-preview:large","max-video-preview":"max-video-preview:-1"},"canonical":"https:\/\/unedpamplona.es\/eu\/la-narrativa-y-el-pensamiento-literario-de-arantxa-urretabizkaia-en-un-uros-de-verano-en-euskera-de-uned-pamplona\/","og_locale":"eu_ES","og_type":"article","og_title":"El 9 de septiembre comienza el curso de verano en euskera \"La narrativa y el pensamiento literario de Arantxa Urretabizkaia\" - UNED Pamplona","og_description":"UNED Pamplona ha organizado el pr\u00f3ximo 9 de septiembre, de 10:00 a 13:45 horas, el curso de verano en euskera &#8220;Arantxa Urretabizkaiaren azken etxea, edo zahartzaroa baikortasunez eta ahaldunduta bizitzeaz&#8221;. Este curso propone un acercamiento cr\u00edtico a la narrativa y el pensamiento literario de Arantxa Urretabizkaia, desde sus primeras obras hasta sus trabajos m\u00e1s recientes, [&hellip;]","og_url":"https:\/\/unedpamplona.es\/eu\/la-narrativa-y-el-pensamiento-literario-de-arantxa-urretabizkaia-en-un-uros-de-verano-en-euskera-de-uned-pamplona\/","og_site_name":"UNED Pamplona","article_published_time":"2026-09-03T10:01:16+00:00","article_modified_time":"2026-09-04T08:22:11+00:00","og_image":[{"width":474,"height":315,"url":"https:\/\/unedpamplona.es\/wp-content\/uploads\/2026\/09\/OIP.webp","type":"image\/webp"}],"author":"uned","twitter_card":"summary_large_image","twitter_creator":"@unedpamplona","twitter_site":"@unedpamplona","twitter_misc":{"Written by":"uned","Est. reading time":"2 minutes"},"schema":{"@context":"https:\/\/schema.org","@graph":[{"@type":"Article","@id":"https:\/\/unedpamplona.es\/eu\/la-narrativa-y-el-pensamiento-literario-de-arantxa-urretabizkaia-en-un-uros-de-verano-en-euskera-de-uned-pamplona\/#article","isPartOf":{"@id":"https:\/\/unedpamplona.es\/eu\/la-narrativa-y-el-pensamiento-literario-de-arantxa-urretabizkaia-en-un-uros-de-verano-en-euskera-de-uned-pamplona\/"},"author":{"name":"uned","@id":"https:\/\/unedpamplona.es\/eu\/#\/schema\/person\/62a05b70c6808d41d8de2111f2b5f568"},"headline":"El 9 de septiembre comienza el curso de verano en euskera &#8220;La narrativa y el pensamiento literario de Arantxa Urretabizkaia&#8221;","datePublished":"2026-09-03T10:01:16+00:00","dateModified":"2026-09-04T08:22:11+00:00","mainEntityOfPage":{"@id":"https:\/\/unedpamplona.es\/eu\/la-narrativa-y-el-pensamiento-literario-de-arantxa-urretabizkaia-en-un-uros-de-verano-en-euskera-de-uned-pamplona\/"},"wordCount":308,"publisher":{"@id":"https:\/\/unedpamplona.es\/eu\/#organization"},"image":{"@id":"https:\/\/unedpamplona.es\/eu\/la-narrativa-y-el-pensamiento-literario-de-arantxa-urretabizkaia-en-un-uros-de-verano-en-euskera-de-uned-pamplona\/#primaryimage"},"thumbnailUrl":"https:\/\/unedpamplona.es\/wp-content\/uploads\/2026\/09\/OIP.webp","articleSection":["Sin categorizar"],"inLanguage":"eu-ES"},{"@type":"WebPage","@id":"https:\/\/unedpamplona.es\/eu\/la-narrativa-y-el-pensamiento-literario-de-arantxa-urretabizkaia-en-un-uros-de-verano-en-euskera-de-uned-pamplona\/","url":"https:\/\/unedpamplona.es\/eu\/la-narrativa-y-el-pensamiento-literario-de-arantxa-urretabizkaia-en-un-uros-de-verano-en-euskera-de-uned-pamplona\/","name":"El 9 de septiembre comienza el curso de verano en euskera \"La narrativa y el pensamiento literario de Arantxa Urretabizkaia\" - UNED Pamplona","isPartOf":{"@id":"https:\/\/unedpamplona.es\/eu\/#website"},"primaryImageOfPage":{"@id":"https:\/\/unedpamplona.es\/eu\/la-narrativa-y-el-pensamiento-literario-de-arantxa-urretabizkaia-en-un-uros-de-verano-en-euskera-de-uned-pamplona\/#primaryimage"},"image":{"@id":"https:\/\/unedpamplona.es\/eu\/la-narrativa-y-el-pensamiento-literario-de-arantxa-urretabizkaia-en-un-uros-de-verano-en-euskera-de-uned-pamplona\/#primaryimage"},"thumbnailUrl":"https:\/\/unedpamplona.es\/wp-content\/uploads\/2026\/09\/OIP.webp","datePublished":"2026-09-03T10:01:16+00:00","dateModified":"2026-09-04T08:22:11+00:00","inLanguage":"eu-ES","potentialAction":[{"@type":"ReadAction","target":["https:\/\/unedpamplona.es\/eu\/la-narrativa-y-el-pensamiento-literario-de-arantxa-urretabizkaia-en-un-uros-de-verano-en-euskera-de-uned-pamplona\/"]}]},{"@type":"ImageObject","inLanguage":"eu-ES","@id":"https:\/\/unedpamplona.es\/eu\/la-narrativa-y-el-pensamiento-literario-de-arantxa-urretabizkaia-en-un-uros-de-verano-en-euskera-de-uned-pamplona\/#primaryimage","url":"https:\/\/unedpamplona.es\/wp-content\/uploads\/2026\/09\/OIP.webp","contentUrl":"https:\/\/unedpamplona.es\/wp-content\/uploads\/2026\/09\/OIP.webp","width":474,"height":315},{"@type":"WebSite","@id":"https:\/\/unedpamplona.es\/eu\/#website","url":"https:\/\/unedpamplona.es\/eu\/","name":"UNED Pamplona","description":"","publisher":{"@id":"https:\/\/unedpamplona.es\/eu\/#organization"},"potentialAction":[{"@type":"SearchAction","target":{"@type":"EntryPoint","urlTemplate":"https:\/\/unedpamplona.es\/eu\/?s={search_term_string}"},"query-input":{"@type":"PropertyValueSpecification","valueRequired":true,"valueName":"search_term_string"}}],"inLanguage":"eu-ES"},{"@type":"Organization","@id":"https:\/\/unedpamplona.es\/eu\/#organization","name":"UNED Pamplona","url":"https:\/\/unedpamplona.es\/eu\/","logo":{"@type":"ImageObject","inLanguage":"eu-ES","@id":"https:\/\/unedpamplona.es\/eu\/#\/schema\/logo\/image\/","url":"https:\/\/unedpamplona.es\/wp-content\/uploads\/2024\/02\/uned_pamplona_logo.png","contentUrl":"https:\/\/unedpamplona.es\/wp-content\/uploads\/2024\/02\/uned_pamplona_logo.png","width":218,"height":104,"caption":"UNED Pamplona"},"image":{"@id":"https:\/\/unedpamplona.es\/eu\/#\/schema\/logo\/image\/"},"sameAs":["https:\/\/x.com\/unedpamplona","https:\/\/www.youtube.com\/channel\/UCR2jc6TbCMAPnbcA17Z0wwg","https:\/\/www.instagram.com\/unedpamplona\/"]},{"@type":"Person","@id":"https:\/\/unedpamplona.es\/eu\/#\/schema\/person\/62a05b70c6808d41d8de2111f2b5f568","name":"uned","image":{"@type":"ImageObject","inLanguage":"eu-ES","@id":"https:\/\/secure.gravatar.com\/avatar\/0f209443cb5c5f6cfcbf945ff9daeea07a6fd20660e2fef884d297440a25d6c3?s=96&d=mm&r=g","url":"https:\/\/secure.gravatar.com\/avatar\/0f209443cb5c5f6cfcbf945ff9daeea07a6fd20660e2fef884d297440a25d6c3?s=96&d=mm&r=g","contentUrl":"https:\/\/secure.gravatar.com\/avatar\/0f209443cb5c5f6cfcbf945ff9daeea07a6fd20660e2fef884d297440a25d6c3?s=96&d=mm&r=g","caption":"uned"},"url":"https:\/\/unedpamplona.es\/eu\/author\/uned\/"}]}},"_links":{"self":[{"href":"https:\/\/unedpamplona.es\/eu\/wp-json\/wp\/v2\/posts\/20682","targetHints":{"allow":["GET"]}}],"collection":[{"href":"https:\/\/unedpamplona.es\/eu\/wp-json\/wp\/v2\/posts"}],"about":[{"href":"https:\/\/unedpamplona.es\/eu\/wp-json\/wp\/v2\/types\/post"}],"author":[{"embeddable":true,"href":"https:\/\/unedpamplona.es\/eu\/wp-json\/wp\/v2\/users\/2"}],"replies":[{"embeddable":true,"href":"https:\/\/unedpamplona.es\/eu\/wp-json\/wp\/v2\/comments?post=20682"}],"version-history":[{"count":6,"href":"https:\/\/unedpamplona.es\/eu\/wp-json\/wp\/v2\/posts\/20682\/revisions"}],"predecessor-version":[{"id":20882,"href":"https:\/\/unedpamplona.es\/eu\/wp-json\/wp\/v2\/posts\/20682\/revisions\/20882"}],"wp:featuredmedia":[{"embeddable":true,"href":"https:\/\/unedpamplona.es\/eu\/wp-json\/wp\/v2\/media\/20865"}],"wp:attachment":[{"href":"https:\/\/unedpamplona.es\/eu\/wp-json\/wp\/v2\/media?parent=20682"}],"wp:term":[{"taxonomy":"category","embeddable":true,"href":"https:\/\/unedpamplona.es\/eu\/wp-json\/wp\/v2\/categories?post=20682"},{"taxonomy":"post_tag","embeddable":true,"href":"https:\/\/unedpamplona.es\/eu\/wp-json\/wp\/v2\/tags?post=20682"}],"curies":[{"name":"wp","href":"https:\/\/api.w.org\/{rel}","templated":true}]}}