{"id":2708,"date":"2024-05-13T10:48:08","date_gmt":"2024-05-13T08:48:08","guid":{"rendered":"https:\/\/unedpamplona.es\/?p=2708"},"modified":"2024-05-13T10:48:08","modified_gmt":"2024-05-13T08:48:08","slug":"uned-pamplona-y-fundacion-caja-navarra-impulsan-la-catedra-de-inteligencia-emocional","status":"publish","type":"post","link":"https:\/\/unedpamplona.es\/eu\/uned-pamplona-y-fundacion-caja-navarra-impulsan-la-catedra-de-inteligencia-emocional\/","title":{"rendered":"UNED Pamplona y Fundaci\u00f3n Caja Navarra impulsan la C\u00e1tedra de Inteligencia Emocional"},"content":{"rendered":"<div class=\"offset-top-30\">\n<p>UNED Pamplona y Fundaci\u00f3n Caja Navarra impulsan una c\u00e1tedra universitaria para trabajar sobre Inteligencia Emocional. La alianza entre ambas entidades incluye una propuesta de investigaci\u00f3n y otra de divulgaci\u00f3n a trav\u00e9s de cursos de extensi\u00f3n universitaria, cursos de verano y conferencias.<\/p>\n<p>La r\u00fabica del convenio entre ambas instituciones ha tenido lugar esta ma\u00f1ana con la presencia del presidente de Fundaci\u00f3n Caja Navarra, Jos\u00e9 \u00c1ngel Andr\u00e9s, el rector de la UNED, Ricardo Mairal, y la directora del centro asociado de la UHNED en Pamplona, Teresa Im\u00edzcoz. El inter\u00e9s por la creaci\u00f3n de una C\u00e1tedra de Inteligencia Emocional en el Centro Asociado de la UNED en Pamplona parte de las necesidades sociales detectadas, as\u00ed como en el importante impacto que en muchas \u00e1reas de la poblaci\u00f3n navarra pueda tener la formaci\u00f3n, investigaci\u00f3n y transferencia del conocimiento.<\/p>\n<p>En l\u00edneas generales, se puede observar c\u00f3mo en\u00a0<strong>los sistemas educativos actuales<\/strong>\u00a0\u2013 desde Educaci\u00f3n Infantil hasta la Universidad \u2013 fundamentalmente se viene formando al estudiantado en el \u00e1mbito de la inteligencia cognitiva o intelectual, con la adquisici\u00f3n de conocimientos, pero, sin embargo, no se les forma o se les forma escasamente en inteligencia emocional. Nos encontramos, debido a esto, con m\u00faltiples situaciones de conflictos en el trabajo, en la familia, en los vecindarios, en las aulas de centros formativos que se pueden llegar a resolver positivamente con un adecuado conocimiento, regulaci\u00f3n y expresi\u00f3n de nuestras emociones.<\/p>\n<p>Lo mismo ocurre en el\u00a0<strong>\u00e1mbito p\u00fablico<\/strong>, en los medios de comunicaci\u00f3n, en las redes sociales, en las conversaciones privadas, podemos percibir c\u00f3mo nos cuesta defender nuestras ideas con argumentos sin recurrir a la violencia verbal, llegando f\u00e1cilmente al insulto, a la descalificaci\u00f3n personal, sin ser capaces de exponer serenamente nuestras opiniones. Es f\u00e1cilmente detectable la existencia de un exceso de irritaci\u00f3n, de rabia en el debate y tambi\u00e9n en la conversaci\u00f3n derivada, entre otras razones, de una p\u00e9sima gesti\u00f3n de las emociones como la tristeza, la ira, el asco o el miedo. Y es que algunas tensiones sociales vienen generadas por una mala gesti\u00f3n de estas emociones, que nos hace ver un peligro o una amenaza donde no existen realmente.<\/p>\n<p>Recientemente,\u00a0<strong>la pandemia<\/strong>\u00a0ha puesto de relieve problemas de salud mental en todas las edades, con una importante incidencia en la juventud, llegando a situaciones verdaderamente graves y preocupantes como, por ejemplo, el suicidio. La C\u00e1tedra de Inteligencia Emocional \u201cUNED Pamplona \u2013 Fundaci\u00f3n Caja Navarra\u201d busca atender este problema social con un \u00e1rea espec\u00edfica sobre \u201cSalud mental de la juventud y prevenci\u00f3n del suicidio\u201d. \u00c9ste es uno de\u00a0<strong>los fines de la C\u00e1tedra<\/strong>, al que debemos a\u00f1adir:<\/p>\n<ol>\n<li>Ofrecer oportunidades de formaci\u00f3n para mejorar las competencias socioemocionales de profesionales de la docencia, de la orientaci\u00f3n educativa y de la salud en Navarra.<\/li>\n<li>Sensibilizar a la ciudadan\u00eda navarra sobre la conveniencia de mejorar su propia inteligencia emocional<\/li>\n<li value=\"3\">Promover la educaci\u00f3n emocional a lo largo de la vida (de ni\u00f1os, j\u00f3venes y adultos)<\/li>\n<li value=\"4\">Favorecer la difusi\u00f3n de los resultados de investigaci\u00f3n y la transferencia del conocimiento cient\u00edfico a la sociedad navarra.<\/li>\n<li value=\"5\">Estimular la investigaci\u00f3n, b\u00e1sica y aplicada, sobre inteligencia emocional.<\/li>\n<\/ol>\n<p>Tras m\u00e1s de\u00a0<strong>33 a\u00f1os de investigaci\u00f3n sobre IE<\/strong>\u00a0a nivel mundial, las\u00a0<strong>evidencias cient\u00edficas<\/strong>\u00a0disponibles hasta la fecha se pueden sintetizar destacando el hecho de que ya existe una amplia colecci\u00f3n de\u00a0<strong>meta-an\u00e1lisis\u00a0<\/strong>que demuestran:<\/p>\n<p>a)\u00a0\u00a0\u00a0\u00a0\u00a0\u00a0\u00a0\u00a0 Por una parte, los\u00a0<strong>beneficios potenciales de la IE para m\u00faltiples \u00e1reas relevantes de actividad humana individual y grupal a lo largo del ciclo vital,<\/strong>\u00a0por ejemplo, a nivel educativo, cl\u00ednico y laboral<\/p>\n<p>b)\u00a0\u00a0\u00a0\u00a0\u00a0\u00a0\u00a0 Por otra parte, las\u00a0<strong>posibilidades reales de mejora de la IE como consecuencia de apropiadas intervenciones educativas<\/strong>\u00a0dise\u00f1adas y aplicadas con rigor.<\/p>\n<p>En este sentido, el\u00a0<strong>director Cient\u00edfico de la C\u00e1tedra<\/strong>, el\u00a0<strong>profesor Juan Carlos P\u00e9rez-Gonz\u00e1lez<\/strong>, ha mantenido una l\u00ednea de investigaci\u00f3n estable durante m\u00e1s de dos d\u00e9cadas, y con repercusi\u00f3n internacional, sobre distintos aspectos de la evaluaci\u00f3n de la IE y, finalmente, sobre sus posibilidades de mejora a trav\u00e9s de la intervenci\u00f3n educativa. Sobre esta \u00faltima l\u00ednea, en la actualidad, el Dr. P\u00e9rez-Gonz\u00e1lez es Co-IP del Proyecto del Plan Nacional de I+D del Ministerio de Ciencia y Tecnolog\u00eda, con t\u00edtulo \u201cPROGRAMA DE EDUCACION EMOCIONAL ADOLESCENTE JANE AUSTEN, BASADO EN LA EVIDENCIA Y LA SOSTENIBILIDAD\u201d (JAEEP).<\/p>\n<p><img decoding=\"async\" class=\"aligncenter\" src=\"https:\/\/www.unedpamplona.es\/documentos\/admin\/imagenes\/Libreria\/civican_web.jpg\" alt=\"\" \/><\/p>\n<p><strong>COLABORACI\u00d3N FUNDACI\u00d3N CAJA NAVARRA Y UNED<\/strong><\/p>\n<p>Con la creaci\u00f3n de esta C\u00e1tedra. el\u00a0<strong>Centro de la UNED en Pamplona y Fundaci\u00f3n Caja Navarra\u00a0<\/strong>retoman la\u00a0<strong>colaboraci\u00f3n,<\/strong>\u00a0tal y como ya hicieron a\u00f1os atr\u00e1s en el fomento de la investigaci\u00f3n, mediante la firma de convenios de colaboraci\u00f3n (desde el curso 1999\/2000 hasta el \u00faltimo de ellos en el curso 2017\/2021).<\/p>\n<p>En su intervenci\u00f3n,\u00a0<strong>Jos\u00e9 \u00c1ngel Andr\u00e9s<\/strong>\u00a0resaltaba<em>\u00a0\u201cla implicaci\u00f3n de Fundaci\u00f3n Caja Navarra en esta c\u00e1tedra siguiendo dos objetivos incluidos en el Plan Estrat\u00e9gico de la instituci\u00f3n. Por un lado, el atender a los nuevos retos que plantea la sociedad, y por el otro, generar conocimiento sobre diversas materias de inter\u00e9s, como es el caso de la Inteligencia Emocional\u201d. Por su parte, Ricardo Mairal, ha subrayado \u201cla importancia del trabajo colaborativo, \u00a0las alianzas y la innovaci\u00f3n para acometer proyectos como \u00e9ste, que va a tener un impacto muy positivo en nuestra sociedad\u201d. As\u00ed mismo, Teresa Im\u00edzcoz ha destacado \u201cel enfoque cient\u00edfico y basado en el conocimiento que tiene esta iniciativa, frente a una cuesti\u00f3n como la Inteligencia Emocional que, en algunas casos, no tiene esa base cient\u00edfica\u201d.<\/em><\/p>\n<p>Por su parte, el rector de UNED,\u00a0<strong>Ricardo Mairal,<\/strong>\u00a0ha insistido en la necesidad de\u00a0<em>&#8220;dar respuestas a la sociedad desde el rigor. \u00c9ste es un tema que se presta a las ocurrencias. Pero nosotros, con esta C\u00e1tedra de Inteligencia Emocional, queremos, desde el pensamiento cr\u00edtico, aportar rigor, con voces autorizadas, sobre un tema que preocupa a la sociedad&#8221;. &#8220;La cultura del conocimiento\u00a0<\/em>-ha continuado-<em>\u00a0no debemos de concebirla sin la cultura del coraz\u00f3n, de las emociones. El mundo necesita mesura, pero tambi\u00e9n fortalezas que den respuestas a los desafios. Tenemos que ser capaces de generar un conocimiento que medie entre los extremos&#8221;.\u00a0<\/em><\/p>\n<p>El turno de intervenciones ha concluido con las palabras de la directora del centro de UNED Pamplona,\u00a0<strong>Teresa Im\u00edzcoz<\/strong>, quien ha marcado el fin principal\u00a0<em>&#8220;queremos aportar a la sociedad navarra para conseguir que sea una sociedad m\u00e1s justa, m\u00e1s equitativa, m\u00e1s dialogante y m\u00e1s resilente. Con esta C\u00e1tedra, desde el saber cient\u00edfico, queremos aportar herramientas para saber afrontar los problemas en un mundo que cambia tanto y con tanta incertidumbre. Esa aportaci\u00f3n ser\u00e1 a la sociedad en general, pero tambi\u00e9n nos vamos a centrar en familias, educadores y en el entorno laboral&#8221;.\u00a0<\/em><\/p>\n<p>Las l<strong>\u00edneas de trabajo de esta c\u00e1tedra<\/strong> van a ser: estrategias de regulaci\u00f3n emocional e IE en infancia y adolescencia; en la familia; y en el trabajo. En esa l\u00ednea, se abordar\u00e1n temas como la gesti\u00f3n de las emociones; la salud mental de la juventud y prevenci\u00f3n del suicidio; educaci\u00f3n emocional en la escuela; entrenamiento en habilidades blandas para la mejora en el rendimiento acad\u00e9mico; educaci\u00f3n emocional en las familias; generaci\u00f3n de relaciones interpersonales saludable; envejecimiento saludable y gesti\u00f3n de la soledad no deseada; o la capacidad de trabajo en equipo, capacidad comunicativa y liderazgo.<\/p>\n<\/div>\n","protected":false},"excerpt":{"rendered":"<p>UNED Pamplona y Fundaci\u00f3n Caja Navarra impulsan una c\u00e1tedra universitaria para trabajar sobre Inteligencia Emocional. La alianza entre ambas entidades incluye una propuesta de investigaci\u00f3n y otra de divulgaci\u00f3n a trav\u00e9s de cursos de extensi\u00f3n universitaria, cursos de verano y conferencias. La r\u00fabica del convenio entre ambas instituciones ha tenido lugar esta ma\u00f1ana con la [&hellip;]<\/p>\n","protected":false},"author":1,"featured_media":2706,"comment_status":"closed","ping_status":"closed","sticky":false,"template":"","format":"standard","meta":{"footnotes":""},"categories":[26],"tags":[],"yoast_head":"<!-- This site is optimized with the Yoast SEO plugin v22.5 - https:\/\/yoast.com\/wordpress\/plugins\/seo\/ -->\n<title>UNED Pamplona y Fundaci\u00f3n Caja Navarra impulsan la C\u00e1tedra de Inteligencia Emocional - UNED Pamplona<\/title>\n<meta name=\"robots\" content=\"index, follow, max-snippet:-1, max-image-preview:large, max-video-preview:-1\" \/>\n<link rel=\"canonical\" href=\"https:\/\/unedpamplona.es\/eu\/uned-pamplona-y-fundacion-caja-navarra-impulsan-la-catedra-de-inteligencia-emocional\/\" \/>\n<meta property=\"og:locale\" content=\"eu_ES\" \/>\n<meta property=\"og:type\" content=\"article\" \/>\n<meta property=\"og:title\" content=\"UNED Pamplona y Fundaci\u00f3n Caja Navarra impulsan la C\u00e1tedra de Inteligencia Emocional - UNED Pamplona\" \/>\n<meta property=\"og:description\" content=\"UNED Pamplona y Fundaci\u00f3n Caja Navarra impulsan una c\u00e1tedra universitaria para trabajar sobre Inteligencia Emocional. La alianza entre ambas entidades incluye una propuesta de investigaci\u00f3n y otra de divulgaci\u00f3n a trav\u00e9s de cursos de extensi\u00f3n universitaria, cursos de verano y conferencias. La r\u00fabica del convenio entre ambas instituciones ha tenido lugar esta ma\u00f1ana con la [&hellip;]\" \/>\n<meta property=\"og:url\" content=\"https:\/\/unedpamplona.es\/eu\/uned-pamplona-y-fundacion-caja-navarra-impulsan-la-catedra-de-inteligencia-emocional\/\" \/>\n<meta property=\"og:site_name\" content=\"UNED Pamplona\" \/>\n<meta property=\"article:published_time\" content=\"2024-05-13T08:48:08+00:00\" \/>\n<meta property=\"og:image\" content=\"https:\/\/unedpamplona.es\/wp-content\/uploads\/2024\/05\/civican-dsc_8139-scaled.jpeg\" \/>\n\t<meta property=\"og:image:width\" content=\"2560\" \/>\n\t<meta property=\"og:image:height\" content=\"1709\" \/>\n\t<meta property=\"og:image:type\" content=\"image\/jpeg\" \/>\n<meta name=\"author\" content=\"room116\" \/>\n<meta name=\"twitter:card\" content=\"summary_large_image\" \/>\n<meta name=\"twitter:creator\" content=\"@unedpamplona\" \/>\n<meta name=\"twitter:site\" content=\"@unedpamplona\" \/>\n<meta name=\"twitter:label1\" content=\"Written by\" \/>\n\t<meta name=\"twitter:data1\" content=\"room116\" \/>\n\t<meta name=\"twitter:label2\" content=\"Est. reading time\" \/>\n\t<meta name=\"twitter:data2\" content=\"6 minutes\" \/>\n<script type=\"application\/ld+json\" class=\"yoast-schema-graph\">{\"@context\":\"https:\/\/schema.org\",\"@graph\":[{\"@type\":\"Article\",\"@id\":\"https:\/\/unedpamplona.es\/eu\/uned-pamplona-y-fundacion-caja-navarra-impulsan-la-catedra-de-inteligencia-emocional\/#article\",\"isPartOf\":{\"@id\":\"https:\/\/unedpamplona.es\/eu\/uned-pamplona-y-fundacion-caja-navarra-impulsan-la-catedra-de-inteligencia-emocional\/\"},\"author\":{\"name\":\"room116\",\"@id\":\"https:\/\/unedpamplona.es\/eu\/#\/schema\/person\/2ab9beab35599470cd53757e726a9810\"},\"headline\":\"UNED Pamplona y Fundaci\u00f3n Caja Navarra impulsan la C\u00e1tedra de Inteligencia Emocional\",\"datePublished\":\"2024-05-13T08:48:08+00:00\",\"dateModified\":\"2024-05-13T08:48:08+00:00\",\"mainEntityOfPage\":{\"@id\":\"https:\/\/unedpamplona.es\/eu\/uned-pamplona-y-fundacion-caja-navarra-impulsan-la-catedra-de-inteligencia-emocional\/\"},\"wordCount\":1309,\"publisher\":{\"@id\":\"https:\/\/unedpamplona.es\/eu\/#organization\"},\"image\":{\"@id\":\"https:\/\/unedpamplona.es\/eu\/uned-pamplona-y-fundacion-caja-navarra-impulsan-la-catedra-de-inteligencia-emocional\/#primaryimage\"},\"thumbnailUrl\":\"https:\/\/unedpamplona.es\/wp-content\/uploads\/2024\/05\/civican-dsc_8139-scaled.jpeg\",\"articleSection\":[\"C\u00e1tedra\"],\"inLanguage\":\"eu-ES\"},{\"@type\":\"WebPage\",\"@id\":\"https:\/\/unedpamplona.es\/eu\/uned-pamplona-y-fundacion-caja-navarra-impulsan-la-catedra-de-inteligencia-emocional\/\",\"url\":\"https:\/\/unedpamplona.es\/eu\/uned-pamplona-y-fundacion-caja-navarra-impulsan-la-catedra-de-inteligencia-emocional\/\",\"name\":\"UNED Pamplona y Fundaci\u00f3n Caja Navarra impulsan la C\u00e1tedra de Inteligencia Emocional - UNED Pamplona\",\"isPartOf\":{\"@id\":\"https:\/\/unedpamplona.es\/eu\/#website\"},\"primaryImageOfPage\":{\"@id\":\"https:\/\/unedpamplona.es\/eu\/uned-pamplona-y-fundacion-caja-navarra-impulsan-la-catedra-de-inteligencia-emocional\/#primaryimage\"},\"image\":{\"@id\":\"https:\/\/unedpamplona.es\/eu\/uned-pamplona-y-fundacion-caja-navarra-impulsan-la-catedra-de-inteligencia-emocional\/#primaryimage\"},\"thumbnailUrl\":\"https:\/\/unedpamplona.es\/wp-content\/uploads\/2024\/05\/civican-dsc_8139-scaled.jpeg\",\"datePublished\":\"2024-05-13T08:48:08+00:00\",\"dateModified\":\"2024-05-13T08:48:08+00:00\",\"inLanguage\":\"eu-ES\",\"potentialAction\":[{\"@type\":\"ReadAction\",\"target\":[\"https:\/\/unedpamplona.es\/eu\/uned-pamplona-y-fundacion-caja-navarra-impulsan-la-catedra-de-inteligencia-emocional\/\"]}]},{\"@type\":\"ImageObject\",\"inLanguage\":\"eu-ES\",\"@id\":\"https:\/\/unedpamplona.es\/eu\/uned-pamplona-y-fundacion-caja-navarra-impulsan-la-catedra-de-inteligencia-emocional\/#primaryimage\",\"url\":\"https:\/\/unedpamplona.es\/wp-content\/uploads\/2024\/05\/civican-dsc_8139-scaled.jpeg\",\"contentUrl\":\"https:\/\/unedpamplona.es\/wp-content\/uploads\/2024\/05\/civican-dsc_8139-scaled.jpeg\",\"width\":2560,\"height\":1709,\"caption\":\"Presentaci\u00f3n de la c\u00e1tedra de Inteligencia Emocional de UNED Pamplona\"},{\"@type\":\"WebSite\",\"@id\":\"https:\/\/unedpamplona.es\/eu\/#website\",\"url\":\"https:\/\/unedpamplona.es\/eu\/\",\"name\":\"UNED Pamplona\",\"description\":\"\",\"publisher\":{\"@id\":\"https:\/\/unedpamplona.es\/eu\/#organization\"},\"potentialAction\":[{\"@type\":\"SearchAction\",\"target\":{\"@type\":\"EntryPoint\",\"urlTemplate\":\"https:\/\/unedpamplona.es\/eu\/?s={search_term_string}\"},\"query-input\":\"required name=search_term_string\"}],\"inLanguage\":\"eu-ES\"},{\"@type\":\"Organization\",\"@id\":\"https:\/\/unedpamplona.es\/eu\/#organization\",\"name\":\"UNED Pamplona\",\"url\":\"https:\/\/unedpamplona.es\/eu\/\",\"logo\":{\"@type\":\"ImageObject\",\"inLanguage\":\"eu-ES\",\"@id\":\"https:\/\/unedpamplona.es\/eu\/#\/schema\/logo\/image\/\",\"url\":\"https:\/\/unedpamplona.es\/wp-content\/uploads\/2024\/02\/uned_pamplona_logo.png\",\"contentUrl\":\"https:\/\/unedpamplona.es\/wp-content\/uploads\/2024\/02\/uned_pamplona_logo.png\",\"width\":218,\"height\":104,\"caption\":\"UNED Pamplona\"},\"image\":{\"@id\":\"https:\/\/unedpamplona.es\/eu\/#\/schema\/logo\/image\/\"},\"sameAs\":[\"https:\/\/x.com\/unedpamplona\",\"https:\/\/www.youtube.com\/channel\/UCR2jc6TbCMAPnbcA17Z0wwg\",\"https:\/\/www.instagram.com\/unedpamplona\/\"]},{\"@type\":\"Person\",\"@id\":\"https:\/\/unedpamplona.es\/eu\/#\/schema\/person\/2ab9beab35599470cd53757e726a9810\",\"name\":\"room116\",\"image\":{\"@type\":\"ImageObject\",\"inLanguage\":\"eu-ES\",\"@id\":\"https:\/\/unedpamplona.es\/eu\/#\/schema\/person\/image\/\",\"url\":\"https:\/\/secure.gravatar.com\/avatar\/4081e23516e875d8e1fa4ed0171d6f96?s=96&d=mm&r=g\",\"contentUrl\":\"https:\/\/secure.gravatar.com\/avatar\/4081e23516e875d8e1fa4ed0171d6f96?s=96&d=mm&r=g\",\"caption\":\"room116\"},\"sameAs\":[\"https:\/\/unedpamplona.es\"],\"url\":\"https:\/\/unedpamplona.es\/eu\/author\/room116\/\"}]}<\/script>\n<!-- \/ Yoast SEO plugin. -->","yoast_head_json":{"title":"UNED Pamplona y Fundaci\u00f3n Caja Navarra impulsan la C\u00e1tedra de Inteligencia Emocional - UNED Pamplona","robots":{"index":"index","follow":"follow","max-snippet":"max-snippet:-1","max-image-preview":"max-image-preview:large","max-video-preview":"max-video-preview:-1"},"canonical":"https:\/\/unedpamplona.es\/eu\/uned-pamplona-y-fundacion-caja-navarra-impulsan-la-catedra-de-inteligencia-emocional\/","og_locale":"eu_ES","og_type":"article","og_title":"UNED Pamplona y Fundaci\u00f3n Caja Navarra impulsan la C\u00e1tedra de Inteligencia Emocional - UNED Pamplona","og_description":"UNED Pamplona y Fundaci\u00f3n Caja Navarra impulsan una c\u00e1tedra universitaria para trabajar sobre Inteligencia Emocional. La alianza entre ambas entidades incluye una propuesta de investigaci\u00f3n y otra de divulgaci\u00f3n a trav\u00e9s de cursos de extensi\u00f3n universitaria, cursos de verano y conferencias. La r\u00fabica del convenio entre ambas instituciones ha tenido lugar esta ma\u00f1ana con la [&hellip;]","og_url":"https:\/\/unedpamplona.es\/eu\/uned-pamplona-y-fundacion-caja-navarra-impulsan-la-catedra-de-inteligencia-emocional\/","og_site_name":"UNED Pamplona","article_published_time":"2024-05-13T08:48:08+00:00","og_image":[{"width":2560,"height":1709,"url":"https:\/\/unedpamplona.es\/wp-content\/uploads\/2024\/05\/civican-dsc_8139-scaled.jpeg","type":"image\/jpeg"}],"author":"room116","twitter_card":"summary_large_image","twitter_creator":"@unedpamplona","twitter_site":"@unedpamplona","twitter_misc":{"Written by":"room116","Est. reading time":"6 minutes"},"schema":{"@context":"https:\/\/schema.org","@graph":[{"@type":"Article","@id":"https:\/\/unedpamplona.es\/eu\/uned-pamplona-y-fundacion-caja-navarra-impulsan-la-catedra-de-inteligencia-emocional\/#article","isPartOf":{"@id":"https:\/\/unedpamplona.es\/eu\/uned-pamplona-y-fundacion-caja-navarra-impulsan-la-catedra-de-inteligencia-emocional\/"},"author":{"name":"room116","@id":"https:\/\/unedpamplona.es\/eu\/#\/schema\/person\/2ab9beab35599470cd53757e726a9810"},"headline":"UNED Pamplona y Fundaci\u00f3n Caja Navarra impulsan la C\u00e1tedra de Inteligencia Emocional","datePublished":"2024-05-13T08:48:08+00:00","dateModified":"2024-05-13T08:48:08+00:00","mainEntityOfPage":{"@id":"https:\/\/unedpamplona.es\/eu\/uned-pamplona-y-fundacion-caja-navarra-impulsan-la-catedra-de-inteligencia-emocional\/"},"wordCount":1309,"publisher":{"@id":"https:\/\/unedpamplona.es\/eu\/#organization"},"image":{"@id":"https:\/\/unedpamplona.es\/eu\/uned-pamplona-y-fundacion-caja-navarra-impulsan-la-catedra-de-inteligencia-emocional\/#primaryimage"},"thumbnailUrl":"https:\/\/unedpamplona.es\/wp-content\/uploads\/2024\/05\/civican-dsc_8139-scaled.jpeg","articleSection":["C\u00e1tedra"],"inLanguage":"eu-ES"},{"@type":"WebPage","@id":"https:\/\/unedpamplona.es\/eu\/uned-pamplona-y-fundacion-caja-navarra-impulsan-la-catedra-de-inteligencia-emocional\/","url":"https:\/\/unedpamplona.es\/eu\/uned-pamplona-y-fundacion-caja-navarra-impulsan-la-catedra-de-inteligencia-emocional\/","name":"UNED Pamplona y Fundaci\u00f3n Caja Navarra impulsan la C\u00e1tedra de Inteligencia Emocional - UNED Pamplona","isPartOf":{"@id":"https:\/\/unedpamplona.es\/eu\/#website"},"primaryImageOfPage":{"@id":"https:\/\/unedpamplona.es\/eu\/uned-pamplona-y-fundacion-caja-navarra-impulsan-la-catedra-de-inteligencia-emocional\/#primaryimage"},"image":{"@id":"https:\/\/unedpamplona.es\/eu\/uned-pamplona-y-fundacion-caja-navarra-impulsan-la-catedra-de-inteligencia-emocional\/#primaryimage"},"thumbnailUrl":"https:\/\/unedpamplona.es\/wp-content\/uploads\/2024\/05\/civican-dsc_8139-scaled.jpeg","datePublished":"2024-05-13T08:48:08+00:00","dateModified":"2024-05-13T08:48:08+00:00","inLanguage":"eu-ES","potentialAction":[{"@type":"ReadAction","target":["https:\/\/unedpamplona.es\/eu\/uned-pamplona-y-fundacion-caja-navarra-impulsan-la-catedra-de-inteligencia-emocional\/"]}]},{"@type":"ImageObject","inLanguage":"eu-ES","@id":"https:\/\/unedpamplona.es\/eu\/uned-pamplona-y-fundacion-caja-navarra-impulsan-la-catedra-de-inteligencia-emocional\/#primaryimage","url":"https:\/\/unedpamplona.es\/wp-content\/uploads\/2024\/05\/civican-dsc_8139-scaled.jpeg","contentUrl":"https:\/\/unedpamplona.es\/wp-content\/uploads\/2024\/05\/civican-dsc_8139-scaled.jpeg","width":2560,"height":1709,"caption":"Presentaci\u00f3n de la c\u00e1tedra de Inteligencia Emocional de UNED Pamplona"},{"@type":"WebSite","@id":"https:\/\/unedpamplona.es\/eu\/#website","url":"https:\/\/unedpamplona.es\/eu\/","name":"UNED Pamplona","description":"","publisher":{"@id":"https:\/\/unedpamplona.es\/eu\/#organization"},"potentialAction":[{"@type":"SearchAction","target":{"@type":"EntryPoint","urlTemplate":"https:\/\/unedpamplona.es\/eu\/?s={search_term_string}"},"query-input":"required name=search_term_string"}],"inLanguage":"eu-ES"},{"@type":"Organization","@id":"https:\/\/unedpamplona.es\/eu\/#organization","name":"UNED Pamplona","url":"https:\/\/unedpamplona.es\/eu\/","logo":{"@type":"ImageObject","inLanguage":"eu-ES","@id":"https:\/\/unedpamplona.es\/eu\/#\/schema\/logo\/image\/","url":"https:\/\/unedpamplona.es\/wp-content\/uploads\/2024\/02\/uned_pamplona_logo.png","contentUrl":"https:\/\/unedpamplona.es\/wp-content\/uploads\/2024\/02\/uned_pamplona_logo.png","width":218,"height":104,"caption":"UNED Pamplona"},"image":{"@id":"https:\/\/unedpamplona.es\/eu\/#\/schema\/logo\/image\/"},"sameAs":["https:\/\/x.com\/unedpamplona","https:\/\/www.youtube.com\/channel\/UCR2jc6TbCMAPnbcA17Z0wwg","https:\/\/www.instagram.com\/unedpamplona\/"]},{"@type":"Person","@id":"https:\/\/unedpamplona.es\/eu\/#\/schema\/person\/2ab9beab35599470cd53757e726a9810","name":"room116","image":{"@type":"ImageObject","inLanguage":"eu-ES","@id":"https:\/\/unedpamplona.es\/eu\/#\/schema\/person\/image\/","url":"https:\/\/secure.gravatar.com\/avatar\/4081e23516e875d8e1fa4ed0171d6f96?s=96&d=mm&r=g","contentUrl":"https:\/\/secure.gravatar.com\/avatar\/4081e23516e875d8e1fa4ed0171d6f96?s=96&d=mm&r=g","caption":"room116"},"sameAs":["https:\/\/unedpamplona.es"],"url":"https:\/\/unedpamplona.es\/eu\/author\/room116\/"}]}},"_links":{"self":[{"href":"https:\/\/unedpamplona.es\/eu\/wp-json\/wp\/v2\/posts\/2708"}],"collection":[{"href":"https:\/\/unedpamplona.es\/eu\/wp-json\/wp\/v2\/posts"}],"about":[{"href":"https:\/\/unedpamplona.es\/eu\/wp-json\/wp\/v2\/types\/post"}],"author":[{"embeddable":true,"href":"https:\/\/unedpamplona.es\/eu\/wp-json\/wp\/v2\/users\/1"}],"replies":[{"embeddable":true,"href":"https:\/\/unedpamplona.es\/eu\/wp-json\/wp\/v2\/comments?post=2708"}],"version-history":[{"count":1,"href":"https:\/\/unedpamplona.es\/eu\/wp-json\/wp\/v2\/posts\/2708\/revisions"}],"predecessor-version":[{"id":2709,"href":"https:\/\/unedpamplona.es\/eu\/wp-json\/wp\/v2\/posts\/2708\/revisions\/2709"}],"wp:featuredmedia":[{"embeddable":true,"href":"https:\/\/unedpamplona.es\/eu\/wp-json\/wp\/v2\/media\/2706"}],"wp:attachment":[{"href":"https:\/\/unedpamplona.es\/eu\/wp-json\/wp\/v2\/media?parent=2708"}],"wp:term":[{"taxonomy":"category","embeddable":true,"href":"https:\/\/unedpamplona.es\/eu\/wp-json\/wp\/v2\/categories?post=2708"},{"taxonomy":"post_tag","embeddable":true,"href":"https:\/\/unedpamplona.es\/eu\/wp-json\/wp\/v2\/tags?post=2708"}],"curies":[{"name":"wp","href":"https:\/\/api.w.org\/{rel}","templated":true}]}}