{"id":2710,"date":"2024-05-13T10:51:13","date_gmt":"2024-05-13T08:51:13","guid":{"rendered":"https:\/\/unedpamplona.es\/?p=2710"},"modified":"2024-09-05T18:33:03","modified_gmt":"2024-09-05T16:33:03","slug":"lineas-tematicas-de-actuacion-en-difusion-y-formacion-de-la-catedra","status":"publish","type":"post","link":"https:\/\/unedpamplona.es\/eu\/lineas-tematicas-de-actuacion-en-difusion-y-formacion-de-la-catedra\/","title":{"rendered":"L\u00edneas tem\u00e1ticas de actuaci\u00f3n en difusi\u00f3n y formaci\u00f3n de la C\u00e1tedra"},"content":{"rendered":"<p>Las l\u00edneas tem\u00e1ticas prioritarias de actuaci\u00f3n en difusi\u00f3n y transferencia del conocimiento, as\u00ed como en formaci\u00f3n, de la C\u00e1tedra de Inteligencia Emocional ser\u00e1n las siguientes:<\/p>\n<ul>\n<li>Inteligencia Emocional y gesti\u00f3n de las emociones.<\/li>\n<li>Salud mental de la juventud y prevenci\u00f3n del suicidio.<\/li>\n<li>Educaci\u00f3n emocional en la escuela.<\/li>\n<li>Entrenamiento en habilidades blandas \u201csoft skills\u201d para la mejora en el rendimiento acad\u00e9mico.<\/li>\n<li>Educaci\u00f3n emocional en las familias.<\/li>\n<li>Generaci\u00f3n de relaciones interpersonales saludables y resoluci\u00f3n positiva de conflictos.<\/li>\n<li>Envejecimiento saludable, gesti\u00f3n de la soledad no deseada y actitud positiva ante la vida.<\/li>\n<li>Empresas felices: capacidad de negociaci\u00f3n, trabajo en equipo, resoluci\u00f3n de conflictos, capacidad comunicativa, liderazgo.<\/li>\n<li>El coordinador o la coordinadora de bienestar y protecci\u00f3n.<\/li>\n<\/ul>\n","protected":false},"excerpt":{"rendered":"<p>Las l\u00edneas tem\u00e1ticas prioritarias de actuaci\u00f3n en difusi\u00f3n y transferencia del conocimiento, as\u00ed como en formaci\u00f3n, de la C\u00e1tedra de Inteligencia Emocional ser\u00e1n las siguientes: Inteligencia Emocional y gesti\u00f3n de las emociones. Salud mental de la juventud y prevenci\u00f3n del suicidio. Educaci\u00f3n emocional en la escuela. Entrenamiento en habilidades blandas \u201csoft skills\u201d para la mejora [&hellip;]<\/p>\n","protected":false},"author":1,"featured_media":4422,"comment_status":"closed","ping_status":"closed","sticky":false,"template":"","format":"standard","meta":{"footnotes":""},"categories":[26],"tags":[],"yoast_head":"<!-- This site is optimized with the Yoast SEO plugin v22.5 - https:\/\/yoast.com\/wordpress\/plugins\/seo\/ -->\n<title>L\u00edneas tem\u00e1ticas de actuaci\u00f3n en difusi\u00f3n y formaci\u00f3n de la C\u00e1tedra - UNED Pamplona<\/title>\n<meta name=\"robots\" content=\"index, follow, max-snippet:-1, max-image-preview:large, max-video-preview:-1\" \/>\n<link rel=\"canonical\" href=\"https:\/\/unedpamplona.es\/eu\/lineas-tematicas-de-actuacion-en-difusion-y-formacion-de-la-catedra\/\" \/>\n<meta property=\"og:locale\" content=\"eu_ES\" \/>\n<meta property=\"og:type\" content=\"article\" \/>\n<meta property=\"og:title\" content=\"L\u00edneas tem\u00e1ticas de actuaci\u00f3n en difusi\u00f3n y formaci\u00f3n de la C\u00e1tedra - UNED Pamplona\" \/>\n<meta property=\"og:description\" content=\"Las l\u00edneas tem\u00e1ticas prioritarias de actuaci\u00f3n en difusi\u00f3n y transferencia del conocimiento, as\u00ed como en formaci\u00f3n, de la C\u00e1tedra de Inteligencia Emocional ser\u00e1n las siguientes: Inteligencia Emocional y gesti\u00f3n de las emociones. Salud mental de la juventud y prevenci\u00f3n del suicidio. Educaci\u00f3n emocional en la escuela. Entrenamiento en habilidades blandas \u201csoft skills\u201d para la mejora [&hellip;]\" \/>\n<meta property=\"og:url\" content=\"https:\/\/unedpamplona.es\/eu\/lineas-tematicas-de-actuacion-en-difusion-y-formacion-de-la-catedra\/\" \/>\n<meta property=\"og:site_name\" content=\"UNED Pamplona\" \/>\n<meta property=\"article:published_time\" content=\"2024-05-13T08:51:13+00:00\" \/>\n<meta property=\"article:modified_time\" content=\"2024-09-05T16:33:03+00:00\" \/>\n<meta property=\"og:image\" content=\"https:\/\/unedpamplona.es\/wp-content\/uploads\/2024\/04\/Diseno-sin-titulo-6.jpg\" \/>\n\t<meta property=\"og:image:width\" content=\"940\" \/>\n\t<meta property=\"og:image:height\" content=\"788\" \/>\n\t<meta property=\"og:image:type\" content=\"image\/jpeg\" \/>\n<meta name=\"author\" content=\"room116\" \/>\n<meta name=\"twitter:card\" content=\"summary_large_image\" \/>\n<meta name=\"twitter:creator\" content=\"@unedpamplona\" \/>\n<meta name=\"twitter:site\" content=\"@unedpamplona\" \/>\n<meta name=\"twitter:label1\" content=\"Written by\" \/>\n\t<meta name=\"twitter:data1\" content=\"room116\" \/>\n\t<meta name=\"twitter:label2\" content=\"Est. reading time\" \/>\n\t<meta name=\"twitter:data2\" content=\"1 minute\" \/>\n<script type=\"application\/ld+json\" class=\"yoast-schema-graph\">{\"@context\":\"https:\/\/schema.org\",\"@graph\":[{\"@type\":\"Article\",\"@id\":\"https:\/\/unedpamplona.es\/eu\/lineas-tematicas-de-actuacion-en-difusion-y-formacion-de-la-catedra\/#article\",\"isPartOf\":{\"@id\":\"https:\/\/unedpamplona.es\/eu\/lineas-tematicas-de-actuacion-en-difusion-y-formacion-de-la-catedra\/\"},\"author\":{\"name\":\"room116\",\"@id\":\"https:\/\/unedpamplona.es\/eu\/#\/schema\/person\/2ab9beab35599470cd53757e726a9810\"},\"headline\":\"L\u00edneas tem\u00e1ticas de actuaci\u00f3n en difusi\u00f3n y formaci\u00f3n de la C\u00e1tedra\",\"datePublished\":\"2024-05-13T08:51:13+00:00\",\"dateModified\":\"2024-09-05T16:33:03+00:00\",\"mainEntityOfPage\":{\"@id\":\"https:\/\/unedpamplona.es\/eu\/lineas-tematicas-de-actuacion-en-difusion-y-formacion-de-la-catedra\/\"},\"wordCount\":146,\"publisher\":{\"@id\":\"https:\/\/unedpamplona.es\/eu\/#organization\"},\"image\":{\"@id\":\"https:\/\/unedpamplona.es\/eu\/lineas-tematicas-de-actuacion-en-difusion-y-formacion-de-la-catedra\/#primaryimage\"},\"thumbnailUrl\":\"https:\/\/unedpamplona.es\/wp-content\/uploads\/2024\/04\/Diseno-sin-titulo-6.jpg\",\"articleSection\":[\"C\u00e1tedra\"],\"inLanguage\":\"eu-ES\"},{\"@type\":\"WebPage\",\"@id\":\"https:\/\/unedpamplona.es\/eu\/lineas-tematicas-de-actuacion-en-difusion-y-formacion-de-la-catedra\/\",\"url\":\"https:\/\/unedpamplona.es\/eu\/lineas-tematicas-de-actuacion-en-difusion-y-formacion-de-la-catedra\/\",\"name\":\"L\u00edneas tem\u00e1ticas de actuaci\u00f3n en difusi\u00f3n y formaci\u00f3n de la C\u00e1tedra - UNED Pamplona\",\"isPartOf\":{\"@id\":\"https:\/\/unedpamplona.es\/eu\/#website\"},\"primaryImageOfPage\":{\"@id\":\"https:\/\/unedpamplona.es\/eu\/lineas-tematicas-de-actuacion-en-difusion-y-formacion-de-la-catedra\/#primaryimage\"},\"image\":{\"@id\":\"https:\/\/unedpamplona.es\/eu\/lineas-tematicas-de-actuacion-en-difusion-y-formacion-de-la-catedra\/#primaryimage\"},\"thumbnailUrl\":\"https:\/\/unedpamplona.es\/wp-content\/uploads\/2024\/04\/Diseno-sin-titulo-6.jpg\",\"datePublished\":\"2024-05-13T08:51:13+00:00\",\"dateModified\":\"2024-09-05T16:33:03+00:00\",\"inLanguage\":\"eu-ES\",\"potentialAction\":[{\"@type\":\"ReadAction\",\"target\":[\"https:\/\/unedpamplona.es\/eu\/lineas-tematicas-de-actuacion-en-difusion-y-formacion-de-la-catedra\/\"]}]},{\"@type\":\"ImageObject\",\"inLanguage\":\"eu-ES\",\"@id\":\"https:\/\/unedpamplona.es\/eu\/lineas-tematicas-de-actuacion-en-difusion-y-formacion-de-la-catedra\/#primaryimage\",\"url\":\"https:\/\/unedpamplona.es\/wp-content\/uploads\/2024\/04\/Diseno-sin-titulo-6.jpg\",\"contentUrl\":\"https:\/\/unedpamplona.es\/wp-content\/uploads\/2024\/04\/Diseno-sin-titulo-6.jpg\",\"width\":940,\"height\":788},{\"@type\":\"WebSite\",\"@id\":\"https:\/\/unedpamplona.es\/eu\/#website\",\"url\":\"https:\/\/unedpamplona.es\/eu\/\",\"name\":\"UNED Pamplona\",\"description\":\"\",\"publisher\":{\"@id\":\"https:\/\/unedpamplona.es\/eu\/#organization\"},\"potentialAction\":[{\"@type\":\"SearchAction\",\"target\":{\"@type\":\"EntryPoint\",\"urlTemplate\":\"https:\/\/unedpamplona.es\/eu\/?s={search_term_string}\"},\"query-input\":\"required name=search_term_string\"}],\"inLanguage\":\"eu-ES\"},{\"@type\":\"Organization\",\"@id\":\"https:\/\/unedpamplona.es\/eu\/#organization\",\"name\":\"UNED Pamplona\",\"url\":\"https:\/\/unedpamplona.es\/eu\/\",\"logo\":{\"@type\":\"ImageObject\",\"inLanguage\":\"eu-ES\",\"@id\":\"https:\/\/unedpamplona.es\/eu\/#\/schema\/logo\/image\/\",\"url\":\"https:\/\/unedpamplona.es\/wp-content\/uploads\/2024\/02\/uned_pamplona_logo.png\",\"contentUrl\":\"https:\/\/unedpamplona.es\/wp-content\/uploads\/2024\/02\/uned_pamplona_logo.png\",\"width\":218,\"height\":104,\"caption\":\"UNED Pamplona\"},\"image\":{\"@id\":\"https:\/\/unedpamplona.es\/eu\/#\/schema\/logo\/image\/\"},\"sameAs\":[\"https:\/\/x.com\/unedpamplona\",\"https:\/\/www.youtube.com\/channel\/UCR2jc6TbCMAPnbcA17Z0wwg\",\"https:\/\/www.instagram.com\/unedpamplona\/\"]},{\"@type\":\"Person\",\"@id\":\"https:\/\/unedpamplona.es\/eu\/#\/schema\/person\/2ab9beab35599470cd53757e726a9810\",\"name\":\"room116\",\"image\":{\"@type\":\"ImageObject\",\"inLanguage\":\"eu-ES\",\"@id\":\"https:\/\/unedpamplona.es\/eu\/#\/schema\/person\/image\/\",\"url\":\"https:\/\/secure.gravatar.com\/avatar\/4081e23516e875d8e1fa4ed0171d6f96?s=96&d=mm&r=g\",\"contentUrl\":\"https:\/\/secure.gravatar.com\/avatar\/4081e23516e875d8e1fa4ed0171d6f96?s=96&d=mm&r=g\",\"caption\":\"room116\"},\"sameAs\":[\"https:\/\/unedpamplona.es\"],\"url\":\"https:\/\/unedpamplona.es\/eu\/author\/room116\/\"}]}<\/script>\n<!-- \/ Yoast SEO plugin. -->","yoast_head_json":{"title":"L\u00edneas tem\u00e1ticas de actuaci\u00f3n en difusi\u00f3n y formaci\u00f3n de la C\u00e1tedra - UNED Pamplona","robots":{"index":"index","follow":"follow","max-snippet":"max-snippet:-1","max-image-preview":"max-image-preview:large","max-video-preview":"max-video-preview:-1"},"canonical":"https:\/\/unedpamplona.es\/eu\/lineas-tematicas-de-actuacion-en-difusion-y-formacion-de-la-catedra\/","og_locale":"eu_ES","og_type":"article","og_title":"L\u00edneas tem\u00e1ticas de actuaci\u00f3n en difusi\u00f3n y formaci\u00f3n de la C\u00e1tedra - UNED Pamplona","og_description":"Las l\u00edneas tem\u00e1ticas prioritarias de actuaci\u00f3n en difusi\u00f3n y transferencia del conocimiento, as\u00ed como en formaci\u00f3n, de la C\u00e1tedra de Inteligencia Emocional ser\u00e1n las siguientes: Inteligencia Emocional y gesti\u00f3n de las emociones. Salud mental de la juventud y prevenci\u00f3n del suicidio. Educaci\u00f3n emocional en la escuela. Entrenamiento en habilidades blandas \u201csoft skills\u201d para la mejora [&hellip;]","og_url":"https:\/\/unedpamplona.es\/eu\/lineas-tematicas-de-actuacion-en-difusion-y-formacion-de-la-catedra\/","og_site_name":"UNED Pamplona","article_published_time":"2024-05-13T08:51:13+00:00","article_modified_time":"2024-09-05T16:33:03+00:00","og_image":[{"width":940,"height":788,"url":"https:\/\/unedpamplona.es\/wp-content\/uploads\/2024\/04\/Diseno-sin-titulo-6.jpg","type":"image\/jpeg"}],"author":"room116","twitter_card":"summary_large_image","twitter_creator":"@unedpamplona","twitter_site":"@unedpamplona","twitter_misc":{"Written by":"room116","Est. reading time":"1 minute"},"schema":{"@context":"https:\/\/schema.org","@graph":[{"@type":"Article","@id":"https:\/\/unedpamplona.es\/eu\/lineas-tematicas-de-actuacion-en-difusion-y-formacion-de-la-catedra\/#article","isPartOf":{"@id":"https:\/\/unedpamplona.es\/eu\/lineas-tematicas-de-actuacion-en-difusion-y-formacion-de-la-catedra\/"},"author":{"name":"room116","@id":"https:\/\/unedpamplona.es\/eu\/#\/schema\/person\/2ab9beab35599470cd53757e726a9810"},"headline":"L\u00edneas tem\u00e1ticas de actuaci\u00f3n en difusi\u00f3n y formaci\u00f3n de la C\u00e1tedra","datePublished":"2024-05-13T08:51:13+00:00","dateModified":"2024-09-05T16:33:03+00:00","mainEntityOfPage":{"@id":"https:\/\/unedpamplona.es\/eu\/lineas-tematicas-de-actuacion-en-difusion-y-formacion-de-la-catedra\/"},"wordCount":146,"publisher":{"@id":"https:\/\/unedpamplona.es\/eu\/#organization"},"image":{"@id":"https:\/\/unedpamplona.es\/eu\/lineas-tematicas-de-actuacion-en-difusion-y-formacion-de-la-catedra\/#primaryimage"},"thumbnailUrl":"https:\/\/unedpamplona.es\/wp-content\/uploads\/2024\/04\/Diseno-sin-titulo-6.jpg","articleSection":["C\u00e1tedra"],"inLanguage":"eu-ES"},{"@type":"WebPage","@id":"https:\/\/unedpamplona.es\/eu\/lineas-tematicas-de-actuacion-en-difusion-y-formacion-de-la-catedra\/","url":"https:\/\/unedpamplona.es\/eu\/lineas-tematicas-de-actuacion-en-difusion-y-formacion-de-la-catedra\/","name":"L\u00edneas tem\u00e1ticas de actuaci\u00f3n en difusi\u00f3n y formaci\u00f3n de la C\u00e1tedra - UNED Pamplona","isPartOf":{"@id":"https:\/\/unedpamplona.es\/eu\/#website"},"primaryImageOfPage":{"@id":"https:\/\/unedpamplona.es\/eu\/lineas-tematicas-de-actuacion-en-difusion-y-formacion-de-la-catedra\/#primaryimage"},"image":{"@id":"https:\/\/unedpamplona.es\/eu\/lineas-tematicas-de-actuacion-en-difusion-y-formacion-de-la-catedra\/#primaryimage"},"thumbnailUrl":"https:\/\/unedpamplona.es\/wp-content\/uploads\/2024\/04\/Diseno-sin-titulo-6.jpg","datePublished":"2024-05-13T08:51:13+00:00","dateModified":"2024-09-05T16:33:03+00:00","inLanguage":"eu-ES","potentialAction":[{"@type":"ReadAction","target":["https:\/\/unedpamplona.es\/eu\/lineas-tematicas-de-actuacion-en-difusion-y-formacion-de-la-catedra\/"]}]},{"@type":"ImageObject","inLanguage":"eu-ES","@id":"https:\/\/unedpamplona.es\/eu\/lineas-tematicas-de-actuacion-en-difusion-y-formacion-de-la-catedra\/#primaryimage","url":"https:\/\/unedpamplona.es\/wp-content\/uploads\/2024\/04\/Diseno-sin-titulo-6.jpg","contentUrl":"https:\/\/unedpamplona.es\/wp-content\/uploads\/2024\/04\/Diseno-sin-titulo-6.jpg","width":940,"height":788},{"@type":"WebSite","@id":"https:\/\/unedpamplona.es\/eu\/#website","url":"https:\/\/unedpamplona.es\/eu\/","name":"UNED Pamplona","description":"","publisher":{"@id":"https:\/\/unedpamplona.es\/eu\/#organization"},"potentialAction":[{"@type":"SearchAction","target":{"@type":"EntryPoint","urlTemplate":"https:\/\/unedpamplona.es\/eu\/?s={search_term_string}"},"query-input":"required name=search_term_string"}],"inLanguage":"eu-ES"},{"@type":"Organization","@id":"https:\/\/unedpamplona.es\/eu\/#organization","name":"UNED Pamplona","url":"https:\/\/unedpamplona.es\/eu\/","logo":{"@type":"ImageObject","inLanguage":"eu-ES","@id":"https:\/\/unedpamplona.es\/eu\/#\/schema\/logo\/image\/","url":"https:\/\/unedpamplona.es\/wp-content\/uploads\/2024\/02\/uned_pamplona_logo.png","contentUrl":"https:\/\/unedpamplona.es\/wp-content\/uploads\/2024\/02\/uned_pamplona_logo.png","width":218,"height":104,"caption":"UNED Pamplona"},"image":{"@id":"https:\/\/unedpamplona.es\/eu\/#\/schema\/logo\/image\/"},"sameAs":["https:\/\/x.com\/unedpamplona","https:\/\/www.youtube.com\/channel\/UCR2jc6TbCMAPnbcA17Z0wwg","https:\/\/www.instagram.com\/unedpamplona\/"]},{"@type":"Person","@id":"https:\/\/unedpamplona.es\/eu\/#\/schema\/person\/2ab9beab35599470cd53757e726a9810","name":"room116","image":{"@type":"ImageObject","inLanguage":"eu-ES","@id":"https:\/\/unedpamplona.es\/eu\/#\/schema\/person\/image\/","url":"https:\/\/secure.gravatar.com\/avatar\/4081e23516e875d8e1fa4ed0171d6f96?s=96&d=mm&r=g","contentUrl":"https:\/\/secure.gravatar.com\/avatar\/4081e23516e875d8e1fa4ed0171d6f96?s=96&d=mm&r=g","caption":"room116"},"sameAs":["https:\/\/unedpamplona.es"],"url":"https:\/\/unedpamplona.es\/eu\/author\/room116\/"}]}},"_links":{"self":[{"href":"https:\/\/unedpamplona.es\/eu\/wp-json\/wp\/v2\/posts\/2710"}],"collection":[{"href":"https:\/\/unedpamplona.es\/eu\/wp-json\/wp\/v2\/posts"}],"about":[{"href":"https:\/\/unedpamplona.es\/eu\/wp-json\/wp\/v2\/types\/post"}],"author":[{"embeddable":true,"href":"https:\/\/unedpamplona.es\/eu\/wp-json\/wp\/v2\/users\/1"}],"replies":[{"embeddable":true,"href":"https:\/\/unedpamplona.es\/eu\/wp-json\/wp\/v2\/comments?post=2710"}],"version-history":[{"count":1,"href":"https:\/\/unedpamplona.es\/eu\/wp-json\/wp\/v2\/posts\/2710\/revisions"}],"predecessor-version":[{"id":2715,"href":"https:\/\/unedpamplona.es\/eu\/wp-json\/wp\/v2\/posts\/2710\/revisions\/2715"}],"wp:featuredmedia":[{"embeddable":true,"href":"https:\/\/unedpamplona.es\/eu\/wp-json\/wp\/v2\/media\/4422"}],"wp:attachment":[{"href":"https:\/\/unedpamplona.es\/eu\/wp-json\/wp\/v2\/media?parent=2710"}],"wp:term":[{"taxonomy":"category","embeddable":true,"href":"https:\/\/unedpamplona.es\/eu\/wp-json\/wp\/v2\/categories?post=2710"},{"taxonomy":"post_tag","embeddable":true,"href":"https:\/\/unedpamplona.es\/eu\/wp-json\/wp\/v2\/tags?post=2710"}],"curies":[{"name":"wp","href":"https:\/\/api.w.org\/{rel}","templated":true}]}}