{"id":3075,"date":"2024-06-11T14:15:23","date_gmt":"2024-06-11T12:15:23","guid":{"rendered":"https:\/\/unedpamplona.es\/?p=3075"},"modified":"2024-06-24T14:18:58","modified_gmt":"2024-06-24T12:18:58","slug":"casi-900-matriculas-de-uned-senior-en-el-primer-dia","status":"publish","type":"post","link":"https:\/\/unedpamplona.es\/eu\/casi-900-matriculas-de-uned-senior-en-el-primer-dia\/","title":{"rendered":"Casi 900 matr\u00edculas de UNED SENIOR en el primer d\u00eda"},"content":{"rendered":"<p>La fidelidad del alumnado de UNED Senior se ha vuelto a poner de manifiesto con las casi\u00a0<strong>900 matriculas para el curso 2024-2025<\/strong>, registradas en el primer d\u00eda de\u00a0apertura. Si todav\u00eda no se ha matriculado, puede hacerlo hasta el 27 de septiembre en el siguiente enlace.<\/p>\n<p><strong><a href=\"https:\/\/extension.uned.es\/actividad\/idactividad\/38097\">ENLACE DE MATR\u00cdCULA ON LINE<\/a><\/strong><\/p>\n<p><strong>A continuaci\u00f3n le facilitamos los pasos para que le sea m\u00e1s sencillo realizar la matr\u00edcula:<\/strong><\/p>\n<p><a href=\"https:\/\/unedpamplona.es\/wp-content\/uploads\/2024\/06\/guia_matricula_2023-2024.docx\" target=\"_blank\" rel=\"noopener\"><strong>GU\u00cdA DE MATR\u00cdCULA\u00a0<\/strong><\/a><\/p>\n<p>Como ya hay\u00a0<strong>asignaturas con las plazas agotadas, pueden rellenar el siguiente FORMULARIO\u00a0<\/strong>que le\u00a0servir\u00e1 de\u00a0<strong>LISTA DE ESPERA\u00a0<\/strong>para aquellas asignaturas en las que haya bajas de \u00faltima hora o la direcci\u00f3n decida habilita un segundo grupo.<\/p>\n<p><strong><a href=\"https:\/\/forms.office.com\/Pages\/ResponsePage.aspx?id=SHBYtXCgrUO2VCCjHpstmRiZssecyx5Doc_24sYD1cdUNUNaQVRUN01PSDIwTzFQQlJZRFNEUEFGVC4u\">LISTA DE ESPERA<\/a><\/strong><\/p>\n<p>El coste por asignatura es de\u00a060 euros.\u00a0La devoluci\u00f3n del importe de la matr\u00edcula \u00fanicamente se realizar\u00e1 en caso de no celebrarse el curso o por causas justificadas. Es conveniente en las asignaturas con continuidad que el alumno haya cursado las primeras partes de la materia para poder continuar con las segundas partes y sucesivas.<\/p>\n<p>M\u00e1s informaci\u00f3n:\u00a0<strong>senior@pamplona.uned.es<\/strong><\/p>\n","protected":false},"excerpt":{"rendered":"<p>La fidelidad del alumnado de UNED Senior se ha vuelto a poner de manifiesto con las casi\u00a0900 matriculas para el curso 2024-2025, registradas en el primer d\u00eda de\u00a0apertura. Si todav\u00eda no se ha matriculado, puede hacerlo hasta el 27 de septiembre en el siguiente enlace. ENLACE DE MATR\u00cdCULA ON LINE A continuaci\u00f3n le facilitamos los [&hellip;]<\/p>\n","protected":false},"author":1,"featured_media":3077,"comment_status":"closed","ping_status":"closed","sticky":false,"template":"","format":"standard","meta":{"footnotes":""},"categories":[11],"tags":[],"yoast_head":"<!-- This site is optimized with the Yoast SEO plugin v22.5 - https:\/\/yoast.com\/wordpress\/plugins\/seo\/ -->\n<title>Casi 900 matr\u00edculas de UNED SENIOR en el primer d\u00eda - UNED Pamplona<\/title>\n<meta name=\"robots\" content=\"index, follow, max-snippet:-1, max-image-preview:large, max-video-preview:-1\" \/>\n<link rel=\"canonical\" href=\"https:\/\/unedpamplona.es\/eu\/casi-900-matriculas-de-uned-senior-en-el-primer-dia\/\" \/>\n<meta property=\"og:locale\" content=\"eu_ES\" \/>\n<meta property=\"og:type\" content=\"article\" \/>\n<meta property=\"og:title\" content=\"Casi 900 matr\u00edculas de UNED SENIOR en el primer d\u00eda - UNED Pamplona\" \/>\n<meta property=\"og:description\" content=\"La fidelidad del alumnado de UNED Senior se ha vuelto a poner de manifiesto con las casi\u00a0900 matriculas para el curso 2024-2025, registradas en el primer d\u00eda de\u00a0apertura. Si todav\u00eda no se ha matriculado, puede hacerlo hasta el 27 de septiembre en el siguiente enlace. ENLACE DE MATR\u00cdCULA ON LINE A continuaci\u00f3n le facilitamos los [&hellip;]\" \/>\n<meta property=\"og:url\" content=\"https:\/\/unedpamplona.es\/eu\/casi-900-matriculas-de-uned-senior-en-el-primer-dia\/\" \/>\n<meta property=\"og:site_name\" content=\"UNED Pamplona\" \/>\n<meta property=\"article:published_time\" content=\"2024-06-11T12:15:23+00:00\" \/>\n<meta property=\"article:modified_time\" content=\"2024-06-24T12:18:58+00:00\" \/>\n<meta property=\"og:image\" content=\"https:\/\/unedpamplona.es\/wp-content\/uploads\/2024\/06\/senior-7.jpeg\" \/>\n\t<meta property=\"og:image:width\" content=\"1600\" \/>\n\t<meta property=\"og:image:height\" content=\"1068\" \/>\n\t<meta property=\"og:image:type\" content=\"image\/jpeg\" \/>\n<meta name=\"author\" content=\"room116\" \/>\n<meta name=\"twitter:card\" content=\"summary_large_image\" \/>\n<meta name=\"twitter:creator\" content=\"@unedpamplona\" \/>\n<meta name=\"twitter:site\" content=\"@unedpamplona\" \/>\n<meta name=\"twitter:label1\" content=\"Written by\" \/>\n\t<meta name=\"twitter:data1\" content=\"room116\" \/>\n\t<meta name=\"twitter:label2\" content=\"Est. reading time\" \/>\n\t<meta name=\"twitter:data2\" content=\"1 minute\" \/>\n<script type=\"application\/ld+json\" class=\"yoast-schema-graph\">{\"@context\":\"https:\/\/schema.org\",\"@graph\":[{\"@type\":\"Article\",\"@id\":\"https:\/\/unedpamplona.es\/eu\/casi-900-matriculas-de-uned-senior-en-el-primer-dia\/#article\",\"isPartOf\":{\"@id\":\"https:\/\/unedpamplona.es\/eu\/casi-900-matriculas-de-uned-senior-en-el-primer-dia\/\"},\"author\":{\"name\":\"room116\",\"@id\":\"https:\/\/unedpamplona.es\/eu\/#\/schema\/person\/2ab9beab35599470cd53757e726a9810\"},\"headline\":\"Casi 900 matr\u00edculas de UNED SENIOR en el primer d\u00eda\",\"datePublished\":\"2024-06-11T12:15:23+00:00\",\"dateModified\":\"2024-06-24T12:18:58+00:00\",\"mainEntityOfPage\":{\"@id\":\"https:\/\/unedpamplona.es\/eu\/casi-900-matriculas-de-uned-senior-en-el-primer-dia\/\"},\"wordCount\":195,\"publisher\":{\"@id\":\"https:\/\/unedpamplona.es\/eu\/#organization\"},\"image\":{\"@id\":\"https:\/\/unedpamplona.es\/eu\/casi-900-matriculas-de-uned-senior-en-el-primer-dia\/#primaryimage\"},\"thumbnailUrl\":\"https:\/\/unedpamplona.es\/wp-content\/uploads\/2024\/06\/senior-7.jpeg\",\"articleSection\":[\"Actualidad\"],\"inLanguage\":\"eu-ES\"},{\"@type\":\"WebPage\",\"@id\":\"https:\/\/unedpamplona.es\/eu\/casi-900-matriculas-de-uned-senior-en-el-primer-dia\/\",\"url\":\"https:\/\/unedpamplona.es\/eu\/casi-900-matriculas-de-uned-senior-en-el-primer-dia\/\",\"name\":\"Casi 900 matr\u00edculas de UNED SENIOR en el primer d\u00eda - UNED Pamplona\",\"isPartOf\":{\"@id\":\"https:\/\/unedpamplona.es\/eu\/#website\"},\"primaryImageOfPage\":{\"@id\":\"https:\/\/unedpamplona.es\/eu\/casi-900-matriculas-de-uned-senior-en-el-primer-dia\/#primaryimage\"},\"image\":{\"@id\":\"https:\/\/unedpamplona.es\/eu\/casi-900-matriculas-de-uned-senior-en-el-primer-dia\/#primaryimage\"},\"thumbnailUrl\":\"https:\/\/unedpamplona.es\/wp-content\/uploads\/2024\/06\/senior-7.jpeg\",\"datePublished\":\"2024-06-11T12:15:23+00:00\",\"dateModified\":\"2024-06-24T12:18:58+00:00\",\"inLanguage\":\"eu-ES\",\"potentialAction\":[{\"@type\":\"ReadAction\",\"target\":[\"https:\/\/unedpamplona.es\/eu\/casi-900-matriculas-de-uned-senior-en-el-primer-dia\/\"]}]},{\"@type\":\"ImageObject\",\"inLanguage\":\"eu-ES\",\"@id\":\"https:\/\/unedpamplona.es\/eu\/casi-900-matriculas-de-uned-senior-en-el-primer-dia\/#primaryimage\",\"url\":\"https:\/\/unedpamplona.es\/wp-content\/uploads\/2024\/06\/senior-7.jpeg\",\"contentUrl\":\"https:\/\/unedpamplona.es\/wp-content\/uploads\/2024\/06\/senior-7.jpeg\",\"width\":1600,\"height\":1068,\"caption\":\"Casi 900 matr\u00edculas de UNED SENIOR en el primer d\u00eda\"},{\"@type\":\"WebSite\",\"@id\":\"https:\/\/unedpamplona.es\/eu\/#website\",\"url\":\"https:\/\/unedpamplona.es\/eu\/\",\"name\":\"UNED Pamplona\",\"description\":\"\",\"publisher\":{\"@id\":\"https:\/\/unedpamplona.es\/eu\/#organization\"},\"potentialAction\":[{\"@type\":\"SearchAction\",\"target\":{\"@type\":\"EntryPoint\",\"urlTemplate\":\"https:\/\/unedpamplona.es\/eu\/?s={search_term_string}\"},\"query-input\":\"required name=search_term_string\"}],\"inLanguage\":\"eu-ES\"},{\"@type\":\"Organization\",\"@id\":\"https:\/\/unedpamplona.es\/eu\/#organization\",\"name\":\"UNED Pamplona\",\"url\":\"https:\/\/unedpamplona.es\/eu\/\",\"logo\":{\"@type\":\"ImageObject\",\"inLanguage\":\"eu-ES\",\"@id\":\"https:\/\/unedpamplona.es\/eu\/#\/schema\/logo\/image\/\",\"url\":\"https:\/\/unedpamplona.es\/wp-content\/uploads\/2024\/02\/uned_pamplona_logo.png\",\"contentUrl\":\"https:\/\/unedpamplona.es\/wp-content\/uploads\/2024\/02\/uned_pamplona_logo.png\",\"width\":218,\"height\":104,\"caption\":\"UNED Pamplona\"},\"image\":{\"@id\":\"https:\/\/unedpamplona.es\/eu\/#\/schema\/logo\/image\/\"},\"sameAs\":[\"https:\/\/x.com\/unedpamplona\",\"https:\/\/www.youtube.com\/channel\/UCR2jc6TbCMAPnbcA17Z0wwg\",\"https:\/\/www.instagram.com\/unedpamplona\/\"]},{\"@type\":\"Person\",\"@id\":\"https:\/\/unedpamplona.es\/eu\/#\/schema\/person\/2ab9beab35599470cd53757e726a9810\",\"name\":\"room116\",\"image\":{\"@type\":\"ImageObject\",\"inLanguage\":\"eu-ES\",\"@id\":\"https:\/\/unedpamplona.es\/eu\/#\/schema\/person\/image\/\",\"url\":\"https:\/\/secure.gravatar.com\/avatar\/4081e23516e875d8e1fa4ed0171d6f96?s=96&d=mm&r=g\",\"contentUrl\":\"https:\/\/secure.gravatar.com\/avatar\/4081e23516e875d8e1fa4ed0171d6f96?s=96&d=mm&r=g\",\"caption\":\"room116\"},\"sameAs\":[\"https:\/\/unedpamplona.es\"],\"url\":\"https:\/\/unedpamplona.es\/eu\/author\/room116\/\"}]}<\/script>\n<!-- \/ Yoast SEO plugin. -->","yoast_head_json":{"title":"Casi 900 matr\u00edculas de UNED SENIOR en el primer d\u00eda - UNED Pamplona","robots":{"index":"index","follow":"follow","max-snippet":"max-snippet:-1","max-image-preview":"max-image-preview:large","max-video-preview":"max-video-preview:-1"},"canonical":"https:\/\/unedpamplona.es\/eu\/casi-900-matriculas-de-uned-senior-en-el-primer-dia\/","og_locale":"eu_ES","og_type":"article","og_title":"Casi 900 matr\u00edculas de UNED SENIOR en el primer d\u00eda - UNED Pamplona","og_description":"La fidelidad del alumnado de UNED Senior se ha vuelto a poner de manifiesto con las casi\u00a0900 matriculas para el curso 2024-2025, registradas en el primer d\u00eda de\u00a0apertura. Si todav\u00eda no se ha matriculado, puede hacerlo hasta el 27 de septiembre en el siguiente enlace. ENLACE DE MATR\u00cdCULA ON LINE A continuaci\u00f3n le facilitamos los [&hellip;]","og_url":"https:\/\/unedpamplona.es\/eu\/casi-900-matriculas-de-uned-senior-en-el-primer-dia\/","og_site_name":"UNED Pamplona","article_published_time":"2024-06-11T12:15:23+00:00","article_modified_time":"2024-06-24T12:18:58+00:00","og_image":[{"width":1600,"height":1068,"url":"https:\/\/unedpamplona.es\/wp-content\/uploads\/2024\/06\/senior-7.jpeg","type":"image\/jpeg"}],"author":"room116","twitter_card":"summary_large_image","twitter_creator":"@unedpamplona","twitter_site":"@unedpamplona","twitter_misc":{"Written by":"room116","Est. reading time":"1 minute"},"schema":{"@context":"https:\/\/schema.org","@graph":[{"@type":"Article","@id":"https:\/\/unedpamplona.es\/eu\/casi-900-matriculas-de-uned-senior-en-el-primer-dia\/#article","isPartOf":{"@id":"https:\/\/unedpamplona.es\/eu\/casi-900-matriculas-de-uned-senior-en-el-primer-dia\/"},"author":{"name":"room116","@id":"https:\/\/unedpamplona.es\/eu\/#\/schema\/person\/2ab9beab35599470cd53757e726a9810"},"headline":"Casi 900 matr\u00edculas de UNED SENIOR en el primer d\u00eda","datePublished":"2024-06-11T12:15:23+00:00","dateModified":"2024-06-24T12:18:58+00:00","mainEntityOfPage":{"@id":"https:\/\/unedpamplona.es\/eu\/casi-900-matriculas-de-uned-senior-en-el-primer-dia\/"},"wordCount":195,"publisher":{"@id":"https:\/\/unedpamplona.es\/eu\/#organization"},"image":{"@id":"https:\/\/unedpamplona.es\/eu\/casi-900-matriculas-de-uned-senior-en-el-primer-dia\/#primaryimage"},"thumbnailUrl":"https:\/\/unedpamplona.es\/wp-content\/uploads\/2024\/06\/senior-7.jpeg","articleSection":["Actualidad"],"inLanguage":"eu-ES"},{"@type":"WebPage","@id":"https:\/\/unedpamplona.es\/eu\/casi-900-matriculas-de-uned-senior-en-el-primer-dia\/","url":"https:\/\/unedpamplona.es\/eu\/casi-900-matriculas-de-uned-senior-en-el-primer-dia\/","name":"Casi 900 matr\u00edculas de UNED SENIOR en el primer d\u00eda - UNED Pamplona","isPartOf":{"@id":"https:\/\/unedpamplona.es\/eu\/#website"},"primaryImageOfPage":{"@id":"https:\/\/unedpamplona.es\/eu\/casi-900-matriculas-de-uned-senior-en-el-primer-dia\/#primaryimage"},"image":{"@id":"https:\/\/unedpamplona.es\/eu\/casi-900-matriculas-de-uned-senior-en-el-primer-dia\/#primaryimage"},"thumbnailUrl":"https:\/\/unedpamplona.es\/wp-content\/uploads\/2024\/06\/senior-7.jpeg","datePublished":"2024-06-11T12:15:23+00:00","dateModified":"2024-06-24T12:18:58+00:00","inLanguage":"eu-ES","potentialAction":[{"@type":"ReadAction","target":["https:\/\/unedpamplona.es\/eu\/casi-900-matriculas-de-uned-senior-en-el-primer-dia\/"]}]},{"@type":"ImageObject","inLanguage":"eu-ES","@id":"https:\/\/unedpamplona.es\/eu\/casi-900-matriculas-de-uned-senior-en-el-primer-dia\/#primaryimage","url":"https:\/\/unedpamplona.es\/wp-content\/uploads\/2024\/06\/senior-7.jpeg","contentUrl":"https:\/\/unedpamplona.es\/wp-content\/uploads\/2024\/06\/senior-7.jpeg","width":1600,"height":1068,"caption":"Casi 900 matr\u00edculas de UNED SENIOR en el primer d\u00eda"},{"@type":"WebSite","@id":"https:\/\/unedpamplona.es\/eu\/#website","url":"https:\/\/unedpamplona.es\/eu\/","name":"UNED Pamplona","description":"","publisher":{"@id":"https:\/\/unedpamplona.es\/eu\/#organization"},"potentialAction":[{"@type":"SearchAction","target":{"@type":"EntryPoint","urlTemplate":"https:\/\/unedpamplona.es\/eu\/?s={search_term_string}"},"query-input":"required name=search_term_string"}],"inLanguage":"eu-ES"},{"@type":"Organization","@id":"https:\/\/unedpamplona.es\/eu\/#organization","name":"UNED Pamplona","url":"https:\/\/unedpamplona.es\/eu\/","logo":{"@type":"ImageObject","inLanguage":"eu-ES","@id":"https:\/\/unedpamplona.es\/eu\/#\/schema\/logo\/image\/","url":"https:\/\/unedpamplona.es\/wp-content\/uploads\/2024\/02\/uned_pamplona_logo.png","contentUrl":"https:\/\/unedpamplona.es\/wp-content\/uploads\/2024\/02\/uned_pamplona_logo.png","width":218,"height":104,"caption":"UNED Pamplona"},"image":{"@id":"https:\/\/unedpamplona.es\/eu\/#\/schema\/logo\/image\/"},"sameAs":["https:\/\/x.com\/unedpamplona","https:\/\/www.youtube.com\/channel\/UCR2jc6TbCMAPnbcA17Z0wwg","https:\/\/www.instagram.com\/unedpamplona\/"]},{"@type":"Person","@id":"https:\/\/unedpamplona.es\/eu\/#\/schema\/person\/2ab9beab35599470cd53757e726a9810","name":"room116","image":{"@type":"ImageObject","inLanguage":"eu-ES","@id":"https:\/\/unedpamplona.es\/eu\/#\/schema\/person\/image\/","url":"https:\/\/secure.gravatar.com\/avatar\/4081e23516e875d8e1fa4ed0171d6f96?s=96&d=mm&r=g","contentUrl":"https:\/\/secure.gravatar.com\/avatar\/4081e23516e875d8e1fa4ed0171d6f96?s=96&d=mm&r=g","caption":"room116"},"sameAs":["https:\/\/unedpamplona.es"],"url":"https:\/\/unedpamplona.es\/eu\/author\/room116\/"}]}},"_links":{"self":[{"href":"https:\/\/unedpamplona.es\/eu\/wp-json\/wp\/v2\/posts\/3075"}],"collection":[{"href":"https:\/\/unedpamplona.es\/eu\/wp-json\/wp\/v2\/posts"}],"about":[{"href":"https:\/\/unedpamplona.es\/eu\/wp-json\/wp\/v2\/types\/post"}],"author":[{"embeddable":true,"href":"https:\/\/unedpamplona.es\/eu\/wp-json\/wp\/v2\/users\/1"}],"replies":[{"embeddable":true,"href":"https:\/\/unedpamplona.es\/eu\/wp-json\/wp\/v2\/comments?post=3075"}],"version-history":[{"count":1,"href":"https:\/\/unedpamplona.es\/eu\/wp-json\/wp\/v2\/posts\/3075\/revisions"}],"predecessor-version":[{"id":3078,"href":"https:\/\/unedpamplona.es\/eu\/wp-json\/wp\/v2\/posts\/3075\/revisions\/3078"}],"wp:featuredmedia":[{"embeddable":true,"href":"https:\/\/unedpamplona.es\/eu\/wp-json\/wp\/v2\/media\/3077"}],"wp:attachment":[{"href":"https:\/\/unedpamplona.es\/eu\/wp-json\/wp\/v2\/media?parent=3075"}],"wp:term":[{"taxonomy":"category","embeddable":true,"href":"https:\/\/unedpamplona.es\/eu\/wp-json\/wp\/v2\/categories?post=3075"},{"taxonomy":"post_tag","embeddable":true,"href":"https:\/\/unedpamplona.es\/eu\/wp-json\/wp\/v2\/tags?post=3075"}],"curies":[{"name":"wp","href":"https:\/\/api.w.org\/{rel}","templated":true}]}}