{"id":3082,"date":"2024-06-12T14:22:55","date_gmt":"2024-06-12T12:22:55","guid":{"rendered":"https:\/\/unedpamplona.es\/?p=3082"},"modified":"2024-06-24T14:23:09","modified_gmt":"2024-06-24T12:23:09","slug":"celebracion-del-congreso-evaluacion-de-la-calidad-de-vida-en-la-practica-clinica","status":"publish","type":"post","link":"https:\/\/unedpamplona.es\/eu\/celebracion-del-congreso-evaluacion-de-la-calidad-de-vida-en-la-practica-clinica\/","title":{"rendered":"Celebraci\u00f3n del congreso \u201cEvaluaci\u00f3n de la Calidad de Vida en la pr\u00e1ctica cl\u00ednica"},"content":{"rendered":"<p>UNED Pamplona acoge ma\u00f1ana jueves, 13 de junio, en calidad de co-organzizadora, la V Jornada Cient\u00edfica BiblioPRO sobre el uso de los instrumentos de medici\u00f3n de Calidad de Vida y de los Resultados Percibidos en los Pacientes, conocidos como PRO-Patient Reported Outcomes.<\/p>\n<p>La Jornada ha sido organizada por el Comit\u00e9 Cient\u00edfico de BiblioPRO, el Hospital del Mar Research Institute, el CIBER en Epidemiolog\u00eda y Salud P\u00fablica (CIBERESP), el IDISNA (Instituto de Investigaci\u00f3n sanitaria de Navarra), el Departamento de Salud del Gobierno de Navarra y el Hospital Universitario de Navarra (HUN), junto con la Universidad Nacional de Educaci\u00f3n a Distancia (UNED) de Pamplona.<\/p>\n<p><strong>Participaci\u00f3n de profesionales y usuarios<\/strong><\/p>\n<p>La V Jornada estar\u00e1 presidida por el Dr. Juan Ignacio Arrar\u00e1s (profesior de la UNED de Pamplona), y contar\u00e1 con expertos internacionales en PROs y miembros de asociaciones de pacientes. El lema de esta jornada es \u201cEvaluaci\u00f3n de la Calidad de Vida en la pr\u00e1ctica cl\u00ednica\u201d.<\/p>\n<p>La conferencia principal estar\u00e1 a cargo del doctor Johannes Giesinger, de la University of Innsbruck y miembro de la European Organisation for Research and Treatment of Cancer (EORTC), que presentar\u00e1 su experiencia en la evaluaci\u00f3n de la calidad de vida en la pr\u00e1ctica cl\u00ednica (\u201cThe assessment of the Quality of Life in the Clinical Practice\u201d). Le acompa\u00f1ar\u00e1 Yolanda Pascual, de la Asociaci\u00f3n Espa\u00f1ola de C\u00e1ncer de Mama Metast\u00e1sico.<\/p>\n<p>El programa incluye un Panel Internacional sobre las novedades del grupo EuroQol, tanto en conjunto de valores (value sets) como en bienestar, en el que participar\u00e1n el Dr. Narc\u00eds Gusi (Universidad de Extremadura), el Dr. J.M. Ramos-Go\u00f1i (Maths in Health) y Pedro Carrascal (Plataforma de Organizaciones de Pacientes), presentando investigaciones sobre la medici\u00f3n del bienestar en enfermedades cr\u00f3nicas.<\/p>\n<p>Adem\u00e1s, tambi\u00e9n se contar\u00e1 con otro panel sobre experiencias de evaluaci\u00f3n mediante PROs en la pr\u00e1ctica cl\u00ednica diaria de diferentes patolog\u00edas: Dr. Lago Rodr\u00edguez del Hospital de Galdakao, la Dra. Luc\u00eda Teijeira, del Hospital Universitario de Navarra e Itziar Ceballos, de la Asociaci\u00f3n Vizca\u00edna de Familias y Personas con Enfermedad Mental (AVIFES).<\/p>\n<p>La programaci\u00f3n se complementar\u00e1 con sesiones cient\u00edficas sobre \u00e1reas espec\u00edficas y presentaci\u00f3n de p\u00f3steres con los \u00faltimos avances en cuanto a la medici\u00f3n de calidad de vida en enfermedades de creciente inter\u00e9s como oncolog\u00eda, salud mental y los trastornos cr\u00f3nicos. Esta jornada est\u00e1 acreditada por el Consejo Catal\u00e1n de Formaci\u00f3n Continuada de las Profesiones Sanitarias y la Comisi\u00f3n de Formaci\u00f3n Continuada del Sistema Nacional de Salud.<\/p>\n<p><strong><a href=\"https:\/\/unedpamplona.es\/wp-content\/uploads\/2024\/06\/programa_version_web_1.docx\" target=\"_blank\" rel=\"noopener\">PROGRAMA COMPLETO<\/a><\/strong><\/p>\n<p><strong>Sobre BiblioPro<\/strong><\/p>\n<p>BiblioPRO es la primera biblioteca virtual del mundo especializada instrumentos de calidad de vida relacionados con la salud, los PRO, en espa\u00f1ol, clasificados y documentados siguiendo una forma de clasificaci\u00f3n conceptual y rigurosa. Incluye tanto instrumentos dise\u00f1ados originalmente en castellano, como las adaptaciones culturales desarrolladas para Espa\u00f1a y Latinoam\u00e9rica, ya que la mayor\u00eda de estos instrumentos han sido desarrollados en pa\u00edses anglosajones. El uso adecuado de estos instrumentos es \u00fatil en situaciones muy diferentes y permite realizar tanto una mejor detecci\u00f3n como una mejor monitorizaci\u00f3n de los estados de salud evaluados.<\/p>\n<p>Esta biblioteca virtual est\u00e1 promovida por entidades p\u00fablicas (CIBERESP y el Hospital del Mar Research Institute), es de acceso libre y gratuito y dispone de toda la informaci\u00f3n b\u00e1sica (nombre del instrumento, tipo de medida, patolog\u00eda, poblaci\u00f3n, edad, contacto del autor original y de quien ha hecho la adaptaci\u00f3n) de m\u00e1s de 2.700 cuestionarios. Su objetivo es promover un uso adecuado en investigaci\u00f3n proporcionando informaci\u00f3n exhaustiva online, evaluaciones basadas en la evidencia y formaci\u00f3n espec\u00edfica en esta \u00e1rea. Adem\u00e1s, BiblioPRO pretende identificar el mayor n\u00famero de instrumentos existentes para evaluar resultados de salud, facilitando la selecci\u00f3n del cuestionario m\u00e1s adecuado mediante metodolog\u00eda cient\u00edfica, garantizando siempre los derechos de la propiedad intelectual y todos los requisitos legales. Actualmente cuenta con m\u00e1s de 31.000 usuarios registrados y una media de 73.000 visitas al a\u00f1o.<\/p>\n","protected":false},"excerpt":{"rendered":"<p>UNED Pamplona acoge ma\u00f1ana jueves, 13 de junio, en calidad de co-organzizadora, la V Jornada Cient\u00edfica BiblioPRO sobre el uso de los instrumentos de medici\u00f3n de Calidad de Vida y de los Resultados Percibidos en los Pacientes, conocidos como PRO-Patient Reported Outcomes. La Jornada ha sido organizada por el Comit\u00e9 Cient\u00edfico de BiblioPRO, el Hospital [&hellip;]<\/p>\n","protected":false},"author":1,"featured_media":3084,"comment_status":"closed","ping_status":"closed","sticky":false,"template":"","format":"standard","meta":{"footnotes":""},"categories":[11],"tags":[],"yoast_head":"<!-- This site is optimized with the Yoast SEO plugin v22.5 - https:\/\/yoast.com\/wordpress\/plugins\/seo\/ -->\n<title>Celebraci\u00f3n del congreso \u201cEvaluaci\u00f3n de la Calidad de Vida en la pr\u00e1ctica cl\u00ednica - UNED Pamplona<\/title>\n<meta name=\"robots\" content=\"index, follow, max-snippet:-1, max-image-preview:large, max-video-preview:-1\" \/>\n<link rel=\"canonical\" href=\"https:\/\/unedpamplona.es\/eu\/celebracion-del-congreso-evaluacion-de-la-calidad-de-vida-en-la-practica-clinica\/\" \/>\n<meta property=\"og:locale\" content=\"eu_ES\" \/>\n<meta property=\"og:type\" content=\"article\" \/>\n<meta property=\"og:title\" content=\"Celebraci\u00f3n del congreso \u201cEvaluaci\u00f3n de la Calidad de Vida en la pr\u00e1ctica cl\u00ednica - UNED Pamplona\" \/>\n<meta property=\"og:description\" content=\"UNED Pamplona acoge ma\u00f1ana jueves, 13 de junio, en calidad de co-organzizadora, la V Jornada Cient\u00edfica BiblioPRO sobre el uso de los instrumentos de medici\u00f3n de Calidad de Vida y de los Resultados Percibidos en los Pacientes, conocidos como PRO-Patient Reported Outcomes. La Jornada ha sido organizada por el Comit\u00e9 Cient\u00edfico de BiblioPRO, el Hospital [&hellip;]\" \/>\n<meta property=\"og:url\" content=\"https:\/\/unedpamplona.es\/eu\/celebracion-del-congreso-evaluacion-de-la-calidad-de-vida-en-la-practica-clinica\/\" \/>\n<meta property=\"og:site_name\" content=\"UNED Pamplona\" \/>\n<meta property=\"article:published_time\" content=\"2024-06-12T12:22:55+00:00\" \/>\n<meta property=\"article:modified_time\" content=\"2024-06-24T12:23:09+00:00\" \/>\n<meta property=\"og:image\" content=\"https:\/\/unedpamplona.es\/wp-content\/uploads\/2024\/06\/nina-enferma.jpg\" \/>\n\t<meta property=\"og:image:width\" content=\"1688\" \/>\n\t<meta property=\"og:image:height\" content=\"1126\" \/>\n\t<meta property=\"og:image:type\" content=\"image\/jpeg\" \/>\n<meta name=\"author\" content=\"room116\" \/>\n<meta name=\"twitter:card\" content=\"summary_large_image\" \/>\n<meta name=\"twitter:creator\" content=\"@unedpamplona\" \/>\n<meta name=\"twitter:site\" content=\"@unedpamplona\" \/>\n<meta name=\"twitter:label1\" content=\"Written by\" \/>\n\t<meta name=\"twitter:data1\" content=\"room116\" \/>\n\t<meta name=\"twitter:label2\" content=\"Est. reading time\" \/>\n\t<meta name=\"twitter:data2\" content=\"4 minutes\" \/>\n<script type=\"application\/ld+json\" class=\"yoast-schema-graph\">{\"@context\":\"https:\/\/schema.org\",\"@graph\":[{\"@type\":\"Article\",\"@id\":\"https:\/\/unedpamplona.es\/eu\/celebracion-del-congreso-evaluacion-de-la-calidad-de-vida-en-la-practica-clinica\/#article\",\"isPartOf\":{\"@id\":\"https:\/\/unedpamplona.es\/eu\/celebracion-del-congreso-evaluacion-de-la-calidad-de-vida-en-la-practica-clinica\/\"},\"author\":{\"name\":\"room116\",\"@id\":\"https:\/\/unedpamplona.es\/eu\/#\/schema\/person\/2ab9beab35599470cd53757e726a9810\"},\"headline\":\"Celebraci\u00f3n del congreso \u201cEvaluaci\u00f3n de la Calidad de Vida en la pr\u00e1ctica cl\u00ednica\",\"datePublished\":\"2024-06-12T12:22:55+00:00\",\"dateModified\":\"2024-06-24T12:23:09+00:00\",\"mainEntityOfPage\":{\"@id\":\"https:\/\/unedpamplona.es\/eu\/celebracion-del-congreso-evaluacion-de-la-calidad-de-vida-en-la-practica-clinica\/\"},\"wordCount\":715,\"publisher\":{\"@id\":\"https:\/\/unedpamplona.es\/eu\/#organization\"},\"image\":{\"@id\":\"https:\/\/unedpamplona.es\/eu\/celebracion-del-congreso-evaluacion-de-la-calidad-de-vida-en-la-practica-clinica\/#primaryimage\"},\"thumbnailUrl\":\"https:\/\/unedpamplona.es\/wp-content\/uploads\/2024\/06\/nina-enferma.jpg\",\"articleSection\":[\"Actualidad\"],\"inLanguage\":\"eu-ES\"},{\"@type\":\"WebPage\",\"@id\":\"https:\/\/unedpamplona.es\/eu\/celebracion-del-congreso-evaluacion-de-la-calidad-de-vida-en-la-practica-clinica\/\",\"url\":\"https:\/\/unedpamplona.es\/eu\/celebracion-del-congreso-evaluacion-de-la-calidad-de-vida-en-la-practica-clinica\/\",\"name\":\"Celebraci\u00f3n del congreso \u201cEvaluaci\u00f3n de la Calidad de Vida en la pr\u00e1ctica cl\u00ednica - UNED Pamplona\",\"isPartOf\":{\"@id\":\"https:\/\/unedpamplona.es\/eu\/#website\"},\"primaryImageOfPage\":{\"@id\":\"https:\/\/unedpamplona.es\/eu\/celebracion-del-congreso-evaluacion-de-la-calidad-de-vida-en-la-practica-clinica\/#primaryimage\"},\"image\":{\"@id\":\"https:\/\/unedpamplona.es\/eu\/celebracion-del-congreso-evaluacion-de-la-calidad-de-vida-en-la-practica-clinica\/#primaryimage\"},\"thumbnailUrl\":\"https:\/\/unedpamplona.es\/wp-content\/uploads\/2024\/06\/nina-enferma.jpg\",\"datePublished\":\"2024-06-12T12:22:55+00:00\",\"dateModified\":\"2024-06-24T12:23:09+00:00\",\"inLanguage\":\"eu-ES\",\"potentialAction\":[{\"@type\":\"ReadAction\",\"target\":[\"https:\/\/unedpamplona.es\/eu\/celebracion-del-congreso-evaluacion-de-la-calidad-de-vida-en-la-practica-clinica\/\"]}]},{\"@type\":\"ImageObject\",\"inLanguage\":\"eu-ES\",\"@id\":\"https:\/\/unedpamplona.es\/eu\/celebracion-del-congreso-evaluacion-de-la-calidad-de-vida-en-la-practica-clinica\/#primaryimage\",\"url\":\"https:\/\/unedpamplona.es\/wp-content\/uploads\/2024\/06\/nina-enferma.jpg\",\"contentUrl\":\"https:\/\/unedpamplona.es\/wp-content\/uploads\/2024\/06\/nina-enferma.jpg\",\"width\":1688,\"height\":1126,\"caption\":\"Celebraci\u00f3n del congreso \u201cEvaluaci\u00f3n de la Calidad de Vida en la pr\u00e1ctica cl\u00ednica\"},{\"@type\":\"WebSite\",\"@id\":\"https:\/\/unedpamplona.es\/eu\/#website\",\"url\":\"https:\/\/unedpamplona.es\/eu\/\",\"name\":\"UNED Pamplona\",\"description\":\"\",\"publisher\":{\"@id\":\"https:\/\/unedpamplona.es\/eu\/#organization\"},\"potentialAction\":[{\"@type\":\"SearchAction\",\"target\":{\"@type\":\"EntryPoint\",\"urlTemplate\":\"https:\/\/unedpamplona.es\/eu\/?s={search_term_string}\"},\"query-input\":\"required name=search_term_string\"}],\"inLanguage\":\"eu-ES\"},{\"@type\":\"Organization\",\"@id\":\"https:\/\/unedpamplona.es\/eu\/#organization\",\"name\":\"UNED Pamplona\",\"url\":\"https:\/\/unedpamplona.es\/eu\/\",\"logo\":{\"@type\":\"ImageObject\",\"inLanguage\":\"eu-ES\",\"@id\":\"https:\/\/unedpamplona.es\/eu\/#\/schema\/logo\/image\/\",\"url\":\"https:\/\/unedpamplona.es\/wp-content\/uploads\/2024\/02\/uned_pamplona_logo.png\",\"contentUrl\":\"https:\/\/unedpamplona.es\/wp-content\/uploads\/2024\/02\/uned_pamplona_logo.png\",\"width\":218,\"height\":104,\"caption\":\"UNED Pamplona\"},\"image\":{\"@id\":\"https:\/\/unedpamplona.es\/eu\/#\/schema\/logo\/image\/\"},\"sameAs\":[\"https:\/\/x.com\/unedpamplona\",\"https:\/\/www.youtube.com\/channel\/UCR2jc6TbCMAPnbcA17Z0wwg\",\"https:\/\/www.instagram.com\/unedpamplona\/\"]},{\"@type\":\"Person\",\"@id\":\"https:\/\/unedpamplona.es\/eu\/#\/schema\/person\/2ab9beab35599470cd53757e726a9810\",\"name\":\"room116\",\"image\":{\"@type\":\"ImageObject\",\"inLanguage\":\"eu-ES\",\"@id\":\"https:\/\/unedpamplona.es\/eu\/#\/schema\/person\/image\/\",\"url\":\"https:\/\/secure.gravatar.com\/avatar\/4081e23516e875d8e1fa4ed0171d6f96?s=96&d=mm&r=g\",\"contentUrl\":\"https:\/\/secure.gravatar.com\/avatar\/4081e23516e875d8e1fa4ed0171d6f96?s=96&d=mm&r=g\",\"caption\":\"room116\"},\"sameAs\":[\"https:\/\/unedpamplona.es\"],\"url\":\"https:\/\/unedpamplona.es\/eu\/author\/room116\/\"}]}<\/script>\n<!-- \/ Yoast SEO plugin. -->","yoast_head_json":{"title":"Celebraci\u00f3n del congreso \u201cEvaluaci\u00f3n de la Calidad de Vida en la pr\u00e1ctica cl\u00ednica - UNED Pamplona","robots":{"index":"index","follow":"follow","max-snippet":"max-snippet:-1","max-image-preview":"max-image-preview:large","max-video-preview":"max-video-preview:-1"},"canonical":"https:\/\/unedpamplona.es\/eu\/celebracion-del-congreso-evaluacion-de-la-calidad-de-vida-en-la-practica-clinica\/","og_locale":"eu_ES","og_type":"article","og_title":"Celebraci\u00f3n del congreso \u201cEvaluaci\u00f3n de la Calidad de Vida en la pr\u00e1ctica cl\u00ednica - UNED Pamplona","og_description":"UNED Pamplona acoge ma\u00f1ana jueves, 13 de junio, en calidad de co-organzizadora, la V Jornada Cient\u00edfica BiblioPRO sobre el uso de los instrumentos de medici\u00f3n de Calidad de Vida y de los Resultados Percibidos en los Pacientes, conocidos como PRO-Patient Reported Outcomes. La Jornada ha sido organizada por el Comit\u00e9 Cient\u00edfico de BiblioPRO, el Hospital [&hellip;]","og_url":"https:\/\/unedpamplona.es\/eu\/celebracion-del-congreso-evaluacion-de-la-calidad-de-vida-en-la-practica-clinica\/","og_site_name":"UNED Pamplona","article_published_time":"2024-06-12T12:22:55+00:00","article_modified_time":"2024-06-24T12:23:09+00:00","og_image":[{"width":1688,"height":1126,"url":"https:\/\/unedpamplona.es\/wp-content\/uploads\/2024\/06\/nina-enferma.jpg","type":"image\/jpeg"}],"author":"room116","twitter_card":"summary_large_image","twitter_creator":"@unedpamplona","twitter_site":"@unedpamplona","twitter_misc":{"Written by":"room116","Est. reading time":"4 minutes"},"schema":{"@context":"https:\/\/schema.org","@graph":[{"@type":"Article","@id":"https:\/\/unedpamplona.es\/eu\/celebracion-del-congreso-evaluacion-de-la-calidad-de-vida-en-la-practica-clinica\/#article","isPartOf":{"@id":"https:\/\/unedpamplona.es\/eu\/celebracion-del-congreso-evaluacion-de-la-calidad-de-vida-en-la-practica-clinica\/"},"author":{"name":"room116","@id":"https:\/\/unedpamplona.es\/eu\/#\/schema\/person\/2ab9beab35599470cd53757e726a9810"},"headline":"Celebraci\u00f3n del congreso \u201cEvaluaci\u00f3n de la Calidad de Vida en la pr\u00e1ctica cl\u00ednica","datePublished":"2024-06-12T12:22:55+00:00","dateModified":"2024-06-24T12:23:09+00:00","mainEntityOfPage":{"@id":"https:\/\/unedpamplona.es\/eu\/celebracion-del-congreso-evaluacion-de-la-calidad-de-vida-en-la-practica-clinica\/"},"wordCount":715,"publisher":{"@id":"https:\/\/unedpamplona.es\/eu\/#organization"},"image":{"@id":"https:\/\/unedpamplona.es\/eu\/celebracion-del-congreso-evaluacion-de-la-calidad-de-vida-en-la-practica-clinica\/#primaryimage"},"thumbnailUrl":"https:\/\/unedpamplona.es\/wp-content\/uploads\/2024\/06\/nina-enferma.jpg","articleSection":["Actualidad"],"inLanguage":"eu-ES"},{"@type":"WebPage","@id":"https:\/\/unedpamplona.es\/eu\/celebracion-del-congreso-evaluacion-de-la-calidad-de-vida-en-la-practica-clinica\/","url":"https:\/\/unedpamplona.es\/eu\/celebracion-del-congreso-evaluacion-de-la-calidad-de-vida-en-la-practica-clinica\/","name":"Celebraci\u00f3n del congreso \u201cEvaluaci\u00f3n de la Calidad de Vida en la pr\u00e1ctica cl\u00ednica - UNED Pamplona","isPartOf":{"@id":"https:\/\/unedpamplona.es\/eu\/#website"},"primaryImageOfPage":{"@id":"https:\/\/unedpamplona.es\/eu\/celebracion-del-congreso-evaluacion-de-la-calidad-de-vida-en-la-practica-clinica\/#primaryimage"},"image":{"@id":"https:\/\/unedpamplona.es\/eu\/celebracion-del-congreso-evaluacion-de-la-calidad-de-vida-en-la-practica-clinica\/#primaryimage"},"thumbnailUrl":"https:\/\/unedpamplona.es\/wp-content\/uploads\/2024\/06\/nina-enferma.jpg","datePublished":"2024-06-12T12:22:55+00:00","dateModified":"2024-06-24T12:23:09+00:00","inLanguage":"eu-ES","potentialAction":[{"@type":"ReadAction","target":["https:\/\/unedpamplona.es\/eu\/celebracion-del-congreso-evaluacion-de-la-calidad-de-vida-en-la-practica-clinica\/"]}]},{"@type":"ImageObject","inLanguage":"eu-ES","@id":"https:\/\/unedpamplona.es\/eu\/celebracion-del-congreso-evaluacion-de-la-calidad-de-vida-en-la-practica-clinica\/#primaryimage","url":"https:\/\/unedpamplona.es\/wp-content\/uploads\/2024\/06\/nina-enferma.jpg","contentUrl":"https:\/\/unedpamplona.es\/wp-content\/uploads\/2024\/06\/nina-enferma.jpg","width":1688,"height":1126,"caption":"Celebraci\u00f3n del congreso \u201cEvaluaci\u00f3n de la Calidad de Vida en la pr\u00e1ctica cl\u00ednica"},{"@type":"WebSite","@id":"https:\/\/unedpamplona.es\/eu\/#website","url":"https:\/\/unedpamplona.es\/eu\/","name":"UNED Pamplona","description":"","publisher":{"@id":"https:\/\/unedpamplona.es\/eu\/#organization"},"potentialAction":[{"@type":"SearchAction","target":{"@type":"EntryPoint","urlTemplate":"https:\/\/unedpamplona.es\/eu\/?s={search_term_string}"},"query-input":"required name=search_term_string"}],"inLanguage":"eu-ES"},{"@type":"Organization","@id":"https:\/\/unedpamplona.es\/eu\/#organization","name":"UNED Pamplona","url":"https:\/\/unedpamplona.es\/eu\/","logo":{"@type":"ImageObject","inLanguage":"eu-ES","@id":"https:\/\/unedpamplona.es\/eu\/#\/schema\/logo\/image\/","url":"https:\/\/unedpamplona.es\/wp-content\/uploads\/2024\/02\/uned_pamplona_logo.png","contentUrl":"https:\/\/unedpamplona.es\/wp-content\/uploads\/2024\/02\/uned_pamplona_logo.png","width":218,"height":104,"caption":"UNED Pamplona"},"image":{"@id":"https:\/\/unedpamplona.es\/eu\/#\/schema\/logo\/image\/"},"sameAs":["https:\/\/x.com\/unedpamplona","https:\/\/www.youtube.com\/channel\/UCR2jc6TbCMAPnbcA17Z0wwg","https:\/\/www.instagram.com\/unedpamplona\/"]},{"@type":"Person","@id":"https:\/\/unedpamplona.es\/eu\/#\/schema\/person\/2ab9beab35599470cd53757e726a9810","name":"room116","image":{"@type":"ImageObject","inLanguage":"eu-ES","@id":"https:\/\/unedpamplona.es\/eu\/#\/schema\/person\/image\/","url":"https:\/\/secure.gravatar.com\/avatar\/4081e23516e875d8e1fa4ed0171d6f96?s=96&d=mm&r=g","contentUrl":"https:\/\/secure.gravatar.com\/avatar\/4081e23516e875d8e1fa4ed0171d6f96?s=96&d=mm&r=g","caption":"room116"},"sameAs":["https:\/\/unedpamplona.es"],"url":"https:\/\/unedpamplona.es\/eu\/author\/room116\/"}]}},"_links":{"self":[{"href":"https:\/\/unedpamplona.es\/eu\/wp-json\/wp\/v2\/posts\/3082"}],"collection":[{"href":"https:\/\/unedpamplona.es\/eu\/wp-json\/wp\/v2\/posts"}],"about":[{"href":"https:\/\/unedpamplona.es\/eu\/wp-json\/wp\/v2\/types\/post"}],"author":[{"embeddable":true,"href":"https:\/\/unedpamplona.es\/eu\/wp-json\/wp\/v2\/users\/1"}],"replies":[{"embeddable":true,"href":"https:\/\/unedpamplona.es\/eu\/wp-json\/wp\/v2\/comments?post=3082"}],"version-history":[{"count":1,"href":"https:\/\/unedpamplona.es\/eu\/wp-json\/wp\/v2\/posts\/3082\/revisions"}],"predecessor-version":[{"id":3085,"href":"https:\/\/unedpamplona.es\/eu\/wp-json\/wp\/v2\/posts\/3082\/revisions\/3085"}],"wp:featuredmedia":[{"embeddable":true,"href":"https:\/\/unedpamplona.es\/eu\/wp-json\/wp\/v2\/media\/3084"}],"wp:attachment":[{"href":"https:\/\/unedpamplona.es\/eu\/wp-json\/wp\/v2\/media?parent=3082"}],"wp:term":[{"taxonomy":"category","embeddable":true,"href":"https:\/\/unedpamplona.es\/eu\/wp-json\/wp\/v2\/categories?post=3082"},{"taxonomy":"post_tag","embeddable":true,"href":"https:\/\/unedpamplona.es\/eu\/wp-json\/wp\/v2\/tags?post=3082"}],"curies":[{"name":"wp","href":"https:\/\/api.w.org\/{rel}","templated":true}]}}