{"id":3120,"date":"2024-05-23T15:05:41","date_gmt":"2024-05-23T13:05:41","guid":{"rendered":"https:\/\/unedpamplona.es\/?p=3120"},"modified":"2024-06-24T15:07:39","modified_gmt":"2024-06-24T13:07:39","slug":"presentados-en-uned-pamplona-los-cursos-de-verano-de-las-universidades-navarras","status":"publish","type":"post","link":"https:\/\/unedpamplona.es\/eu\/presentados-en-uned-pamplona-los-cursos-de-verano-de-las-universidades-navarras\/","title":{"rendered":"Presentados en UNED Pamplona los Cursos de verano de las universidades navarras"},"content":{"rendered":"<p>La consejera de Universidad, Innovaci\u00f3n y Transformaci\u00f3n Digital, Patricia Fanlo, ha presentado esta ma\u00f1ana en una rueda de prensa celebrada en el centro de UNED Pamplona la 24 edici\u00f3n de los Cursos de verano de las universidades navarras. Junto a la consejera, han participado la directora del centro de UNED Pamplona, Teresa Im\u00edzcoz; la vicerrectora de Proyecci\u00f3n Universitaria, Cultura y Divulgaci\u00f3n de la Universidad P\u00fablica de Navarra (UPNA), Bego\u00f1a P\u00e9rez; la vicerrectora de Estudiantes de la Universidad de Navarra, Rosal\u00eda Baena; y el subdirector de UNED Tudela, Jos\u00e9 Manuel Ortega.<\/p>\n<p>El Departamento de Universidad, Innovaci\u00f3n y Transformaci\u00f3n Digital del Gobierno de Navarra ha destinado este a\u00f1o 100.000 euros para financiar los 43 nuevos cursos de verano de las universidades navarras con el fin de que cada centro universitario con presencia en la Comunidad Foral contribuya, mediante el desarrollo de estas actividades, a la divulgaci\u00f3n del conocimiento entre la sociedad navarra.\u00a0Fanlo ha destacado que\u00a0<em>\u201cesta nueva oferta responde tanto a los intereses de la ciudadan\u00eda navarra como al compromiso de las personas dedicadas a la investigaci\u00f3n y la docencia, proporcionando contenidos diversos, actuales y gratuitos con un formato accesible y rigor acad\u00e9mico\u201d.\u00a0<\/em><\/p>\n<p>En cuanto a la tem\u00e1tica, los cursos de esta edici\u00f3n cubrir\u00e1n una amplia gama de \u00e1reas, desde la ecolog\u00eda y la educaci\u00f3n hasta la salud mental y la inclusi\u00f3n social. Adem\u00e1s, el n\u00famero de charlas relacionadas con la Inteligencia Artificial (IA) ha aumentado hasta un total de 7, lo que, en palabras de la consejera, es \u201cu<em>na muestra de la importancia y curiosidad que causa la IA en todos los \u00e1mbitos de la sociedad, as\u00ed como la necesidad de comprender tanto sus beneficios como sus desaf\u00edos \u00e9ticos\u201d.<\/em><\/p>\n<p><strong>Lecci\u00f3n inaugural &#8220;La soledad no deseada&#8221;, con Txetxu Aus\u00edn<\/strong><\/p>\n<p>La edici\u00f3n de este a\u00f1o dar\u00e1 comienzo con la lecci\u00f3n inaugural, a cargo de UNED Pamplona, que ser\u00e1 impartida por\u00a0el profesor Txetxu Aus\u00edn, investigador cient\u00edfico y director del Instituto de Filosof\u00eda del CSIC. La conferencia lleva por t\u00edtulo &#8220;La soledad no deseada&#8221; y se celebrar\u00e1\u00a0el pr\u00f3ximo<strong>\u00a027 de mayo, a las 19 horas, en Civivox Condestable.<\/strong><\/p>\n<p><b>En UNED Pamplona, 12 cursos\u00a0<\/b><\/p>\n<p>Teresa Im\u00edzcoz, directora de UNED Pamplona, se\u00f1al\u00f3 que este a\u00f1o desde el Centro se han organizado 12 cursos, 11 en Pamplona y uno en Estella, que se celebrar\u00e1n el 1 de junio y del 9 al 27 de septiembre. Los cursos abordar\u00e1n diferentes temas como la salud mental, la inteligencia artificial, la violencia de g\u00e9nero, la actualidad social, la infancia y adolescencia, las ciudades cansadas, la forma de consumir o\u00a0el Camino de Santiago, entre otros.<\/p>\n<p>La matr\u00edcula est\u00e1 abierta y se\u00a0realiza on line en<a href=\"https:\/\/extension.uned.es\/indice&amp;idcentro=8&amp;periodo=Abiertas&amp;tipologia_curso=&amp;areas=&amp;modalidad=&amp;creditos=&amp;fechaDesde=&amp;fechaHasta=&amp;modalidad=&amp;tipologia_curso=Ordinario&amp;pagina=1\">\u00a0www.unedpamplona.es\/matricula<\/a>\u00a0<em>(Seleccionar en Categor\u00eda:\u00a0<strong>Todos<\/strong>)<\/em><\/p>\n<p><a href=\"http:\/\/twitter.com\/i\/status\/1790472593524367576\">V\u00cdDEO DE LA PRESENTACI\u00d3N DE LOS\u00a0<\/a><a href=\"http:\/\/twitter.com\/i\/status\/1790472593524367576\"><span style=\"font-family: arial, helvetica, sans-serif;\"><b>CURSOS<\/b><\/span>\u00a0<\/a><\/p>\n<p>&nbsp;<\/p>\n<p><u><strong>CURSOS DE VERANO 2024<\/strong><\/u><\/p>\n<p>UNED Pamplona ha organizado este a\u00f1o 12\u00a0Cursos de Verano que se celebrar\u00e1n el 1 de junio y del 9 al 27 de septiembre. La matr\u00edcula est\u00e1 abierta y se\u00a0realiza on line en\u00a0<strong><a href=\"http:\/\/www.unedpamplona.es\/matricula\">www.unedpamplona.es\/matricula<\/a>\u00a0<\/strong><em>(Seleccionar en Categor\u00eda:\u00a0<strong>Todos<\/strong>)<\/em><\/p>\n<p>&nbsp;<\/p>\n<p><a href=\"https:\/\/extension.uned.es\/actividad\/idactividad\/37429\"><strong>LOS AMIGOS DEL CAMINO DE SANTIAGO Y LA SEMANA DE ESTUDIOS MEDIEVALES DE ESTELLA: una relaci\u00f3n fecunda<\/strong><\/a><\/p>\n<p>1 de junio de 2024<\/p>\n<p>Lugar: Sal\u00f3n de actos de la Mancomunidad de Montejurra (Calle Bell-viste, 2. Estella.)<\/p>\n<p>Direcci\u00f3n: Dr. Rom\u00e1n Felones. Historiador y profesor. Vicepresidente de la junta de la Asociaci\u00f3n de Amigos del Camino de Santiago de Estella \u2013 Lizarra<\/p>\n<p><a href=\"https:\/\/extension.uned.es\/actividad\/idactividad\/37429\"><strong>Matr\u00edcula<\/strong><\/a><\/p>\n<p>&nbsp;<\/p>\n<p><a href=\"https:\/\/extension.uned.es\/actividad\/idactividad\/37459\"><strong>CONDUCTA SUICIDA, SALUD MENTAL Y VIDA EN NAVARRA<\/strong><\/a><\/p>\n<p>9 y 10 de septiembre de 2024<\/p>\n<p>Lugar: Centro Asociado de la UNED en Pamplona.<\/p>\n<p>Direcci\u00f3n: Dra. Olatz Ormaetxea Ruiz. Profesora-tutora del Departamento de Psicolog\u00eda en UNED Pamplona. AVAPSI Pamplona. Centro de Psicoterapia y Estudio de la Familia \u2013 Navarra.<\/p>\n<p><strong><a href=\"https:\/\/extension.uned.es\/actividad\/idactividad\/37459\">Matr\u00edcula<\/a><\/strong><\/p>\n<p>&nbsp;<\/p>\n<p><a href=\"https:\/\/extension.uned.es\/actividad\/idactividad\/37463\"><strong>APUNTES SOBRE LA CIUDAD CANSADA Y APORTES PARA UNA CIUDAD DES-CANSADA<\/strong><\/a><\/p>\n<p>11 y 12 de septiembre de 2024<\/p>\n<p>Lugar: Centro Asociado de la UNED en Pamplona.<\/p>\n<p>Direcci\u00f3n: Dr. Ion Mart\u00ednez Lorea. Profesor-tutor del Departamento de Sociolog\u00eda en UNED Pamplona. Universidad P\u00fablica de Navarra.<\/p>\n<p><strong><a href=\"https:\/\/extension.uned.es\/actividad\/idactividad\/37463\">Matr\u00edcula\u00a0<\/a><\/strong><\/p>\n<p>&nbsp;<\/p>\n<p><a href=\"https:\/\/extension.uned.es\/actividad\/idactividad\/37469\"><strong>DEMOCRACIA EN LA ERA DE LA INTELIGENCIA ARTIFICIAL: Examen acerca de la pol\u00edtica de la tecnolog\u00eda<\/strong><\/a><\/p>\n<p>12 y 13 de septiembre de 2024<\/p>\n<p>Lugar: \u00a0Centro Asociado de la UNED en Pamplona.<\/p>\n<p><a href=\"https:\/\/extension.uned.es\/actividad\/idactividad\/37469\"><strong>Matr\u00edcula<\/strong><\/a><\/p>\n<p>&nbsp;<\/p>\n<p><a href=\"https:\/\/extension.uned.es\/actividad\/idactividad\/37489\"><strong>\u00bfSABEMOS C\u00d3MO CONSUMIMOS? Los derechos de las personas consumidoras y usuarias en su 40\u00ba: pasado, presente y futuro en una constante defensa de la parte contractual m\u00e1s d\u00e9bil<\/strong><\/a><\/p>\n<p>13 de septiembre de 2024<\/p>\n<p>Lugar: Centro Asociado de la UNED en Pamplona.<\/p>\n<p>Direcci\u00f3n: Dr. Rafael Lara Gonz\u00e1lez. Catedr\u00e1tico de Derecho Mercantil. Profesor-tutor del Departamento de Derecho en UNED Pamplona. Universidad P\u00fablica de Navarra.<\/p>\n<p><a href=\"https:\/\/extension.uned.es\/actividad\/idactividad\/37489\"><strong>Matr\u00edcula<\/strong><\/a><\/p>\n<p>&nbsp;<\/p>\n<p><a href=\"https:\/\/extension.uned.es\/actividad\/idactividad\/37539\"><strong>USO DE LA INTELIGENCIA ARTIFICIAL EN LA INTERVENCI\u00d3N SOCIO-EDUCATIVA Y APLICACIONES PR\u00c1CTICAS<\/strong><\/a><\/p>\n<p>16, 17 y 18 de septiembre de 2024<\/p>\n<p>Lugar: \u00a0Centro Asociado de la UNED en Pamplona.<\/p>\n<p>Direcci\u00f3n: Fundaci\u00f3n Iludain \u2013 Haritz Berri<\/p>\n<p><a href=\"https:\/\/extension.uned.es\/actividad\/idactividad\/37539\"><strong>Matr\u00edcula<\/strong><\/a><\/p>\n<p>&nbsp;<\/p>\n<p><a href=\"https:\/\/extension.uned.es\/actividad\/idactividad\/37259\"><strong>CULTOS PERSONALES, HEROICOS Y DIN\u00c1STICOS EN LA ANTIG\u00dcEDAD MEDITERR\u00c1NEA<\/strong><\/a><\/p>\n<p>17, 18 y 19 de septiembre de 2024<\/p>\n<p>Lugar: Centro Asociado de la UNED en Pamplona.<\/p>\n<p>Direcci\u00f3n: Dr. Francisco Javier Andreu Pintado. Catedr\u00e1tico de Historia Antigua. Profesor-tutor del Departamento de Historia en UNED Pamplona. Universidad de Navarra.<\/p>\n<p><a href=\"https:\/\/extension.uned.es\/actividad\/idactividad\/37259\"><strong>Matr\u00edcula\u00a0<\/strong><\/a><\/p>\n<p>&nbsp;<\/p>\n<p><a href=\"https:\/\/extension.uned.es\/actividad\/idactividad\/37589\"><strong>CAMINO DE SANTIAGO. UN PAISAJE NATURAL, CULTURAL Y MONUMENTAL<\/strong><\/a><\/p>\n<p>19 y 20 de septiembre de 2024<\/p>\n<p>Lugar: Centro Asociado de la UNED en Pamplona.<\/p>\n<p>Direcci\u00f3n: Dra. Carmen Jusu\u00e9 Simonena. Doctora en Historia. Universidad de Navarra.<\/p>\n<p><a href=\"https:\/\/extension.uned.es\/actividad\/idactividad\/37589\"><strong>Matr\u00edcula<\/strong><\/a><\/p>\n<p>&nbsp;<\/p>\n<p><a href=\"https:\/\/extension.uned.es\/actividad\/idactividad\/37249\"><strong>LA LEY INTEGRAL CONTRA LA VIOLENCIA DE G\u00c9NERO: balance y desaf\u00edos 20 a\u00f1os despu\u00e9s de su entrada en vigor<\/strong><\/a><\/p>\n<p>23, 24 y 25 de septiembre de 2024<\/p>\n<p>Lugar: Centro Asociado de la UNED en Pamplona.<\/p>\n<p>Direcci\u00f3n: Dra. Leticia Jeric\u00f3 Ojer. Profesora-tutora del Departamento de Derecho en UNED Pamplona. Universidad P\u00fablica de Navarra.<\/p>\n<p><a href=\"https:\/\/extension.uned.es\/actividad\/idactividad\/37249\"><strong>Matr\u00edcula\u00a0<\/strong><\/a><\/p>\n<p>&nbsp;<\/p>\n<p><a href=\"https:\/\/extension.uned.es\/actividad\/idactividad\/37549\"><strong>DELINCUENCIA JUVENIL Y RESPONSABILIDAD PENAL DEL MENOR: 25 a\u00f1os de la Ley Org\u00e1nica 5\/2000, de 12 de enero, reguladora de la responsabilidad penal de los menores<\/strong><\/a><\/p>\n<p>24, 25 y 26 de septiembre de 2024<\/p>\n<p>Lugar. Centro Asociado de la UNED en Pamplona.<\/p>\n<p>Direcci\u00f3n: Dra. Nahikari S\u00e1nchez-Herrero. Profesora-tutora del Departamento de Criminolog\u00eda en UNED Pamplona. Universidad Miguel Hern\u00e1ndez. Asociaci\u00f3n Profesional de Crimin\u00f3logos de Navarra.<\/p>\n<p><a href=\"https:\/\/extension.uned.es\/actividad\/idactividad\/37549\"><strong>Matr\u00edcula\u00a0<\/strong><\/a><\/p>\n<p>&nbsp;<\/p>\n<p><a href=\"https:\/\/extension.uned.es\/actividad\/idactividad\/37545\"><strong>INFANCIA Y ADOLESCENCIA EN TRANSFORMACI\u00d3N: intervenci\u00f3n socio-educativa en entornos formales y no-formales<\/strong><\/a><\/p>\n<p>26 y 27 de septiembre de 2024<\/p>\n<p>Lugar: \u00a0Centro Asociado de la UNED en Pamplona.<\/p>\n<p>Direcci\u00f3n: Dr. Javier P\u00e1ez Gallego. Profesor del Grado en Trabajo Social. UNED y\u00a0 D\u00f1a. Ana Biurrun Moreno. Profesora-tutora del Departamento de Pedagog\u00eda en UNED Pamplona.<\/p>\n<p><strong><a href=\"https:\/\/extension.uned.es\/actividad\/idactividad\/37545\">Matr\u00edcula\u00a0<\/a><\/strong><\/p>\n<p>&nbsp;<\/p>\n<p><a href=\"https:\/\/extension.uned.es\/actividad\/idactividad\/37789\"><strong>UN REPASO A LA HISTORIA A TRAV\u00c9S DE LA M\u00daSICA. Acto de Clausura.<\/strong><\/a><\/p>\n<p>27 de septiembre de 2024<\/p>\n<p>Lugar: Patio claustro de Las Salesas (Sede de la Mancomunidad de la Comarca de Pamplona. Calle Rinc\u00f3n de la Aduana, 12. Pamplona).<\/p>\n<p>Direcci\u00f3n: D. Sergio Eslava Arraiza. M\u00fasico y docente. Alumni en UNED Pamplona.<\/p>\n<p><a href=\"https:\/\/extension.uned.es\/actividad\/idactividad\/37789\"><strong>Matr\u00edcula\u00a0<\/strong><\/a><\/p>\n<p>&nbsp;<\/p>\n<p><strong>M\u00c1S INFORMACI\u00d3N<\/strong><\/p>\n<p>Para obtener m\u00e1s informaci\u00f3n sobre todos los cursos de las universidades navarras y realizar la inscripci\u00f3n, se puede acceder a trav\u00e9s de los portales de cada universidad o consultar el <a href=\"https:\/\/cursosdeverano.navarra.es\/\"><strong><u>siguiente enlace<\/u><\/strong><\/a>\u00a0dentro de la web del Gobierno de Navarra.<\/p>\n","protected":false},"excerpt":{"rendered":"<p>La consejera de Universidad, Innovaci\u00f3n y Transformaci\u00f3n Digital, Patricia Fanlo, ha presentado esta ma\u00f1ana en una rueda de prensa celebrada en el centro de UNED Pamplona la 24 edici\u00f3n de los Cursos de verano de las universidades navarras. Junto a la consejera, han participado la directora del centro de UNED Pamplona, Teresa Im\u00edzcoz; la vicerrectora [&hellip;]<\/p>\n","protected":false},"author":1,"featured_media":3121,"comment_status":"closed","ping_status":"closed","sticky":false,"template":"","format":"standard","meta":{"footnotes":""},"categories":[11],"tags":[],"yoast_head":"<!-- This site is optimized with the Yoast SEO plugin v22.5 - https:\/\/yoast.com\/wordpress\/plugins\/seo\/ -->\n<title>Presentados en UNED Pamplona los Cursos de verano de las universidades navarras - UNED Pamplona<\/title>\n<meta name=\"robots\" content=\"index, follow, max-snippet:-1, max-image-preview:large, max-video-preview:-1\" \/>\n<link rel=\"canonical\" href=\"https:\/\/unedpamplona.es\/eu\/presentados-en-uned-pamplona-los-cursos-de-verano-de-las-universidades-navarras\/\" \/>\n<meta property=\"og:locale\" content=\"eu_ES\" \/>\n<meta property=\"og:type\" content=\"article\" \/>\n<meta property=\"og:title\" content=\"Presentados en UNED Pamplona los Cursos de verano de las universidades navarras - UNED Pamplona\" \/>\n<meta property=\"og:description\" content=\"La consejera de Universidad, Innovaci\u00f3n y Transformaci\u00f3n Digital, Patricia Fanlo, ha presentado esta ma\u00f1ana en una rueda de prensa celebrada en el centro de UNED Pamplona la 24 edici\u00f3n de los Cursos de verano de las universidades navarras. Junto a la consejera, han participado la directora del centro de UNED Pamplona, Teresa Im\u00edzcoz; la vicerrectora [&hellip;]\" \/>\n<meta property=\"og:url\" content=\"https:\/\/unedpamplona.es\/eu\/presentados-en-uned-pamplona-los-cursos-de-verano-de-las-universidades-navarras\/\" \/>\n<meta property=\"og:site_name\" content=\"UNED Pamplona\" \/>\n<meta property=\"article:published_time\" content=\"2024-05-23T13:05:41+00:00\" \/>\n<meta property=\"article:modified_time\" content=\"2024-06-24T13:07:39+00:00\" \/>\n<meta property=\"og:image\" content=\"https:\/\/unedpamplona.es\/wp-content\/uploads\/2024\/06\/ccvv-presentacion-scaled.jpg\" \/>\n\t<meta property=\"og:image:width\" content=\"2560\" \/>\n\t<meta property=\"og:image:height\" content=\"1706\" \/>\n\t<meta property=\"og:image:type\" content=\"image\/jpeg\" \/>\n<meta name=\"author\" content=\"room116\" \/>\n<meta name=\"twitter:card\" content=\"summary_large_image\" \/>\n<meta name=\"twitter:creator\" content=\"@unedpamplona\" \/>\n<meta name=\"twitter:site\" content=\"@unedpamplona\" \/>\n<meta name=\"twitter:label1\" content=\"Written by\" \/>\n\t<meta name=\"twitter:data1\" content=\"room116\" \/>\n\t<meta name=\"twitter:label2\" content=\"Est. reading time\" \/>\n\t<meta name=\"twitter:data2\" content=\"6 minutes\" \/>\n<script type=\"application\/ld+json\" class=\"yoast-schema-graph\">{\"@context\":\"https:\/\/schema.org\",\"@graph\":[{\"@type\":\"Article\",\"@id\":\"https:\/\/unedpamplona.es\/eu\/presentados-en-uned-pamplona-los-cursos-de-verano-de-las-universidades-navarras\/#article\",\"isPartOf\":{\"@id\":\"https:\/\/unedpamplona.es\/eu\/presentados-en-uned-pamplona-los-cursos-de-verano-de-las-universidades-navarras\/\"},\"author\":{\"name\":\"room116\",\"@id\":\"https:\/\/unedpamplona.es\/eu\/#\/schema\/person\/2ab9beab35599470cd53757e726a9810\"},\"headline\":\"Presentados en UNED Pamplona los Cursos de verano de las universidades navarras\",\"datePublished\":\"2024-05-23T13:05:41+00:00\",\"dateModified\":\"2024-06-24T13:07:39+00:00\",\"mainEntityOfPage\":{\"@id\":\"https:\/\/unedpamplona.es\/eu\/presentados-en-uned-pamplona-los-cursos-de-verano-de-las-universidades-navarras\/\"},\"wordCount\":1215,\"publisher\":{\"@id\":\"https:\/\/unedpamplona.es\/eu\/#organization\"},\"image\":{\"@id\":\"https:\/\/unedpamplona.es\/eu\/presentados-en-uned-pamplona-los-cursos-de-verano-de-las-universidades-navarras\/#primaryimage\"},\"thumbnailUrl\":\"https:\/\/unedpamplona.es\/wp-content\/uploads\/2024\/06\/ccvv-presentacion-scaled.jpg\",\"articleSection\":[\"Actualidad\"],\"inLanguage\":\"eu-ES\"},{\"@type\":\"WebPage\",\"@id\":\"https:\/\/unedpamplona.es\/eu\/presentados-en-uned-pamplona-los-cursos-de-verano-de-las-universidades-navarras\/\",\"url\":\"https:\/\/unedpamplona.es\/eu\/presentados-en-uned-pamplona-los-cursos-de-verano-de-las-universidades-navarras\/\",\"name\":\"Presentados en UNED Pamplona los Cursos de verano de las universidades navarras - UNED Pamplona\",\"isPartOf\":{\"@id\":\"https:\/\/unedpamplona.es\/eu\/#website\"},\"primaryImageOfPage\":{\"@id\":\"https:\/\/unedpamplona.es\/eu\/presentados-en-uned-pamplona-los-cursos-de-verano-de-las-universidades-navarras\/#primaryimage\"},\"image\":{\"@id\":\"https:\/\/unedpamplona.es\/eu\/presentados-en-uned-pamplona-los-cursos-de-verano-de-las-universidades-navarras\/#primaryimage\"},\"thumbnailUrl\":\"https:\/\/unedpamplona.es\/wp-content\/uploads\/2024\/06\/ccvv-presentacion-scaled.jpg\",\"datePublished\":\"2024-05-23T13:05:41+00:00\",\"dateModified\":\"2024-06-24T13:07:39+00:00\",\"inLanguage\":\"eu-ES\",\"potentialAction\":[{\"@type\":\"ReadAction\",\"target\":[\"https:\/\/unedpamplona.es\/eu\/presentados-en-uned-pamplona-los-cursos-de-verano-de-las-universidades-navarras\/\"]}]},{\"@type\":\"ImageObject\",\"inLanguage\":\"eu-ES\",\"@id\":\"https:\/\/unedpamplona.es\/eu\/presentados-en-uned-pamplona-los-cursos-de-verano-de-las-universidades-navarras\/#primaryimage\",\"url\":\"https:\/\/unedpamplona.es\/wp-content\/uploads\/2024\/06\/ccvv-presentacion-scaled.jpg\",\"contentUrl\":\"https:\/\/unedpamplona.es\/wp-content\/uploads\/2024\/06\/ccvv-presentacion-scaled.jpg\",\"width\":2560,\"height\":1706,\"caption\":\"Presentados en UNED Pamplona los Cursos de verano de las universidades navarras\"},{\"@type\":\"WebSite\",\"@id\":\"https:\/\/unedpamplona.es\/eu\/#website\",\"url\":\"https:\/\/unedpamplona.es\/eu\/\",\"name\":\"UNED Pamplona\",\"description\":\"\",\"publisher\":{\"@id\":\"https:\/\/unedpamplona.es\/eu\/#organization\"},\"potentialAction\":[{\"@type\":\"SearchAction\",\"target\":{\"@type\":\"EntryPoint\",\"urlTemplate\":\"https:\/\/unedpamplona.es\/eu\/?s={search_term_string}\"},\"query-input\":\"required name=search_term_string\"}],\"inLanguage\":\"eu-ES\"},{\"@type\":\"Organization\",\"@id\":\"https:\/\/unedpamplona.es\/eu\/#organization\",\"name\":\"UNED Pamplona\",\"url\":\"https:\/\/unedpamplona.es\/eu\/\",\"logo\":{\"@type\":\"ImageObject\",\"inLanguage\":\"eu-ES\",\"@id\":\"https:\/\/unedpamplona.es\/eu\/#\/schema\/logo\/image\/\",\"url\":\"https:\/\/unedpamplona.es\/wp-content\/uploads\/2024\/02\/uned_pamplona_logo.png\",\"contentUrl\":\"https:\/\/unedpamplona.es\/wp-content\/uploads\/2024\/02\/uned_pamplona_logo.png\",\"width\":218,\"height\":104,\"caption\":\"UNED Pamplona\"},\"image\":{\"@id\":\"https:\/\/unedpamplona.es\/eu\/#\/schema\/logo\/image\/\"},\"sameAs\":[\"https:\/\/x.com\/unedpamplona\",\"https:\/\/www.youtube.com\/channel\/UCR2jc6TbCMAPnbcA17Z0wwg\",\"https:\/\/www.instagram.com\/unedpamplona\/\"]},{\"@type\":\"Person\",\"@id\":\"https:\/\/unedpamplona.es\/eu\/#\/schema\/person\/2ab9beab35599470cd53757e726a9810\",\"name\":\"room116\",\"image\":{\"@type\":\"ImageObject\",\"inLanguage\":\"eu-ES\",\"@id\":\"https:\/\/unedpamplona.es\/eu\/#\/schema\/person\/image\/\",\"url\":\"https:\/\/secure.gravatar.com\/avatar\/4081e23516e875d8e1fa4ed0171d6f96?s=96&d=mm&r=g\",\"contentUrl\":\"https:\/\/secure.gravatar.com\/avatar\/4081e23516e875d8e1fa4ed0171d6f96?s=96&d=mm&r=g\",\"caption\":\"room116\"},\"sameAs\":[\"https:\/\/unedpamplona.es\"],\"url\":\"https:\/\/unedpamplona.es\/eu\/author\/room116\/\"}]}<\/script>\n<!-- \/ Yoast SEO plugin. -->","yoast_head_json":{"title":"Presentados en UNED Pamplona los Cursos de verano de las universidades navarras - UNED Pamplona","robots":{"index":"index","follow":"follow","max-snippet":"max-snippet:-1","max-image-preview":"max-image-preview:large","max-video-preview":"max-video-preview:-1"},"canonical":"https:\/\/unedpamplona.es\/eu\/presentados-en-uned-pamplona-los-cursos-de-verano-de-las-universidades-navarras\/","og_locale":"eu_ES","og_type":"article","og_title":"Presentados en UNED Pamplona los Cursos de verano de las universidades navarras - UNED Pamplona","og_description":"La consejera de Universidad, Innovaci\u00f3n y Transformaci\u00f3n Digital, Patricia Fanlo, ha presentado esta ma\u00f1ana en una rueda de prensa celebrada en el centro de UNED Pamplona la 24 edici\u00f3n de los Cursos de verano de las universidades navarras. Junto a la consejera, han participado la directora del centro de UNED Pamplona, Teresa Im\u00edzcoz; la vicerrectora [&hellip;]","og_url":"https:\/\/unedpamplona.es\/eu\/presentados-en-uned-pamplona-los-cursos-de-verano-de-las-universidades-navarras\/","og_site_name":"UNED Pamplona","article_published_time":"2024-05-23T13:05:41+00:00","article_modified_time":"2024-06-24T13:07:39+00:00","og_image":[{"width":2560,"height":1706,"url":"https:\/\/unedpamplona.es\/wp-content\/uploads\/2024\/06\/ccvv-presentacion-scaled.jpg","type":"image\/jpeg"}],"author":"room116","twitter_card":"summary_large_image","twitter_creator":"@unedpamplona","twitter_site":"@unedpamplona","twitter_misc":{"Written by":"room116","Est. reading time":"6 minutes"},"schema":{"@context":"https:\/\/schema.org","@graph":[{"@type":"Article","@id":"https:\/\/unedpamplona.es\/eu\/presentados-en-uned-pamplona-los-cursos-de-verano-de-las-universidades-navarras\/#article","isPartOf":{"@id":"https:\/\/unedpamplona.es\/eu\/presentados-en-uned-pamplona-los-cursos-de-verano-de-las-universidades-navarras\/"},"author":{"name":"room116","@id":"https:\/\/unedpamplona.es\/eu\/#\/schema\/person\/2ab9beab35599470cd53757e726a9810"},"headline":"Presentados en UNED Pamplona los Cursos de verano de las universidades navarras","datePublished":"2024-05-23T13:05:41+00:00","dateModified":"2024-06-24T13:07:39+00:00","mainEntityOfPage":{"@id":"https:\/\/unedpamplona.es\/eu\/presentados-en-uned-pamplona-los-cursos-de-verano-de-las-universidades-navarras\/"},"wordCount":1215,"publisher":{"@id":"https:\/\/unedpamplona.es\/eu\/#organization"},"image":{"@id":"https:\/\/unedpamplona.es\/eu\/presentados-en-uned-pamplona-los-cursos-de-verano-de-las-universidades-navarras\/#primaryimage"},"thumbnailUrl":"https:\/\/unedpamplona.es\/wp-content\/uploads\/2024\/06\/ccvv-presentacion-scaled.jpg","articleSection":["Actualidad"],"inLanguage":"eu-ES"},{"@type":"WebPage","@id":"https:\/\/unedpamplona.es\/eu\/presentados-en-uned-pamplona-los-cursos-de-verano-de-las-universidades-navarras\/","url":"https:\/\/unedpamplona.es\/eu\/presentados-en-uned-pamplona-los-cursos-de-verano-de-las-universidades-navarras\/","name":"Presentados en UNED Pamplona los Cursos de verano de las universidades navarras - UNED Pamplona","isPartOf":{"@id":"https:\/\/unedpamplona.es\/eu\/#website"},"primaryImageOfPage":{"@id":"https:\/\/unedpamplona.es\/eu\/presentados-en-uned-pamplona-los-cursos-de-verano-de-las-universidades-navarras\/#primaryimage"},"image":{"@id":"https:\/\/unedpamplona.es\/eu\/presentados-en-uned-pamplona-los-cursos-de-verano-de-las-universidades-navarras\/#primaryimage"},"thumbnailUrl":"https:\/\/unedpamplona.es\/wp-content\/uploads\/2024\/06\/ccvv-presentacion-scaled.jpg","datePublished":"2024-05-23T13:05:41+00:00","dateModified":"2024-06-24T13:07:39+00:00","inLanguage":"eu-ES","potentialAction":[{"@type":"ReadAction","target":["https:\/\/unedpamplona.es\/eu\/presentados-en-uned-pamplona-los-cursos-de-verano-de-las-universidades-navarras\/"]}]},{"@type":"ImageObject","inLanguage":"eu-ES","@id":"https:\/\/unedpamplona.es\/eu\/presentados-en-uned-pamplona-los-cursos-de-verano-de-las-universidades-navarras\/#primaryimage","url":"https:\/\/unedpamplona.es\/wp-content\/uploads\/2024\/06\/ccvv-presentacion-scaled.jpg","contentUrl":"https:\/\/unedpamplona.es\/wp-content\/uploads\/2024\/06\/ccvv-presentacion-scaled.jpg","width":2560,"height":1706,"caption":"Presentados en UNED Pamplona los Cursos de verano de las universidades navarras"},{"@type":"WebSite","@id":"https:\/\/unedpamplona.es\/eu\/#website","url":"https:\/\/unedpamplona.es\/eu\/","name":"UNED Pamplona","description":"","publisher":{"@id":"https:\/\/unedpamplona.es\/eu\/#organization"},"potentialAction":[{"@type":"SearchAction","target":{"@type":"EntryPoint","urlTemplate":"https:\/\/unedpamplona.es\/eu\/?s={search_term_string}"},"query-input":"required name=search_term_string"}],"inLanguage":"eu-ES"},{"@type":"Organization","@id":"https:\/\/unedpamplona.es\/eu\/#organization","name":"UNED Pamplona","url":"https:\/\/unedpamplona.es\/eu\/","logo":{"@type":"ImageObject","inLanguage":"eu-ES","@id":"https:\/\/unedpamplona.es\/eu\/#\/schema\/logo\/image\/","url":"https:\/\/unedpamplona.es\/wp-content\/uploads\/2024\/02\/uned_pamplona_logo.png","contentUrl":"https:\/\/unedpamplona.es\/wp-content\/uploads\/2024\/02\/uned_pamplona_logo.png","width":218,"height":104,"caption":"UNED Pamplona"},"image":{"@id":"https:\/\/unedpamplona.es\/eu\/#\/schema\/logo\/image\/"},"sameAs":["https:\/\/x.com\/unedpamplona","https:\/\/www.youtube.com\/channel\/UCR2jc6TbCMAPnbcA17Z0wwg","https:\/\/www.instagram.com\/unedpamplona\/"]},{"@type":"Person","@id":"https:\/\/unedpamplona.es\/eu\/#\/schema\/person\/2ab9beab35599470cd53757e726a9810","name":"room116","image":{"@type":"ImageObject","inLanguage":"eu-ES","@id":"https:\/\/unedpamplona.es\/eu\/#\/schema\/person\/image\/","url":"https:\/\/secure.gravatar.com\/avatar\/4081e23516e875d8e1fa4ed0171d6f96?s=96&d=mm&r=g","contentUrl":"https:\/\/secure.gravatar.com\/avatar\/4081e23516e875d8e1fa4ed0171d6f96?s=96&d=mm&r=g","caption":"room116"},"sameAs":["https:\/\/unedpamplona.es"],"url":"https:\/\/unedpamplona.es\/eu\/author\/room116\/"}]}},"_links":{"self":[{"href":"https:\/\/unedpamplona.es\/eu\/wp-json\/wp\/v2\/posts\/3120"}],"collection":[{"href":"https:\/\/unedpamplona.es\/eu\/wp-json\/wp\/v2\/posts"}],"about":[{"href":"https:\/\/unedpamplona.es\/eu\/wp-json\/wp\/v2\/types\/post"}],"author":[{"embeddable":true,"href":"https:\/\/unedpamplona.es\/eu\/wp-json\/wp\/v2\/users\/1"}],"replies":[{"embeddable":true,"href":"https:\/\/unedpamplona.es\/eu\/wp-json\/wp\/v2\/comments?post=3120"}],"version-history":[{"count":1,"href":"https:\/\/unedpamplona.es\/eu\/wp-json\/wp\/v2\/posts\/3120\/revisions"}],"predecessor-version":[{"id":3122,"href":"https:\/\/unedpamplona.es\/eu\/wp-json\/wp\/v2\/posts\/3120\/revisions\/3122"}],"wp:featuredmedia":[{"embeddable":true,"href":"https:\/\/unedpamplona.es\/eu\/wp-json\/wp\/v2\/media\/3121"}],"wp:attachment":[{"href":"https:\/\/unedpamplona.es\/eu\/wp-json\/wp\/v2\/media?parent=3120"}],"wp:term":[{"taxonomy":"category","embeddable":true,"href":"https:\/\/unedpamplona.es\/eu\/wp-json\/wp\/v2\/categories?post=3120"},{"taxonomy":"post_tag","embeddable":true,"href":"https:\/\/unedpamplona.es\/eu\/wp-json\/wp\/v2\/tags?post=3120"}],"curies":[{"name":"wp","href":"https:\/\/api.w.org\/{rel}","templated":true}]}}