{"id":3123,"date":"2024-05-28T15:07:54","date_gmt":"2024-05-28T13:07:54","guid":{"rendered":"https:\/\/unedpamplona.es\/?p=3123"},"modified":"2024-06-24T15:08:54","modified_gmt":"2024-06-24T13:08:54","slug":"el-investigador-cientifico-txetxu-ausin-inaugura-los-cursos-de-verano-de-las-universidades","status":"publish","type":"post","link":"https:\/\/unedpamplona.es\/eu\/el-investigador-cientifico-txetxu-ausin-inaugura-los-cursos-de-verano-de-las-universidades\/","title":{"rendered":"El investigador cient\u00edfico Txetxu Aus\u00edn inaugura los Cursos de verano de las universidades"},"content":{"rendered":"<p>El profesor, investigador cient\u00edfico y director del Instituto de Filosof\u00eda del Consejo Superior de Investigaciones Cient\u00edficas (CSIC),\u00a0<strong>Txetxu\u00a0 Aus\u00edn\u00a0<\/strong>inaugur\u00f3 el pasado 27 de mayo\u00a0<strong>la\u00a0<\/strong><strong>XXIV edici\u00f3n de los Cursos de verano<\/strong>\u00a0<strong>de las universidades navarras,<\/strong>\u00a0con la conferencia inaugural:\u00a0<em><strong>&#8220;<\/strong>Soledades: malestares y pliegues de la cotidianidad<\/em><strong><em>&#8220;.\u00a0<\/em><\/strong>Aus\u00edn estuvo acompa\u00f1ado por\u00a0la consejera de Universidad, Innovaci\u00f3n y Transformaci\u00f3n Digital,\u00a0<strong>Patricia Fanlo,<\/strong>\u00a0y la directora del centro de UNED Pamplona,\u00a0<strong>Teresa Im\u00edzcoz.<\/strong>\u00a0La ponencia cont\u00f3 con int\u00e9rprete de lengua de signos.<\/p>\n<p>La soledad parece haber emergido como un tema de nuestro tiempo. La pandemia nos puso frente al espejo del aislamiento forzoso y el sufrimiento por la p\u00e9rdida de contacto y lazos significativos. Aus\u00edn se\u00f1al\u00f3 que, sin embargo, &#8220;<em>lo correcto es hablar de soledades, en plural, como un fen\u00f3meno complejo, diverso y multifactorial&#8221;. &#8220;Las soledades remiten a cambios sociales estructurales, a patrones de desigualdad y a nuestra intr\u00ednseca vulnerabilidad. Y si bien las soledades, cuando no son voluntarias, constituyen uno de los principales determinantes sociales de la salud, est\u00e1n, asimismo, fuertemente determinadas por factores del entorno sobre los que cabe intervenir. Por ello, las soledades no son un asunto privado y particular, sino social y pol\u00edtico&#8221;,\u00a0<\/em>explic\u00f3.<\/p>\n<p>Txetxu Aus\u00edn es investigador Cient\u00edfico y Director del Instituto de Filosof\u00eda del CSIC. Doctor en Filosof\u00eda por la Universidad del Pa\u00eds Vasco (premio extraordinario), es profesor invitado en varias universidades y colaborador en el Instituto de Gobernanza Democr\u00e1tica\u00a0<em>Globernance.\u00a0<\/em>Sus \u00e1reas de trabajo son la \u00e9tica p\u00fablica, la bio\u00e9tica, los derechos humanos y la filosof\u00eda de las tecnolog\u00edas disruptivas. Editor y autor de varias obras sobre estos temas, ha sido fundador de la revista electr\u00f3nica de \u00e9ticas aplicadas DILEMATA [<a href=\"http:\/\/www.dilemata.net\/\">www.dilemata.net<\/a>]. En la actualidad es Presidente del Comit\u00e9 de \u00c9tica del CSIC y colabora tambi\u00e9n en la Red ESPACyOS (\u00c9tica Salubrista para la Acci\u00f3n, Cuidados y Observaci\u00f3n Social) y en el Comit\u00e9 de Expertos sobre Envejecimiento de la Fundaci\u00f3n General CSIC.<\/p>\n<p><strong>Emisi\u00f3n a trav\u00e9s de YouTube<\/strong><\/p>\n<p>Las personas interesadas pueden ver la conferencia, a trav\u00e9s de nuestro canal de YouTube de UNED Pamplona <strong><a href=\"https:\/\/www.youtube.com\/channel\/UCR2jc6TbCMAPnbcA17Z0wwg\">@unedpamplona720<\/a> <\/strong>en el siguiente enlace: <strong><a href=\"https:\/\/youtube.com\/live\/a1dgCtEkz5g?feature=share\">https:\/\/youtube.com\/live\/a1dgCtEkz5g?feature=share<\/a><\/strong><\/p>\n<p>&nbsp;<\/p>\n<p><u><strong>CURSOS DE VERANO UNED PAMPLONA 2024<\/strong><\/u><\/p>\n<p>UNED Pamplona ha organizado este a\u00f1o 12\u00a0Cursos de Verano que se celebrar\u00e1n el 1 de junio y del 9 al 27 de septiembre. La matr\u00edcula est\u00e1 abierta y se\u00a0realiza on line en\u00a0<strong><a href=\"http:\/\/www.unedpamplona.es\/matricula\">www.unedpamplona.es\/matricula<\/a>\u00a0<\/strong><em>(Seleccionar en Categor\u00eda:\u00a0<strong>Todos<\/strong>)<\/em><\/p>\n<p><a href=\"https:\/\/extension.uned.es\/actividad\/idactividad\/37429\"><strong>LOS AMIGOS DEL CAMINO DE SANTIAGO Y LA SEMANA DE ESTUDIOS MEDIEVALES DE ESTELLA: una relaci\u00f3n fecunda<\/strong><\/a><\/p>\n<p>1 de junio de 2024<\/p>\n<p>Lugar: Sal\u00f3n de actos de la Mancomunidad de Montejurra (Calle Bell-viste, 2. Estella.)<\/p>\n<p>Direcci\u00f3n: Dr. Rom\u00e1n Felones. Historiador y profesor. Vicepresidente de la junta de la Asociaci\u00f3n de Amigos del Camino de Santiago de Estella \u2013 Lizarra<\/p>\n<p><a href=\"https:\/\/extension.uned.es\/actividad\/idactividad\/37429\"><strong>Matr\u00edcula<\/strong><\/a><\/p>\n<p>&nbsp;<\/p>\n<p><a href=\"https:\/\/extension.uned.es\/actividad\/idactividad\/37459\"><strong>CONDUCTA SUICIDA, SALUD MENTAL Y VIDA EN NAVARRA<\/strong><\/a><\/p>\n<p>9 y 10 de septiembre de 2024<\/p>\n<p>Lugar: Centro Asociado de la UNED en Pamplona.<\/p>\n<p>Direcci\u00f3n: Dra. Olatz Ormaetxea Ruiz. Profesora-tutora del Departamento de Psicolog\u00eda en UNED Pamplona. AVAPSI Pamplona. Centro de Psicoterapia y Estudio de la Familia \u2013 Navarra.<\/p>\n<p><strong><a href=\"https:\/\/extension.uned.es\/actividad\/idactividad\/37459\">Matr\u00edcula<\/a><\/strong><\/p>\n<p>&nbsp;<\/p>\n<p><a href=\"https:\/\/extension.uned.es\/actividad\/idactividad\/37463\"><strong>APUNTES SOBRE LA CIUDAD CANSADA Y APORTES PARA UNA CIUDAD DES-CANSADA<\/strong><\/a><\/p>\n<p>11 y 12 de septiembre de 2024<\/p>\n<p>Lugar: Centro Asociado de la UNED en Pamplona.<\/p>\n<p>Direcci\u00f3n: Dr. Ion Mart\u00ednez Lorea. Profesor-tutor del Departamento de Sociolog\u00eda en UNED Pamplona. Universidad P\u00fablica de Navarra.<\/p>\n<p><strong><a href=\"https:\/\/extension.uned.es\/actividad\/idactividad\/37463\">Matr\u00edcula\u00a0<\/a><\/strong><\/p>\n<p><a href=\"https:\/\/extension.uned.es\/actividad\/idactividad\/37469\"><strong>DEMOCRACIA EN LA ERA DE LA INTELIGENCIA ARTIFICIAL: Examen acerca de la pol\u00edtica de la tecnolog\u00eda<\/strong><\/a><\/p>\n<p>12 y 13 de septiembre de 2024<\/p>\n<p>Lugar: \u00a0Centro Asociado de la UNED en Pamplona.<\/p>\n<p><a href=\"https:\/\/extension.uned.es\/actividad\/idactividad\/37469\"><strong>Matr\u00edcula<\/strong><\/a><\/p>\n<p>&nbsp;<\/p>\n<p><a href=\"https:\/\/extension.uned.es\/actividad\/idactividad\/37489\"><strong>\u00bfSABEMOS C\u00d3MO CONSUMIMOS? Los derechos de las personas consumidoras y usuarias en su 40\u00ba: pasado, presente y futuro en una constante defensa de la parte contractual m\u00e1s d\u00e9bil<\/strong><\/a><\/p>\n<p>13 de septiembre de 2024<\/p>\n<p>Lugar: Centro Asociado de la UNED en Pamplona.<\/p>\n<p>Direcci\u00f3n: Dr. Rafael Lara Gonz\u00e1lez. Catedr\u00e1tico de Derecho Mercantil. Profesor-tutor del Departamento de Derecho en UNED Pamplona. Universidad P\u00fablica de Navarra.<\/p>\n<p><a href=\"https:\/\/extension.uned.es\/actividad\/idactividad\/37489\"><strong>Matr\u00edcula<\/strong><\/a><\/p>\n<p>&nbsp;<\/p>\n<p><a href=\"https:\/\/extension.uned.es\/actividad\/idactividad\/37539\"><strong>USO DE LA INTELIGENCIA ARTIFICIAL EN LA INTERVENCI\u00d3N SOCIO-EDUCATIVA Y APLICACIONES PR\u00c1CTICAS<\/strong><\/a><\/p>\n<p>16, 17 y 18 de septiembre de 2024<\/p>\n<p>Lugar: \u00a0Centro Asociado de la UNED en Pamplona.<\/p>\n<p>Direcci\u00f3n: Fundaci\u00f3n Iludain \u2013 Haritz Berri<\/p>\n<p><a href=\"https:\/\/extension.uned.es\/actividad\/idactividad\/37539\"><strong>Matr\u00edcula<\/strong><\/a><\/p>\n<p>&nbsp;<\/p>\n<p><a href=\"https:\/\/extension.uned.es\/actividad\/idactividad\/37259\"><strong>CULTOS PERSONALES, HEROICOS Y DIN\u00c1STICOS EN LA ANTIG\u00dcEDAD MEDITERR\u00c1NEA<\/strong><\/a><\/p>\n<p>17, 18 y 19 de septiembre de 2024<\/p>\n<p>Lugar: Centro Asociado de la UNED en Pamplona.<\/p>\n<p>Direcci\u00f3n: Dr. Francisco Javier Andreu Pintado. Catedr\u00e1tico de Historia Antigua. Profesor-tutor del Departamento de Historia en UNED Pamplona. Universidad de Navarra.<\/p>\n<p><a href=\"https:\/\/extension.uned.es\/actividad\/idactividad\/37259\"><strong>Matr\u00edcula\u00a0<\/strong><\/a><\/p>\n<p>&nbsp;<\/p>\n<p><a href=\"https:\/\/extension.uned.es\/actividad\/idactividad\/37589\"><strong>CAMINO DE SANTIAGO. UN PAISAJE NATURAL, CULTURAL Y MONUMENTAL<\/strong><\/a><\/p>\n<p>19 y 20 de septiembre de 2024<\/p>\n<p>Lugar: Centro Asociado de la UNED en Pamplona.<\/p>\n<p>Direcci\u00f3n: Dra. Carmen Jusu\u00e9 Simonena. Doctora en Historia. Universidad de Navarra.<\/p>\n<p><a href=\"https:\/\/extension.uned.es\/actividad\/idactividad\/37589\"><strong>Matr\u00edcula<\/strong><\/a><\/p>\n<p>&nbsp;<\/p>\n<p><a href=\"https:\/\/extension.uned.es\/actividad\/idactividad\/37249\"><strong>LA LEY INTEGRAL CONTRA LA VIOLENCIA DE G\u00c9NERO: balance y desaf\u00edos 20 a\u00f1os despu\u00e9s de su entrada en vigor<\/strong><\/a><\/p>\n<p>23, 24 y 25 de septiembre de 2024<\/p>\n<p>Lugar: Centro Asociado de la UNED en Pamplona.<\/p>\n<p>Direcci\u00f3n: Dra. Leticia Jeric\u00f3 Ojer. Profesora-tutora del Departamento de Derecho en UNED Pamplona. Universidad P\u00fablica de Navarra.<\/p>\n<p><a href=\"https:\/\/extension.uned.es\/actividad\/idactividad\/37249\"><strong>Matr\u00edcula\u00a0<\/strong><\/a><\/p>\n<p><a href=\"https:\/\/extension.uned.es\/actividad\/idactividad\/37549\"><strong>DELINCUENCIA JUVENIL Y RESPONSABILIDAD PENAL DEL MENOR: 25 a\u00f1os de la Ley Org\u00e1nica 5\/2000, de 12 de enero, reguladora de la responsabilidad penal de los menores<\/strong><\/a><\/p>\n<p>24, 25 y 26 de septiembre de 2024<\/p>\n<p>Lugar. Centro Asociado de la UNED en Pamplona.<\/p>\n<p>Direcci\u00f3n: Dra. Nahikari S\u00e1nchez-Herrero. Profesora-tutora del Departamento de Criminolog\u00eda en UNED Pamplona. Universidad Miguel Hern\u00e1ndez. Asociaci\u00f3n Profesional de Crimin\u00f3logos de Navarra.<\/p>\n<p><a href=\"https:\/\/extension.uned.es\/actividad\/idactividad\/37549\"><strong>Matr\u00edcula\u00a0<\/strong><\/a><\/p>\n<p><a href=\"https:\/\/extension.uned.es\/actividad\/idactividad\/37545\"><strong>INFANCIA Y ADOLESCENCIA EN TRANSFORMACI\u00d3N: intervenci\u00f3n socio-educativa en entornos formales y no-formales<\/strong><\/a><\/p>\n<p>26 y 27 de septiembre de 2024<\/p>\n<p>Lugar: \u00a0Centro Asociado de la UNED en Pamplona.<\/p>\n<p>Direcci\u00f3n: Dr. Javier P\u00e1ez Gallego. Profesor del Grado en Trabajo Social. UNED y\u00a0 D\u00f1a. Ana Biurrun Moreno. Profesora-tutora del Departamento de Pedagog\u00eda en UNED Pamplona.<\/p>\n<p><strong><a href=\"https:\/\/extension.uned.es\/actividad\/idactividad\/37545\">Matr\u00edcula\u00a0<\/a><\/strong><\/p>\n<p><a href=\"https:\/\/extension.uned.es\/actividad\/idactividad\/37789\"><strong>UN REPASO A LA HISTORIA A TRAV\u00c9S DE LA M\u00daSICA. Acto de Clausura.<\/strong><\/a><\/p>\n<p>27 de septiembre de 2024<\/p>\n<p>Lugar: Patio claustro de Las Salesas (Sede de la Mancomunidad de la Comarca de Pamplona. Calle Rinc\u00f3n de la Aduana, 12. Pamplona).<\/p>\n<p>Direcci\u00f3n: D. Sergio Eslava Arraiza. M\u00fasico y docente. Alumni en UNED Pamplona.<\/p>\n<p><a href=\"https:\/\/extension.uned.es\/actividad\/idactividad\/37789\"><strong>Matr\u00edcula\u00a0<\/strong><\/a><\/p>\n<p>&nbsp;<\/p>\n<p><strong>M\u00c1S INFORMACI\u00d3N<\/strong><\/p>\n<p>Para obtener m\u00e1s informaci\u00f3n sobre todos los cursos de las universiadades navarras y realizar la inscripci\u00f3n, se puede acceder a trav\u00e9s de los portales de cada universidad o consultar el\u00a0<a href=\"https:\/\/cursosdeverano.navarra.es\/\"><strong><u>siguiente enlace<\/u><\/strong><\/a>\u00a0dentro de la web del Gobierno de Navarra.<\/p>\n","protected":false},"excerpt":{"rendered":"<p>El profesor, investigador cient\u00edfico y director del Instituto de Filosof\u00eda del Consejo Superior de Investigaciones Cient\u00edficas (CSIC),\u00a0Txetxu\u00a0 Aus\u00edn\u00a0inaugur\u00f3 el pasado 27 de mayo\u00a0la\u00a0XXIV edici\u00f3n de los Cursos de verano\u00a0de las universidades navarras,\u00a0con la conferencia inaugural:\u00a0&#8220;Soledades: malestares y pliegues de la cotidianidad&#8220;.\u00a0Aus\u00edn estuvo acompa\u00f1ado por\u00a0la consejera de Universidad, Innovaci\u00f3n y Transformaci\u00f3n Digital,\u00a0Patricia Fanlo,\u00a0y la directora del [&hellip;]<\/p>\n","protected":false},"author":1,"featured_media":3124,"comment_status":"closed","ping_status":"closed","sticky":false,"template":"","format":"standard","meta":{"footnotes":""},"categories":[11],"tags":[],"yoast_head":"<!-- This site is optimized with the Yoast SEO plugin v22.5 - https:\/\/yoast.com\/wordpress\/plugins\/seo\/ -->\n<title>El investigador cient\u00edfico Txetxu Aus\u00edn inaugura los Cursos de verano de las universidades - UNED Pamplona<\/title>\n<meta name=\"robots\" content=\"index, follow, max-snippet:-1, max-image-preview:large, max-video-preview:-1\" \/>\n<link rel=\"canonical\" href=\"https:\/\/unedpamplona.es\/eu\/el-investigador-cientifico-txetxu-ausin-inaugura-los-cursos-de-verano-de-las-universidades\/\" \/>\n<meta property=\"og:locale\" content=\"eu_ES\" \/>\n<meta property=\"og:type\" content=\"article\" \/>\n<meta property=\"og:title\" content=\"El investigador cient\u00edfico Txetxu Aus\u00edn inaugura los Cursos de verano de las universidades - UNED Pamplona\" \/>\n<meta property=\"og:description\" content=\"El profesor, investigador cient\u00edfico y director del Instituto de Filosof\u00eda del Consejo Superior de Investigaciones Cient\u00edficas (CSIC),\u00a0Txetxu\u00a0 Aus\u00edn\u00a0inaugur\u00f3 el pasado 27 de mayo\u00a0la\u00a0XXIV edici\u00f3n de los Cursos de verano\u00a0de las universidades navarras,\u00a0con la conferencia inaugural:\u00a0&#8220;Soledades: malestares y pliegues de la cotidianidad&#8220;.\u00a0Aus\u00edn estuvo acompa\u00f1ado por\u00a0la consejera de Universidad, Innovaci\u00f3n y Transformaci\u00f3n Digital,\u00a0Patricia Fanlo,\u00a0y la directora del [&hellip;]\" \/>\n<meta property=\"og:url\" content=\"https:\/\/unedpamplona.es\/eu\/el-investigador-cientifico-txetxu-ausin-inaugura-los-cursos-de-verano-de-las-universidades\/\" \/>\n<meta property=\"og:site_name\" content=\"UNED Pamplona\" \/>\n<meta property=\"article:published_time\" content=\"2024-05-28T13:07:54+00:00\" \/>\n<meta property=\"article:modified_time\" content=\"2024-06-24T13:08:54+00:00\" \/>\n<meta property=\"og:image\" content=\"https:\/\/unedpamplona.es\/wp-content\/uploads\/2024\/06\/inauguracionccvv3-scaled.jpg\" \/>\n\t<meta property=\"og:image:width\" content=\"2560\" \/>\n\t<meta property=\"og:image:height\" content=\"1440\" \/>\n\t<meta property=\"og:image:type\" content=\"image\/jpeg\" \/>\n<meta name=\"author\" content=\"room116\" \/>\n<meta name=\"twitter:card\" content=\"summary_large_image\" \/>\n<meta name=\"twitter:creator\" content=\"@unedpamplona\" \/>\n<meta name=\"twitter:site\" content=\"@unedpamplona\" \/>\n<meta name=\"twitter:label1\" content=\"Written by\" \/>\n\t<meta name=\"twitter:data1\" content=\"room116\" \/>\n\t<meta name=\"twitter:label2\" content=\"Est. reading time\" \/>\n\t<meta name=\"twitter:data2\" content=\"5 minutes\" \/>\n<script type=\"application\/ld+json\" class=\"yoast-schema-graph\">{\"@context\":\"https:\/\/schema.org\",\"@graph\":[{\"@type\":\"Article\",\"@id\":\"https:\/\/unedpamplona.es\/eu\/el-investigador-cientifico-txetxu-ausin-inaugura-los-cursos-de-verano-de-las-universidades\/#article\",\"isPartOf\":{\"@id\":\"https:\/\/unedpamplona.es\/eu\/el-investigador-cientifico-txetxu-ausin-inaugura-los-cursos-de-verano-de-las-universidades\/\"},\"author\":{\"name\":\"room116\",\"@id\":\"https:\/\/unedpamplona.es\/eu\/#\/schema\/person\/2ab9beab35599470cd53757e726a9810\"},\"headline\":\"El investigador cient\u00edfico Txetxu Aus\u00edn inaugura los Cursos de verano de las universidades\",\"datePublished\":\"2024-05-28T13:07:54+00:00\",\"dateModified\":\"2024-06-24T13:08:54+00:00\",\"mainEntityOfPage\":{\"@id\":\"https:\/\/unedpamplona.es\/eu\/el-investigador-cientifico-txetxu-ausin-inaugura-los-cursos-de-verano-de-las-universidades\/\"},\"wordCount\":1118,\"publisher\":{\"@id\":\"https:\/\/unedpamplona.es\/eu\/#organization\"},\"image\":{\"@id\":\"https:\/\/unedpamplona.es\/eu\/el-investigador-cientifico-txetxu-ausin-inaugura-los-cursos-de-verano-de-las-universidades\/#primaryimage\"},\"thumbnailUrl\":\"https:\/\/unedpamplona.es\/wp-content\/uploads\/2024\/06\/inauguracionccvv3-scaled.jpg\",\"articleSection\":[\"Actualidad\"],\"inLanguage\":\"eu-ES\"},{\"@type\":\"WebPage\",\"@id\":\"https:\/\/unedpamplona.es\/eu\/el-investigador-cientifico-txetxu-ausin-inaugura-los-cursos-de-verano-de-las-universidades\/\",\"url\":\"https:\/\/unedpamplona.es\/eu\/el-investigador-cientifico-txetxu-ausin-inaugura-los-cursos-de-verano-de-las-universidades\/\",\"name\":\"El investigador cient\u00edfico Txetxu Aus\u00edn inaugura los Cursos de verano de las universidades - UNED Pamplona\",\"isPartOf\":{\"@id\":\"https:\/\/unedpamplona.es\/eu\/#website\"},\"primaryImageOfPage\":{\"@id\":\"https:\/\/unedpamplona.es\/eu\/el-investigador-cientifico-txetxu-ausin-inaugura-los-cursos-de-verano-de-las-universidades\/#primaryimage\"},\"image\":{\"@id\":\"https:\/\/unedpamplona.es\/eu\/el-investigador-cientifico-txetxu-ausin-inaugura-los-cursos-de-verano-de-las-universidades\/#primaryimage\"},\"thumbnailUrl\":\"https:\/\/unedpamplona.es\/wp-content\/uploads\/2024\/06\/inauguracionccvv3-scaled.jpg\",\"datePublished\":\"2024-05-28T13:07:54+00:00\",\"dateModified\":\"2024-06-24T13:08:54+00:00\",\"inLanguage\":\"eu-ES\",\"potentialAction\":[{\"@type\":\"ReadAction\",\"target\":[\"https:\/\/unedpamplona.es\/eu\/el-investigador-cientifico-txetxu-ausin-inaugura-los-cursos-de-verano-de-las-universidades\/\"]}]},{\"@type\":\"ImageObject\",\"inLanguage\":\"eu-ES\",\"@id\":\"https:\/\/unedpamplona.es\/eu\/el-investigador-cientifico-txetxu-ausin-inaugura-los-cursos-de-verano-de-las-universidades\/#primaryimage\",\"url\":\"https:\/\/unedpamplona.es\/wp-content\/uploads\/2024\/06\/inauguracionccvv3-scaled.jpg\",\"contentUrl\":\"https:\/\/unedpamplona.es\/wp-content\/uploads\/2024\/06\/inauguracionccvv3-scaled.jpg\",\"width\":2560,\"height\":1440,\"caption\":\"El investigador cient\u00edfico Txetxu Aus\u00edn inaugura los Cursos de verano de las universidades\"},{\"@type\":\"WebSite\",\"@id\":\"https:\/\/unedpamplona.es\/eu\/#website\",\"url\":\"https:\/\/unedpamplona.es\/eu\/\",\"name\":\"UNED Pamplona\",\"description\":\"\",\"publisher\":{\"@id\":\"https:\/\/unedpamplona.es\/eu\/#organization\"},\"potentialAction\":[{\"@type\":\"SearchAction\",\"target\":{\"@type\":\"EntryPoint\",\"urlTemplate\":\"https:\/\/unedpamplona.es\/eu\/?s={search_term_string}\"},\"query-input\":\"required name=search_term_string\"}],\"inLanguage\":\"eu-ES\"},{\"@type\":\"Organization\",\"@id\":\"https:\/\/unedpamplona.es\/eu\/#organization\",\"name\":\"UNED Pamplona\",\"url\":\"https:\/\/unedpamplona.es\/eu\/\",\"logo\":{\"@type\":\"ImageObject\",\"inLanguage\":\"eu-ES\",\"@id\":\"https:\/\/unedpamplona.es\/eu\/#\/schema\/logo\/image\/\",\"url\":\"https:\/\/unedpamplona.es\/wp-content\/uploads\/2024\/02\/uned_pamplona_logo.png\",\"contentUrl\":\"https:\/\/unedpamplona.es\/wp-content\/uploads\/2024\/02\/uned_pamplona_logo.png\",\"width\":218,\"height\":104,\"caption\":\"UNED Pamplona\"},\"image\":{\"@id\":\"https:\/\/unedpamplona.es\/eu\/#\/schema\/logo\/image\/\"},\"sameAs\":[\"https:\/\/x.com\/unedpamplona\",\"https:\/\/www.youtube.com\/channel\/UCR2jc6TbCMAPnbcA17Z0wwg\",\"https:\/\/www.instagram.com\/unedpamplona\/\"]},{\"@type\":\"Person\",\"@id\":\"https:\/\/unedpamplona.es\/eu\/#\/schema\/person\/2ab9beab35599470cd53757e726a9810\",\"name\":\"room116\",\"image\":{\"@type\":\"ImageObject\",\"inLanguage\":\"eu-ES\",\"@id\":\"https:\/\/unedpamplona.es\/eu\/#\/schema\/person\/image\/\",\"url\":\"https:\/\/secure.gravatar.com\/avatar\/4081e23516e875d8e1fa4ed0171d6f96?s=96&d=mm&r=g\",\"contentUrl\":\"https:\/\/secure.gravatar.com\/avatar\/4081e23516e875d8e1fa4ed0171d6f96?s=96&d=mm&r=g\",\"caption\":\"room116\"},\"sameAs\":[\"https:\/\/unedpamplona.es\"],\"url\":\"https:\/\/unedpamplona.es\/eu\/author\/room116\/\"}]}<\/script>\n<!-- \/ Yoast SEO plugin. -->","yoast_head_json":{"title":"El investigador cient\u00edfico Txetxu Aus\u00edn inaugura los Cursos de verano de las universidades - UNED Pamplona","robots":{"index":"index","follow":"follow","max-snippet":"max-snippet:-1","max-image-preview":"max-image-preview:large","max-video-preview":"max-video-preview:-1"},"canonical":"https:\/\/unedpamplona.es\/eu\/el-investigador-cientifico-txetxu-ausin-inaugura-los-cursos-de-verano-de-las-universidades\/","og_locale":"eu_ES","og_type":"article","og_title":"El investigador cient\u00edfico Txetxu Aus\u00edn inaugura los Cursos de verano de las universidades - UNED Pamplona","og_description":"El profesor, investigador cient\u00edfico y director del Instituto de Filosof\u00eda del Consejo Superior de Investigaciones Cient\u00edficas (CSIC),\u00a0Txetxu\u00a0 Aus\u00edn\u00a0inaugur\u00f3 el pasado 27 de mayo\u00a0la\u00a0XXIV edici\u00f3n de los Cursos de verano\u00a0de las universidades navarras,\u00a0con la conferencia inaugural:\u00a0&#8220;Soledades: malestares y pliegues de la cotidianidad&#8220;.\u00a0Aus\u00edn estuvo acompa\u00f1ado por\u00a0la consejera de Universidad, Innovaci\u00f3n y Transformaci\u00f3n Digital,\u00a0Patricia Fanlo,\u00a0y la directora del [&hellip;]","og_url":"https:\/\/unedpamplona.es\/eu\/el-investigador-cientifico-txetxu-ausin-inaugura-los-cursos-de-verano-de-las-universidades\/","og_site_name":"UNED Pamplona","article_published_time":"2024-05-28T13:07:54+00:00","article_modified_time":"2024-06-24T13:08:54+00:00","og_image":[{"width":2560,"height":1440,"url":"https:\/\/unedpamplona.es\/wp-content\/uploads\/2024\/06\/inauguracionccvv3-scaled.jpg","type":"image\/jpeg"}],"author":"room116","twitter_card":"summary_large_image","twitter_creator":"@unedpamplona","twitter_site":"@unedpamplona","twitter_misc":{"Written by":"room116","Est. reading time":"5 minutes"},"schema":{"@context":"https:\/\/schema.org","@graph":[{"@type":"Article","@id":"https:\/\/unedpamplona.es\/eu\/el-investigador-cientifico-txetxu-ausin-inaugura-los-cursos-de-verano-de-las-universidades\/#article","isPartOf":{"@id":"https:\/\/unedpamplona.es\/eu\/el-investigador-cientifico-txetxu-ausin-inaugura-los-cursos-de-verano-de-las-universidades\/"},"author":{"name":"room116","@id":"https:\/\/unedpamplona.es\/eu\/#\/schema\/person\/2ab9beab35599470cd53757e726a9810"},"headline":"El investigador cient\u00edfico Txetxu Aus\u00edn inaugura los Cursos de verano de las universidades","datePublished":"2024-05-28T13:07:54+00:00","dateModified":"2024-06-24T13:08:54+00:00","mainEntityOfPage":{"@id":"https:\/\/unedpamplona.es\/eu\/el-investigador-cientifico-txetxu-ausin-inaugura-los-cursos-de-verano-de-las-universidades\/"},"wordCount":1118,"publisher":{"@id":"https:\/\/unedpamplona.es\/eu\/#organization"},"image":{"@id":"https:\/\/unedpamplona.es\/eu\/el-investigador-cientifico-txetxu-ausin-inaugura-los-cursos-de-verano-de-las-universidades\/#primaryimage"},"thumbnailUrl":"https:\/\/unedpamplona.es\/wp-content\/uploads\/2024\/06\/inauguracionccvv3-scaled.jpg","articleSection":["Actualidad"],"inLanguage":"eu-ES"},{"@type":"WebPage","@id":"https:\/\/unedpamplona.es\/eu\/el-investigador-cientifico-txetxu-ausin-inaugura-los-cursos-de-verano-de-las-universidades\/","url":"https:\/\/unedpamplona.es\/eu\/el-investigador-cientifico-txetxu-ausin-inaugura-los-cursos-de-verano-de-las-universidades\/","name":"El investigador cient\u00edfico Txetxu Aus\u00edn inaugura los Cursos de verano de las universidades - UNED Pamplona","isPartOf":{"@id":"https:\/\/unedpamplona.es\/eu\/#website"},"primaryImageOfPage":{"@id":"https:\/\/unedpamplona.es\/eu\/el-investigador-cientifico-txetxu-ausin-inaugura-los-cursos-de-verano-de-las-universidades\/#primaryimage"},"image":{"@id":"https:\/\/unedpamplona.es\/eu\/el-investigador-cientifico-txetxu-ausin-inaugura-los-cursos-de-verano-de-las-universidades\/#primaryimage"},"thumbnailUrl":"https:\/\/unedpamplona.es\/wp-content\/uploads\/2024\/06\/inauguracionccvv3-scaled.jpg","datePublished":"2024-05-28T13:07:54+00:00","dateModified":"2024-06-24T13:08:54+00:00","inLanguage":"eu-ES","potentialAction":[{"@type":"ReadAction","target":["https:\/\/unedpamplona.es\/eu\/el-investigador-cientifico-txetxu-ausin-inaugura-los-cursos-de-verano-de-las-universidades\/"]}]},{"@type":"ImageObject","inLanguage":"eu-ES","@id":"https:\/\/unedpamplona.es\/eu\/el-investigador-cientifico-txetxu-ausin-inaugura-los-cursos-de-verano-de-las-universidades\/#primaryimage","url":"https:\/\/unedpamplona.es\/wp-content\/uploads\/2024\/06\/inauguracionccvv3-scaled.jpg","contentUrl":"https:\/\/unedpamplona.es\/wp-content\/uploads\/2024\/06\/inauguracionccvv3-scaled.jpg","width":2560,"height":1440,"caption":"El investigador cient\u00edfico Txetxu Aus\u00edn inaugura los Cursos de verano de las universidades"},{"@type":"WebSite","@id":"https:\/\/unedpamplona.es\/eu\/#website","url":"https:\/\/unedpamplona.es\/eu\/","name":"UNED Pamplona","description":"","publisher":{"@id":"https:\/\/unedpamplona.es\/eu\/#organization"},"potentialAction":[{"@type":"SearchAction","target":{"@type":"EntryPoint","urlTemplate":"https:\/\/unedpamplona.es\/eu\/?s={search_term_string}"},"query-input":"required name=search_term_string"}],"inLanguage":"eu-ES"},{"@type":"Organization","@id":"https:\/\/unedpamplona.es\/eu\/#organization","name":"UNED Pamplona","url":"https:\/\/unedpamplona.es\/eu\/","logo":{"@type":"ImageObject","inLanguage":"eu-ES","@id":"https:\/\/unedpamplona.es\/eu\/#\/schema\/logo\/image\/","url":"https:\/\/unedpamplona.es\/wp-content\/uploads\/2024\/02\/uned_pamplona_logo.png","contentUrl":"https:\/\/unedpamplona.es\/wp-content\/uploads\/2024\/02\/uned_pamplona_logo.png","width":218,"height":104,"caption":"UNED Pamplona"},"image":{"@id":"https:\/\/unedpamplona.es\/eu\/#\/schema\/logo\/image\/"},"sameAs":["https:\/\/x.com\/unedpamplona","https:\/\/www.youtube.com\/channel\/UCR2jc6TbCMAPnbcA17Z0wwg","https:\/\/www.instagram.com\/unedpamplona\/"]},{"@type":"Person","@id":"https:\/\/unedpamplona.es\/eu\/#\/schema\/person\/2ab9beab35599470cd53757e726a9810","name":"room116","image":{"@type":"ImageObject","inLanguage":"eu-ES","@id":"https:\/\/unedpamplona.es\/eu\/#\/schema\/person\/image\/","url":"https:\/\/secure.gravatar.com\/avatar\/4081e23516e875d8e1fa4ed0171d6f96?s=96&d=mm&r=g","contentUrl":"https:\/\/secure.gravatar.com\/avatar\/4081e23516e875d8e1fa4ed0171d6f96?s=96&d=mm&r=g","caption":"room116"},"sameAs":["https:\/\/unedpamplona.es"],"url":"https:\/\/unedpamplona.es\/eu\/author\/room116\/"}]}},"_links":{"self":[{"href":"https:\/\/unedpamplona.es\/eu\/wp-json\/wp\/v2\/posts\/3123"}],"collection":[{"href":"https:\/\/unedpamplona.es\/eu\/wp-json\/wp\/v2\/posts"}],"about":[{"href":"https:\/\/unedpamplona.es\/eu\/wp-json\/wp\/v2\/types\/post"}],"author":[{"embeddable":true,"href":"https:\/\/unedpamplona.es\/eu\/wp-json\/wp\/v2\/users\/1"}],"replies":[{"embeddable":true,"href":"https:\/\/unedpamplona.es\/eu\/wp-json\/wp\/v2\/comments?post=3123"}],"version-history":[{"count":1,"href":"https:\/\/unedpamplona.es\/eu\/wp-json\/wp\/v2\/posts\/3123\/revisions"}],"predecessor-version":[{"id":3125,"href":"https:\/\/unedpamplona.es\/eu\/wp-json\/wp\/v2\/posts\/3123\/revisions\/3125"}],"wp:featuredmedia":[{"embeddable":true,"href":"https:\/\/unedpamplona.es\/eu\/wp-json\/wp\/v2\/media\/3124"}],"wp:attachment":[{"href":"https:\/\/unedpamplona.es\/eu\/wp-json\/wp\/v2\/media?parent=3123"}],"wp:term":[{"taxonomy":"category","embeddable":true,"href":"https:\/\/unedpamplona.es\/eu\/wp-json\/wp\/v2\/categories?post=3123"},{"taxonomy":"post_tag","embeddable":true,"href":"https:\/\/unedpamplona.es\/eu\/wp-json\/wp\/v2\/tags?post=3123"}],"curies":[{"name":"wp","href":"https:\/\/api.w.org\/{rel}","templated":true}]}}