{"id":3126,"date":"2024-05-25T15:09:29","date_gmt":"2024-05-25T13:09:29","guid":{"rendered":"https:\/\/unedpamplona.es\/?p=3126"},"modified":"2024-06-24T15:12:02","modified_gmt":"2024-06-24T13:12:02","slug":"uned-pamplona-organiza-dos-cursos-de-verano-de-la-uned","status":"publish","type":"post","link":"https:\/\/unedpamplona.es\/eu\/uned-pamplona-organiza-dos-cursos-de-verano-de-la-uned\/","title":{"rendered":"UNED Pamplona organiza dos cursos de verano de la UNED"},"content":{"rendered":"<p>La 35\u00aa edici\u00f3n de los Cursos de Verano de la UNED oferta este a\u00f1o 147 cursos impartidos en 65 sedes diferentes, distribuidas entre los 40 centros UNED participantes, e incluye tambi\u00e9n 15 centros penitenciarios. Se llevar\u00e1n a cabo del 17 de junio al 29 de septiembre de 2024.<\/p>\n<p>Este a\u00f1o UNED Pamplona ha organizado dos cursos:\u00a0<em>&#8220;Recursos pr\u00e1cticos para la mejora de la inteligencia emocional en la\u00a0ciudadan\u00eda (III Edici\u00f3n)&#8221; y &#8220;Programas clave de educaci\u00f3n emocional&#8221;.\u00a0<\/em><\/p>\n<div>Los ejes centrales de esta edici\u00f3n ser\u00e1n la salud mental y la Inteligencia Artificial.\u00a0La matr\u00edcula est\u00e1 abierta desde hoy hasta el inicio de cada curso, y se ofrecer\u00e1n tarifas reducidas para ciertos colectivos. El rector de la UNED,\u00a0<a href=\"https:\/\/www.uned.es\/universidad\/inicio\/institucional\/areas-direccion\/curriculums-direccion\/ricardo-mairal.html\" target=\"_blank\" rel=\"noopener\">Ricardo Mairal<\/a>, enfatiz\u00f3 la importancia del rigor en la ense\u00f1anza de los cursos y la vocaci\u00f3n social de la instituci\u00f3n.\u00a0Destac\u00f3 que la elecci\u00f3n del Centro Escuelas P\u00edas de Lavapi\u00e9s, un barrio multicultural, como sede de los cursos, refleja el enfoque inclusivo y diverso de la universidad.<\/div>\n<p><strong>\u00a0CURSOS DE UNED PAMPLONA<\/strong><\/p>\n<p>El Centro de UNED Pamplona ha organizado dos cursos de verano:<\/p>\n<ul>\n<li><strong>Recursos pr\u00e1cticos para la mejora de la inteligencia emocional en la\u00a0ciudadan\u00eda (III Edici\u00f3n)<\/strong><em>\u00a0(El curso est\u00e1 dirigido a internos y funcionarios del centro penitenciario de Pamplona)<\/em>\n<ul>\n<li>M\u00e1s informaci\u00f3n y matr\u00edcula:\u00a0<a href=\"https:\/\/extension.uned.es\/actividad\/idactividad\/36683\">Recursos pr\u00e1cticos para la mejora de la inteligencia emocional en la\u00a0ciudadan\u00eda (III Edici\u00f3n) | Cursos de Verano UNED | en Pamplona<\/a><\/li>\n<\/ul>\n<\/li>\n<li><strong>Programas clave de educaci\u00f3n emocional<\/strong>\n<ul>\n<li>M\u00e1s informaci\u00f3n y matr\u00edcula:\u00a0<a href=\"https:\/\/extension.uned.es\/actividad\/idactividad\/36739\">Programas clave de educaci\u00f3n emocional | Cursos de Verano UNED | en Pamplona<\/a><\/li>\n<\/ul>\n<\/li>\n<\/ul>\n<p><strong><a href=\"https:\/\/extension.uned.es\/cursosverano\">INFORMACI\u00d3N DE TODOS LOS CURSOS DE VERANO DE UNED\u00a0<\/a><\/strong><\/p>\n","protected":false},"excerpt":{"rendered":"<p>La 35\u00aa edici\u00f3n de los Cursos de Verano de la UNED oferta este a\u00f1o 147 cursos impartidos en 65 sedes diferentes, distribuidas entre los 40 centros UNED participantes, e incluye tambi\u00e9n 15 centros penitenciarios. Se llevar\u00e1n a cabo del 17 de junio al 29 de septiembre de 2024. Este a\u00f1o UNED Pamplona ha organizado dos [&hellip;]<\/p>\n","protected":false},"author":1,"featured_media":3127,"comment_status":"closed","ping_status":"closed","sticky":false,"template":"","format":"standard","meta":{"footnotes":""},"categories":[11],"tags":[],"yoast_head":"<!-- This site is optimized with the Yoast SEO plugin v22.5 - https:\/\/yoast.com\/wordpress\/plugins\/seo\/ -->\n<title>UNED Pamplona organiza dos cursos de verano de la UNED - UNED Pamplona<\/title>\n<meta name=\"robots\" content=\"index, follow, max-snippet:-1, max-image-preview:large, max-video-preview:-1\" \/>\n<link rel=\"canonical\" href=\"https:\/\/unedpamplona.es\/eu\/uned-pamplona-organiza-dos-cursos-de-verano-de-la-uned\/\" \/>\n<meta property=\"og:locale\" content=\"eu_ES\" \/>\n<meta property=\"og:type\" content=\"article\" \/>\n<meta property=\"og:title\" content=\"UNED Pamplona organiza dos cursos de verano de la UNED - UNED Pamplona\" \/>\n<meta property=\"og:description\" content=\"La 35\u00aa edici\u00f3n de los Cursos de Verano de la UNED oferta este a\u00f1o 147 cursos impartidos en 65 sedes diferentes, distribuidas entre los 40 centros UNED participantes, e incluye tambi\u00e9n 15 centros penitenciarios. Se llevar\u00e1n a cabo del 17 de junio al 29 de septiembre de 2024. Este a\u00f1o UNED Pamplona ha organizado dos [&hellip;]\" \/>\n<meta property=\"og:url\" content=\"https:\/\/unedpamplona.es\/eu\/uned-pamplona-organiza-dos-cursos-de-verano-de-la-uned\/\" \/>\n<meta property=\"og:site_name\" content=\"UNED Pamplona\" \/>\n<meta property=\"article:published_time\" content=\"2024-05-25T13:09:29+00:00\" \/>\n<meta property=\"article:modified_time\" content=\"2024-06-24T13:12:02+00:00\" \/>\n<meta property=\"og:image\" content=\"https:\/\/unedpamplona.es\/wp-content\/uploads\/2024\/06\/twitter_facebook_1200x630px-1.jpg\" \/>\n\t<meta property=\"og:image:width\" content=\"1200\" \/>\n\t<meta property=\"og:image:height\" content=\"631\" \/>\n\t<meta property=\"og:image:type\" content=\"image\/jpeg\" \/>\n<meta name=\"author\" content=\"room116\" \/>\n<meta name=\"twitter:card\" content=\"summary_large_image\" \/>\n<meta name=\"twitter:creator\" content=\"@unedpamplona\" \/>\n<meta name=\"twitter:site\" content=\"@unedpamplona\" \/>\n<meta name=\"twitter:label1\" content=\"Written by\" \/>\n\t<meta name=\"twitter:data1\" content=\"room116\" \/>\n\t<meta name=\"twitter:label2\" content=\"Est. reading time\" \/>\n\t<meta name=\"twitter:data2\" content=\"2 minutes\" \/>\n<script type=\"application\/ld+json\" class=\"yoast-schema-graph\">{\"@context\":\"https:\/\/schema.org\",\"@graph\":[{\"@type\":\"Article\",\"@id\":\"https:\/\/unedpamplona.es\/eu\/uned-pamplona-organiza-dos-cursos-de-verano-de-la-uned\/#article\",\"isPartOf\":{\"@id\":\"https:\/\/unedpamplona.es\/eu\/uned-pamplona-organiza-dos-cursos-de-verano-de-la-uned\/\"},\"author\":{\"name\":\"room116\",\"@id\":\"https:\/\/unedpamplona.es\/eu\/#\/schema\/person\/2ab9beab35599470cd53757e726a9810\"},\"headline\":\"UNED Pamplona organiza dos cursos de verano de la UNED\",\"datePublished\":\"2024-05-25T13:09:29+00:00\",\"dateModified\":\"2024-06-24T13:12:02+00:00\",\"mainEntityOfPage\":{\"@id\":\"https:\/\/unedpamplona.es\/eu\/uned-pamplona-organiza-dos-cursos-de-verano-de-la-uned\/\"},\"wordCount\":293,\"publisher\":{\"@id\":\"https:\/\/unedpamplona.es\/eu\/#organization\"},\"image\":{\"@id\":\"https:\/\/unedpamplona.es\/eu\/uned-pamplona-organiza-dos-cursos-de-verano-de-la-uned\/#primaryimage\"},\"thumbnailUrl\":\"https:\/\/unedpamplona.es\/wp-content\/uploads\/2024\/06\/twitter_facebook_1200x630px-1.jpg\",\"articleSection\":[\"Actualidad\"],\"inLanguage\":\"eu-ES\"},{\"@type\":\"WebPage\",\"@id\":\"https:\/\/unedpamplona.es\/eu\/uned-pamplona-organiza-dos-cursos-de-verano-de-la-uned\/\",\"url\":\"https:\/\/unedpamplona.es\/eu\/uned-pamplona-organiza-dos-cursos-de-verano-de-la-uned\/\",\"name\":\"UNED Pamplona organiza dos cursos de verano de la UNED - UNED Pamplona\",\"isPartOf\":{\"@id\":\"https:\/\/unedpamplona.es\/eu\/#website\"},\"primaryImageOfPage\":{\"@id\":\"https:\/\/unedpamplona.es\/eu\/uned-pamplona-organiza-dos-cursos-de-verano-de-la-uned\/#primaryimage\"},\"image\":{\"@id\":\"https:\/\/unedpamplona.es\/eu\/uned-pamplona-organiza-dos-cursos-de-verano-de-la-uned\/#primaryimage\"},\"thumbnailUrl\":\"https:\/\/unedpamplona.es\/wp-content\/uploads\/2024\/06\/twitter_facebook_1200x630px-1.jpg\",\"datePublished\":\"2024-05-25T13:09:29+00:00\",\"dateModified\":\"2024-06-24T13:12:02+00:00\",\"inLanguage\":\"eu-ES\",\"potentialAction\":[{\"@type\":\"ReadAction\",\"target\":[\"https:\/\/unedpamplona.es\/eu\/uned-pamplona-organiza-dos-cursos-de-verano-de-la-uned\/\"]}]},{\"@type\":\"ImageObject\",\"inLanguage\":\"eu-ES\",\"@id\":\"https:\/\/unedpamplona.es\/eu\/uned-pamplona-organiza-dos-cursos-de-verano-de-la-uned\/#primaryimage\",\"url\":\"https:\/\/unedpamplona.es\/wp-content\/uploads\/2024\/06\/twitter_facebook_1200x630px-1.jpg\",\"contentUrl\":\"https:\/\/unedpamplona.es\/wp-content\/uploads\/2024\/06\/twitter_facebook_1200x630px-1.jpg\",\"width\":1200,\"height\":631,\"caption\":\"UNED Pamplona organiza dos cursos de verano de la UNED\"},{\"@type\":\"WebSite\",\"@id\":\"https:\/\/unedpamplona.es\/eu\/#website\",\"url\":\"https:\/\/unedpamplona.es\/eu\/\",\"name\":\"UNED Pamplona\",\"description\":\"\",\"publisher\":{\"@id\":\"https:\/\/unedpamplona.es\/eu\/#organization\"},\"potentialAction\":[{\"@type\":\"SearchAction\",\"target\":{\"@type\":\"EntryPoint\",\"urlTemplate\":\"https:\/\/unedpamplona.es\/eu\/?s={search_term_string}\"},\"query-input\":\"required name=search_term_string\"}],\"inLanguage\":\"eu-ES\"},{\"@type\":\"Organization\",\"@id\":\"https:\/\/unedpamplona.es\/eu\/#organization\",\"name\":\"UNED Pamplona\",\"url\":\"https:\/\/unedpamplona.es\/eu\/\",\"logo\":{\"@type\":\"ImageObject\",\"inLanguage\":\"eu-ES\",\"@id\":\"https:\/\/unedpamplona.es\/eu\/#\/schema\/logo\/image\/\",\"url\":\"https:\/\/unedpamplona.es\/wp-content\/uploads\/2024\/02\/uned_pamplona_logo.png\",\"contentUrl\":\"https:\/\/unedpamplona.es\/wp-content\/uploads\/2024\/02\/uned_pamplona_logo.png\",\"width\":218,\"height\":104,\"caption\":\"UNED Pamplona\"},\"image\":{\"@id\":\"https:\/\/unedpamplona.es\/eu\/#\/schema\/logo\/image\/\"},\"sameAs\":[\"https:\/\/x.com\/unedpamplona\",\"https:\/\/www.youtube.com\/channel\/UCR2jc6TbCMAPnbcA17Z0wwg\",\"https:\/\/www.instagram.com\/unedpamplona\/\"]},{\"@type\":\"Person\",\"@id\":\"https:\/\/unedpamplona.es\/eu\/#\/schema\/person\/2ab9beab35599470cd53757e726a9810\",\"name\":\"room116\",\"image\":{\"@type\":\"ImageObject\",\"inLanguage\":\"eu-ES\",\"@id\":\"https:\/\/unedpamplona.es\/eu\/#\/schema\/person\/image\/\",\"url\":\"https:\/\/secure.gravatar.com\/avatar\/4081e23516e875d8e1fa4ed0171d6f96?s=96&d=mm&r=g\",\"contentUrl\":\"https:\/\/secure.gravatar.com\/avatar\/4081e23516e875d8e1fa4ed0171d6f96?s=96&d=mm&r=g\",\"caption\":\"room116\"},\"sameAs\":[\"https:\/\/unedpamplona.es\"],\"url\":\"https:\/\/unedpamplona.es\/eu\/author\/room116\/\"}]}<\/script>\n<!-- \/ Yoast SEO plugin. -->","yoast_head_json":{"title":"UNED Pamplona organiza dos cursos de verano de la UNED - UNED Pamplona","robots":{"index":"index","follow":"follow","max-snippet":"max-snippet:-1","max-image-preview":"max-image-preview:large","max-video-preview":"max-video-preview:-1"},"canonical":"https:\/\/unedpamplona.es\/eu\/uned-pamplona-organiza-dos-cursos-de-verano-de-la-uned\/","og_locale":"eu_ES","og_type":"article","og_title":"UNED Pamplona organiza dos cursos de verano de la UNED - UNED Pamplona","og_description":"La 35\u00aa edici\u00f3n de los Cursos de Verano de la UNED oferta este a\u00f1o 147 cursos impartidos en 65 sedes diferentes, distribuidas entre los 40 centros UNED participantes, e incluye tambi\u00e9n 15 centros penitenciarios. Se llevar\u00e1n a cabo del 17 de junio al 29 de septiembre de 2024. Este a\u00f1o UNED Pamplona ha organizado dos [&hellip;]","og_url":"https:\/\/unedpamplona.es\/eu\/uned-pamplona-organiza-dos-cursos-de-verano-de-la-uned\/","og_site_name":"UNED Pamplona","article_published_time":"2024-05-25T13:09:29+00:00","article_modified_time":"2024-06-24T13:12:02+00:00","og_image":[{"width":1200,"height":631,"url":"https:\/\/unedpamplona.es\/wp-content\/uploads\/2024\/06\/twitter_facebook_1200x630px-1.jpg","type":"image\/jpeg"}],"author":"room116","twitter_card":"summary_large_image","twitter_creator":"@unedpamplona","twitter_site":"@unedpamplona","twitter_misc":{"Written by":"room116","Est. reading time":"2 minutes"},"schema":{"@context":"https:\/\/schema.org","@graph":[{"@type":"Article","@id":"https:\/\/unedpamplona.es\/eu\/uned-pamplona-organiza-dos-cursos-de-verano-de-la-uned\/#article","isPartOf":{"@id":"https:\/\/unedpamplona.es\/eu\/uned-pamplona-organiza-dos-cursos-de-verano-de-la-uned\/"},"author":{"name":"room116","@id":"https:\/\/unedpamplona.es\/eu\/#\/schema\/person\/2ab9beab35599470cd53757e726a9810"},"headline":"UNED Pamplona organiza dos cursos de verano de la UNED","datePublished":"2024-05-25T13:09:29+00:00","dateModified":"2024-06-24T13:12:02+00:00","mainEntityOfPage":{"@id":"https:\/\/unedpamplona.es\/eu\/uned-pamplona-organiza-dos-cursos-de-verano-de-la-uned\/"},"wordCount":293,"publisher":{"@id":"https:\/\/unedpamplona.es\/eu\/#organization"},"image":{"@id":"https:\/\/unedpamplona.es\/eu\/uned-pamplona-organiza-dos-cursos-de-verano-de-la-uned\/#primaryimage"},"thumbnailUrl":"https:\/\/unedpamplona.es\/wp-content\/uploads\/2024\/06\/twitter_facebook_1200x630px-1.jpg","articleSection":["Actualidad"],"inLanguage":"eu-ES"},{"@type":"WebPage","@id":"https:\/\/unedpamplona.es\/eu\/uned-pamplona-organiza-dos-cursos-de-verano-de-la-uned\/","url":"https:\/\/unedpamplona.es\/eu\/uned-pamplona-organiza-dos-cursos-de-verano-de-la-uned\/","name":"UNED Pamplona organiza dos cursos de verano de la UNED - UNED Pamplona","isPartOf":{"@id":"https:\/\/unedpamplona.es\/eu\/#website"},"primaryImageOfPage":{"@id":"https:\/\/unedpamplona.es\/eu\/uned-pamplona-organiza-dos-cursos-de-verano-de-la-uned\/#primaryimage"},"image":{"@id":"https:\/\/unedpamplona.es\/eu\/uned-pamplona-organiza-dos-cursos-de-verano-de-la-uned\/#primaryimage"},"thumbnailUrl":"https:\/\/unedpamplona.es\/wp-content\/uploads\/2024\/06\/twitter_facebook_1200x630px-1.jpg","datePublished":"2024-05-25T13:09:29+00:00","dateModified":"2024-06-24T13:12:02+00:00","inLanguage":"eu-ES","potentialAction":[{"@type":"ReadAction","target":["https:\/\/unedpamplona.es\/eu\/uned-pamplona-organiza-dos-cursos-de-verano-de-la-uned\/"]}]},{"@type":"ImageObject","inLanguage":"eu-ES","@id":"https:\/\/unedpamplona.es\/eu\/uned-pamplona-organiza-dos-cursos-de-verano-de-la-uned\/#primaryimage","url":"https:\/\/unedpamplona.es\/wp-content\/uploads\/2024\/06\/twitter_facebook_1200x630px-1.jpg","contentUrl":"https:\/\/unedpamplona.es\/wp-content\/uploads\/2024\/06\/twitter_facebook_1200x630px-1.jpg","width":1200,"height":631,"caption":"UNED Pamplona organiza dos cursos de verano de la UNED"},{"@type":"WebSite","@id":"https:\/\/unedpamplona.es\/eu\/#website","url":"https:\/\/unedpamplona.es\/eu\/","name":"UNED Pamplona","description":"","publisher":{"@id":"https:\/\/unedpamplona.es\/eu\/#organization"},"potentialAction":[{"@type":"SearchAction","target":{"@type":"EntryPoint","urlTemplate":"https:\/\/unedpamplona.es\/eu\/?s={search_term_string}"},"query-input":"required name=search_term_string"}],"inLanguage":"eu-ES"},{"@type":"Organization","@id":"https:\/\/unedpamplona.es\/eu\/#organization","name":"UNED Pamplona","url":"https:\/\/unedpamplona.es\/eu\/","logo":{"@type":"ImageObject","inLanguage":"eu-ES","@id":"https:\/\/unedpamplona.es\/eu\/#\/schema\/logo\/image\/","url":"https:\/\/unedpamplona.es\/wp-content\/uploads\/2024\/02\/uned_pamplona_logo.png","contentUrl":"https:\/\/unedpamplona.es\/wp-content\/uploads\/2024\/02\/uned_pamplona_logo.png","width":218,"height":104,"caption":"UNED Pamplona"},"image":{"@id":"https:\/\/unedpamplona.es\/eu\/#\/schema\/logo\/image\/"},"sameAs":["https:\/\/x.com\/unedpamplona","https:\/\/www.youtube.com\/channel\/UCR2jc6TbCMAPnbcA17Z0wwg","https:\/\/www.instagram.com\/unedpamplona\/"]},{"@type":"Person","@id":"https:\/\/unedpamplona.es\/eu\/#\/schema\/person\/2ab9beab35599470cd53757e726a9810","name":"room116","image":{"@type":"ImageObject","inLanguage":"eu-ES","@id":"https:\/\/unedpamplona.es\/eu\/#\/schema\/person\/image\/","url":"https:\/\/secure.gravatar.com\/avatar\/4081e23516e875d8e1fa4ed0171d6f96?s=96&d=mm&r=g","contentUrl":"https:\/\/secure.gravatar.com\/avatar\/4081e23516e875d8e1fa4ed0171d6f96?s=96&d=mm&r=g","caption":"room116"},"sameAs":["https:\/\/unedpamplona.es"],"url":"https:\/\/unedpamplona.es\/eu\/author\/room116\/"}]}},"_links":{"self":[{"href":"https:\/\/unedpamplona.es\/eu\/wp-json\/wp\/v2\/posts\/3126"}],"collection":[{"href":"https:\/\/unedpamplona.es\/eu\/wp-json\/wp\/v2\/posts"}],"about":[{"href":"https:\/\/unedpamplona.es\/eu\/wp-json\/wp\/v2\/types\/post"}],"author":[{"embeddable":true,"href":"https:\/\/unedpamplona.es\/eu\/wp-json\/wp\/v2\/users\/1"}],"replies":[{"embeddable":true,"href":"https:\/\/unedpamplona.es\/eu\/wp-json\/wp\/v2\/comments?post=3126"}],"version-history":[{"count":1,"href":"https:\/\/unedpamplona.es\/eu\/wp-json\/wp\/v2\/posts\/3126\/revisions"}],"predecessor-version":[{"id":3128,"href":"https:\/\/unedpamplona.es\/eu\/wp-json\/wp\/v2\/posts\/3126\/revisions\/3128"}],"wp:featuredmedia":[{"embeddable":true,"href":"https:\/\/unedpamplona.es\/eu\/wp-json\/wp\/v2\/media\/3127"}],"wp:attachment":[{"href":"https:\/\/unedpamplona.es\/eu\/wp-json\/wp\/v2\/media?parent=3126"}],"wp:term":[{"taxonomy":"category","embeddable":true,"href":"https:\/\/unedpamplona.es\/eu\/wp-json\/wp\/v2\/categories?post=3126"},{"taxonomy":"post_tag","embeddable":true,"href":"https:\/\/unedpamplona.es\/eu\/wp-json\/wp\/v2\/tags?post=3126"}],"curies":[{"name":"wp","href":"https:\/\/api.w.org\/{rel}","templated":true}]}}