{"id":3144,"date":"2024-09-27T13:20:25","date_gmt":"2024-09-27T11:20:25","guid":{"rendered":"https:\/\/unedpamplona.es\/?p=3144"},"modified":"2024-10-30T12:53:09","modified_gmt":"2024-10-30T11:53:09","slug":"cantar-en-uned-pamplona-te-da-credito-apuntate-al-coro-y-obten-creditos-ects","status":"publish","type":"post","link":"https:\/\/unedpamplona.es\/eu\/cantar-en-uned-pamplona-te-da-credito-apuntate-al-coro-y-obten-creditos-ects\/","title":{"rendered":"\u00a1Cantar en UNED Pamplona te da cr\u00e9dito! \u00daLTIMAS PLAZAS para apuntarse al coro y obtener cr\u00e9ditos ECTS"},"content":{"rendered":"<p class=\"x_elementToProof\">El <strong>coro de UNED Pamplona es una realidad<\/strong>. Las personas inscritas aprender\u00e1n t\u00e9cnicas vocales, desarrollar\u00e1n el o\u00eddo y tendr\u00e1n la <strong>oportunidad de cantar en actos oficiales de nuestra Universidad.<\/strong><\/p>\n<p>Todav\u00eda est\u00e1s a tiempo de forma parte de nuestro coro. Ap\u00fantate a nuestro proyecto \u00a0y desarrolla<strong>\u00a0el gusto por la m\u00fasica coral<\/strong><\/p>\n<p class=\"x_elementToProof\">El coro estar\u00e1 dirigido por<strong> Tania Polishchuk. <\/strong>La directora es profesora de m\u00fasica y t\u00e9cnica vocal. Se licenci\u00f3 en pedagog\u00eda, direcci\u00f3n coral y canto. Realiz\u00f3 estudios de piano y lenguaje musical y ha dirigido varias corales, tanto en Espa\u00f1a como en el extranjero.<\/p>\n<p class=\"x_elementToProof\">Los <strong>ensayos<\/strong> est\u00e1n programados para los <strong>martes y los jueves<\/strong>, con una duraci\u00f3n de hora y media, <strong>de 16:00 horas a 17.30 horas<\/strong>, en el Centro Asociado de UNED Pamplona. La participaci\u00f3n en el coro permite obtener 1 ECTS por curso acad\u00e9mico. La iniciativa est\u00e1 abierta a cualquier persona interesada (estudiantes de t\u00edtulos oficiales, UNED S\u00e9nior, idiomas, antiguos alumnos y alumnas, y personal de UNED Pamplona), previa selecci\u00f3n mediante una prueba de voz.<\/p>\n<p class=\"x_elementToProof\"><strong>\u00daLTIMAS PLAZAS en el siguiente <a href=\"https:\/\/forms.office.com\/e\/j9evisXve1\">FORMULARIO<\/a><\/strong><\/p>\n<p class=\"x_elementToProof\"><strong>Rell\u00e9nalo con tus datos personales y profesionales y pasa a formar parte de nuestro coro universitario.\u00a0<\/strong><\/p>\n<p class=\"x_elementToProof\">\u00a1Te esperamos!<\/p>\n","protected":false},"excerpt":{"rendered":"<p>El coro de UNED Pamplona es una realidad. Las personas inscritas aprender\u00e1n t\u00e9cnicas vocales, desarrollar\u00e1n el o\u00eddo y tendr\u00e1n la oportunidad de cantar en actos oficiales de nuestra Universidad. Todav\u00eda est\u00e1s a tiempo de forma parte de nuestro coro. Ap\u00fantate a nuestro proyecto \u00a0y desarrolla\u00a0el gusto por la m\u00fasica coral El coro estar\u00e1 dirigido por [&hellip;]<\/p>\n","protected":false},"author":2,"featured_media":3145,"comment_status":"closed","ping_status":"closed","sticky":false,"template":"","format":"standard","meta":{"footnotes":""},"categories":[29],"tags":[],"yoast_head":"<!-- This site is optimized with the Yoast SEO plugin v22.5 - https:\/\/yoast.com\/wordpress\/plugins\/seo\/ -->\n<title>\u00a1Cantar en UNED Pamplona te da cr\u00e9dito! \u00daLTIMAS PLAZAS para apuntarse al coro y obtener cr\u00e9ditos ECTS - UNED Pamplona<\/title>\n<meta name=\"description\" content=\"Cantar en el coro de UNED Pamplona\" \/>\n<meta name=\"robots\" content=\"index, follow, max-snippet:-1, max-image-preview:large, max-video-preview:-1\" \/>\n<link rel=\"canonical\" href=\"https:\/\/unedpamplona.es\/eu\/cantar-en-uned-pamplona-te-da-credito-apuntate-al-coro-y-obten-creditos-ects\/\" \/>\n<meta property=\"og:locale\" content=\"eu_ES\" \/>\n<meta property=\"og:type\" content=\"article\" \/>\n<meta property=\"og:title\" content=\"\u00a1Cantar en UNED Pamplona te da cr\u00e9dito! \u00daLTIMAS PLAZAS para apuntarse al coro y obtener cr\u00e9ditos ECTS - UNED Pamplona\" \/>\n<meta property=\"og:description\" content=\"Cantar en el coro de UNED Pamplona\" \/>\n<meta property=\"og:url\" content=\"https:\/\/unedpamplona.es\/eu\/cantar-en-uned-pamplona-te-da-credito-apuntate-al-coro-y-obten-creditos-ects\/\" \/>\n<meta property=\"og:site_name\" content=\"UNED Pamplona\" \/>\n<meta property=\"article:published_time\" content=\"2024-09-27T11:20:25+00:00\" \/>\n<meta property=\"article:modified_time\" content=\"2024-10-30T11:53:09+00:00\" \/>\n<meta property=\"og:image\" content=\"https:\/\/unedpamplona.es\/wp-content\/uploads\/2024\/08\/coro.jpg\" \/>\n\t<meta property=\"og:image:width\" content=\"1773\" \/>\n\t<meta property=\"og:image:height\" content=\"1182\" \/>\n\t<meta property=\"og:image:type\" content=\"image\/jpeg\" \/>\n<meta name=\"author\" content=\"uned\" \/>\n<meta name=\"twitter:card\" content=\"summary_large_image\" \/>\n<meta name=\"twitter:creator\" content=\"@unedpamplona\" \/>\n<meta name=\"twitter:site\" content=\"@unedpamplona\" \/>\n<meta name=\"twitter:label1\" content=\"Written by\" \/>\n\t<meta name=\"twitter:data1\" content=\"uned\" \/>\n\t<meta name=\"twitter:label2\" content=\"Est. reading time\" \/>\n\t<meta name=\"twitter:data2\" content=\"2 minutes\" \/>\n<script type=\"application\/ld+json\" class=\"yoast-schema-graph\">{\"@context\":\"https:\/\/schema.org\",\"@graph\":[{\"@type\":\"Article\",\"@id\":\"https:\/\/unedpamplona.es\/eu\/cantar-en-uned-pamplona-te-da-credito-apuntate-al-coro-y-obten-creditos-ects\/#article\",\"isPartOf\":{\"@id\":\"https:\/\/unedpamplona.es\/eu\/cantar-en-uned-pamplona-te-da-credito-apuntate-al-coro-y-obten-creditos-ects\/\"},\"author\":{\"name\":\"uned\",\"@id\":\"https:\/\/unedpamplona.es\/eu\/#\/schema\/person\/62a05b70c6808d41d8de2111f2b5f568\"},\"headline\":\"\u00a1Cantar en UNED Pamplona te da cr\u00e9dito! \u00daLTIMAS PLAZAS para apuntarse al coro y obtener cr\u00e9ditos ECTS\",\"datePublished\":\"2024-09-27T11:20:25+00:00\",\"dateModified\":\"2024-10-30T11:53:09+00:00\",\"mainEntityOfPage\":{\"@id\":\"https:\/\/unedpamplona.es\/eu\/cantar-en-uned-pamplona-te-da-credito-apuntate-al-coro-y-obten-creditos-ects\/\"},\"wordCount\":229,\"publisher\":{\"@id\":\"https:\/\/unedpamplona.es\/eu\/#organization\"},\"image\":{\"@id\":\"https:\/\/unedpamplona.es\/eu\/cantar-en-uned-pamplona-te-da-credito-apuntate-al-coro-y-obten-creditos-ects\/#primaryimage\"},\"thumbnailUrl\":\"https:\/\/unedpamplona.es\/wp-content\/uploads\/2024\/08\/coro.jpg\",\"articleSection\":[\"Coro\"],\"inLanguage\":\"eu-ES\"},{\"@type\":\"WebPage\",\"@id\":\"https:\/\/unedpamplona.es\/eu\/cantar-en-uned-pamplona-te-da-credito-apuntate-al-coro-y-obten-creditos-ects\/\",\"url\":\"https:\/\/unedpamplona.es\/eu\/cantar-en-uned-pamplona-te-da-credito-apuntate-al-coro-y-obten-creditos-ects\/\",\"name\":\"\u00a1Cantar en UNED Pamplona te da cr\u00e9dito! \u00daLTIMAS PLAZAS para apuntarse al coro y obtener cr\u00e9ditos ECTS - UNED Pamplona\",\"isPartOf\":{\"@id\":\"https:\/\/unedpamplona.es\/eu\/#website\"},\"primaryImageOfPage\":{\"@id\":\"https:\/\/unedpamplona.es\/eu\/cantar-en-uned-pamplona-te-da-credito-apuntate-al-coro-y-obten-creditos-ects\/#primaryimage\"},\"image\":{\"@id\":\"https:\/\/unedpamplona.es\/eu\/cantar-en-uned-pamplona-te-da-credito-apuntate-al-coro-y-obten-creditos-ects\/#primaryimage\"},\"thumbnailUrl\":\"https:\/\/unedpamplona.es\/wp-content\/uploads\/2024\/08\/coro.jpg\",\"datePublished\":\"2024-09-27T11:20:25+00:00\",\"dateModified\":\"2024-10-30T11:53:09+00:00\",\"description\":\"Cantar en el coro de UNED Pamplona\",\"inLanguage\":\"eu-ES\",\"potentialAction\":[{\"@type\":\"ReadAction\",\"target\":[\"https:\/\/unedpamplona.es\/eu\/cantar-en-uned-pamplona-te-da-credito-apuntate-al-coro-y-obten-creditos-ects\/\"]}]},{\"@type\":\"ImageObject\",\"inLanguage\":\"eu-ES\",\"@id\":\"https:\/\/unedpamplona.es\/eu\/cantar-en-uned-pamplona-te-da-credito-apuntate-al-coro-y-obten-creditos-ects\/#primaryimage\",\"url\":\"https:\/\/unedpamplona.es\/wp-content\/uploads\/2024\/08\/coro.jpg\",\"contentUrl\":\"https:\/\/unedpamplona.es\/wp-content\/uploads\/2024\/08\/coro.jpg\",\"width\":1773,\"height\":1182},{\"@type\":\"WebSite\",\"@id\":\"https:\/\/unedpamplona.es\/eu\/#website\",\"url\":\"https:\/\/unedpamplona.es\/eu\/\",\"name\":\"UNED Pamplona\",\"description\":\"\",\"publisher\":{\"@id\":\"https:\/\/unedpamplona.es\/eu\/#organization\"},\"potentialAction\":[{\"@type\":\"SearchAction\",\"target\":{\"@type\":\"EntryPoint\",\"urlTemplate\":\"https:\/\/unedpamplona.es\/eu\/?s={search_term_string}\"},\"query-input\":\"required name=search_term_string\"}],\"inLanguage\":\"eu-ES\"},{\"@type\":\"Organization\",\"@id\":\"https:\/\/unedpamplona.es\/eu\/#organization\",\"name\":\"UNED Pamplona\",\"url\":\"https:\/\/unedpamplona.es\/eu\/\",\"logo\":{\"@type\":\"ImageObject\",\"inLanguage\":\"eu-ES\",\"@id\":\"https:\/\/unedpamplona.es\/eu\/#\/schema\/logo\/image\/\",\"url\":\"https:\/\/unedpamplona.es\/wp-content\/uploads\/2024\/02\/uned_pamplona_logo.png\",\"contentUrl\":\"https:\/\/unedpamplona.es\/wp-content\/uploads\/2024\/02\/uned_pamplona_logo.png\",\"width\":218,\"height\":104,\"caption\":\"UNED Pamplona\"},\"image\":{\"@id\":\"https:\/\/unedpamplona.es\/eu\/#\/schema\/logo\/image\/\"},\"sameAs\":[\"https:\/\/x.com\/unedpamplona\",\"https:\/\/www.youtube.com\/channel\/UCR2jc6TbCMAPnbcA17Z0wwg\",\"https:\/\/www.instagram.com\/unedpamplona\/\"]},{\"@type\":\"Person\",\"@id\":\"https:\/\/unedpamplona.es\/eu\/#\/schema\/person\/62a05b70c6808d41d8de2111f2b5f568\",\"name\":\"uned\",\"image\":{\"@type\":\"ImageObject\",\"inLanguage\":\"eu-ES\",\"@id\":\"https:\/\/unedpamplona.es\/eu\/#\/schema\/person\/image\/\",\"url\":\"https:\/\/secure.gravatar.com\/avatar\/344a1f8262dc552fd951ddf77b72239b?s=96&d=mm&r=g\",\"contentUrl\":\"https:\/\/secure.gravatar.com\/avatar\/344a1f8262dc552fd951ddf77b72239b?s=96&d=mm&r=g\",\"caption\":\"uned\"},\"url\":\"https:\/\/unedpamplona.es\/eu\/author\/uned\/\"}]}<\/script>\n<!-- \/ Yoast SEO plugin. -->","yoast_head_json":{"title":"\u00a1Cantar en UNED Pamplona te da cr\u00e9dito! \u00daLTIMAS PLAZAS para apuntarse al coro y obtener cr\u00e9ditos ECTS - UNED Pamplona","description":"Cantar en el coro de UNED Pamplona","robots":{"index":"index","follow":"follow","max-snippet":"max-snippet:-1","max-image-preview":"max-image-preview:large","max-video-preview":"max-video-preview:-1"},"canonical":"https:\/\/unedpamplona.es\/eu\/cantar-en-uned-pamplona-te-da-credito-apuntate-al-coro-y-obten-creditos-ects\/","og_locale":"eu_ES","og_type":"article","og_title":"\u00a1Cantar en UNED Pamplona te da cr\u00e9dito! \u00daLTIMAS PLAZAS para apuntarse al coro y obtener cr\u00e9ditos ECTS - UNED Pamplona","og_description":"Cantar en el coro de UNED Pamplona","og_url":"https:\/\/unedpamplona.es\/eu\/cantar-en-uned-pamplona-te-da-credito-apuntate-al-coro-y-obten-creditos-ects\/","og_site_name":"UNED Pamplona","article_published_time":"2024-09-27T11:20:25+00:00","article_modified_time":"2024-10-30T11:53:09+00:00","og_image":[{"width":1773,"height":1182,"url":"https:\/\/unedpamplona.es\/wp-content\/uploads\/2024\/08\/coro.jpg","type":"image\/jpeg"}],"author":"uned","twitter_card":"summary_large_image","twitter_creator":"@unedpamplona","twitter_site":"@unedpamplona","twitter_misc":{"Written by":"uned","Est. reading time":"2 minutes"},"schema":{"@context":"https:\/\/schema.org","@graph":[{"@type":"Article","@id":"https:\/\/unedpamplona.es\/eu\/cantar-en-uned-pamplona-te-da-credito-apuntate-al-coro-y-obten-creditos-ects\/#article","isPartOf":{"@id":"https:\/\/unedpamplona.es\/eu\/cantar-en-uned-pamplona-te-da-credito-apuntate-al-coro-y-obten-creditos-ects\/"},"author":{"name":"uned","@id":"https:\/\/unedpamplona.es\/eu\/#\/schema\/person\/62a05b70c6808d41d8de2111f2b5f568"},"headline":"\u00a1Cantar en UNED Pamplona te da cr\u00e9dito! \u00daLTIMAS PLAZAS para apuntarse al coro y obtener cr\u00e9ditos ECTS","datePublished":"2024-09-27T11:20:25+00:00","dateModified":"2024-10-30T11:53:09+00:00","mainEntityOfPage":{"@id":"https:\/\/unedpamplona.es\/eu\/cantar-en-uned-pamplona-te-da-credito-apuntate-al-coro-y-obten-creditos-ects\/"},"wordCount":229,"publisher":{"@id":"https:\/\/unedpamplona.es\/eu\/#organization"},"image":{"@id":"https:\/\/unedpamplona.es\/eu\/cantar-en-uned-pamplona-te-da-credito-apuntate-al-coro-y-obten-creditos-ects\/#primaryimage"},"thumbnailUrl":"https:\/\/unedpamplona.es\/wp-content\/uploads\/2024\/08\/coro.jpg","articleSection":["Coro"],"inLanguage":"eu-ES"},{"@type":"WebPage","@id":"https:\/\/unedpamplona.es\/eu\/cantar-en-uned-pamplona-te-da-credito-apuntate-al-coro-y-obten-creditos-ects\/","url":"https:\/\/unedpamplona.es\/eu\/cantar-en-uned-pamplona-te-da-credito-apuntate-al-coro-y-obten-creditos-ects\/","name":"\u00a1Cantar en UNED Pamplona te da cr\u00e9dito! \u00daLTIMAS PLAZAS para apuntarse al coro y obtener cr\u00e9ditos ECTS - UNED Pamplona","isPartOf":{"@id":"https:\/\/unedpamplona.es\/eu\/#website"},"primaryImageOfPage":{"@id":"https:\/\/unedpamplona.es\/eu\/cantar-en-uned-pamplona-te-da-credito-apuntate-al-coro-y-obten-creditos-ects\/#primaryimage"},"image":{"@id":"https:\/\/unedpamplona.es\/eu\/cantar-en-uned-pamplona-te-da-credito-apuntate-al-coro-y-obten-creditos-ects\/#primaryimage"},"thumbnailUrl":"https:\/\/unedpamplona.es\/wp-content\/uploads\/2024\/08\/coro.jpg","datePublished":"2024-09-27T11:20:25+00:00","dateModified":"2024-10-30T11:53:09+00:00","description":"Cantar en el coro de UNED Pamplona","inLanguage":"eu-ES","potentialAction":[{"@type":"ReadAction","target":["https:\/\/unedpamplona.es\/eu\/cantar-en-uned-pamplona-te-da-credito-apuntate-al-coro-y-obten-creditos-ects\/"]}]},{"@type":"ImageObject","inLanguage":"eu-ES","@id":"https:\/\/unedpamplona.es\/eu\/cantar-en-uned-pamplona-te-da-credito-apuntate-al-coro-y-obten-creditos-ects\/#primaryimage","url":"https:\/\/unedpamplona.es\/wp-content\/uploads\/2024\/08\/coro.jpg","contentUrl":"https:\/\/unedpamplona.es\/wp-content\/uploads\/2024\/08\/coro.jpg","width":1773,"height":1182},{"@type":"WebSite","@id":"https:\/\/unedpamplona.es\/eu\/#website","url":"https:\/\/unedpamplona.es\/eu\/","name":"UNED Pamplona","description":"","publisher":{"@id":"https:\/\/unedpamplona.es\/eu\/#organization"},"potentialAction":[{"@type":"SearchAction","target":{"@type":"EntryPoint","urlTemplate":"https:\/\/unedpamplona.es\/eu\/?s={search_term_string}"},"query-input":"required name=search_term_string"}],"inLanguage":"eu-ES"},{"@type":"Organization","@id":"https:\/\/unedpamplona.es\/eu\/#organization","name":"UNED Pamplona","url":"https:\/\/unedpamplona.es\/eu\/","logo":{"@type":"ImageObject","inLanguage":"eu-ES","@id":"https:\/\/unedpamplona.es\/eu\/#\/schema\/logo\/image\/","url":"https:\/\/unedpamplona.es\/wp-content\/uploads\/2024\/02\/uned_pamplona_logo.png","contentUrl":"https:\/\/unedpamplona.es\/wp-content\/uploads\/2024\/02\/uned_pamplona_logo.png","width":218,"height":104,"caption":"UNED Pamplona"},"image":{"@id":"https:\/\/unedpamplona.es\/eu\/#\/schema\/logo\/image\/"},"sameAs":["https:\/\/x.com\/unedpamplona","https:\/\/www.youtube.com\/channel\/UCR2jc6TbCMAPnbcA17Z0wwg","https:\/\/www.instagram.com\/unedpamplona\/"]},{"@type":"Person","@id":"https:\/\/unedpamplona.es\/eu\/#\/schema\/person\/62a05b70c6808d41d8de2111f2b5f568","name":"uned","image":{"@type":"ImageObject","inLanguage":"eu-ES","@id":"https:\/\/unedpamplona.es\/eu\/#\/schema\/person\/image\/","url":"https:\/\/secure.gravatar.com\/avatar\/344a1f8262dc552fd951ddf77b72239b?s=96&d=mm&r=g","contentUrl":"https:\/\/secure.gravatar.com\/avatar\/344a1f8262dc552fd951ddf77b72239b?s=96&d=mm&r=g","caption":"uned"},"url":"https:\/\/unedpamplona.es\/eu\/author\/uned\/"}]}},"_links":{"self":[{"href":"https:\/\/unedpamplona.es\/eu\/wp-json\/wp\/v2\/posts\/3144"}],"collection":[{"href":"https:\/\/unedpamplona.es\/eu\/wp-json\/wp\/v2\/posts"}],"about":[{"href":"https:\/\/unedpamplona.es\/eu\/wp-json\/wp\/v2\/types\/post"}],"author":[{"embeddable":true,"href":"https:\/\/unedpamplona.es\/eu\/wp-json\/wp\/v2\/users\/2"}],"replies":[{"embeddable":true,"href":"https:\/\/unedpamplona.es\/eu\/wp-json\/wp\/v2\/comments?post=3144"}],"version-history":[{"count":7,"href":"https:\/\/unedpamplona.es\/eu\/wp-json\/wp\/v2\/posts\/3144\/revisions"}],"predecessor-version":[{"id":5271,"href":"https:\/\/unedpamplona.es\/eu\/wp-json\/wp\/v2\/posts\/3144\/revisions\/5271"}],"wp:featuredmedia":[{"embeddable":true,"href":"https:\/\/unedpamplona.es\/eu\/wp-json\/wp\/v2\/media\/3145"}],"wp:attachment":[{"href":"https:\/\/unedpamplona.es\/eu\/wp-json\/wp\/v2\/media?parent=3144"}],"wp:term":[{"taxonomy":"category","embeddable":true,"href":"https:\/\/unedpamplona.es\/eu\/wp-json\/wp\/v2\/categories?post=3144"},{"taxonomy":"post_tag","embeddable":true,"href":"https:\/\/unedpamplona.es\/eu\/wp-json\/wp\/v2\/tags?post=3144"}],"curies":[{"name":"wp","href":"https:\/\/api.w.org\/{rel}","templated":true}]}}