{"id":3300,"date":"2024-08-07T13:30:31","date_gmt":"2024-08-07T11:30:31","guid":{"rendered":"https:\/\/unedpamplona.es\/?p=3300"},"modified":"2024-08-07T13:38:45","modified_gmt":"2024-08-07T11:38:45","slug":"3300-2","status":"publish","type":"post","link":"https:\/\/unedpamplona.es\/eu\/3300-2\/","title":{"rendered":"Convocatorias de programas de ayudas para la formaci\u00f3n del personal investigador"},"content":{"rendered":"<p>El Gobierno de Navarra, a trav\u00e9s del la Direcci\u00f3n General de Universidad,\u00a0 realiza convocatorias de programas de ayudas para la formaci\u00f3n del personal investigador. El objetivo de esta convocatoria es el desarrollo de la investigaci\u00f3n, la ciencia y la innovaci\u00f3n, como elementos de modernizaci\u00f3n y progreso de la Comunidad Foral de Navarra.<\/p>\n<p>Estos programas, en su conjunto, conforman los denominados Planes de Ayudas para la Formaci\u00f3n y la I+D, cuyo principal objetivo estrat\u00e9gico es formar y conseguir una masa cr\u00edtica de investigadores en Navarra suficiente para impulsar el desarrollo en la Comunidad Foral de un modelo socioecon\u00f3mico basado en el conocimiento.<br \/>\njunto a ese objetivo estrat\u00e9gico, los diferentes programas, que conforman el Plan, pretenden alcanzar espec\u00edficamente algunos de los siguientes objetivos:<\/p>\n<p>a) Promover la Formaci\u00f3n de Doctores mediante ayudas para la realizaci\u00f3n de programas de doctorado de inter\u00e9s para Navarra que faciliten la incorporaci\u00f3n de talento investigador al Sistema navarro de educaci\u00f3n superior e investigaci\u00f3n cient\u00edfica.<\/p>\n<p>b) Fomentar que los nuevos investigadores adquieran las competencias y habilidades relacionadas con la investigaci\u00f3n cient\u00edfica dentro de un Programa de doctorado de calidad.<\/p>\n<p>c) Fortalecer a los departamentos e institutos de investigaci\u00f3n universitarios incorporando investigadores con una formaci\u00f3n de calidad en las \u00e1reas de mayor inter\u00e9s estrat\u00e9gico.<\/p>\n<p>d) Favorecer la internacionalizaci\u00f3n de la actividad investigadora realizada por investigadores y universidades navarras<\/p>\n<p>e) Impulsar el Desarrollo de la estrategia Integral de la medicina Personalizada de Navarra.<\/p>\n<p>Entre los Programas a lanzar en el a\u00f1o 2024 para el cumplimiento de los objetivos a), b) c) y e) se\u00f1alados anteriormente, se encuentra el Programa de Ayudas predoctorales para la realizaci\u00f3n de programas de doctorado de inter\u00e9s para Navarra, programa que ofrece ayudas de 4 a\u00f1os de<br \/>\nduraci\u00f3n, en forma de contrato predoctoral, a investigadores que cursen un Programa de doctorado de inter\u00e9s para Navarra en un centro universitario espa\u00f1ol.<\/p>\n<p>&nbsp;<\/p>\n<p><a href=\"https:\/\/unedpamplona.es\/wp-content\/uploads\/2024\/08\/Resolucion-aprobacion-BBRR_predoctoral-2024_160E-2024.pdf\">Resoluci\u00f3n aprobaci\u00f3n BBRR_predoctoral 2024_160E-2024<\/a><\/p>\n","protected":false},"excerpt":{"rendered":"<p>El Gobierno de Navarra, a trav\u00e9s del la Direcci\u00f3n General de Universidad,\u00a0 realiza convocatorias de programas de ayudas para la formaci\u00f3n del personal investigador. El objetivo de esta convocatoria es el desarrollo de la investigaci\u00f3n, la ciencia y la innovaci\u00f3n, como elementos de modernizaci\u00f3n y progreso de la Comunidad Foral de Navarra. Estos programas, en [&hellip;]<\/p>\n","protected":false},"author":2,"featured_media":3301,"comment_status":"closed","ping_status":"closed","sticky":false,"template":"","format":"standard","meta":{"footnotes":""},"categories":[11],"tags":[],"yoast_head":"<!-- This site is optimized with the Yoast SEO plugin v22.5 - https:\/\/yoast.com\/wordpress\/plugins\/seo\/ -->\n<title>Convocatorias de programas de ayudas para la formaci\u00f3n del personal investigador - UNED Pamplona<\/title>\n<meta name=\"description\" content=\"convocatorias de programas de ayudas para la formaci\u00f3n del personal investigador.\" \/>\n<meta name=\"robots\" content=\"index, follow, max-snippet:-1, max-image-preview:large, max-video-preview:-1\" \/>\n<link rel=\"canonical\" href=\"https:\/\/unedpamplona.es\/eu\/3300-2\/\" \/>\n<meta property=\"og:locale\" content=\"eu_ES\" \/>\n<meta property=\"og:type\" content=\"article\" \/>\n<meta property=\"og:title\" content=\"Convocatorias de programas de ayudas para la formaci\u00f3n del personal investigador - UNED Pamplona\" \/>\n<meta property=\"og:description\" content=\"convocatorias de programas de ayudas para la formaci\u00f3n del personal investigador.\" \/>\n<meta property=\"og:url\" content=\"https:\/\/unedpamplona.es\/eu\/3300-2\/\" \/>\n<meta property=\"og:site_name\" content=\"UNED Pamplona\" \/>\n<meta property=\"article:published_time\" content=\"2024-08-07T11:30:31+00:00\" \/>\n<meta property=\"article:modified_time\" content=\"2024-08-07T11:38:45+00:00\" \/>\n<meta property=\"og:image\" content=\"https:\/\/unedpamplona.es\/wp-content\/uploads\/2024\/08\/Estudiantes-cuadrada.jpg\" \/>\n\t<meta property=\"og:image:width\" content=\"621\" \/>\n\t<meta property=\"og:image:height\" content=\"330\" \/>\n\t<meta property=\"og:image:type\" content=\"image\/jpeg\" \/>\n<meta name=\"author\" content=\"uned\" \/>\n<meta name=\"twitter:card\" content=\"summary_large_image\" \/>\n<meta name=\"twitter:creator\" content=\"@unedpamplona\" \/>\n<meta name=\"twitter:site\" content=\"@unedpamplona\" \/>\n<meta name=\"twitter:label1\" content=\"Written by\" \/>\n\t<meta name=\"twitter:data1\" content=\"uned\" \/>\n\t<meta name=\"twitter:label2\" content=\"Est. reading time\" \/>\n\t<meta name=\"twitter:data2\" content=\"2 minutes\" \/>\n<script type=\"application\/ld+json\" class=\"yoast-schema-graph\">{\"@context\":\"https:\/\/schema.org\",\"@graph\":[{\"@type\":\"Article\",\"@id\":\"https:\/\/unedpamplona.es\/eu\/3300-2\/#article\",\"isPartOf\":{\"@id\":\"https:\/\/unedpamplona.es\/eu\/3300-2\/\"},\"author\":{\"name\":\"uned\",\"@id\":\"https:\/\/unedpamplona.es\/eu\/#\/schema\/person\/62a05b70c6808d41d8de2111f2b5f568\"},\"headline\":\"Convocatorias de programas de ayudas para la formaci\u00f3n del personal investigador\",\"datePublished\":\"2024-08-07T11:30:31+00:00\",\"dateModified\":\"2024-08-07T11:38:45+00:00\",\"mainEntityOfPage\":{\"@id\":\"https:\/\/unedpamplona.es\/eu\/3300-2\/\"},\"wordCount\":356,\"publisher\":{\"@id\":\"https:\/\/unedpamplona.es\/eu\/#organization\"},\"image\":{\"@id\":\"https:\/\/unedpamplona.es\/eu\/3300-2\/#primaryimage\"},\"thumbnailUrl\":\"https:\/\/unedpamplona.es\/wp-content\/uploads\/2024\/08\/Estudiantes-cuadrada.jpg\",\"articleSection\":[\"Actualidad\"],\"inLanguage\":\"eu-ES\"},{\"@type\":\"WebPage\",\"@id\":\"https:\/\/unedpamplona.es\/eu\/3300-2\/\",\"url\":\"https:\/\/unedpamplona.es\/eu\/3300-2\/\",\"name\":\"Convocatorias de programas de ayudas para la formaci\u00f3n del personal investigador - UNED Pamplona\",\"isPartOf\":{\"@id\":\"https:\/\/unedpamplona.es\/eu\/#website\"},\"primaryImageOfPage\":{\"@id\":\"https:\/\/unedpamplona.es\/eu\/3300-2\/#primaryimage\"},\"image\":{\"@id\":\"https:\/\/unedpamplona.es\/eu\/3300-2\/#primaryimage\"},\"thumbnailUrl\":\"https:\/\/unedpamplona.es\/wp-content\/uploads\/2024\/08\/Estudiantes-cuadrada.jpg\",\"datePublished\":\"2024-08-07T11:30:31+00:00\",\"dateModified\":\"2024-08-07T11:38:45+00:00\",\"description\":\"convocatorias de programas de ayudas para la formaci\u00f3n del personal investigador.\",\"inLanguage\":\"eu-ES\",\"potentialAction\":[{\"@type\":\"ReadAction\",\"target\":[\"https:\/\/unedpamplona.es\/eu\/3300-2\/\"]}]},{\"@type\":\"ImageObject\",\"inLanguage\":\"eu-ES\",\"@id\":\"https:\/\/unedpamplona.es\/eu\/3300-2\/#primaryimage\",\"url\":\"https:\/\/unedpamplona.es\/wp-content\/uploads\/2024\/08\/Estudiantes-cuadrada.jpg\",\"contentUrl\":\"https:\/\/unedpamplona.es\/wp-content\/uploads\/2024\/08\/Estudiantes-cuadrada.jpg\",\"width\":621,\"height\":330},{\"@type\":\"WebSite\",\"@id\":\"https:\/\/unedpamplona.es\/eu\/#website\",\"url\":\"https:\/\/unedpamplona.es\/eu\/\",\"name\":\"UNED Pamplona\",\"description\":\"\",\"publisher\":{\"@id\":\"https:\/\/unedpamplona.es\/eu\/#organization\"},\"potentialAction\":[{\"@type\":\"SearchAction\",\"target\":{\"@type\":\"EntryPoint\",\"urlTemplate\":\"https:\/\/unedpamplona.es\/eu\/?s={search_term_string}\"},\"query-input\":\"required name=search_term_string\"}],\"inLanguage\":\"eu-ES\"},{\"@type\":\"Organization\",\"@id\":\"https:\/\/unedpamplona.es\/eu\/#organization\",\"name\":\"UNED Pamplona\",\"url\":\"https:\/\/unedpamplona.es\/eu\/\",\"logo\":{\"@type\":\"ImageObject\",\"inLanguage\":\"eu-ES\",\"@id\":\"https:\/\/unedpamplona.es\/eu\/#\/schema\/logo\/image\/\",\"url\":\"https:\/\/unedpamplona.es\/wp-content\/uploads\/2024\/02\/uned_pamplona_logo.png\",\"contentUrl\":\"https:\/\/unedpamplona.es\/wp-content\/uploads\/2024\/02\/uned_pamplona_logo.png\",\"width\":218,\"height\":104,\"caption\":\"UNED Pamplona\"},\"image\":{\"@id\":\"https:\/\/unedpamplona.es\/eu\/#\/schema\/logo\/image\/\"},\"sameAs\":[\"https:\/\/x.com\/unedpamplona\",\"https:\/\/www.youtube.com\/channel\/UCR2jc6TbCMAPnbcA17Z0wwg\",\"https:\/\/www.instagram.com\/unedpamplona\/\"]},{\"@type\":\"Person\",\"@id\":\"https:\/\/unedpamplona.es\/eu\/#\/schema\/person\/62a05b70c6808d41d8de2111f2b5f568\",\"name\":\"uned\",\"image\":{\"@type\":\"ImageObject\",\"inLanguage\":\"eu-ES\",\"@id\":\"https:\/\/unedpamplona.es\/eu\/#\/schema\/person\/image\/\",\"url\":\"https:\/\/secure.gravatar.com\/avatar\/344a1f8262dc552fd951ddf77b72239b?s=96&d=mm&r=g\",\"contentUrl\":\"https:\/\/secure.gravatar.com\/avatar\/344a1f8262dc552fd951ddf77b72239b?s=96&d=mm&r=g\",\"caption\":\"uned\"},\"url\":\"https:\/\/unedpamplona.es\/eu\/author\/uned\/\"}]}<\/script>\n<!-- \/ Yoast SEO plugin. -->","yoast_head_json":{"title":"Convocatorias de programas de ayudas para la formaci\u00f3n del personal investigador - UNED Pamplona","description":"convocatorias de programas de ayudas para la formaci\u00f3n del personal investigador.","robots":{"index":"index","follow":"follow","max-snippet":"max-snippet:-1","max-image-preview":"max-image-preview:large","max-video-preview":"max-video-preview:-1"},"canonical":"https:\/\/unedpamplona.es\/eu\/3300-2\/","og_locale":"eu_ES","og_type":"article","og_title":"Convocatorias de programas de ayudas para la formaci\u00f3n del personal investigador - UNED Pamplona","og_description":"convocatorias de programas de ayudas para la formaci\u00f3n del personal investigador.","og_url":"https:\/\/unedpamplona.es\/eu\/3300-2\/","og_site_name":"UNED Pamplona","article_published_time":"2024-08-07T11:30:31+00:00","article_modified_time":"2024-08-07T11:38:45+00:00","og_image":[{"width":621,"height":330,"url":"https:\/\/unedpamplona.es\/wp-content\/uploads\/2024\/08\/Estudiantes-cuadrada.jpg","type":"image\/jpeg"}],"author":"uned","twitter_card":"summary_large_image","twitter_creator":"@unedpamplona","twitter_site":"@unedpamplona","twitter_misc":{"Written by":"uned","Est. reading time":"2 minutes"},"schema":{"@context":"https:\/\/schema.org","@graph":[{"@type":"Article","@id":"https:\/\/unedpamplona.es\/eu\/3300-2\/#article","isPartOf":{"@id":"https:\/\/unedpamplona.es\/eu\/3300-2\/"},"author":{"name":"uned","@id":"https:\/\/unedpamplona.es\/eu\/#\/schema\/person\/62a05b70c6808d41d8de2111f2b5f568"},"headline":"Convocatorias de programas de ayudas para la formaci\u00f3n del personal investigador","datePublished":"2024-08-07T11:30:31+00:00","dateModified":"2024-08-07T11:38:45+00:00","mainEntityOfPage":{"@id":"https:\/\/unedpamplona.es\/eu\/3300-2\/"},"wordCount":356,"publisher":{"@id":"https:\/\/unedpamplona.es\/eu\/#organization"},"image":{"@id":"https:\/\/unedpamplona.es\/eu\/3300-2\/#primaryimage"},"thumbnailUrl":"https:\/\/unedpamplona.es\/wp-content\/uploads\/2024\/08\/Estudiantes-cuadrada.jpg","articleSection":["Actualidad"],"inLanguage":"eu-ES"},{"@type":"WebPage","@id":"https:\/\/unedpamplona.es\/eu\/3300-2\/","url":"https:\/\/unedpamplona.es\/eu\/3300-2\/","name":"Convocatorias de programas de ayudas para la formaci\u00f3n del personal investigador - UNED Pamplona","isPartOf":{"@id":"https:\/\/unedpamplona.es\/eu\/#website"},"primaryImageOfPage":{"@id":"https:\/\/unedpamplona.es\/eu\/3300-2\/#primaryimage"},"image":{"@id":"https:\/\/unedpamplona.es\/eu\/3300-2\/#primaryimage"},"thumbnailUrl":"https:\/\/unedpamplona.es\/wp-content\/uploads\/2024\/08\/Estudiantes-cuadrada.jpg","datePublished":"2024-08-07T11:30:31+00:00","dateModified":"2024-08-07T11:38:45+00:00","description":"convocatorias de programas de ayudas para la formaci\u00f3n del personal investigador.","inLanguage":"eu-ES","potentialAction":[{"@type":"ReadAction","target":["https:\/\/unedpamplona.es\/eu\/3300-2\/"]}]},{"@type":"ImageObject","inLanguage":"eu-ES","@id":"https:\/\/unedpamplona.es\/eu\/3300-2\/#primaryimage","url":"https:\/\/unedpamplona.es\/wp-content\/uploads\/2024\/08\/Estudiantes-cuadrada.jpg","contentUrl":"https:\/\/unedpamplona.es\/wp-content\/uploads\/2024\/08\/Estudiantes-cuadrada.jpg","width":621,"height":330},{"@type":"WebSite","@id":"https:\/\/unedpamplona.es\/eu\/#website","url":"https:\/\/unedpamplona.es\/eu\/","name":"UNED Pamplona","description":"","publisher":{"@id":"https:\/\/unedpamplona.es\/eu\/#organization"},"potentialAction":[{"@type":"SearchAction","target":{"@type":"EntryPoint","urlTemplate":"https:\/\/unedpamplona.es\/eu\/?s={search_term_string}"},"query-input":"required name=search_term_string"}],"inLanguage":"eu-ES"},{"@type":"Organization","@id":"https:\/\/unedpamplona.es\/eu\/#organization","name":"UNED Pamplona","url":"https:\/\/unedpamplona.es\/eu\/","logo":{"@type":"ImageObject","inLanguage":"eu-ES","@id":"https:\/\/unedpamplona.es\/eu\/#\/schema\/logo\/image\/","url":"https:\/\/unedpamplona.es\/wp-content\/uploads\/2024\/02\/uned_pamplona_logo.png","contentUrl":"https:\/\/unedpamplona.es\/wp-content\/uploads\/2024\/02\/uned_pamplona_logo.png","width":218,"height":104,"caption":"UNED Pamplona"},"image":{"@id":"https:\/\/unedpamplona.es\/eu\/#\/schema\/logo\/image\/"},"sameAs":["https:\/\/x.com\/unedpamplona","https:\/\/www.youtube.com\/channel\/UCR2jc6TbCMAPnbcA17Z0wwg","https:\/\/www.instagram.com\/unedpamplona\/"]},{"@type":"Person","@id":"https:\/\/unedpamplona.es\/eu\/#\/schema\/person\/62a05b70c6808d41d8de2111f2b5f568","name":"uned","image":{"@type":"ImageObject","inLanguage":"eu-ES","@id":"https:\/\/unedpamplona.es\/eu\/#\/schema\/person\/image\/","url":"https:\/\/secure.gravatar.com\/avatar\/344a1f8262dc552fd951ddf77b72239b?s=96&d=mm&r=g","contentUrl":"https:\/\/secure.gravatar.com\/avatar\/344a1f8262dc552fd951ddf77b72239b?s=96&d=mm&r=g","caption":"uned"},"url":"https:\/\/unedpamplona.es\/eu\/author\/uned\/"}]}},"_links":{"self":[{"href":"https:\/\/unedpamplona.es\/eu\/wp-json\/wp\/v2\/posts\/3300"}],"collection":[{"href":"https:\/\/unedpamplona.es\/eu\/wp-json\/wp\/v2\/posts"}],"about":[{"href":"https:\/\/unedpamplona.es\/eu\/wp-json\/wp\/v2\/types\/post"}],"author":[{"embeddable":true,"href":"https:\/\/unedpamplona.es\/eu\/wp-json\/wp\/v2\/users\/2"}],"replies":[{"embeddable":true,"href":"https:\/\/unedpamplona.es\/eu\/wp-json\/wp\/v2\/comments?post=3300"}],"version-history":[{"count":5,"href":"https:\/\/unedpamplona.es\/eu\/wp-json\/wp\/v2\/posts\/3300\/revisions"}],"predecessor-version":[{"id":3307,"href":"https:\/\/unedpamplona.es\/eu\/wp-json\/wp\/v2\/posts\/3300\/revisions\/3307"}],"wp:featuredmedia":[{"embeddable":true,"href":"https:\/\/unedpamplona.es\/eu\/wp-json\/wp\/v2\/media\/3301"}],"wp:attachment":[{"href":"https:\/\/unedpamplona.es\/eu\/wp-json\/wp\/v2\/media?parent=3300"}],"wp:term":[{"taxonomy":"category","embeddable":true,"href":"https:\/\/unedpamplona.es\/eu\/wp-json\/wp\/v2\/categories?post=3300"},{"taxonomy":"post_tag","embeddable":true,"href":"https:\/\/unedpamplona.es\/eu\/wp-json\/wp\/v2\/tags?post=3300"}],"curies":[{"name":"wp","href":"https:\/\/api.w.org\/{rel}","templated":true}]}}