{"id":4000,"date":"2024-10-07T09:33:25","date_gmt":"2024-10-07T07:33:25","guid":{"rendered":"https:\/\/unedpamplona.es\/?p=4000"},"modified":"2024-10-07T12:17:37","modified_gmt":"2024-10-07T10:17:37","slug":"curso-de-derecho-foral","status":"publish","type":"post","link":"https:\/\/unedpamplona.es\/eu\/curso-de-derecho-foral\/","title":{"rendered":"Curso de Derecho Foral en UNED Pamplona"},"content":{"rendered":"<p>El profesor tutor de Derecho Civil de UNED Pamplona, Javier Nanclares, dirige el curso de <strong>EXTENSI\u00d3N UNIVERSITARIA,<\/strong> &#8220;Derecho Foral&#8221;. Se impartir\u00e1 del <strong>7 al 11 de octubre<\/strong> con la participaci\u00f3n de los docentes:<\/p>\n<ul class=\"listaPonente\">\n<li class=\"datosPonentes\"><span class=\"ponente\">Mercedes Gal\u00e1n Lorda<\/span>\u00a0<span class=\"cargo\"><span class=\"cargo_ponente\">Catedr\u00e1tica de Historia del Derecho. Universidad de Navarra<\/span><\/span><\/li>\n<li class=\"datosPonentes\"><span class=\"ponente\">\u00a0\u00c1ngel Ruiz de Apodaca<\/span>\u00a0<span class=\"cargo\"><span class=\"cargo_ponente\">Profesor tutor Derecho Administrativo. UNED Pamplona<\/span><\/span><\/li>\n<li><span class=\"ponente\">Mar\u00eda Teresa Hualde Manso<\/span>\u00a0<span class=\"cargo\"><span class=\"cargo_ponente\">Profesora de Derecho en UNED Pamplona<\/span><\/span><\/li>\n<li><span class=\"ponente\">D\u00f1a. Mar\u00eda Ar\u00e1nzazu Yuste Jord\u00e1n<\/span>\u00a0<span class=\"cargo\"><span class=\"cargo_ponente\">Profesora tutora en UNED Pamplona<\/span><\/span><\/li>\n<\/ul>\n<p>&nbsp;<\/p>\n<p>La materia que se tratar\u00eda en este curso ser\u00eda el <strong>Derecho propio de Navarra<\/strong>, p\u00fablico y privado, y los destinatarios ser\u00edan los <strong>alumnos del Centro Asociado de la UNED en Navarra.<\/strong> La raz\u00f3n justificativa del mismo es que al ser la UNED una Universidad de car\u00e1cter nacional, lo que estudian los alumnos es, por l\u00f3gica, el derecho estatal. Sin embargo, la implantaci\u00f3n de la UNED a lo largo y ancho de todo el territorio espa\u00f1ol hace que tenga alumnos de comunidades aut\u00f3nomas con un <strong>derecho propio<\/strong>, no s\u00f3lo p\u00fablico sino tambi\u00e9n privado.<\/p>\n<p><a href=\"https:\/\/extension.uned.es\/actividad\/idactividad\/38767\">MATR\u00cdCULA ABIERTA\u00a0<\/a><\/p>\n","protected":false},"excerpt":{"rendered":"<p>El profesor tutor de Derecho Civil de UNED Pamplona, Javier Nanclares, dirige el curso de EXTENSI\u00d3N UNIVERSITARIA, &#8220;Derecho Foral&#8221;. Se impartir\u00e1 del 7 al 11 de octubre con la participaci\u00f3n de los docentes: Mercedes Gal\u00e1n Lorda\u00a0Catedr\u00e1tica de Historia del Derecho. Universidad de Navarra \u00a0\u00c1ngel Ruiz de Apodaca\u00a0Profesor tutor Derecho Administrativo. UNED Pamplona Mar\u00eda Teresa Hualde [&hellip;]<\/p>\n","protected":false},"author":2,"featured_media":3997,"comment_status":"closed","ping_status":"closed","sticky":false,"template":"","format":"standard","meta":{"footnotes":""},"categories":[11],"tags":[],"yoast_head":"<!-- This site is optimized with the Yoast SEO plugin v22.5 - https:\/\/yoast.com\/wordpress\/plugins\/seo\/ -->\n<title>Curso de Derecho Foral en UNED Pamplona - UNED Pamplona<\/title>\n<meta name=\"description\" content=\"Curso de Derecho Civil\" \/>\n<meta name=\"robots\" content=\"index, follow, max-snippet:-1, max-image-preview:large, max-video-preview:-1\" \/>\n<link rel=\"canonical\" href=\"https:\/\/unedpamplona.es\/eu\/curso-de-derecho-foral\/\" \/>\n<meta property=\"og:locale\" content=\"eu_ES\" \/>\n<meta property=\"og:type\" content=\"article\" \/>\n<meta property=\"og:title\" content=\"Curso de Derecho Foral en UNED Pamplona - UNED Pamplona\" \/>\n<meta property=\"og:description\" content=\"Curso de Derecho Civil\" \/>\n<meta property=\"og:url\" content=\"https:\/\/unedpamplona.es\/eu\/curso-de-derecho-foral\/\" \/>\n<meta property=\"og:site_name\" content=\"UNED Pamplona\" \/>\n<meta property=\"article:published_time\" content=\"2024-10-07T07:33:25+00:00\" \/>\n<meta property=\"article:modified_time\" content=\"2024-10-07T10:17:37+00:00\" \/>\n<meta property=\"og:image\" content=\"https:\/\/unedpamplona.es\/wp-content\/uploads\/2024\/03\/mazo.jpg\" \/>\n\t<meta property=\"og:image:width\" content=\"1200\" \/>\n\t<meta property=\"og:image:height\" content=\"800\" \/>\n\t<meta property=\"og:image:type\" content=\"image\/jpeg\" \/>\n<meta name=\"author\" content=\"uned\" \/>\n<meta name=\"twitter:card\" content=\"summary_large_image\" \/>\n<meta name=\"twitter:creator\" content=\"@unedpamplona\" \/>\n<meta name=\"twitter:site\" content=\"@unedpamplona\" \/>\n<meta name=\"twitter:label1\" content=\"Written by\" \/>\n\t<meta name=\"twitter:data1\" content=\"uned\" \/>\n\t<meta name=\"twitter:label2\" content=\"Est. reading time\" \/>\n\t<meta name=\"twitter:data2\" content=\"1 minute\" \/>\n<script type=\"application\/ld+json\" class=\"yoast-schema-graph\">{\"@context\":\"https:\/\/schema.org\",\"@graph\":[{\"@type\":\"Article\",\"@id\":\"https:\/\/unedpamplona.es\/eu\/curso-de-derecho-foral\/#article\",\"isPartOf\":{\"@id\":\"https:\/\/unedpamplona.es\/eu\/curso-de-derecho-foral\/\"},\"author\":{\"name\":\"uned\",\"@id\":\"https:\/\/unedpamplona.es\/eu\/#\/schema\/person\/62a05b70c6808d41d8de2111f2b5f568\"},\"headline\":\"Curso de Derecho Foral en UNED Pamplona\",\"datePublished\":\"2024-10-07T07:33:25+00:00\",\"dateModified\":\"2024-10-07T10:17:37+00:00\",\"mainEntityOfPage\":{\"@id\":\"https:\/\/unedpamplona.es\/eu\/curso-de-derecho-foral\/\"},\"wordCount\":197,\"publisher\":{\"@id\":\"https:\/\/unedpamplona.es\/eu\/#organization\"},\"image\":{\"@id\":\"https:\/\/unedpamplona.es\/eu\/curso-de-derecho-foral\/#primaryimage\"},\"thumbnailUrl\":\"https:\/\/unedpamplona.es\/wp-content\/uploads\/2024\/03\/mazo.jpg\",\"articleSection\":[\"Actualidad\"],\"inLanguage\":\"eu-ES\"},{\"@type\":\"WebPage\",\"@id\":\"https:\/\/unedpamplona.es\/eu\/curso-de-derecho-foral\/\",\"url\":\"https:\/\/unedpamplona.es\/eu\/curso-de-derecho-foral\/\",\"name\":\"Curso de Derecho Foral en UNED Pamplona - UNED Pamplona\",\"isPartOf\":{\"@id\":\"https:\/\/unedpamplona.es\/eu\/#website\"},\"primaryImageOfPage\":{\"@id\":\"https:\/\/unedpamplona.es\/eu\/curso-de-derecho-foral\/#primaryimage\"},\"image\":{\"@id\":\"https:\/\/unedpamplona.es\/eu\/curso-de-derecho-foral\/#primaryimage\"},\"thumbnailUrl\":\"https:\/\/unedpamplona.es\/wp-content\/uploads\/2024\/03\/mazo.jpg\",\"datePublished\":\"2024-10-07T07:33:25+00:00\",\"dateModified\":\"2024-10-07T10:17:37+00:00\",\"description\":\"Curso de Derecho Civil\",\"inLanguage\":\"eu-ES\",\"potentialAction\":[{\"@type\":\"ReadAction\",\"target\":[\"https:\/\/unedpamplona.es\/eu\/curso-de-derecho-foral\/\"]}]},{\"@type\":\"ImageObject\",\"inLanguage\":\"eu-ES\",\"@id\":\"https:\/\/unedpamplona.es\/eu\/curso-de-derecho-foral\/#primaryimage\",\"url\":\"https:\/\/unedpamplona.es\/wp-content\/uploads\/2024\/03\/mazo.jpg\",\"contentUrl\":\"https:\/\/unedpamplona.es\/wp-content\/uploads\/2024\/03\/mazo.jpg\",\"width\":1200,\"height\":800},{\"@type\":\"WebSite\",\"@id\":\"https:\/\/unedpamplona.es\/eu\/#website\",\"url\":\"https:\/\/unedpamplona.es\/eu\/\",\"name\":\"UNED Pamplona\",\"description\":\"\",\"publisher\":{\"@id\":\"https:\/\/unedpamplona.es\/eu\/#organization\"},\"potentialAction\":[{\"@type\":\"SearchAction\",\"target\":{\"@type\":\"EntryPoint\",\"urlTemplate\":\"https:\/\/unedpamplona.es\/eu\/?s={search_term_string}\"},\"query-input\":\"required name=search_term_string\"}],\"inLanguage\":\"eu-ES\"},{\"@type\":\"Organization\",\"@id\":\"https:\/\/unedpamplona.es\/eu\/#organization\",\"name\":\"UNED Pamplona\",\"url\":\"https:\/\/unedpamplona.es\/eu\/\",\"logo\":{\"@type\":\"ImageObject\",\"inLanguage\":\"eu-ES\",\"@id\":\"https:\/\/unedpamplona.es\/eu\/#\/schema\/logo\/image\/\",\"url\":\"https:\/\/unedpamplona.es\/wp-content\/uploads\/2024\/02\/uned_pamplona_logo.png\",\"contentUrl\":\"https:\/\/unedpamplona.es\/wp-content\/uploads\/2024\/02\/uned_pamplona_logo.png\",\"width\":218,\"height\":104,\"caption\":\"UNED Pamplona\"},\"image\":{\"@id\":\"https:\/\/unedpamplona.es\/eu\/#\/schema\/logo\/image\/\"},\"sameAs\":[\"https:\/\/x.com\/unedpamplona\",\"https:\/\/www.youtube.com\/channel\/UCR2jc6TbCMAPnbcA17Z0wwg\",\"https:\/\/www.instagram.com\/unedpamplona\/\"]},{\"@type\":\"Person\",\"@id\":\"https:\/\/unedpamplona.es\/eu\/#\/schema\/person\/62a05b70c6808d41d8de2111f2b5f568\",\"name\":\"uned\",\"image\":{\"@type\":\"ImageObject\",\"inLanguage\":\"eu-ES\",\"@id\":\"https:\/\/unedpamplona.es\/eu\/#\/schema\/person\/image\/\",\"url\":\"https:\/\/secure.gravatar.com\/avatar\/344a1f8262dc552fd951ddf77b72239b?s=96&d=mm&r=g\",\"contentUrl\":\"https:\/\/secure.gravatar.com\/avatar\/344a1f8262dc552fd951ddf77b72239b?s=96&d=mm&r=g\",\"caption\":\"uned\"},\"url\":\"https:\/\/unedpamplona.es\/eu\/author\/uned\/\"}]}<\/script>\n<!-- \/ Yoast SEO plugin. -->","yoast_head_json":{"title":"Curso de Derecho Foral en UNED Pamplona - UNED Pamplona","description":"Curso de Derecho Civil","robots":{"index":"index","follow":"follow","max-snippet":"max-snippet:-1","max-image-preview":"max-image-preview:large","max-video-preview":"max-video-preview:-1"},"canonical":"https:\/\/unedpamplona.es\/eu\/curso-de-derecho-foral\/","og_locale":"eu_ES","og_type":"article","og_title":"Curso de Derecho Foral en UNED Pamplona - UNED Pamplona","og_description":"Curso de Derecho Civil","og_url":"https:\/\/unedpamplona.es\/eu\/curso-de-derecho-foral\/","og_site_name":"UNED Pamplona","article_published_time":"2024-10-07T07:33:25+00:00","article_modified_time":"2024-10-07T10:17:37+00:00","og_image":[{"width":1200,"height":800,"url":"https:\/\/unedpamplona.es\/wp-content\/uploads\/2024\/03\/mazo.jpg","type":"image\/jpeg"}],"author":"uned","twitter_card":"summary_large_image","twitter_creator":"@unedpamplona","twitter_site":"@unedpamplona","twitter_misc":{"Written by":"uned","Est. reading time":"1 minute"},"schema":{"@context":"https:\/\/schema.org","@graph":[{"@type":"Article","@id":"https:\/\/unedpamplona.es\/eu\/curso-de-derecho-foral\/#article","isPartOf":{"@id":"https:\/\/unedpamplona.es\/eu\/curso-de-derecho-foral\/"},"author":{"name":"uned","@id":"https:\/\/unedpamplona.es\/eu\/#\/schema\/person\/62a05b70c6808d41d8de2111f2b5f568"},"headline":"Curso de Derecho Foral en UNED Pamplona","datePublished":"2024-10-07T07:33:25+00:00","dateModified":"2024-10-07T10:17:37+00:00","mainEntityOfPage":{"@id":"https:\/\/unedpamplona.es\/eu\/curso-de-derecho-foral\/"},"wordCount":197,"publisher":{"@id":"https:\/\/unedpamplona.es\/eu\/#organization"},"image":{"@id":"https:\/\/unedpamplona.es\/eu\/curso-de-derecho-foral\/#primaryimage"},"thumbnailUrl":"https:\/\/unedpamplona.es\/wp-content\/uploads\/2024\/03\/mazo.jpg","articleSection":["Actualidad"],"inLanguage":"eu-ES"},{"@type":"WebPage","@id":"https:\/\/unedpamplona.es\/eu\/curso-de-derecho-foral\/","url":"https:\/\/unedpamplona.es\/eu\/curso-de-derecho-foral\/","name":"Curso de Derecho Foral en UNED Pamplona - UNED Pamplona","isPartOf":{"@id":"https:\/\/unedpamplona.es\/eu\/#website"},"primaryImageOfPage":{"@id":"https:\/\/unedpamplona.es\/eu\/curso-de-derecho-foral\/#primaryimage"},"image":{"@id":"https:\/\/unedpamplona.es\/eu\/curso-de-derecho-foral\/#primaryimage"},"thumbnailUrl":"https:\/\/unedpamplona.es\/wp-content\/uploads\/2024\/03\/mazo.jpg","datePublished":"2024-10-07T07:33:25+00:00","dateModified":"2024-10-07T10:17:37+00:00","description":"Curso de Derecho Civil","inLanguage":"eu-ES","potentialAction":[{"@type":"ReadAction","target":["https:\/\/unedpamplona.es\/eu\/curso-de-derecho-foral\/"]}]},{"@type":"ImageObject","inLanguage":"eu-ES","@id":"https:\/\/unedpamplona.es\/eu\/curso-de-derecho-foral\/#primaryimage","url":"https:\/\/unedpamplona.es\/wp-content\/uploads\/2024\/03\/mazo.jpg","contentUrl":"https:\/\/unedpamplona.es\/wp-content\/uploads\/2024\/03\/mazo.jpg","width":1200,"height":800},{"@type":"WebSite","@id":"https:\/\/unedpamplona.es\/eu\/#website","url":"https:\/\/unedpamplona.es\/eu\/","name":"UNED Pamplona","description":"","publisher":{"@id":"https:\/\/unedpamplona.es\/eu\/#organization"},"potentialAction":[{"@type":"SearchAction","target":{"@type":"EntryPoint","urlTemplate":"https:\/\/unedpamplona.es\/eu\/?s={search_term_string}"},"query-input":"required name=search_term_string"}],"inLanguage":"eu-ES"},{"@type":"Organization","@id":"https:\/\/unedpamplona.es\/eu\/#organization","name":"UNED Pamplona","url":"https:\/\/unedpamplona.es\/eu\/","logo":{"@type":"ImageObject","inLanguage":"eu-ES","@id":"https:\/\/unedpamplona.es\/eu\/#\/schema\/logo\/image\/","url":"https:\/\/unedpamplona.es\/wp-content\/uploads\/2024\/02\/uned_pamplona_logo.png","contentUrl":"https:\/\/unedpamplona.es\/wp-content\/uploads\/2024\/02\/uned_pamplona_logo.png","width":218,"height":104,"caption":"UNED Pamplona"},"image":{"@id":"https:\/\/unedpamplona.es\/eu\/#\/schema\/logo\/image\/"},"sameAs":["https:\/\/x.com\/unedpamplona","https:\/\/www.youtube.com\/channel\/UCR2jc6TbCMAPnbcA17Z0wwg","https:\/\/www.instagram.com\/unedpamplona\/"]},{"@type":"Person","@id":"https:\/\/unedpamplona.es\/eu\/#\/schema\/person\/62a05b70c6808d41d8de2111f2b5f568","name":"uned","image":{"@type":"ImageObject","inLanguage":"eu-ES","@id":"https:\/\/unedpamplona.es\/eu\/#\/schema\/person\/image\/","url":"https:\/\/secure.gravatar.com\/avatar\/344a1f8262dc552fd951ddf77b72239b?s=96&d=mm&r=g","contentUrl":"https:\/\/secure.gravatar.com\/avatar\/344a1f8262dc552fd951ddf77b72239b?s=96&d=mm&r=g","caption":"uned"},"url":"https:\/\/unedpamplona.es\/eu\/author\/uned\/"}]}},"_links":{"self":[{"href":"https:\/\/unedpamplona.es\/eu\/wp-json\/wp\/v2\/posts\/4000"}],"collection":[{"href":"https:\/\/unedpamplona.es\/eu\/wp-json\/wp\/v2\/posts"}],"about":[{"href":"https:\/\/unedpamplona.es\/eu\/wp-json\/wp\/v2\/types\/post"}],"author":[{"embeddable":true,"href":"https:\/\/unedpamplona.es\/eu\/wp-json\/wp\/v2\/users\/2"}],"replies":[{"embeddable":true,"href":"https:\/\/unedpamplona.es\/eu\/wp-json\/wp\/v2\/comments?post=4000"}],"version-history":[{"count":9,"href":"https:\/\/unedpamplona.es\/eu\/wp-json\/wp\/v2\/posts\/4000\/revisions"}],"predecessor-version":[{"id":4990,"href":"https:\/\/unedpamplona.es\/eu\/wp-json\/wp\/v2\/posts\/4000\/revisions\/4990"}],"wp:featuredmedia":[{"embeddable":true,"href":"https:\/\/unedpamplona.es\/eu\/wp-json\/wp\/v2\/media\/3997"}],"wp:attachment":[{"href":"https:\/\/unedpamplona.es\/eu\/wp-json\/wp\/v2\/media?parent=4000"}],"wp:term":[{"taxonomy":"category","embeddable":true,"href":"https:\/\/unedpamplona.es\/eu\/wp-json\/wp\/v2\/categories?post=4000"},{"taxonomy":"post_tag","embeddable":true,"href":"https:\/\/unedpamplona.es\/eu\/wp-json\/wp\/v2\/tags?post=4000"}],"curies":[{"name":"wp","href":"https:\/\/api.w.org\/{rel}","templated":true}]}}