{"id":4410,"date":"2024-09-05T17:21:24","date_gmt":"2024-09-05T15:21:24","guid":{"rendered":"https:\/\/unedpamplona.es\/?p=4410"},"modified":"2024-09-12T17:29:34","modified_gmt":"2024-09-12T15:29:34","slug":"sesiones-de-acogida-practicas-profesionales-2024-2025","status":"publish","type":"post","link":"https:\/\/unedpamplona.es\/eu\/sesiones-de-acogida-practicas-profesionales-2024-2025\/","title":{"rendered":"Sesiones de Acogida Pr\u00e1cticas Profesionales (2024-2025)"},"content":{"rendered":"<p>Dentro de las actividades del Grupo de Innovaci\u00f3n Docente de Pr\u00e1cticas de UNED (GID-PiP de UNED https:\/\/gidpip.hypotheses.org), el Centro Asociado de UNED Pamplona organiza estas sesiones de acogida dirigidas a aquellas personas que deseen, antes de matricularse, toda la informaci\u00f3n sobre las pr\u00e1cticas profesionales que se ofrecen en el Centro Asociado de Pamplona.<\/p>\n<p><a href=\"https:\/\/extension.uned.es\/actividad\/idactividad\/37597\" target=\"_blank\" rel=\"noopener\"><strong>MATR\u00cdCULA GRATUITA<\/strong><\/a><\/p>\n<p>Las sesiones se impartir\u00e1n el mi\u00e9rcoles, 11 de septiembre, en formato <strong>PRESENCIAL<\/strong> en el aula 09, aula 11, aula 02, aula 03, aula 08, aula 05, aula 06, aula 04 y aula 01, y <strong>ON LINE DIRECTO<\/strong> a trav\u00e9s de <strong>TEAMS<\/strong>, en el siguiente horario para las diferentes materias:<\/p>\n<p>18:30-19:00 h. <strong><a href=\"https:\/\/teams.microsoft.com\/l\/meetup-join\/19%3ameeting_N2FhYTA3MTgtZDNjZi00NmFmLWIwNDQtYmU0MWVhYzBiMjcy%40thread.v2\/0?context=%7b%22Tid%22%3a%22b5587048-a070-43ad-b654-20a31e9b2d99%22%2c%22Oid%22%3a%223bb9973e-5b85-4a2a-a1de-fbba3f422ac2%22%7d\" target=\"_blank\" rel=\"noopener\">Informaci\u00f3n general de las Pr\u00e1cticas Profesionales en UNED Pamplona<\/a><\/strong><\/p>\n<p>Impartido por D\u00f1a. Ana Biurrun Moreno. Profesora tutora en UNED Pamplona.<\/p>\n<p>19:00-20:00 h. Pr\u00e1cticas en el\u00a0<strong> <a href=\"https:\/\/teams.microsoft.com\/l\/meetup-join\/19%3ameeting_N2FhYTA3MTgtZDNjZi00NmFmLWIwNDQtYmU0MWVhY zBiMjcy%40thread.v2\/0?context=%7b%22Tid%22%3a%22b5587048-a070-43ad-b654-20a31e9b2d99%22%2c%22Oid%22%3a%223bb9973e-5b85-4a2a-a1de-fbba3f422ac2%22%7d\" target=\"_blank\" rel=\"noopener\">M\u00e1ster en Prevenci\u00f3n de Riesgos Laborales\u00a0<\/a><\/strong><\/p>\n<p>Impartido por D\u00f1a. D\u00f1a. Nora Millor Muruz\u00e1bal. Profesora tutora en UNED Pamplona.<\/p>\n<p>19:00-20:00 h. Pr\u00e1cticas en los <strong><a href=\"https:\/\/teams.microsoft.com\/l\/meetup- join\/19%3ameeting_MWY2NjNiNjEtNmExYy00N2M2LWJkNGUtZWFlMGM5Zjl hZTQ4%40thread.v2\/0?context=%7b%22Tid%22%3a%22b5587048-a070-43ad-b654-20a31e9b2d99%22%2c%22Oid%22%3a%223bb9973e-5b85-4a2a-a1de-fbba3f422ac2%22%7d\" target=\"_blank\" rel=\"noopener\">Grados en Econom\u00eda\/ADE\/Turismo\u00a0<\/a><\/strong><\/p>\n<p>Impartido por D\u00f1a. Idoia Zabaleta Arregui. Profesora Tutora en UNED Pamplona<\/p>\n<p>19:00-20:00 h. Pr\u00e1cticas en el <strong><a href=\"https:\/\/teams.microsoft.com\/l\/meetup- join\/19%3ameeting_MzQ3OTU4ZmQtN2RlNS00Njk5LWI3YmItNTI0ZTk3YWM 1YjUz%40thread.v2\/0?context=%7b%22Tid%22%3a%22b5587048-a070-43ad-b654-20a31e9b2d99%22%2c%22Oid%22%3a%223bb9973e-5b85-4a2a-a1de-fbba3f422ac2%22%7d\" target=\"_blank\" rel=\"noopener\">Grado en Trabajo Social<\/a><\/strong><\/p>\n<p>Impartido por D\u00f1a. Sagrario Anaut Bravo. Profesora tutora en UNED Pamplona<\/p>\n<p>19:00-20:00 h. Pr\u00e1cticas en el\u00a0 <strong><a href=\"https:\/\/teams.microsoft.com\/l\/meetup- join\/19%3ameeting_MWU5MmRiZDktOGQ5Yi00ODZhLThhNTQtZGNhNzlmYz BlY2Y2%40thread.v2\/0?context=%7b%22Tid%22%3a%22b5587048-a070-43ad-b654-20a31e9b2d99%22%2c%22Oid%22%3a%223bb9973e-5b85-4a2a-a1de-fbba3f422ac2%22%7d\" target=\"_blank\" rel=\"noopener\">M\u00e1ster Universitario de Acceso a la Abogac\u00eda<\/a><\/strong><\/p>\n<p>Impartido por D\u00f1a. Mar\u00eda Ar\u00e1nzazu Yuste Jord\u00e1n. Profesora tutora en UNED Pamplona<\/p>\n<p>19:00-20:00 h. Pr\u00e1cticas en el <strong><a href=\"https:\/\/teams.microsoft.com\/l\/meetup- join\/19%3ameeting_YzExMGRhMzAtMmMzMy00M2Q0LTgwMmYtOWI3YTNm NzI1ZDg1%40thread.v2\/0?context=%7b%22Tid%22%3a%22b5587048-a070-43ad-b654-20a31e9b2d99%22%2c%22Oid%22%3a%223bb9973e-5b85-4a2a-a1de-fbba3f422ac2%22%7d\" target=\"_blank\" rel=\"noopener\">Grado en Educaci\u00f3n Infantil y M\u00e1ster en Formaci\u00f3n del Profesorado<\/a><\/strong><\/p>\n<p>Impartido por D\u00f1a. Rosa Garc\u00eda Mendive. Profesora tutora en UNED Pamplona<\/p>\n<p>19:00-20:00 h. Pr\u00e1cticas en el <strong><a href=\"https:\/\/teams.microsoft.com\/l\/meetup- join\/19%3ameeting_YzA0MjdhYmMtNmE0Yi00ZGExLWI3ZDMtZThkYjFlMjcxY WJk%40thread.v2\/0?context=%7b%22Tid%22%3a%22b5587048-a070-43ad-b654-20a31e9b2d99%22%2c%22Oid%22%3a%223bb9973e-5b85-4a2a-a1de-fbba3f422ac2%22%7d\" target=\"_blank\" rel=\"noopener\">Grado en Criminolog\u00eda<\/a><\/strong><\/p>\n<p>Impartido por Nahikari S\u00e1nchez-Herrero. Profesora tutora de UNED Pamplona<\/p>\n<p>19:00-20:00 h. Pr\u00e1cticas en el <strong><a href=\"https:\/\/teams.microsoft.com\/l\/meetup- join\/19%3ameeting_OGU2OTE2Y2EtZjJkYy00NTM0LTliMDQtNjZjYTlhNmYxZ WYz%40thread.v2\/0?context=%7b%22Tid%22%3a%22b5587048-a070-43ad-b654-20a31e9b2d99%22%2c%22Oid%22%3a%223bb9973e-5b85-4a2a-a1de-fbba3f422ac2%22%7d\" target=\"_blank\" rel=\"noopener\">Grado en Educaci\u00f3n Social\u00a0<\/a><\/strong><\/p>\n<p>Impartido por D\u00f1a. Ana Biurrun Moreno. Profesora tutora en UNED Pamplona<\/p>\n<p><em>#Pinchando en cada sesi\u00f3n se accede a la plataforma Teams<\/em><\/p>\n","protected":false},"excerpt":{"rendered":"<p>Dentro de las actividades del Grupo de Innovaci\u00f3n Docente de Pr\u00e1cticas de UNED (GID-PiP de UNED https:\/\/gidpip.hypotheses.org), el Centro Asociado de UNED Pamplona organiza estas sesiones de acogida dirigidas a aquellas personas que deseen, antes de matricularse, toda la informaci\u00f3n sobre las pr\u00e1cticas profesionales que se ofrecen en el Centro Asociado de Pamplona. MATR\u00cdCULA GRATUITA [&hellip;]<\/p>\n","protected":false},"author":2,"featured_media":4413,"comment_status":"closed","ping_status":"closed","sticky":false,"template":"","format":"standard","meta":{"footnotes":""},"categories":[11],"tags":[],"yoast_head":"<!-- This site is optimized with the Yoast SEO plugin v22.5 - https:\/\/yoast.com\/wordpress\/plugins\/seo\/ -->\n<title>Sesiones de Acogida Pr\u00e1cticas Profesionales (2024-2025) - UNED Pamplona<\/title>\n<meta name=\"description\" content=\"Sesiones de acogida UNED\" \/>\n<meta name=\"robots\" content=\"index, follow, max-snippet:-1, max-image-preview:large, max-video-preview:-1\" \/>\n<link rel=\"canonical\" href=\"https:\/\/unedpamplona.es\/eu\/sesiones-de-acogida-practicas-profesionales-2024-2025\/\" \/>\n<meta property=\"og:locale\" content=\"eu_ES\" \/>\n<meta property=\"og:type\" content=\"article\" \/>\n<meta property=\"og:title\" content=\"Sesiones de Acogida Pr\u00e1cticas Profesionales (2024-2025) - UNED Pamplona\" \/>\n<meta property=\"og:description\" content=\"Sesiones de acogida UNED\" \/>\n<meta property=\"og:url\" content=\"https:\/\/unedpamplona.es\/eu\/sesiones-de-acogida-practicas-profesionales-2024-2025\/\" \/>\n<meta property=\"og:site_name\" content=\"UNED Pamplona\" \/>\n<meta property=\"article:published_time\" content=\"2024-09-05T15:21:24+00:00\" \/>\n<meta property=\"article:modified_time\" content=\"2024-09-12T15:29:34+00:00\" \/>\n<meta property=\"og:image\" content=\"https:\/\/unedpamplona.es\/wp-content\/uploads\/2024\/09\/sesiones-de-acogida.png\" \/>\n\t<meta property=\"og:image:width\" content=\"961\" \/>\n\t<meta property=\"og:image:height\" content=\"502\" \/>\n\t<meta property=\"og:image:type\" content=\"image\/png\" \/>\n<meta name=\"author\" content=\"uned\" \/>\n<meta name=\"twitter:card\" content=\"summary_large_image\" \/>\n<meta name=\"twitter:creator\" content=\"@unedpamplona\" \/>\n<meta name=\"twitter:site\" content=\"@unedpamplona\" \/>\n<meta name=\"twitter:label1\" content=\"Written by\" \/>\n\t<meta name=\"twitter:data1\" content=\"uned\" \/>\n\t<meta name=\"twitter:label2\" content=\"Est. reading time\" \/>\n\t<meta name=\"twitter:data2\" content=\"2 minutes\" \/>\n<script type=\"application\/ld+json\" class=\"yoast-schema-graph\">{\"@context\":\"https:\/\/schema.org\",\"@graph\":[{\"@type\":\"Article\",\"@id\":\"https:\/\/unedpamplona.es\/eu\/sesiones-de-acogida-practicas-profesionales-2024-2025\/#article\",\"isPartOf\":{\"@id\":\"https:\/\/unedpamplona.es\/eu\/sesiones-de-acogida-practicas-profesionales-2024-2025\/\"},\"author\":{\"name\":\"uned\",\"@id\":\"https:\/\/unedpamplona.es\/eu\/#\/schema\/person\/62a05b70c6808d41d8de2111f2b5f568\"},\"headline\":\"Sesiones de Acogida Pr\u00e1cticas Profesionales (2024-2025)\",\"datePublished\":\"2024-09-05T15:21:24+00:00\",\"dateModified\":\"2024-09-12T15:29:34+00:00\",\"mainEntityOfPage\":{\"@id\":\"https:\/\/unedpamplona.es\/eu\/sesiones-de-acogida-practicas-profesionales-2024-2025\/\"},\"wordCount\":329,\"publisher\":{\"@id\":\"https:\/\/unedpamplona.es\/eu\/#organization\"},\"image\":{\"@id\":\"https:\/\/unedpamplona.es\/eu\/sesiones-de-acogida-practicas-profesionales-2024-2025\/#primaryimage\"},\"thumbnailUrl\":\"https:\/\/unedpamplona.es\/wp-content\/uploads\/2024\/09\/sesiones-de-acogida.png\",\"articleSection\":[\"Actualidad\"],\"inLanguage\":\"eu-ES\"},{\"@type\":\"WebPage\",\"@id\":\"https:\/\/unedpamplona.es\/eu\/sesiones-de-acogida-practicas-profesionales-2024-2025\/\",\"url\":\"https:\/\/unedpamplona.es\/eu\/sesiones-de-acogida-practicas-profesionales-2024-2025\/\",\"name\":\"Sesiones de Acogida Pr\u00e1cticas Profesionales (2024-2025) - UNED Pamplona\",\"isPartOf\":{\"@id\":\"https:\/\/unedpamplona.es\/eu\/#website\"},\"primaryImageOfPage\":{\"@id\":\"https:\/\/unedpamplona.es\/eu\/sesiones-de-acogida-practicas-profesionales-2024-2025\/#primaryimage\"},\"image\":{\"@id\":\"https:\/\/unedpamplona.es\/eu\/sesiones-de-acogida-practicas-profesionales-2024-2025\/#primaryimage\"},\"thumbnailUrl\":\"https:\/\/unedpamplona.es\/wp-content\/uploads\/2024\/09\/sesiones-de-acogida.png\",\"datePublished\":\"2024-09-05T15:21:24+00:00\",\"dateModified\":\"2024-09-12T15:29:34+00:00\",\"description\":\"Sesiones de acogida UNED\",\"inLanguage\":\"eu-ES\",\"potentialAction\":[{\"@type\":\"ReadAction\",\"target\":[\"https:\/\/unedpamplona.es\/eu\/sesiones-de-acogida-practicas-profesionales-2024-2025\/\"]}]},{\"@type\":\"ImageObject\",\"inLanguage\":\"eu-ES\",\"@id\":\"https:\/\/unedpamplona.es\/eu\/sesiones-de-acogida-practicas-profesionales-2024-2025\/#primaryimage\",\"url\":\"https:\/\/unedpamplona.es\/wp-content\/uploads\/2024\/09\/sesiones-de-acogida.png\",\"contentUrl\":\"https:\/\/unedpamplona.es\/wp-content\/uploads\/2024\/09\/sesiones-de-acogida.png\",\"width\":961,\"height\":502},{\"@type\":\"WebSite\",\"@id\":\"https:\/\/unedpamplona.es\/eu\/#website\",\"url\":\"https:\/\/unedpamplona.es\/eu\/\",\"name\":\"UNED Pamplona\",\"description\":\"\",\"publisher\":{\"@id\":\"https:\/\/unedpamplona.es\/eu\/#organization\"},\"potentialAction\":[{\"@type\":\"SearchAction\",\"target\":{\"@type\":\"EntryPoint\",\"urlTemplate\":\"https:\/\/unedpamplona.es\/eu\/?s={search_term_string}\"},\"query-input\":\"required name=search_term_string\"}],\"inLanguage\":\"eu-ES\"},{\"@type\":\"Organization\",\"@id\":\"https:\/\/unedpamplona.es\/eu\/#organization\",\"name\":\"UNED Pamplona\",\"url\":\"https:\/\/unedpamplona.es\/eu\/\",\"logo\":{\"@type\":\"ImageObject\",\"inLanguage\":\"eu-ES\",\"@id\":\"https:\/\/unedpamplona.es\/eu\/#\/schema\/logo\/image\/\",\"url\":\"https:\/\/unedpamplona.es\/wp-content\/uploads\/2024\/02\/uned_pamplona_logo.png\",\"contentUrl\":\"https:\/\/unedpamplona.es\/wp-content\/uploads\/2024\/02\/uned_pamplona_logo.png\",\"width\":218,\"height\":104,\"caption\":\"UNED Pamplona\"},\"image\":{\"@id\":\"https:\/\/unedpamplona.es\/eu\/#\/schema\/logo\/image\/\"},\"sameAs\":[\"https:\/\/x.com\/unedpamplona\",\"https:\/\/www.youtube.com\/channel\/UCR2jc6TbCMAPnbcA17Z0wwg\",\"https:\/\/www.instagram.com\/unedpamplona\/\"]},{\"@type\":\"Person\",\"@id\":\"https:\/\/unedpamplona.es\/eu\/#\/schema\/person\/62a05b70c6808d41d8de2111f2b5f568\",\"name\":\"uned\",\"image\":{\"@type\":\"ImageObject\",\"inLanguage\":\"eu-ES\",\"@id\":\"https:\/\/unedpamplona.es\/eu\/#\/schema\/person\/image\/\",\"url\":\"https:\/\/secure.gravatar.com\/avatar\/344a1f8262dc552fd951ddf77b72239b?s=96&d=mm&r=g\",\"contentUrl\":\"https:\/\/secure.gravatar.com\/avatar\/344a1f8262dc552fd951ddf77b72239b?s=96&d=mm&r=g\",\"caption\":\"uned\"},\"url\":\"https:\/\/unedpamplona.es\/eu\/author\/uned\/\"}]}<\/script>\n<!-- \/ Yoast SEO plugin. -->","yoast_head_json":{"title":"Sesiones de Acogida Pr\u00e1cticas Profesionales (2024-2025) - UNED Pamplona","description":"Sesiones de acogida UNED","robots":{"index":"index","follow":"follow","max-snippet":"max-snippet:-1","max-image-preview":"max-image-preview:large","max-video-preview":"max-video-preview:-1"},"canonical":"https:\/\/unedpamplona.es\/eu\/sesiones-de-acogida-practicas-profesionales-2024-2025\/","og_locale":"eu_ES","og_type":"article","og_title":"Sesiones de Acogida Pr\u00e1cticas Profesionales (2024-2025) - UNED Pamplona","og_description":"Sesiones de acogida UNED","og_url":"https:\/\/unedpamplona.es\/eu\/sesiones-de-acogida-practicas-profesionales-2024-2025\/","og_site_name":"UNED Pamplona","article_published_time":"2024-09-05T15:21:24+00:00","article_modified_time":"2024-09-12T15:29:34+00:00","og_image":[{"width":961,"height":502,"url":"https:\/\/unedpamplona.es\/wp-content\/uploads\/2024\/09\/sesiones-de-acogida.png","type":"image\/png"}],"author":"uned","twitter_card":"summary_large_image","twitter_creator":"@unedpamplona","twitter_site":"@unedpamplona","twitter_misc":{"Written by":"uned","Est. reading time":"2 minutes"},"schema":{"@context":"https:\/\/schema.org","@graph":[{"@type":"Article","@id":"https:\/\/unedpamplona.es\/eu\/sesiones-de-acogida-practicas-profesionales-2024-2025\/#article","isPartOf":{"@id":"https:\/\/unedpamplona.es\/eu\/sesiones-de-acogida-practicas-profesionales-2024-2025\/"},"author":{"name":"uned","@id":"https:\/\/unedpamplona.es\/eu\/#\/schema\/person\/62a05b70c6808d41d8de2111f2b5f568"},"headline":"Sesiones de Acogida Pr\u00e1cticas Profesionales (2024-2025)","datePublished":"2024-09-05T15:21:24+00:00","dateModified":"2024-09-12T15:29:34+00:00","mainEntityOfPage":{"@id":"https:\/\/unedpamplona.es\/eu\/sesiones-de-acogida-practicas-profesionales-2024-2025\/"},"wordCount":329,"publisher":{"@id":"https:\/\/unedpamplona.es\/eu\/#organization"},"image":{"@id":"https:\/\/unedpamplona.es\/eu\/sesiones-de-acogida-practicas-profesionales-2024-2025\/#primaryimage"},"thumbnailUrl":"https:\/\/unedpamplona.es\/wp-content\/uploads\/2024\/09\/sesiones-de-acogida.png","articleSection":["Actualidad"],"inLanguage":"eu-ES"},{"@type":"WebPage","@id":"https:\/\/unedpamplona.es\/eu\/sesiones-de-acogida-practicas-profesionales-2024-2025\/","url":"https:\/\/unedpamplona.es\/eu\/sesiones-de-acogida-practicas-profesionales-2024-2025\/","name":"Sesiones de Acogida Pr\u00e1cticas Profesionales (2024-2025) - UNED Pamplona","isPartOf":{"@id":"https:\/\/unedpamplona.es\/eu\/#website"},"primaryImageOfPage":{"@id":"https:\/\/unedpamplona.es\/eu\/sesiones-de-acogida-practicas-profesionales-2024-2025\/#primaryimage"},"image":{"@id":"https:\/\/unedpamplona.es\/eu\/sesiones-de-acogida-practicas-profesionales-2024-2025\/#primaryimage"},"thumbnailUrl":"https:\/\/unedpamplona.es\/wp-content\/uploads\/2024\/09\/sesiones-de-acogida.png","datePublished":"2024-09-05T15:21:24+00:00","dateModified":"2024-09-12T15:29:34+00:00","description":"Sesiones de acogida UNED","inLanguage":"eu-ES","potentialAction":[{"@type":"ReadAction","target":["https:\/\/unedpamplona.es\/eu\/sesiones-de-acogida-practicas-profesionales-2024-2025\/"]}]},{"@type":"ImageObject","inLanguage":"eu-ES","@id":"https:\/\/unedpamplona.es\/eu\/sesiones-de-acogida-practicas-profesionales-2024-2025\/#primaryimage","url":"https:\/\/unedpamplona.es\/wp-content\/uploads\/2024\/09\/sesiones-de-acogida.png","contentUrl":"https:\/\/unedpamplona.es\/wp-content\/uploads\/2024\/09\/sesiones-de-acogida.png","width":961,"height":502},{"@type":"WebSite","@id":"https:\/\/unedpamplona.es\/eu\/#website","url":"https:\/\/unedpamplona.es\/eu\/","name":"UNED Pamplona","description":"","publisher":{"@id":"https:\/\/unedpamplona.es\/eu\/#organization"},"potentialAction":[{"@type":"SearchAction","target":{"@type":"EntryPoint","urlTemplate":"https:\/\/unedpamplona.es\/eu\/?s={search_term_string}"},"query-input":"required name=search_term_string"}],"inLanguage":"eu-ES"},{"@type":"Organization","@id":"https:\/\/unedpamplona.es\/eu\/#organization","name":"UNED Pamplona","url":"https:\/\/unedpamplona.es\/eu\/","logo":{"@type":"ImageObject","inLanguage":"eu-ES","@id":"https:\/\/unedpamplona.es\/eu\/#\/schema\/logo\/image\/","url":"https:\/\/unedpamplona.es\/wp-content\/uploads\/2024\/02\/uned_pamplona_logo.png","contentUrl":"https:\/\/unedpamplona.es\/wp-content\/uploads\/2024\/02\/uned_pamplona_logo.png","width":218,"height":104,"caption":"UNED Pamplona"},"image":{"@id":"https:\/\/unedpamplona.es\/eu\/#\/schema\/logo\/image\/"},"sameAs":["https:\/\/x.com\/unedpamplona","https:\/\/www.youtube.com\/channel\/UCR2jc6TbCMAPnbcA17Z0wwg","https:\/\/www.instagram.com\/unedpamplona\/"]},{"@type":"Person","@id":"https:\/\/unedpamplona.es\/eu\/#\/schema\/person\/62a05b70c6808d41d8de2111f2b5f568","name":"uned","image":{"@type":"ImageObject","inLanguage":"eu-ES","@id":"https:\/\/unedpamplona.es\/eu\/#\/schema\/person\/image\/","url":"https:\/\/secure.gravatar.com\/avatar\/344a1f8262dc552fd951ddf77b72239b?s=96&d=mm&r=g","contentUrl":"https:\/\/secure.gravatar.com\/avatar\/344a1f8262dc552fd951ddf77b72239b?s=96&d=mm&r=g","caption":"uned"},"url":"https:\/\/unedpamplona.es\/eu\/author\/uned\/"}]}},"_links":{"self":[{"href":"https:\/\/unedpamplona.es\/eu\/wp-json\/wp\/v2\/posts\/4410"}],"collection":[{"href":"https:\/\/unedpamplona.es\/eu\/wp-json\/wp\/v2\/posts"}],"about":[{"href":"https:\/\/unedpamplona.es\/eu\/wp-json\/wp\/v2\/types\/post"}],"author":[{"embeddable":true,"href":"https:\/\/unedpamplona.es\/eu\/wp-json\/wp\/v2\/users\/2"}],"replies":[{"embeddable":true,"href":"https:\/\/unedpamplona.es\/eu\/wp-json\/wp\/v2\/comments?post=4410"}],"version-history":[{"count":9,"href":"https:\/\/unedpamplona.es\/eu\/wp-json\/wp\/v2\/posts\/4410\/revisions"}],"predecessor-version":[{"id":4554,"href":"https:\/\/unedpamplona.es\/eu\/wp-json\/wp\/v2\/posts\/4410\/revisions\/4554"}],"wp:featuredmedia":[{"embeddable":true,"href":"https:\/\/unedpamplona.es\/eu\/wp-json\/wp\/v2\/media\/4413"}],"wp:attachment":[{"href":"https:\/\/unedpamplona.es\/eu\/wp-json\/wp\/v2\/media?parent=4410"}],"wp:term":[{"taxonomy":"category","embeddable":true,"href":"https:\/\/unedpamplona.es\/eu\/wp-json\/wp\/v2\/categories?post=4410"},{"taxonomy":"post_tag","embeddable":true,"href":"https:\/\/unedpamplona.es\/eu\/wp-json\/wp\/v2\/tags?post=4410"}],"curies":[{"name":"wp","href":"https:\/\/api.w.org\/{rel}","templated":true}]}}