{"id":4556,"date":"2023-09-16T09:50:25","date_gmt":"2023-09-16T07:50:25","guid":{"rendered":"https:\/\/unedpamplona.es\/?p=4556"},"modified":"2024-09-20T09:35:15","modified_gmt":"2024-09-20T07:35:15","slug":"sesiones-informativas-curso-2024-2025","status":"publish","type":"post","link":"https:\/\/unedpamplona.es\/eu\/sesiones-informativas-curso-2024-2025\/","title":{"rendered":"Sesiones informativas curso 2024-2025"},"content":{"rendered":"<p>Las sesiones informativas est\u00e1n dirigidas a aquellas personas que deseen, antes de matricularse, toda la informaci\u00f3n sobre los servicios, asignaturas y titulaciones que se ofrecen en UNED Pamplona. La entrada es libre.<\/p>\n<table width=\"648\">\n<tbody>\n<tr>\n<td width=\"648\"><strong>LUNES 16 DE SEPTIEMBRE<\/strong><\/p>\n<p>&#8211;\u00a0\u00a0\u00a0\u00a0\u00a0\u00a0\u00a0\u00a0\u00a0 18:30 Aula 9: <a href=\"https:\/\/teams.microsoft.com\/l\/meetup-join\/19%3ameeting_MjUzOGZjNjYtNDgzMy00ZGM4LWFhOTQtZTEzZDM4ODkyNDIy%40thread.v2\/0?context=%7b%22Tid%22%3a%22b5587048-a070-43ad-b654-20a31e9b2d99%22%2c%22Oid%22%3a%223bb9973e-5b85-4a2a-a1de-fbba3f422ac2%22%7d\">Criminolog\u00eda<\/a><\/p>\n<p>&nbsp;<\/p>\n<p>&#8211;\u00a0\u00a0\u00a0\u00a0\u00a0\u00a0\u00a0\u00a0\u00a0 18:45 Aula 8: <a href=\"https:\/\/teams.microsoft.com\/l\/meetup-join\/19%3ameeting_YWIwOWJhZjctMTcyYS00MTI4LWJmOGItOWU2M2E0YjEwOWY2%40thread.v2\/0?context=%7b%22Tid%22%3a%22b5587048-a070-43ad-b654-20a31e9b2d99%22%2c%22Oid%22%3a%223bb9973e-5b85-4a2a-a1de-fbba3f422ac2%22%7d\">Ciencia Pol\u00edtica y de la Administraci\u00f3n, Sociolog\u00eda y Microgrados<\/a><\/p>\n<p>&nbsp;<\/p>\n<p>&#8211;\u00a0\u00a0\u00a0\u00a0\u00a0\u00a0\u00a0\u00a0\u00a0 19:00 Aula 2: <a href=\"https:\/\/teams.microsoft.com\/l\/meetup-join\/19%3ameeting_MDc2MmQ5YzAtZmM0OS00ODkwLTgxMGQtN2JlYjc5MGQ3NGM0%40thread.v2\/0?context=%7b%22Tid%22%3a%22b5587048-a070-43ad-b654-20a31e9b2d99%22%2c%22Oid%22%3a%223bb9973e-5b85-4a2a-a1de-fbba3f422ac2%22%7d\">Matem\u00e1ticas<\/a><\/p>\n<p>&nbsp;<\/p>\n<p>&#8211;\u00a0\u00a0\u00a0\u00a0\u00a0\u00a0\u00a0\u00a0\u00a0 19:15 Aula 11: <a href=\"https:\/\/teams.microsoft.com\/l\/meetup-join\/19%3ameeting_NWQzYTMwNzctZWI5Ny00MjlkLTkxNzQtNmIyNjg5MzQ4MmY2%40thread.v2\/0?context=%7b%22Tid%22%3a%22b5587048-a070-43ad-b654-20a31e9b2d99%22%2c%22Oid%22%3a%223bb9973e-5b85-4a2a-a1de-fbba3f422ac2%22%7d\">Estudios Ingleses y Lengua y Literatura Espa\u00f1olas y Microgrados<\/a><\/p>\n<p>&nbsp;<\/p>\n<p>&nbsp;<\/p>\n<p><strong>MARTES 17 DE SEPTIEMBRE<\/strong><\/p>\n<p>&#8211;\u00a0\u00a0\u00a0\u00a0\u00a0\u00a0\u00a0\u00a0\u00a0 18:30 Aula 2: <a href=\"https:\/\/teams.microsoft.com\/l\/meetup-join\/19%3ameeting_YTFmNWZhNzItNTllNS00YzMxLWJiN2EtZjYyMmUzMGMzZGY0%40thread.v2\/0?context=%7b%22Tid%22%3a%22b5587048-a070-43ad-b654-20a31e9b2d99%22%2c%22Oid%22%3a%223bb9973e-5b85-4a2a-a1de-fbba3f422ac2%22%7d\">Acceso para mayores de 25 y 45 a\u00f1os<\/a><\/p>\n<p>&nbsp;<\/p>\n<p>&#8211;\u00a0\u00a0\u00a0\u00a0\u00a0\u00a0\u00a0\u00a0\u00a0 18:45 Aula 8: <a href=\"https:\/\/teams.microsoft.com\/l\/meetup-join\/19%3ameeting_YWUyNmFiOGItNTAwOC00MDk0LWFiZjQtOGI4NmUzY2FmMjlk%40thread.v2\/0?context=%7b%22Tid%22%3a%22b5587048-a070-43ad-b654-20a31e9b2d99%22%2c%22Oid%22%3a%223bb9973e-5b85-4a2a-a1de-fbba3f422ac2%22%7d\">Idiomas: Ingl\u00e9s y Euskera (CUID)<\/a><\/p>\n<p>&nbsp;<\/p>\n<p>&#8211;\u00a0\u00a0\u00a0\u00a0\u00a0\u00a0\u00a0\u00a0\u00a0 19:00 Aula 9: <a href=\"https:\/\/teams.microsoft.com\/l\/meetup-join\/19%3ameeting_NWFhZTZhZmUtOWIzZC00ZGNmLWIyYTUtNTQwMTY3MGI2ZTAy%40thread.v2\/0?context=%7b%22Tid%22%3a%22b5587048-a070-43ad-b654-20a31e9b2d99%22%2c%22Oid%22%3a%223bb9973e-5b85-4a2a-a1de-fbba3f422ac2%22%7d\">ADE, Econ\u00f3micas y Turismo y Microgrados<\/a><\/p>\n<p>&nbsp;<\/p>\n<p>&#8211;\u00a0\u00a0\u00a0\u00a0\u00a0\u00a0\u00a0\u00a0\u00a0 19:15 Aula 11: <a href=\"https:\/\/teams.microsoft.com\/l\/meetup-join\/19%3ameeting_YjhmZDhhMDUtNjRiNC00NjE0LTgxOTMtNGFjZWJhYjI4ZTIx%40thread.v2\/0?context=%7b%22Tid%22%3a%22b5587048-a070-43ad-b654-20a31e9b2d99%22%2c%22Oid%22%3a%223bb9973e-5b85-4a2a-a1de-fbba3f422ac2%22%7d\">Ingenier\u00edas<\/a><\/p>\n<p>&nbsp;<\/p>\n<p>&nbsp;<\/td>\n<\/tr>\n<tr>\n<td width=\"648\"><strong>MI\u00c9RCOLES 18 DE SEPTIEMBRE<\/strong><\/p>\n<p>&#8211;\u00a0\u00a0\u00a0\u00a0\u00a0\u00a0\u00a0\u00a0\u00a0 18:30 Aula 2: <a href=\"https:\/\/teams.microsoft.com\/l\/meetup-join\/19%3ameeting_ZGY3N2NjM2ItYTQ0My00Yzc4LThjZDMtNDY5YzhmNTJkNmQw%40thread.v2\/0?context=%7b%22Tid%22%3a%22b5587048-a070-43ad-b654-20a31e9b2d99%22%2c%22Oid%22%3a%223bb9973e-5b85-4a2a-a1de-fbba3f422ac2%22%7d\">Filosof\u00eda y Antropolog\u00eda Social y Cultural\u00a0y Microgrados<\/a><\/p>\n<p>&nbsp;<\/p>\n<p>&#8211;\u00a0\u00a0\u00a0\u00a0\u00a0\u00a0\u00a0\u00a0\u00a0 18:45 Aula 8: <a href=\"https:\/\/teams.microsoft.com\/l\/meetup-join\/19%3ameeting_YjQxZjFmODQtMWZjYS00ZTgwLTlmMWMtZDA3YjA0YTY4OWEz%40thread.v2\/0?context=%7b%22Tid%22%3a%22b5587048-a070-43ad-b654-20a31e9b2d99%22%2c%22Oid%22%3a%223bb9973e-5b85-4a2a-a1de-fbba3f422ac2%22%7d\">Educaci\u00f3n Infantil<\/a><\/p>\n<p>&nbsp;<\/p>\n<p>&#8211;\u00a0\u00a0\u00a0\u00a0\u00a0\u00a0\u00a0\u00a0\u00a0 19:00 Aula 11:<a href=\"https:\/\/teams.microsoft.com\/l\/meetup-join\/19%3ameeting_ZmU0YzFjNjYtODY4MS00MDgzLWIwYTEtZTE2ZTliODhhZTdh%40thread.v2\/0?context=%7b%22Tid%22%3a%22b5587048-a070-43ad-b654-20a31e9b2d99%22%2c%22Oid%22%3a%223bb9973e-5b85-4a2a-a1de-fbba3f422ac2%22%7d\"> Trabajo Social<\/a><\/p>\n<p>&nbsp;<\/p>\n<p>&#8211;\u00a0\u00a0\u00a0\u00a0\u00a0\u00a0\u00a0\u00a0\u00a0 19:15 Aula 9: <a href=\"https:\/\/teams.microsoft.com\/l\/meetup-join\/19%3ameeting_YjI1MTFmYmQtMWNlZi00MmE1LWI0NWQtYTk2M2YyYzQxMTVl%40thread.v2\/0?context=%7b%22Tid%22%3a%22b5587048-a070-43ad-b654-20a31e9b2d99%22%2c%22Oid%22%3a%223bb9973e-5b85-4a2a-a1de-fbba3f422ac2%22%7d\">Psicolog\u00eda<\/a><\/p>\n<p><strong>\u00a0<\/strong><\/td>\n<\/tr>\n<tr>\n<td width=\"648\"><strong>JUEVES 19 DE SEPTIEMBRE<\/strong><\/p>\n<p>&#8211;\u00a0\u00a0\u00a0\u00a0\u00a0\u00a0\u00a0\u00a0\u00a0 18:30 Aula 9: <a href=\"https:\/\/teams.microsoft.com\/l\/meetup-join\/19%3ameeting_MmE2NjllMmMtMjVhMS00YTNkLThiOTMtZjAwOTI2ODVkN2Vj%40thread.v2\/0?context=%7b%22Tid%22%3a%22b5587048-a070-43ad-b654-20a31e9b2d99%22%2c%22Oid%22%3a%223bb9973e-5b85-4a2a-a1de-fbba3f422ac2%22%7d\">Derecho y Ciencias Jur\u00eddicas de las Administraciones P\u00fablicas<\/a><\/p>\n<p>&nbsp;<\/p>\n<p>&#8211;\u00a0\u00a0\u00a0\u00a0\u00a0\u00a0\u00a0\u00a0\u00a0 18:45 Aula 8: <a href=\"https:\/\/teams.microsoft.com\/l\/meetup-join\/19%3ameeting_NjIwZDVkZGUtM2MzMC00ZGQzLTljNGItNDcyNWNiZDU0ZGVl%40thread.v2\/0?context=%7b%22Tid%22%3a%22b5587048-a070-43ad-b654-20a31e9b2d99%22%2c%22Oid%22%3a%223bb9973e-5b85-4a2a-a1de-fbba3f422ac2%22%7d\">Ciencias y Microgrados<\/a><\/p>\n<p>&nbsp;<\/p>\n<p>&#8211;\u00a0\u00a0\u00a0\u00a0\u00a0\u00a0\u00a0\u00a0\u00a0 19:00 Aula 11:\u00a0<a href=\"https:\/\/teams.microsoft.com\/l\/meetup-join\/19%3ameeting_ZTI1OTUwYzQtY2U3OS00NzI5LThkMmQtZjI3ZGJjMWE1NDRj%40thread.v2\/0?context=%7b%22Tid%22%3a%22b5587048-a070-43ad-b654-20a31e9b2d99%22%2c%22Oid%22%3a%223bb9973e-5b85-4a2a-a1de-fbba3f422ac2%22%7d\">Geograf\u00eda e Historia e Historia del Arte y Microgrados<\/a><\/p>\n<p>&nbsp;<\/p>\n<p>&#8211;\u00a0\u00a0\u00a0\u00a0\u00a0\u00a0\u00a0\u00a0\u00a0 19:15 Aula 2: <a href=\"https:\/\/teams.microsoft.com\/l\/meetup-join\/19%3ameeting_ODRjMDNhMzgtNzE0OS00ZWI3LWE4NTAtZTliZjc2Yzg3NzJi%40thread.v2\/0?context=%7b%22Tid%22%3a%22b5587048-a070-43ad-b654-20a31e9b2d99%22%2c%22Oid%22%3a%223bb9973e-5b85-4a2a-a1de-fbba3f422ac2%22%7d\">Educaci\u00f3n Social y Pedagog\u00eda<\/a><\/p>\n<p>&nbsp;<\/p>\n<p style=\"text-align: center;\"><a href=\"https:\/\/unedpamplona.es\/wp-content\/uploads\/2024\/09\/CARTEL-SESIONES-INFORMATIVAS-2024-2025.pdf\">INFORMACI\u00d3N EN PDF<\/a><\/p>\n<p>&nbsp;<\/td>\n<\/tr>\n<\/tbody>\n<\/table>\n","protected":false},"excerpt":{"rendered":"<p>Las sesiones informativas est\u00e1n dirigidas a aquellas personas que deseen, antes de matricularse, toda la informaci\u00f3n sobre los servicios, asignaturas y titulaciones que se ofrecen en UNED Pamplona. La entrada es libre. LUNES 16 DE SEPTIEMBRE &#8211;\u00a0\u00a0\u00a0\u00a0\u00a0\u00a0\u00a0\u00a0\u00a0 18:30 Aula 9: Criminolog\u00eda &nbsp; &#8211;\u00a0\u00a0\u00a0\u00a0\u00a0\u00a0\u00a0\u00a0\u00a0 18:45 Aula 8: Ciencia Pol\u00edtica y de la Administraci\u00f3n, Sociolog\u00eda y Microgrados [&hellip;]<\/p>\n","protected":false},"author":2,"featured_media":3301,"comment_status":"closed","ping_status":"closed","sticky":false,"template":"","format":"standard","meta":{"footnotes":""},"categories":[11],"tags":[],"yoast_head":"<!-- This site is optimized with the Yoast SEO plugin v22.5 - https:\/\/yoast.com\/wordpress\/plugins\/seo\/ -->\n<title>Sesiones informativas curso 2024-2025 - UNED Pamplona<\/title>\n<meta name=\"robots\" content=\"index, follow, max-snippet:-1, max-image-preview:large, max-video-preview:-1\" \/>\n<link rel=\"canonical\" href=\"https:\/\/unedpamplona.es\/eu\/sesiones-informativas-curso-2024-2025\/\" \/>\n<meta property=\"og:locale\" content=\"eu_ES\" \/>\n<meta property=\"og:type\" content=\"article\" \/>\n<meta property=\"og:title\" content=\"Sesiones informativas curso 2024-2025 - UNED Pamplona\" \/>\n<meta property=\"og:description\" content=\"Las sesiones informativas est\u00e1n dirigidas a aquellas personas que deseen, antes de matricularse, toda la informaci\u00f3n sobre los servicios, asignaturas y titulaciones que se ofrecen en UNED Pamplona. La entrada es libre. LUNES 16 DE SEPTIEMBRE &#8211;\u00a0\u00a0\u00a0\u00a0\u00a0\u00a0\u00a0\u00a0\u00a0 18:30 Aula 9: Criminolog\u00eda &nbsp; &#8211;\u00a0\u00a0\u00a0\u00a0\u00a0\u00a0\u00a0\u00a0\u00a0 18:45 Aula 8: Ciencia Pol\u00edtica y de la Administraci\u00f3n, Sociolog\u00eda y Microgrados [&hellip;]\" \/>\n<meta property=\"og:url\" content=\"https:\/\/unedpamplona.es\/eu\/sesiones-informativas-curso-2024-2025\/\" \/>\n<meta property=\"og:site_name\" content=\"UNED Pamplona\" \/>\n<meta property=\"article:published_time\" content=\"2023-09-16T07:50:25+00:00\" \/>\n<meta property=\"article:modified_time\" content=\"2024-09-20T07:35:15+00:00\" \/>\n<meta property=\"og:image\" content=\"https:\/\/unedpamplona.es\/wp-content\/uploads\/2024\/08\/Estudiantes-cuadrada.jpg\" \/>\n\t<meta property=\"og:image:width\" content=\"621\" \/>\n\t<meta property=\"og:image:height\" content=\"330\" \/>\n\t<meta property=\"og:image:type\" content=\"image\/jpeg\" \/>\n<meta name=\"author\" content=\"uned\" \/>\n<meta name=\"twitter:card\" content=\"summary_large_image\" \/>\n<meta name=\"twitter:creator\" content=\"@unedpamplona\" \/>\n<meta name=\"twitter:site\" content=\"@unedpamplona\" \/>\n<meta name=\"twitter:label1\" content=\"Written by\" \/>\n\t<meta name=\"twitter:data1\" content=\"uned\" \/>\n\t<meta name=\"twitter:label2\" content=\"Est. reading time\" \/>\n\t<meta name=\"twitter:data2\" content=\"2 minutes\" \/>\n<script type=\"application\/ld+json\" class=\"yoast-schema-graph\">{\"@context\":\"https:\/\/schema.org\",\"@graph\":[{\"@type\":\"Article\",\"@id\":\"https:\/\/unedpamplona.es\/eu\/sesiones-informativas-curso-2024-2025\/#article\",\"isPartOf\":{\"@id\":\"https:\/\/unedpamplona.es\/eu\/sesiones-informativas-curso-2024-2025\/\"},\"author\":{\"name\":\"uned\",\"@id\":\"https:\/\/unedpamplona.es\/eu\/#\/schema\/person\/62a05b70c6808d41d8de2111f2b5f568\"},\"headline\":\"Sesiones informativas curso 2024-2025\",\"datePublished\":\"2023-09-16T07:50:25+00:00\",\"dateModified\":\"2024-09-20T07:35:15+00:00\",\"mainEntityOfPage\":{\"@id\":\"https:\/\/unedpamplona.es\/eu\/sesiones-informativas-curso-2024-2025\/\"},\"wordCount\":199,\"publisher\":{\"@id\":\"https:\/\/unedpamplona.es\/eu\/#organization\"},\"image\":{\"@id\":\"https:\/\/unedpamplona.es\/eu\/sesiones-informativas-curso-2024-2025\/#primaryimage\"},\"thumbnailUrl\":\"https:\/\/unedpamplona.es\/wp-content\/uploads\/2024\/08\/Estudiantes-cuadrada.jpg\",\"articleSection\":[\"Actualidad\"],\"inLanguage\":\"eu-ES\"},{\"@type\":\"WebPage\",\"@id\":\"https:\/\/unedpamplona.es\/eu\/sesiones-informativas-curso-2024-2025\/\",\"url\":\"https:\/\/unedpamplona.es\/eu\/sesiones-informativas-curso-2024-2025\/\",\"name\":\"Sesiones informativas curso 2024-2025 - UNED Pamplona\",\"isPartOf\":{\"@id\":\"https:\/\/unedpamplona.es\/eu\/#website\"},\"primaryImageOfPage\":{\"@id\":\"https:\/\/unedpamplona.es\/eu\/sesiones-informativas-curso-2024-2025\/#primaryimage\"},\"image\":{\"@id\":\"https:\/\/unedpamplona.es\/eu\/sesiones-informativas-curso-2024-2025\/#primaryimage\"},\"thumbnailUrl\":\"https:\/\/unedpamplona.es\/wp-content\/uploads\/2024\/08\/Estudiantes-cuadrada.jpg\",\"datePublished\":\"2023-09-16T07:50:25+00:00\",\"dateModified\":\"2024-09-20T07:35:15+00:00\",\"inLanguage\":\"eu-ES\",\"potentialAction\":[{\"@type\":\"ReadAction\",\"target\":[\"https:\/\/unedpamplona.es\/eu\/sesiones-informativas-curso-2024-2025\/\"]}]},{\"@type\":\"ImageObject\",\"inLanguage\":\"eu-ES\",\"@id\":\"https:\/\/unedpamplona.es\/eu\/sesiones-informativas-curso-2024-2025\/#primaryimage\",\"url\":\"https:\/\/unedpamplona.es\/wp-content\/uploads\/2024\/08\/Estudiantes-cuadrada.jpg\",\"contentUrl\":\"https:\/\/unedpamplona.es\/wp-content\/uploads\/2024\/08\/Estudiantes-cuadrada.jpg\",\"width\":621,\"height\":330},{\"@type\":\"WebSite\",\"@id\":\"https:\/\/unedpamplona.es\/eu\/#website\",\"url\":\"https:\/\/unedpamplona.es\/eu\/\",\"name\":\"UNED Pamplona\",\"description\":\"\",\"publisher\":{\"@id\":\"https:\/\/unedpamplona.es\/eu\/#organization\"},\"potentialAction\":[{\"@type\":\"SearchAction\",\"target\":{\"@type\":\"EntryPoint\",\"urlTemplate\":\"https:\/\/unedpamplona.es\/eu\/?s={search_term_string}\"},\"query-input\":\"required name=search_term_string\"}],\"inLanguage\":\"eu-ES\"},{\"@type\":\"Organization\",\"@id\":\"https:\/\/unedpamplona.es\/eu\/#organization\",\"name\":\"UNED Pamplona\",\"url\":\"https:\/\/unedpamplona.es\/eu\/\",\"logo\":{\"@type\":\"ImageObject\",\"inLanguage\":\"eu-ES\",\"@id\":\"https:\/\/unedpamplona.es\/eu\/#\/schema\/logo\/image\/\",\"url\":\"https:\/\/unedpamplona.es\/wp-content\/uploads\/2024\/02\/uned_pamplona_logo.png\",\"contentUrl\":\"https:\/\/unedpamplona.es\/wp-content\/uploads\/2024\/02\/uned_pamplona_logo.png\",\"width\":218,\"height\":104,\"caption\":\"UNED Pamplona\"},\"image\":{\"@id\":\"https:\/\/unedpamplona.es\/eu\/#\/schema\/logo\/image\/\"},\"sameAs\":[\"https:\/\/x.com\/unedpamplona\",\"https:\/\/www.youtube.com\/channel\/UCR2jc6TbCMAPnbcA17Z0wwg\",\"https:\/\/www.instagram.com\/unedpamplona\/\"]},{\"@type\":\"Person\",\"@id\":\"https:\/\/unedpamplona.es\/eu\/#\/schema\/person\/62a05b70c6808d41d8de2111f2b5f568\",\"name\":\"uned\",\"image\":{\"@type\":\"ImageObject\",\"inLanguage\":\"eu-ES\",\"@id\":\"https:\/\/unedpamplona.es\/eu\/#\/schema\/person\/image\/\",\"url\":\"https:\/\/secure.gravatar.com\/avatar\/344a1f8262dc552fd951ddf77b72239b?s=96&d=mm&r=g\",\"contentUrl\":\"https:\/\/secure.gravatar.com\/avatar\/344a1f8262dc552fd951ddf77b72239b?s=96&d=mm&r=g\",\"caption\":\"uned\"},\"url\":\"https:\/\/unedpamplona.es\/eu\/author\/uned\/\"}]}<\/script>\n<!-- \/ Yoast SEO plugin. -->","yoast_head_json":{"title":"Sesiones informativas curso 2024-2025 - UNED Pamplona","robots":{"index":"index","follow":"follow","max-snippet":"max-snippet:-1","max-image-preview":"max-image-preview:large","max-video-preview":"max-video-preview:-1"},"canonical":"https:\/\/unedpamplona.es\/eu\/sesiones-informativas-curso-2024-2025\/","og_locale":"eu_ES","og_type":"article","og_title":"Sesiones informativas curso 2024-2025 - UNED Pamplona","og_description":"Las sesiones informativas est\u00e1n dirigidas a aquellas personas que deseen, antes de matricularse, toda la informaci\u00f3n sobre los servicios, asignaturas y titulaciones que se ofrecen en UNED Pamplona. La entrada es libre. LUNES 16 DE SEPTIEMBRE &#8211;\u00a0\u00a0\u00a0\u00a0\u00a0\u00a0\u00a0\u00a0\u00a0 18:30 Aula 9: Criminolog\u00eda &nbsp; &#8211;\u00a0\u00a0\u00a0\u00a0\u00a0\u00a0\u00a0\u00a0\u00a0 18:45 Aula 8: Ciencia Pol\u00edtica y de la Administraci\u00f3n, Sociolog\u00eda y Microgrados [&hellip;]","og_url":"https:\/\/unedpamplona.es\/eu\/sesiones-informativas-curso-2024-2025\/","og_site_name":"UNED Pamplona","article_published_time":"2023-09-16T07:50:25+00:00","article_modified_time":"2024-09-20T07:35:15+00:00","og_image":[{"width":621,"height":330,"url":"https:\/\/unedpamplona.es\/wp-content\/uploads\/2024\/08\/Estudiantes-cuadrada.jpg","type":"image\/jpeg"}],"author":"uned","twitter_card":"summary_large_image","twitter_creator":"@unedpamplona","twitter_site":"@unedpamplona","twitter_misc":{"Written by":"uned","Est. reading time":"2 minutes"},"schema":{"@context":"https:\/\/schema.org","@graph":[{"@type":"Article","@id":"https:\/\/unedpamplona.es\/eu\/sesiones-informativas-curso-2024-2025\/#article","isPartOf":{"@id":"https:\/\/unedpamplona.es\/eu\/sesiones-informativas-curso-2024-2025\/"},"author":{"name":"uned","@id":"https:\/\/unedpamplona.es\/eu\/#\/schema\/person\/62a05b70c6808d41d8de2111f2b5f568"},"headline":"Sesiones informativas curso 2024-2025","datePublished":"2023-09-16T07:50:25+00:00","dateModified":"2024-09-20T07:35:15+00:00","mainEntityOfPage":{"@id":"https:\/\/unedpamplona.es\/eu\/sesiones-informativas-curso-2024-2025\/"},"wordCount":199,"publisher":{"@id":"https:\/\/unedpamplona.es\/eu\/#organization"},"image":{"@id":"https:\/\/unedpamplona.es\/eu\/sesiones-informativas-curso-2024-2025\/#primaryimage"},"thumbnailUrl":"https:\/\/unedpamplona.es\/wp-content\/uploads\/2024\/08\/Estudiantes-cuadrada.jpg","articleSection":["Actualidad"],"inLanguage":"eu-ES"},{"@type":"WebPage","@id":"https:\/\/unedpamplona.es\/eu\/sesiones-informativas-curso-2024-2025\/","url":"https:\/\/unedpamplona.es\/eu\/sesiones-informativas-curso-2024-2025\/","name":"Sesiones informativas curso 2024-2025 - UNED Pamplona","isPartOf":{"@id":"https:\/\/unedpamplona.es\/eu\/#website"},"primaryImageOfPage":{"@id":"https:\/\/unedpamplona.es\/eu\/sesiones-informativas-curso-2024-2025\/#primaryimage"},"image":{"@id":"https:\/\/unedpamplona.es\/eu\/sesiones-informativas-curso-2024-2025\/#primaryimage"},"thumbnailUrl":"https:\/\/unedpamplona.es\/wp-content\/uploads\/2024\/08\/Estudiantes-cuadrada.jpg","datePublished":"2023-09-16T07:50:25+00:00","dateModified":"2024-09-20T07:35:15+00:00","inLanguage":"eu-ES","potentialAction":[{"@type":"ReadAction","target":["https:\/\/unedpamplona.es\/eu\/sesiones-informativas-curso-2024-2025\/"]}]},{"@type":"ImageObject","inLanguage":"eu-ES","@id":"https:\/\/unedpamplona.es\/eu\/sesiones-informativas-curso-2024-2025\/#primaryimage","url":"https:\/\/unedpamplona.es\/wp-content\/uploads\/2024\/08\/Estudiantes-cuadrada.jpg","contentUrl":"https:\/\/unedpamplona.es\/wp-content\/uploads\/2024\/08\/Estudiantes-cuadrada.jpg","width":621,"height":330},{"@type":"WebSite","@id":"https:\/\/unedpamplona.es\/eu\/#website","url":"https:\/\/unedpamplona.es\/eu\/","name":"UNED Pamplona","description":"","publisher":{"@id":"https:\/\/unedpamplona.es\/eu\/#organization"},"potentialAction":[{"@type":"SearchAction","target":{"@type":"EntryPoint","urlTemplate":"https:\/\/unedpamplona.es\/eu\/?s={search_term_string}"},"query-input":"required name=search_term_string"}],"inLanguage":"eu-ES"},{"@type":"Organization","@id":"https:\/\/unedpamplona.es\/eu\/#organization","name":"UNED Pamplona","url":"https:\/\/unedpamplona.es\/eu\/","logo":{"@type":"ImageObject","inLanguage":"eu-ES","@id":"https:\/\/unedpamplona.es\/eu\/#\/schema\/logo\/image\/","url":"https:\/\/unedpamplona.es\/wp-content\/uploads\/2024\/02\/uned_pamplona_logo.png","contentUrl":"https:\/\/unedpamplona.es\/wp-content\/uploads\/2024\/02\/uned_pamplona_logo.png","width":218,"height":104,"caption":"UNED Pamplona"},"image":{"@id":"https:\/\/unedpamplona.es\/eu\/#\/schema\/logo\/image\/"},"sameAs":["https:\/\/x.com\/unedpamplona","https:\/\/www.youtube.com\/channel\/UCR2jc6TbCMAPnbcA17Z0wwg","https:\/\/www.instagram.com\/unedpamplona\/"]},{"@type":"Person","@id":"https:\/\/unedpamplona.es\/eu\/#\/schema\/person\/62a05b70c6808d41d8de2111f2b5f568","name":"uned","image":{"@type":"ImageObject","inLanguage":"eu-ES","@id":"https:\/\/unedpamplona.es\/eu\/#\/schema\/person\/image\/","url":"https:\/\/secure.gravatar.com\/avatar\/344a1f8262dc552fd951ddf77b72239b?s=96&d=mm&r=g","contentUrl":"https:\/\/secure.gravatar.com\/avatar\/344a1f8262dc552fd951ddf77b72239b?s=96&d=mm&r=g","caption":"uned"},"url":"https:\/\/unedpamplona.es\/eu\/author\/uned\/"}]}},"_links":{"self":[{"href":"https:\/\/unedpamplona.es\/eu\/wp-json\/wp\/v2\/posts\/4556"}],"collection":[{"href":"https:\/\/unedpamplona.es\/eu\/wp-json\/wp\/v2\/posts"}],"about":[{"href":"https:\/\/unedpamplona.es\/eu\/wp-json\/wp\/v2\/types\/post"}],"author":[{"embeddable":true,"href":"https:\/\/unedpamplona.es\/eu\/wp-json\/wp\/v2\/users\/2"}],"replies":[{"embeddable":true,"href":"https:\/\/unedpamplona.es\/eu\/wp-json\/wp\/v2\/comments?post=4556"}],"version-history":[{"count":7,"href":"https:\/\/unedpamplona.es\/eu\/wp-json\/wp\/v2\/posts\/4556\/revisions"}],"predecessor-version":[{"id":4565,"href":"https:\/\/unedpamplona.es\/eu\/wp-json\/wp\/v2\/posts\/4556\/revisions\/4565"}],"wp:featuredmedia":[{"embeddable":true,"href":"https:\/\/unedpamplona.es\/eu\/wp-json\/wp\/v2\/media\/3301"}],"wp:attachment":[{"href":"https:\/\/unedpamplona.es\/eu\/wp-json\/wp\/v2\/media?parent=4556"}],"wp:term":[{"taxonomy":"category","embeddable":true,"href":"https:\/\/unedpamplona.es\/eu\/wp-json\/wp\/v2\/categories?post=4556"},{"taxonomy":"post_tag","embeddable":true,"href":"https:\/\/unedpamplona.es\/eu\/wp-json\/wp\/v2\/tags?post=4556"}],"curies":[{"name":"wp","href":"https:\/\/api.w.org\/{rel}","templated":true}]}}