{"id":4673,"date":"2024-09-22T12:46:31","date_gmt":"2024-09-22T10:46:31","guid":{"rendered":"https:\/\/unedpamplona.es\/?p=4673"},"modified":"2024-09-24T12:49:23","modified_gmt":"2024-09-24T10:49:23","slug":"curso-de-verano-sobre-ley-integral-contra-la-violencia-de-genero","status":"publish","type":"post","link":"https:\/\/unedpamplona.es\/eu\/curso-de-verano-sobre-ley-integral-contra-la-violencia-de-genero\/","title":{"rendered":"Curso de verano sobre la Ley Integral contra la Violencia de G\u00e9nero"},"content":{"rendered":"<p style=\"text-align: left;\">UNED Pamplona acoge los pr\u00f3ximos 23,24 y 25 de septiembre el curso de verano &#8220;La Ley Integral contra la Violencia de G\u00e9nero: Balance y desaf\u00edos 20 a\u00f1os despu\u00e9s de su entrada en vigor&#8221;.<\/p>\n<p style=\"text-align: left;\">El pr\u00f3ximo mes de diciembre se cumplir\u00e1 el vig\u00e9simo aniversario de la aprobaci\u00f3n de la LO 1\/2004, de 28 de diciembre, de Medidas de Protecci\u00f3n Integral contra la Violencia de G\u00e9nero. El prop\u00f3sito de este curso de verano es analizar los avances impulsados por la legislaci\u00f3n en la lucha contra la violencia de g\u00e9nero, as\u00ed como identificar y comprender los desaf\u00edos continuos que demandan atenci\u00f3n y soluciones espec\u00edficas.<\/p>\n<p style=\"text-align: left;\">El curso de verano se estructura en tres sesiones. La primera de ellas abordar\u00e1 el marco jur\u00eddico y sociol\u00f3gico de la Ley integral, los factores de riesgo asociados a la violencia de g\u00e9nero y cu\u00e1l ha sido el rol que ha desempe\u00f1ado la polic\u00eda en la gesti\u00f3n de la violencia de g\u00e9nero a lo largo de estos veinte \u00faltimos a\u00f1os. La segunda sesi\u00f3n se enfocar\u00e1 principalmente en las experiencias pr\u00e1cticas de distintos profesionales que act\u00faan en el marco del proceso penal por violencia de g\u00e9nero, as\u00ed como en la discusi\u00f3n acerca de los desaf\u00edos jur\u00eddicos existentes este \u00e1mbito. Por \u00faltimo, la tercera sesi\u00f3n estar\u00e1 dedicada al an\u00e1lisis de las distintas estrategias de intervenci\u00f3n y prevenci\u00f3n de la violencia de g\u00e9nero.<\/p>\n<p style=\"text-align: left;\">En este curso de verano se fusionan dos aspectos de sumo inter\u00e9s: el abordaje multidisciplinar de la problem\u00e1tica\u00a0 y su enfoque te\u00f3rico-pr\u00e1ctico. De este modo se analizar\u00e1n diferentes aspectos de inter\u00e9s que presenta la Ley Integral contra la Violencia de G\u00e9nero desde una perspectiva jur\u00eddica, criminol\u00f3gica, sociol\u00f3gica, asistencial y educativa. Un enfoque te\u00f3rico que se complementa con el an\u00e1lisis pr\u00e1ctico de la Ley integral, dado que en el curso participar\u00e1n como ponentes que desarrollan su actividad profesional en el Tribunal Superior de Justicia de Navarra, la Fiscal\u00eda de Navarra, Polic\u00eda Foral, el Servicio de Reinserci\u00f3n, Mediaci\u00f3n y Justicia Restaurativa del Gobierno de Navarra y, por \u00faltimo, en el Muy Ilustre Colegio de Abogados\/as de Pamplona.<\/p>\n<p><strong>M\u00e1s informaci\u00f3n:<\/strong> <a href=\"https:\/\/extension.uned.es\/actividad\/idactividad\/37249\">La Ley Integral contra la Violencia de G\u00e9nero: Balance y desaf\u00edos 20 a\u00f1os despu\u00e9s de su entrada en vigor | Extensi\u00f3n Universitaria en Pamplona | UNED<\/a><\/p>\n<p>&nbsp;<\/p>\n","protected":false},"excerpt":{"rendered":"<p>UNED Pamplona acoge los pr\u00f3ximos 23,24 y 25 de septiembre el curso de verano &#8220;La Ley Integral contra la Violencia de G\u00e9nero: Balance y desaf\u00edos 20 a\u00f1os despu\u00e9s de su entrada en vigor&#8221;. El pr\u00f3ximo mes de diciembre se cumplir\u00e1 el vig\u00e9simo aniversario de la aprobaci\u00f3n de la LO 1\/2004, de 28 de diciembre, de [&hellip;]<\/p>\n","protected":false},"author":2,"featured_media":4674,"comment_status":"closed","ping_status":"closed","sticky":false,"template":"","format":"standard","meta":{"footnotes":""},"categories":[11],"tags":[],"yoast_head":"<!-- This site is optimized with the Yoast SEO plugin v22.5 - https:\/\/yoast.com\/wordpress\/plugins\/seo\/ -->\n<title>Curso de verano sobre la Ley Integral contra la Violencia de G\u00e9nero - UNED Pamplona<\/title>\n<meta name=\"robots\" content=\"index, follow, max-snippet:-1, max-image-preview:large, max-video-preview:-1\" \/>\n<link rel=\"canonical\" href=\"https:\/\/unedpamplona.es\/eu\/curso-de-verano-sobre-ley-integral-contra-la-violencia-de-genero\/\" \/>\n<meta property=\"og:locale\" content=\"eu_ES\" \/>\n<meta property=\"og:type\" content=\"article\" \/>\n<meta property=\"og:title\" content=\"Curso de verano sobre la Ley Integral contra la Violencia de G\u00e9nero - UNED Pamplona\" \/>\n<meta property=\"og:description\" content=\"UNED Pamplona acoge los pr\u00f3ximos 23,24 y 25 de septiembre el curso de verano &#8220;La Ley Integral contra la Violencia de G\u00e9nero: Balance y desaf\u00edos 20 a\u00f1os despu\u00e9s de su entrada en vigor&#8221;. El pr\u00f3ximo mes de diciembre se cumplir\u00e1 el vig\u00e9simo aniversario de la aprobaci\u00f3n de la LO 1\/2004, de 28 de diciembre, de [&hellip;]\" \/>\n<meta property=\"og:url\" content=\"https:\/\/unedpamplona.es\/eu\/curso-de-verano-sobre-ley-integral-contra-la-violencia-de-genero\/\" \/>\n<meta property=\"og:site_name\" content=\"UNED Pamplona\" \/>\n<meta property=\"article:published_time\" content=\"2024-09-22T10:46:31+00:00\" \/>\n<meta property=\"article:modified_time\" content=\"2024-09-24T10:49:23+00:00\" \/>\n<meta property=\"og:image\" content=\"https:\/\/unedpamplona.es\/wp-content\/uploads\/2024\/09\/Captura-de-pantalla_23-9-2024_124621_extension.uned_.es_.jpeg\" \/>\n\t<meta property=\"og:image:width\" content=\"880\" \/>\n\t<meta property=\"og:image:height\" content=\"498\" \/>\n\t<meta property=\"og:image:type\" content=\"image\/jpeg\" \/>\n<meta name=\"author\" content=\"uned\" \/>\n<meta name=\"twitter:card\" content=\"summary_large_image\" \/>\n<meta name=\"twitter:creator\" content=\"@unedpamplona\" \/>\n<meta name=\"twitter:site\" content=\"@unedpamplona\" \/>\n<meta name=\"twitter:label1\" content=\"Written by\" \/>\n\t<meta name=\"twitter:data1\" content=\"uned\" \/>\n\t<meta name=\"twitter:label2\" content=\"Est. reading time\" \/>\n\t<meta name=\"twitter:data2\" content=\"2 minutes\" \/>\n<script type=\"application\/ld+json\" class=\"yoast-schema-graph\">{\"@context\":\"https:\/\/schema.org\",\"@graph\":[{\"@type\":\"Article\",\"@id\":\"https:\/\/unedpamplona.es\/eu\/curso-de-verano-sobre-ley-integral-contra-la-violencia-de-genero\/#article\",\"isPartOf\":{\"@id\":\"https:\/\/unedpamplona.es\/eu\/curso-de-verano-sobre-ley-integral-contra-la-violencia-de-genero\/\"},\"author\":{\"name\":\"uned\",\"@id\":\"https:\/\/unedpamplona.es\/eu\/#\/schema\/person\/62a05b70c6808d41d8de2111f2b5f568\"},\"headline\":\"Curso de verano sobre la Ley Integral contra la Violencia de G\u00e9nero\",\"datePublished\":\"2024-09-22T10:46:31+00:00\",\"dateModified\":\"2024-09-24T10:49:23+00:00\",\"mainEntityOfPage\":{\"@id\":\"https:\/\/unedpamplona.es\/eu\/curso-de-verano-sobre-ley-integral-contra-la-violencia-de-genero\/\"},\"wordCount\":433,\"publisher\":{\"@id\":\"https:\/\/unedpamplona.es\/eu\/#organization\"},\"image\":{\"@id\":\"https:\/\/unedpamplona.es\/eu\/curso-de-verano-sobre-ley-integral-contra-la-violencia-de-genero\/#primaryimage\"},\"thumbnailUrl\":\"https:\/\/unedpamplona.es\/wp-content\/uploads\/2024\/09\/Captura-de-pantalla_23-9-2024_124621_extension.uned_.es_.jpeg\",\"articleSection\":[\"Actualidad\"],\"inLanguage\":\"eu-ES\"},{\"@type\":\"WebPage\",\"@id\":\"https:\/\/unedpamplona.es\/eu\/curso-de-verano-sobre-ley-integral-contra-la-violencia-de-genero\/\",\"url\":\"https:\/\/unedpamplona.es\/eu\/curso-de-verano-sobre-ley-integral-contra-la-violencia-de-genero\/\",\"name\":\"Curso de verano sobre la Ley Integral contra la Violencia de G\u00e9nero - UNED Pamplona\",\"isPartOf\":{\"@id\":\"https:\/\/unedpamplona.es\/eu\/#website\"},\"primaryImageOfPage\":{\"@id\":\"https:\/\/unedpamplona.es\/eu\/curso-de-verano-sobre-ley-integral-contra-la-violencia-de-genero\/#primaryimage\"},\"image\":{\"@id\":\"https:\/\/unedpamplona.es\/eu\/curso-de-verano-sobre-ley-integral-contra-la-violencia-de-genero\/#primaryimage\"},\"thumbnailUrl\":\"https:\/\/unedpamplona.es\/wp-content\/uploads\/2024\/09\/Captura-de-pantalla_23-9-2024_124621_extension.uned_.es_.jpeg\",\"datePublished\":\"2024-09-22T10:46:31+00:00\",\"dateModified\":\"2024-09-24T10:49:23+00:00\",\"inLanguage\":\"eu-ES\",\"potentialAction\":[{\"@type\":\"ReadAction\",\"target\":[\"https:\/\/unedpamplona.es\/eu\/curso-de-verano-sobre-ley-integral-contra-la-violencia-de-genero\/\"]}]},{\"@type\":\"ImageObject\",\"inLanguage\":\"eu-ES\",\"@id\":\"https:\/\/unedpamplona.es\/eu\/curso-de-verano-sobre-ley-integral-contra-la-violencia-de-genero\/#primaryimage\",\"url\":\"https:\/\/unedpamplona.es\/wp-content\/uploads\/2024\/09\/Captura-de-pantalla_23-9-2024_124621_extension.uned_.es_.jpeg\",\"contentUrl\":\"https:\/\/unedpamplona.es\/wp-content\/uploads\/2024\/09\/Captura-de-pantalla_23-9-2024_124621_extension.uned_.es_.jpeg\",\"width\":880,\"height\":498},{\"@type\":\"WebSite\",\"@id\":\"https:\/\/unedpamplona.es\/eu\/#website\",\"url\":\"https:\/\/unedpamplona.es\/eu\/\",\"name\":\"UNED Pamplona\",\"description\":\"\",\"publisher\":{\"@id\":\"https:\/\/unedpamplona.es\/eu\/#organization\"},\"potentialAction\":[{\"@type\":\"SearchAction\",\"target\":{\"@type\":\"EntryPoint\",\"urlTemplate\":\"https:\/\/unedpamplona.es\/eu\/?s={search_term_string}\"},\"query-input\":\"required name=search_term_string\"}],\"inLanguage\":\"eu-ES\"},{\"@type\":\"Organization\",\"@id\":\"https:\/\/unedpamplona.es\/eu\/#organization\",\"name\":\"UNED Pamplona\",\"url\":\"https:\/\/unedpamplona.es\/eu\/\",\"logo\":{\"@type\":\"ImageObject\",\"inLanguage\":\"eu-ES\",\"@id\":\"https:\/\/unedpamplona.es\/eu\/#\/schema\/logo\/image\/\",\"url\":\"https:\/\/unedpamplona.es\/wp-content\/uploads\/2024\/02\/uned_pamplona_logo.png\",\"contentUrl\":\"https:\/\/unedpamplona.es\/wp-content\/uploads\/2024\/02\/uned_pamplona_logo.png\",\"width\":218,\"height\":104,\"caption\":\"UNED Pamplona\"},\"image\":{\"@id\":\"https:\/\/unedpamplona.es\/eu\/#\/schema\/logo\/image\/\"},\"sameAs\":[\"https:\/\/x.com\/unedpamplona\",\"https:\/\/www.youtube.com\/channel\/UCR2jc6TbCMAPnbcA17Z0wwg\",\"https:\/\/www.instagram.com\/unedpamplona\/\"]},{\"@type\":\"Person\",\"@id\":\"https:\/\/unedpamplona.es\/eu\/#\/schema\/person\/62a05b70c6808d41d8de2111f2b5f568\",\"name\":\"uned\",\"image\":{\"@type\":\"ImageObject\",\"inLanguage\":\"eu-ES\",\"@id\":\"https:\/\/unedpamplona.es\/eu\/#\/schema\/person\/image\/\",\"url\":\"https:\/\/secure.gravatar.com\/avatar\/344a1f8262dc552fd951ddf77b72239b?s=96&d=mm&r=g\",\"contentUrl\":\"https:\/\/secure.gravatar.com\/avatar\/344a1f8262dc552fd951ddf77b72239b?s=96&d=mm&r=g\",\"caption\":\"uned\"},\"url\":\"https:\/\/unedpamplona.es\/eu\/author\/uned\/\"}]}<\/script>\n<!-- \/ Yoast SEO plugin. -->","yoast_head_json":{"title":"Curso de verano sobre la Ley Integral contra la Violencia de G\u00e9nero - UNED Pamplona","robots":{"index":"index","follow":"follow","max-snippet":"max-snippet:-1","max-image-preview":"max-image-preview:large","max-video-preview":"max-video-preview:-1"},"canonical":"https:\/\/unedpamplona.es\/eu\/curso-de-verano-sobre-ley-integral-contra-la-violencia-de-genero\/","og_locale":"eu_ES","og_type":"article","og_title":"Curso de verano sobre la Ley Integral contra la Violencia de G\u00e9nero - UNED Pamplona","og_description":"UNED Pamplona acoge los pr\u00f3ximos 23,24 y 25 de septiembre el curso de verano &#8220;La Ley Integral contra la Violencia de G\u00e9nero: Balance y desaf\u00edos 20 a\u00f1os despu\u00e9s de su entrada en vigor&#8221;. El pr\u00f3ximo mes de diciembre se cumplir\u00e1 el vig\u00e9simo aniversario de la aprobaci\u00f3n de la LO 1\/2004, de 28 de diciembre, de [&hellip;]","og_url":"https:\/\/unedpamplona.es\/eu\/curso-de-verano-sobre-ley-integral-contra-la-violencia-de-genero\/","og_site_name":"UNED Pamplona","article_published_time":"2024-09-22T10:46:31+00:00","article_modified_time":"2024-09-24T10:49:23+00:00","og_image":[{"width":880,"height":498,"url":"https:\/\/unedpamplona.es\/wp-content\/uploads\/2024\/09\/Captura-de-pantalla_23-9-2024_124621_extension.uned_.es_.jpeg","type":"image\/jpeg"}],"author":"uned","twitter_card":"summary_large_image","twitter_creator":"@unedpamplona","twitter_site":"@unedpamplona","twitter_misc":{"Written by":"uned","Est. reading time":"2 minutes"},"schema":{"@context":"https:\/\/schema.org","@graph":[{"@type":"Article","@id":"https:\/\/unedpamplona.es\/eu\/curso-de-verano-sobre-ley-integral-contra-la-violencia-de-genero\/#article","isPartOf":{"@id":"https:\/\/unedpamplona.es\/eu\/curso-de-verano-sobre-ley-integral-contra-la-violencia-de-genero\/"},"author":{"name":"uned","@id":"https:\/\/unedpamplona.es\/eu\/#\/schema\/person\/62a05b70c6808d41d8de2111f2b5f568"},"headline":"Curso de verano sobre la Ley Integral contra la Violencia de G\u00e9nero","datePublished":"2024-09-22T10:46:31+00:00","dateModified":"2024-09-24T10:49:23+00:00","mainEntityOfPage":{"@id":"https:\/\/unedpamplona.es\/eu\/curso-de-verano-sobre-ley-integral-contra-la-violencia-de-genero\/"},"wordCount":433,"publisher":{"@id":"https:\/\/unedpamplona.es\/eu\/#organization"},"image":{"@id":"https:\/\/unedpamplona.es\/eu\/curso-de-verano-sobre-ley-integral-contra-la-violencia-de-genero\/#primaryimage"},"thumbnailUrl":"https:\/\/unedpamplona.es\/wp-content\/uploads\/2024\/09\/Captura-de-pantalla_23-9-2024_124621_extension.uned_.es_.jpeg","articleSection":["Actualidad"],"inLanguage":"eu-ES"},{"@type":"WebPage","@id":"https:\/\/unedpamplona.es\/eu\/curso-de-verano-sobre-ley-integral-contra-la-violencia-de-genero\/","url":"https:\/\/unedpamplona.es\/eu\/curso-de-verano-sobre-ley-integral-contra-la-violencia-de-genero\/","name":"Curso de verano sobre la Ley Integral contra la Violencia de G\u00e9nero - UNED Pamplona","isPartOf":{"@id":"https:\/\/unedpamplona.es\/eu\/#website"},"primaryImageOfPage":{"@id":"https:\/\/unedpamplona.es\/eu\/curso-de-verano-sobre-ley-integral-contra-la-violencia-de-genero\/#primaryimage"},"image":{"@id":"https:\/\/unedpamplona.es\/eu\/curso-de-verano-sobre-ley-integral-contra-la-violencia-de-genero\/#primaryimage"},"thumbnailUrl":"https:\/\/unedpamplona.es\/wp-content\/uploads\/2024\/09\/Captura-de-pantalla_23-9-2024_124621_extension.uned_.es_.jpeg","datePublished":"2024-09-22T10:46:31+00:00","dateModified":"2024-09-24T10:49:23+00:00","inLanguage":"eu-ES","potentialAction":[{"@type":"ReadAction","target":["https:\/\/unedpamplona.es\/eu\/curso-de-verano-sobre-ley-integral-contra-la-violencia-de-genero\/"]}]},{"@type":"ImageObject","inLanguage":"eu-ES","@id":"https:\/\/unedpamplona.es\/eu\/curso-de-verano-sobre-ley-integral-contra-la-violencia-de-genero\/#primaryimage","url":"https:\/\/unedpamplona.es\/wp-content\/uploads\/2024\/09\/Captura-de-pantalla_23-9-2024_124621_extension.uned_.es_.jpeg","contentUrl":"https:\/\/unedpamplona.es\/wp-content\/uploads\/2024\/09\/Captura-de-pantalla_23-9-2024_124621_extension.uned_.es_.jpeg","width":880,"height":498},{"@type":"WebSite","@id":"https:\/\/unedpamplona.es\/eu\/#website","url":"https:\/\/unedpamplona.es\/eu\/","name":"UNED Pamplona","description":"","publisher":{"@id":"https:\/\/unedpamplona.es\/eu\/#organization"},"potentialAction":[{"@type":"SearchAction","target":{"@type":"EntryPoint","urlTemplate":"https:\/\/unedpamplona.es\/eu\/?s={search_term_string}"},"query-input":"required name=search_term_string"}],"inLanguage":"eu-ES"},{"@type":"Organization","@id":"https:\/\/unedpamplona.es\/eu\/#organization","name":"UNED Pamplona","url":"https:\/\/unedpamplona.es\/eu\/","logo":{"@type":"ImageObject","inLanguage":"eu-ES","@id":"https:\/\/unedpamplona.es\/eu\/#\/schema\/logo\/image\/","url":"https:\/\/unedpamplona.es\/wp-content\/uploads\/2024\/02\/uned_pamplona_logo.png","contentUrl":"https:\/\/unedpamplona.es\/wp-content\/uploads\/2024\/02\/uned_pamplona_logo.png","width":218,"height":104,"caption":"UNED Pamplona"},"image":{"@id":"https:\/\/unedpamplona.es\/eu\/#\/schema\/logo\/image\/"},"sameAs":["https:\/\/x.com\/unedpamplona","https:\/\/www.youtube.com\/channel\/UCR2jc6TbCMAPnbcA17Z0wwg","https:\/\/www.instagram.com\/unedpamplona\/"]},{"@type":"Person","@id":"https:\/\/unedpamplona.es\/eu\/#\/schema\/person\/62a05b70c6808d41d8de2111f2b5f568","name":"uned","image":{"@type":"ImageObject","inLanguage":"eu-ES","@id":"https:\/\/unedpamplona.es\/eu\/#\/schema\/person\/image\/","url":"https:\/\/secure.gravatar.com\/avatar\/344a1f8262dc552fd951ddf77b72239b?s=96&d=mm&r=g","contentUrl":"https:\/\/secure.gravatar.com\/avatar\/344a1f8262dc552fd951ddf77b72239b?s=96&d=mm&r=g","caption":"uned"},"url":"https:\/\/unedpamplona.es\/eu\/author\/uned\/"}]}},"_links":{"self":[{"href":"https:\/\/unedpamplona.es\/eu\/wp-json\/wp\/v2\/posts\/4673"}],"collection":[{"href":"https:\/\/unedpamplona.es\/eu\/wp-json\/wp\/v2\/posts"}],"about":[{"href":"https:\/\/unedpamplona.es\/eu\/wp-json\/wp\/v2\/types\/post"}],"author":[{"embeddable":true,"href":"https:\/\/unedpamplona.es\/eu\/wp-json\/wp\/v2\/users\/2"}],"replies":[{"embeddable":true,"href":"https:\/\/unedpamplona.es\/eu\/wp-json\/wp\/v2\/comments?post=4673"}],"version-history":[{"count":2,"href":"https:\/\/unedpamplona.es\/eu\/wp-json\/wp\/v2\/posts\/4673\/revisions"}],"predecessor-version":[{"id":4693,"href":"https:\/\/unedpamplona.es\/eu\/wp-json\/wp\/v2\/posts\/4673\/revisions\/4693"}],"wp:featuredmedia":[{"embeddable":true,"href":"https:\/\/unedpamplona.es\/eu\/wp-json\/wp\/v2\/media\/4674"}],"wp:attachment":[{"href":"https:\/\/unedpamplona.es\/eu\/wp-json\/wp\/v2\/media?parent=4673"}],"wp:term":[{"taxonomy":"category","embeddable":true,"href":"https:\/\/unedpamplona.es\/eu\/wp-json\/wp\/v2\/categories?post=4673"},{"taxonomy":"post_tag","embeddable":true,"href":"https:\/\/unedpamplona.es\/eu\/wp-json\/wp\/v2\/tags?post=4673"}],"curies":[{"name":"wp","href":"https:\/\/api.w.org\/{rel}","templated":true}]}}