{"id":4748,"date":"2024-09-23T12:31:11","date_gmt":"2024-09-23T10:31:11","guid":{"rendered":"https:\/\/unedpamplona.es\/?p=4748"},"modified":"2024-09-26T13:06:01","modified_gmt":"2024-09-26T11:06:01","slug":"4748","status":"publish","type":"post","link":"https:\/\/unedpamplona.es\/eu\/4748\/","title":{"rendered":"UNED Pamplona acoge el curso de verano &#8220;Delincuencia juvenil y responsabilidad penal del menor&#8221;"},"content":{"rendered":"<p>UNED Pamplona acoge del 24 al 26 de septiembre el curso de verano &#8220;Delincuencia juvenil y responsabilidad penal del menor: 25 a\u00f1os de la Ley Org\u00e1nica 5\/2000, de 12 de enero, reguladora de la responsabilidad penal de los menores&#8221;.\u00a0La Ley Org\u00e1nica 5\/2000, de 12 de enero, constituye un marco legal integral que aborda tanto las dimensiones jur\u00eddicas como psicol\u00f3gicas y criminol\u00f3gicas inherentes a la delincuencia juvenil. Desde una perspectiva jur\u00eddica, la normativa establece los principios rectores del sistema de justicia juvenil, que se centran en la protecci\u00f3n del inter\u00e9s superior del menor, la prevenci\u00f3n del delito y la reinserci\u00f3n social. Asimismo, la ley define las medidas educativas y sancionadoras aplicables a los menores infractores, garantizando el respeto a sus derechos fundamentales y su participaci\u00f3n activa en el proceso judicial.<\/p>\n<p>A lo largo de este curso analizaremos los 25 a\u00f1os que han transcurrido desde la aprobaci\u00f3n de esta Ley, c\u00f3mo ha ido evolucionando jur\u00eddicamente y c\u00f3mo estos cambios han afectado a la intervenci\u00f3n y tratamiento de los menores.<\/p>\n<p><strong>Programa<\/strong><\/p>\n<ul id=\"programa\">\n<li><span class=\"fechas_programa\">Martes, 24 de septiembre<\/span>\n<ul>\n<li><span class=\"h\">16:45-17:00 h.<\/span>\u00a0<span class=\"t color_b3\"><b>Bienvenida a las personas asistentes y entrega de documentaci\u00f3n<\/b><\/span><\/li>\n<li><span class=\"h\">17:00-18:30 h.<\/span>\u00a0<span class=\"t color_b3\"><b>Delincuencia juvenil y justicia en Espa\u00f1a<\/b><\/span>\n<ul class=\"listaPonente\">\n<li class=\"datosPonentes\"><span class=\"ponente\">Dra. D\u00f1a.Ana Mart\u00ednez Catena<\/span>\u00a0<span class=\"cargo\"><span class=\"cargo_ponente\">Profesora. Psic\u00f3loga y Crimin\u00f3loga. Grupo de Estudios Avanzados en Violencia. Universidad de Barcelona<\/span><\/span><\/li>\n<\/ul>\n<\/li>\n<li><span class=\"h\">18:30-18:45 h.<\/span>\u00a0<span class=\"t color_b3\"><b>Descanso<\/b><\/span><\/li>\n<li><span class=\"h\">18:45-20:30 h.<\/span>\u00a0<span class=\"t color_b3\"><b>Menores infractores y gesti\u00f3n del riesgo: analizando los factores de riesgo y protecci\u00f3n para la mejora en la intervenci\u00f3n y el tratamiento a lo largo de la historia<\/b><\/span>\n<ul class=\"listaPonente\">\n<li class=\"datosPonentes\"><span class=\"ponente\">Dra. D\u00f1a. Nahikari S\u00e1nchez-Herrero<\/span>\u00a0<span class=\"cargo\"><span class=\"cargo_ponente\">Profesora de Criminolog\u00eda de la UMH y UNIR. Profesora tutora del Centro Asociado de la UNED en Pamplona<\/span><\/span><\/li>\n<\/ul>\n<\/li>\n<\/ul>\n<\/li>\n<li><span class=\"fechas_programa\">Mi\u00e9rcoles, 25 de septiembre<\/span>\n<ul>\n<li><span class=\"h\">17:00-18:30 h.<\/span>\u00a0<span class=\"t color_b3\"><b>Las j\u00f3venes persas: apuntes hist\u00f3ricos sobre la delincuencia juvenil y el internamiento de los menores de edad<\/b><\/span>\n<ul class=\"listaPonente\">\n<li class=\"datosPonentes\"><span class=\"ponente\">Dr. D. Sergio C\u00e1mara Arroyo<\/span>\u00a0<span class=\"cargo\"><span class=\"cargo_ponente\">Profesor del Departamento de Derecho Penal y Criminolog\u00eda. UNED<\/span><\/span><\/li>\n<\/ul>\n<\/li>\n<li><span class=\"h\">18:30-18:45 h.<\/span>\u00a0<span class=\"t color_b3\">Descanso<\/span><\/li>\n<li><span class=\"h\">18:45-20:30 h.<\/span>\u00a0<span class=\"t color_b3\"><b>\u00a0La violencia filio-parental a los 25 a\u00f1os de la promulgaci\u00f3n de la LORPM<\/b><\/span>\n<ul class=\"listaPonente\">\n<li class=\"datosPonentes\"><span class=\"ponente\">Dr. D. Alfredo Abad\u00edas Selma<\/span>\u00a0<span class=\"cargo\"><span class=\"cargo_ponente\">Profesor del Departamento de Derecho Penal y Criminolog\u00eda. UNIR. Experto en Violencia Filioparental<\/span><\/span><\/li>\n<\/ul>\n<\/li>\n<\/ul>\n<\/li>\n<li><span class=\"fechas_programa\">Jueves, 26 de septiembre<\/span>\n<ul>\n<li><span class=\"h\">17:00-18:30 h.<\/span>\u00a0<span class=\"t color_b3\"><b>Adolescencia y ciberdelincuencia: 25 a\u00f1os de cambios delictuales<\/b><\/span>\n<ul class=\"listaPonente\">\n<li class=\"datosPonentes\"><span class=\"ponente\">Dra. D\u00f1a. Natalia Garc\u00eda Guilabert<\/span>\u00a0<span class=\"cargo\"><span class=\"cargo_ponente\">Fundaci\u00f3n Diagrama. Experta en Ciberdelincuencua juvenil<\/span><\/span><\/li>\n<\/ul>\n<\/li>\n<li><span class=\"h\">18:30-18:45 h.<\/span>\u00a0<span class=\"t color_b3\">Descanso<\/span><\/li>\n<li><span class=\"h\">18:45-20:30 h.<\/span>\u00a0<span class=\"t color_b3\"><b>Lo bueno, lo malo y lo mejorable en la Ley Org\u00e1nica 5\/2000<\/b><\/span>\n<ul class=\"listaPonente\">\n<li class=\"datosPonentes\"><span class=\"ponente\">Dra. D\u00f1a. Laura Pozuelo P\u00e9rez<\/span>\u00a0<span class=\"cargo\"><span class=\"cargo_ponente\">Profesora del Departamento de Derecho P\u00fablico y Filosof\u00eda Jur\u00eddica. Universidad Aut\u00f3noma de Madrid<\/span><\/span><\/li>\n<\/ul>\n<\/li>\n<li><span class=\"h\">20:30-21:00 h.<\/span>\u00a0<span class=\"t color_b3\">Clausura y cierre del curso\u00a0<\/span><\/li>\n<\/ul>\n<\/li>\n<\/ul>\n","protected":false},"excerpt":{"rendered":"<p>UNED Pamplona acoge del 24 al 26 de septiembre el curso de verano &#8220;Delincuencia juvenil y responsabilidad penal del menor: 25 a\u00f1os de la Ley Org\u00e1nica 5\/2000, de 12 de enero, reguladora de la responsabilidad penal de los menores&#8221;.\u00a0La Ley Org\u00e1nica 5\/2000, de 12 de enero, constituye un marco legal integral que aborda tanto las [&hellip;]<\/p>\n","protected":false},"author":2,"featured_media":4316,"comment_status":"closed","ping_status":"closed","sticky":false,"template":"","format":"standard","meta":{"footnotes":""},"categories":[1],"tags":[],"yoast_head":"<!-- This site is optimized with the Yoast SEO plugin v22.5 - https:\/\/yoast.com\/wordpress\/plugins\/seo\/ -->\n<title>UNED Pamplona acoge el curso de verano &quot;Delincuencia juvenil y responsabilidad penal del menor&quot; - UNED Pamplona<\/title>\n<meta name=\"robots\" content=\"index, follow, max-snippet:-1, max-image-preview:large, max-video-preview:-1\" \/>\n<link rel=\"canonical\" href=\"https:\/\/unedpamplona.es\/eu\/4748\/\" \/>\n<meta property=\"og:locale\" content=\"eu_ES\" \/>\n<meta property=\"og:type\" content=\"article\" \/>\n<meta property=\"og:title\" content=\"UNED Pamplona acoge el curso de verano &quot;Delincuencia juvenil y responsabilidad penal del menor&quot; - UNED Pamplona\" \/>\n<meta property=\"og:description\" content=\"UNED Pamplona acoge del 24 al 26 de septiembre el curso de verano &#8220;Delincuencia juvenil y responsabilidad penal del menor: 25 a\u00f1os de la Ley Org\u00e1nica 5\/2000, de 12 de enero, reguladora de la responsabilidad penal de los menores&#8221;.\u00a0La Ley Org\u00e1nica 5\/2000, de 12 de enero, constituye un marco legal integral que aborda tanto las [&hellip;]\" \/>\n<meta property=\"og:url\" content=\"https:\/\/unedpamplona.es\/eu\/4748\/\" \/>\n<meta property=\"og:site_name\" content=\"UNED Pamplona\" \/>\n<meta property=\"article:published_time\" content=\"2024-09-23T10:31:11+00:00\" \/>\n<meta property=\"article:modified_time\" content=\"2024-09-26T11:06:01+00:00\" \/>\n<meta property=\"og:image\" content=\"https:\/\/unedpamplona.es\/wp-content\/uploads\/2024\/09\/IMAGEN-PANTALLAS.jpg\" \/>\n\t<meta property=\"og:image:width\" content=\"1201\" \/>\n\t<meta property=\"og:image:height\" content=\"613\" \/>\n\t<meta property=\"og:image:type\" content=\"image\/jpeg\" \/>\n<meta name=\"author\" content=\"uned\" \/>\n<meta name=\"twitter:card\" content=\"summary_large_image\" \/>\n<meta name=\"twitter:creator\" content=\"@unedpamplona\" \/>\n<meta name=\"twitter:site\" content=\"@unedpamplona\" \/>\n<meta name=\"twitter:label1\" content=\"Written by\" \/>\n\t<meta name=\"twitter:data1\" content=\"uned\" \/>\n\t<meta name=\"twitter:label2\" content=\"Est. reading time\" \/>\n\t<meta name=\"twitter:data2\" content=\"3 minutes\" \/>\n<script type=\"application\/ld+json\" class=\"yoast-schema-graph\">{\"@context\":\"https:\/\/schema.org\",\"@graph\":[{\"@type\":\"Article\",\"@id\":\"https:\/\/unedpamplona.es\/eu\/4748\/#article\",\"isPartOf\":{\"@id\":\"https:\/\/unedpamplona.es\/eu\/4748\/\"},\"author\":{\"name\":\"uned\",\"@id\":\"https:\/\/unedpamplona.es\/eu\/#\/schema\/person\/62a05b70c6808d41d8de2111f2b5f568\"},\"headline\":\"UNED Pamplona acoge el curso de verano &#8220;Delincuencia juvenil y responsabilidad penal del menor&#8221;\",\"datePublished\":\"2024-09-23T10:31:11+00:00\",\"dateModified\":\"2024-09-26T11:06:01+00:00\",\"mainEntityOfPage\":{\"@id\":\"https:\/\/unedpamplona.es\/eu\/4748\/\"},\"wordCount\":455,\"publisher\":{\"@id\":\"https:\/\/unedpamplona.es\/eu\/#organization\"},\"image\":{\"@id\":\"https:\/\/unedpamplona.es\/eu\/4748\/#primaryimage\"},\"thumbnailUrl\":\"https:\/\/unedpamplona.es\/wp-content\/uploads\/2024\/09\/IMAGEN-PANTALLAS.jpg\",\"articleSection\":[\"Sin categorizar\"],\"inLanguage\":\"eu-ES\"},{\"@type\":\"WebPage\",\"@id\":\"https:\/\/unedpamplona.es\/eu\/4748\/\",\"url\":\"https:\/\/unedpamplona.es\/eu\/4748\/\",\"name\":\"UNED Pamplona acoge el curso de verano \\\"Delincuencia juvenil y responsabilidad penal del menor\\\" - UNED Pamplona\",\"isPartOf\":{\"@id\":\"https:\/\/unedpamplona.es\/eu\/#website\"},\"primaryImageOfPage\":{\"@id\":\"https:\/\/unedpamplona.es\/eu\/4748\/#primaryimage\"},\"image\":{\"@id\":\"https:\/\/unedpamplona.es\/eu\/4748\/#primaryimage\"},\"thumbnailUrl\":\"https:\/\/unedpamplona.es\/wp-content\/uploads\/2024\/09\/IMAGEN-PANTALLAS.jpg\",\"datePublished\":\"2024-09-23T10:31:11+00:00\",\"dateModified\":\"2024-09-26T11:06:01+00:00\",\"inLanguage\":\"eu-ES\",\"potentialAction\":[{\"@type\":\"ReadAction\",\"target\":[\"https:\/\/unedpamplona.es\/eu\/4748\/\"]}]},{\"@type\":\"ImageObject\",\"inLanguage\":\"eu-ES\",\"@id\":\"https:\/\/unedpamplona.es\/eu\/4748\/#primaryimage\",\"url\":\"https:\/\/unedpamplona.es\/wp-content\/uploads\/2024\/09\/IMAGEN-PANTALLAS.jpg\",\"contentUrl\":\"https:\/\/unedpamplona.es\/wp-content\/uploads\/2024\/09\/IMAGEN-PANTALLAS.jpg\",\"width\":1201,\"height\":613},{\"@type\":\"WebSite\",\"@id\":\"https:\/\/unedpamplona.es\/eu\/#website\",\"url\":\"https:\/\/unedpamplona.es\/eu\/\",\"name\":\"UNED Pamplona\",\"description\":\"\",\"publisher\":{\"@id\":\"https:\/\/unedpamplona.es\/eu\/#organization\"},\"potentialAction\":[{\"@type\":\"SearchAction\",\"target\":{\"@type\":\"EntryPoint\",\"urlTemplate\":\"https:\/\/unedpamplona.es\/eu\/?s={search_term_string}\"},\"query-input\":\"required name=search_term_string\"}],\"inLanguage\":\"eu-ES\"},{\"@type\":\"Organization\",\"@id\":\"https:\/\/unedpamplona.es\/eu\/#organization\",\"name\":\"UNED Pamplona\",\"url\":\"https:\/\/unedpamplona.es\/eu\/\",\"logo\":{\"@type\":\"ImageObject\",\"inLanguage\":\"eu-ES\",\"@id\":\"https:\/\/unedpamplona.es\/eu\/#\/schema\/logo\/image\/\",\"url\":\"https:\/\/unedpamplona.es\/wp-content\/uploads\/2024\/02\/uned_pamplona_logo.png\",\"contentUrl\":\"https:\/\/unedpamplona.es\/wp-content\/uploads\/2024\/02\/uned_pamplona_logo.png\",\"width\":218,\"height\":104,\"caption\":\"UNED Pamplona\"},\"image\":{\"@id\":\"https:\/\/unedpamplona.es\/eu\/#\/schema\/logo\/image\/\"},\"sameAs\":[\"https:\/\/x.com\/unedpamplona\",\"https:\/\/www.youtube.com\/channel\/UCR2jc6TbCMAPnbcA17Z0wwg\",\"https:\/\/www.instagram.com\/unedpamplona\/\"]},{\"@type\":\"Person\",\"@id\":\"https:\/\/unedpamplona.es\/eu\/#\/schema\/person\/62a05b70c6808d41d8de2111f2b5f568\",\"name\":\"uned\",\"image\":{\"@type\":\"ImageObject\",\"inLanguage\":\"eu-ES\",\"@id\":\"https:\/\/unedpamplona.es\/eu\/#\/schema\/person\/image\/\",\"url\":\"https:\/\/secure.gravatar.com\/avatar\/344a1f8262dc552fd951ddf77b72239b?s=96&d=mm&r=g\",\"contentUrl\":\"https:\/\/secure.gravatar.com\/avatar\/344a1f8262dc552fd951ddf77b72239b?s=96&d=mm&r=g\",\"caption\":\"uned\"},\"url\":\"https:\/\/unedpamplona.es\/eu\/author\/uned\/\"}]}<\/script>\n<!-- \/ Yoast SEO plugin. -->","yoast_head_json":{"title":"UNED Pamplona acoge el curso de verano \"Delincuencia juvenil y responsabilidad penal del menor\" - UNED Pamplona","robots":{"index":"index","follow":"follow","max-snippet":"max-snippet:-1","max-image-preview":"max-image-preview:large","max-video-preview":"max-video-preview:-1"},"canonical":"https:\/\/unedpamplona.es\/eu\/4748\/","og_locale":"eu_ES","og_type":"article","og_title":"UNED Pamplona acoge el curso de verano \"Delincuencia juvenil y responsabilidad penal del menor\" - UNED Pamplona","og_description":"UNED Pamplona acoge del 24 al 26 de septiembre el curso de verano &#8220;Delincuencia juvenil y responsabilidad penal del menor: 25 a\u00f1os de la Ley Org\u00e1nica 5\/2000, de 12 de enero, reguladora de la responsabilidad penal de los menores&#8221;.\u00a0La Ley Org\u00e1nica 5\/2000, de 12 de enero, constituye un marco legal integral que aborda tanto las [&hellip;]","og_url":"https:\/\/unedpamplona.es\/eu\/4748\/","og_site_name":"UNED Pamplona","article_published_time":"2024-09-23T10:31:11+00:00","article_modified_time":"2024-09-26T11:06:01+00:00","og_image":[{"width":1201,"height":613,"url":"https:\/\/unedpamplona.es\/wp-content\/uploads\/2024\/09\/IMAGEN-PANTALLAS.jpg","type":"image\/jpeg"}],"author":"uned","twitter_card":"summary_large_image","twitter_creator":"@unedpamplona","twitter_site":"@unedpamplona","twitter_misc":{"Written by":"uned","Est. reading time":"3 minutes"},"schema":{"@context":"https:\/\/schema.org","@graph":[{"@type":"Article","@id":"https:\/\/unedpamplona.es\/eu\/4748\/#article","isPartOf":{"@id":"https:\/\/unedpamplona.es\/eu\/4748\/"},"author":{"name":"uned","@id":"https:\/\/unedpamplona.es\/eu\/#\/schema\/person\/62a05b70c6808d41d8de2111f2b5f568"},"headline":"UNED Pamplona acoge el curso de verano &#8220;Delincuencia juvenil y responsabilidad penal del menor&#8221;","datePublished":"2024-09-23T10:31:11+00:00","dateModified":"2024-09-26T11:06:01+00:00","mainEntityOfPage":{"@id":"https:\/\/unedpamplona.es\/eu\/4748\/"},"wordCount":455,"publisher":{"@id":"https:\/\/unedpamplona.es\/eu\/#organization"},"image":{"@id":"https:\/\/unedpamplona.es\/eu\/4748\/#primaryimage"},"thumbnailUrl":"https:\/\/unedpamplona.es\/wp-content\/uploads\/2024\/09\/IMAGEN-PANTALLAS.jpg","articleSection":["Sin categorizar"],"inLanguage":"eu-ES"},{"@type":"WebPage","@id":"https:\/\/unedpamplona.es\/eu\/4748\/","url":"https:\/\/unedpamplona.es\/eu\/4748\/","name":"UNED Pamplona acoge el curso de verano \"Delincuencia juvenil y responsabilidad penal del menor\" - UNED Pamplona","isPartOf":{"@id":"https:\/\/unedpamplona.es\/eu\/#website"},"primaryImageOfPage":{"@id":"https:\/\/unedpamplona.es\/eu\/4748\/#primaryimage"},"image":{"@id":"https:\/\/unedpamplona.es\/eu\/4748\/#primaryimage"},"thumbnailUrl":"https:\/\/unedpamplona.es\/wp-content\/uploads\/2024\/09\/IMAGEN-PANTALLAS.jpg","datePublished":"2024-09-23T10:31:11+00:00","dateModified":"2024-09-26T11:06:01+00:00","inLanguage":"eu-ES","potentialAction":[{"@type":"ReadAction","target":["https:\/\/unedpamplona.es\/eu\/4748\/"]}]},{"@type":"ImageObject","inLanguage":"eu-ES","@id":"https:\/\/unedpamplona.es\/eu\/4748\/#primaryimage","url":"https:\/\/unedpamplona.es\/wp-content\/uploads\/2024\/09\/IMAGEN-PANTALLAS.jpg","contentUrl":"https:\/\/unedpamplona.es\/wp-content\/uploads\/2024\/09\/IMAGEN-PANTALLAS.jpg","width":1201,"height":613},{"@type":"WebSite","@id":"https:\/\/unedpamplona.es\/eu\/#website","url":"https:\/\/unedpamplona.es\/eu\/","name":"UNED Pamplona","description":"","publisher":{"@id":"https:\/\/unedpamplona.es\/eu\/#organization"},"potentialAction":[{"@type":"SearchAction","target":{"@type":"EntryPoint","urlTemplate":"https:\/\/unedpamplona.es\/eu\/?s={search_term_string}"},"query-input":"required name=search_term_string"}],"inLanguage":"eu-ES"},{"@type":"Organization","@id":"https:\/\/unedpamplona.es\/eu\/#organization","name":"UNED Pamplona","url":"https:\/\/unedpamplona.es\/eu\/","logo":{"@type":"ImageObject","inLanguage":"eu-ES","@id":"https:\/\/unedpamplona.es\/eu\/#\/schema\/logo\/image\/","url":"https:\/\/unedpamplona.es\/wp-content\/uploads\/2024\/02\/uned_pamplona_logo.png","contentUrl":"https:\/\/unedpamplona.es\/wp-content\/uploads\/2024\/02\/uned_pamplona_logo.png","width":218,"height":104,"caption":"UNED Pamplona"},"image":{"@id":"https:\/\/unedpamplona.es\/eu\/#\/schema\/logo\/image\/"},"sameAs":["https:\/\/x.com\/unedpamplona","https:\/\/www.youtube.com\/channel\/UCR2jc6TbCMAPnbcA17Z0wwg","https:\/\/www.instagram.com\/unedpamplona\/"]},{"@type":"Person","@id":"https:\/\/unedpamplona.es\/eu\/#\/schema\/person\/62a05b70c6808d41d8de2111f2b5f568","name":"uned","image":{"@type":"ImageObject","inLanguage":"eu-ES","@id":"https:\/\/unedpamplona.es\/eu\/#\/schema\/person\/image\/","url":"https:\/\/secure.gravatar.com\/avatar\/344a1f8262dc552fd951ddf77b72239b?s=96&d=mm&r=g","contentUrl":"https:\/\/secure.gravatar.com\/avatar\/344a1f8262dc552fd951ddf77b72239b?s=96&d=mm&r=g","caption":"uned"},"url":"https:\/\/unedpamplona.es\/eu\/author\/uned\/"}]}},"_links":{"self":[{"href":"https:\/\/unedpamplona.es\/eu\/wp-json\/wp\/v2\/posts\/4748"}],"collection":[{"href":"https:\/\/unedpamplona.es\/eu\/wp-json\/wp\/v2\/posts"}],"about":[{"href":"https:\/\/unedpamplona.es\/eu\/wp-json\/wp\/v2\/types\/post"}],"author":[{"embeddable":true,"href":"https:\/\/unedpamplona.es\/eu\/wp-json\/wp\/v2\/users\/2"}],"replies":[{"embeddable":true,"href":"https:\/\/unedpamplona.es\/eu\/wp-json\/wp\/v2\/comments?post=4748"}],"version-history":[{"count":4,"href":"https:\/\/unedpamplona.es\/eu\/wp-json\/wp\/v2\/posts\/4748\/revisions"}],"predecessor-version":[{"id":4754,"href":"https:\/\/unedpamplona.es\/eu\/wp-json\/wp\/v2\/posts\/4748\/revisions\/4754"}],"wp:featuredmedia":[{"embeddable":true,"href":"https:\/\/unedpamplona.es\/eu\/wp-json\/wp\/v2\/media\/4316"}],"wp:attachment":[{"href":"https:\/\/unedpamplona.es\/eu\/wp-json\/wp\/v2\/media?parent=4748"}],"wp:term":[{"taxonomy":"category","embeddable":true,"href":"https:\/\/unedpamplona.es\/eu\/wp-json\/wp\/v2\/categories?post=4748"},{"taxonomy":"post_tag","embeddable":true,"href":"https:\/\/unedpamplona.es\/eu\/wp-json\/wp\/v2\/tags?post=4748"}],"curies":[{"name":"wp","href":"https:\/\/api.w.org\/{rel}","templated":true}]}}