{"id":4761,"date":"2024-09-23T09:30:33","date_gmt":"2024-09-23T07:30:33","guid":{"rendered":"https:\/\/unedpamplona.es\/?p=4761"},"modified":"2024-09-30T10:54:10","modified_gmt":"2024-09-30T08:54:10","slug":"el-27-de-septiembre-clausura-de-los-cursos-de-verano-de-las-universidades-navarras","status":"publish","type":"post","link":"https:\/\/unedpamplona.es\/eu\/el-27-de-septiembre-clausura-de-los-cursos-de-verano-de-las-universidades-navarras\/","title":{"rendered":"Esta tarde, clausura de los Cursos de verano de las universidades navarras"},"content":{"rendered":"<p>El viernes <strong>27 de septiembre, a las 19:20 horas,<\/strong> se celebrar\u00e1 en el patio claustro del convento de las Salesas (C\/ Rinc\u00f3n de la Aduana, 12) la clausura de la 24 edici\u00f3n de los Cursos de verano de las universidades navarras con una ponencia\/concierto bajo el t\u00edtulo \u201cUn repaso a la historia a trav\u00e9s de la m\u00fasica\u201d. La directora de UNED Pamplona, Teresa Im\u00edzcoz, ser\u00e1 la encargada de clausurar la edici\u00f3n de este a\u00f1o.<\/p>\n<p>El Departamento de Universidad, Innovaci\u00f3n y Transformaci\u00f3n Digital del Gobierno de Navarra ha destinado 100.000 euros para financiar los 43 cursos de verano organizados por las universidades navarras con el fin de que cada centro universitario con presencia en la Comunidad Foral contribuya, mediante el desarrollo de estas actividades, a la divulgaci\u00f3n del conocimiento entre la sociedad navarra.<\/p>\n<p><strong>M\u00e1s de mil participantes en 15 cursos de UNED Pamplona<\/strong><\/p>\n<p>Este a\u00f1o, m\u00e1s de mil personas han participado en los 15 cursos de verano organizados por UNED Pamplona el 1 de junio y del 9 al 27 de septiembre. Los cursos han abordado diferentes temas como la salud mental, la inteligencia artificial, la violencia de g\u00e9nero, la actualidad social, la infancia y adolescencia, las ciudades cansadas, la forma de consumir o\u00a0el Camino de Santiago, entre otros.<\/p>\n<p><strong>\u00a0<\/strong><strong>\u201cUn repaso a la historia a trav\u00e9s de la m\u00fasica\u201d<\/strong><\/p>\n<p>El acto de clausura correr\u00e1 a cargo de <strong>Sergio Eslava Arraiza<\/strong>, m\u00fasico profesional, historiador y Premio Persona Joven 2023\u00a0del Instituto Navarro de la Juventud.<br \/>\nLa ponencia\/concierto contar\u00e1 con la participaci\u00f3n del cuarteto de saxofones Kuarist en una selecci\u00f3n de obras de diferentes \u00e9pocas y estilos que muestran c\u00f3mo el arte musical ha adoptado m\u00faltiples posibilidades y facetas.<\/p>\n<p>El repertorio que se \u00a0interpretar\u00e1 es el siguiente: Carmen Fantasy (1875) \u2013 George Bizet \/ Yasuhide Ito &#8211; Concierto Italiano (III mov) (1735) \u2013 Johann Sebastian Bach &#8211; Obertura (The magic sax) (1791) \u2013 Wolfgang Amadeus Mozart \/ David Johnstone &#8211; Death and the Maiden (I mov) (1824) \u2013 Franz Schubert &#8211; Sevilla (Suite Espa\u00f1ola) (1885) \u2013 Isaac Alb\u00e9niz &#8211; Der Blutige Schaffner (1997) \u2013 Robin Hoffmann &#8211; The song is here for its own joy (2003) \u2013 David Maslanka &#8211; Intermezzo (La boda de Luis Alonso) (1897) \u2013 Ger\u00f3nimo Jim\u00e9nez.<\/p>\n<p><strong>Viernes, 27 de septiembre<\/strong><\/p>\n<ul>\n<li>19:20-19:25 h.\u00a0Bienvenida a las personas asistentes y entrega de documentaci\u00f3n<\/li>\n<li>19:25-20:30 h.\u00a0Presentaci\u00f3n de las diferentes piezas con una contextualizaci\u00f3n hist\u00f3rica a lo largo del concierto. Intervenciones musicales del\u00a0cuarteto Kuarist.<\/li>\n<li>Sergio Eslava Arraiza\u00a0M\u00fasico, profesor de educaci\u00f3n secundaria y Bachillerato. Conservatorio Profesional de M\u00fasica Pablo Sarasat<\/li>\n<li>20:30-20:45 h.\u00a0Clausura del curso<\/li>\n<\/ul>\n<p>&nbsp;<\/p>\n<p><strong>M\u00e1s informaci\u00f3n:<\/strong> <a href=\"https:\/\/extension.uned.es\/actividad\/idactividad\/37789\">Clausura Cursos de Verano 2024: \u201cUn repaso a la historia a trav\u00e9s de la m\u00fasica&#8221; | Extensi\u00f3n Universitaria en Pamplona | UNED<\/a><\/p>\n","protected":false},"excerpt":{"rendered":"<p>El viernes 27 de septiembre, a las 19:20 horas, se celebrar\u00e1 en el patio claustro del convento de las Salesas (C\/ Rinc\u00f3n de la Aduana, 12) la clausura de la 24 edici\u00f3n de los Cursos de verano de las universidades navarras con una ponencia\/concierto bajo el t\u00edtulo \u201cUn repaso a la historia a trav\u00e9s de [&hellip;]<\/p>\n","protected":false},"author":2,"featured_media":4762,"comment_status":"closed","ping_status":"closed","sticky":false,"template":"","format":"standard","meta":{"footnotes":""},"categories":[1],"tags":[],"yoast_head":"<!-- This site is optimized with the Yoast SEO plugin v22.5 - https:\/\/yoast.com\/wordpress\/plugins\/seo\/ -->\n<title>Esta tarde, clausura de los Cursos de verano de las universidades navarras - UNED Pamplona<\/title>\n<meta name=\"robots\" content=\"index, follow, max-snippet:-1, max-image-preview:large, max-video-preview:-1\" \/>\n<link rel=\"canonical\" href=\"https:\/\/unedpamplona.es\/eu\/el-27-de-septiembre-clausura-de-los-cursos-de-verano-de-las-universidades-navarras\/\" \/>\n<meta property=\"og:locale\" content=\"eu_ES\" \/>\n<meta property=\"og:type\" content=\"article\" \/>\n<meta property=\"og:title\" content=\"Esta tarde, clausura de los Cursos de verano de las universidades navarras - UNED Pamplona\" \/>\n<meta property=\"og:description\" content=\"El viernes 27 de septiembre, a las 19:20 horas, se celebrar\u00e1 en el patio claustro del convento de las Salesas (C\/ Rinc\u00f3n de la Aduana, 12) la clausura de la 24 edici\u00f3n de los Cursos de verano de las universidades navarras con una ponencia\/concierto bajo el t\u00edtulo \u201cUn repaso a la historia a trav\u00e9s de [&hellip;]\" \/>\n<meta property=\"og:url\" content=\"https:\/\/unedpamplona.es\/eu\/el-27-de-septiembre-clausura-de-los-cursos-de-verano-de-las-universidades-navarras\/\" \/>\n<meta property=\"og:site_name\" content=\"UNED Pamplona\" \/>\n<meta property=\"article:published_time\" content=\"2024-09-23T07:30:33+00:00\" \/>\n<meta property=\"article:modified_time\" content=\"2024-09-30T08:54:10+00:00\" \/>\n<meta property=\"og:image\" content=\"https:\/\/unedpamplona.es\/wp-content\/uploads\/2024\/09\/ClausuraCV.jpeg\" \/>\n\t<meta property=\"og:image:width\" content=\"950\" \/>\n\t<meta property=\"og:image:height\" content=\"479\" \/>\n\t<meta property=\"og:image:type\" content=\"image\/jpeg\" \/>\n<meta name=\"author\" content=\"uned\" \/>\n<meta name=\"twitter:card\" content=\"summary_large_image\" \/>\n<meta name=\"twitter:creator\" content=\"@unedpamplona\" \/>\n<meta name=\"twitter:site\" content=\"@unedpamplona\" \/>\n<meta name=\"twitter:label1\" content=\"Written by\" \/>\n\t<meta name=\"twitter:data1\" content=\"uned\" \/>\n\t<meta name=\"twitter:label2\" content=\"Est. reading time\" \/>\n\t<meta name=\"twitter:data2\" content=\"3 minutes\" \/>\n<script type=\"application\/ld+json\" class=\"yoast-schema-graph\">{\"@context\":\"https:\/\/schema.org\",\"@graph\":[{\"@type\":\"Article\",\"@id\":\"https:\/\/unedpamplona.es\/eu\/el-27-de-septiembre-clausura-de-los-cursos-de-verano-de-las-universidades-navarras\/#article\",\"isPartOf\":{\"@id\":\"https:\/\/unedpamplona.es\/eu\/el-27-de-septiembre-clausura-de-los-cursos-de-verano-de-las-universidades-navarras\/\"},\"author\":{\"name\":\"uned\",\"@id\":\"https:\/\/unedpamplona.es\/eu\/#\/schema\/person\/62a05b70c6808d41d8de2111f2b5f568\"},\"headline\":\"Esta tarde, clausura de los Cursos de verano de las universidades navarras\",\"datePublished\":\"2024-09-23T07:30:33+00:00\",\"dateModified\":\"2024-09-30T08:54:10+00:00\",\"mainEntityOfPage\":{\"@id\":\"https:\/\/unedpamplona.es\/eu\/el-27-de-septiembre-clausura-de-los-cursos-de-verano-de-las-universidades-navarras\/\"},\"wordCount\":468,\"publisher\":{\"@id\":\"https:\/\/unedpamplona.es\/eu\/#organization\"},\"image\":{\"@id\":\"https:\/\/unedpamplona.es\/eu\/el-27-de-septiembre-clausura-de-los-cursos-de-verano-de-las-universidades-navarras\/#primaryimage\"},\"thumbnailUrl\":\"https:\/\/unedpamplona.es\/wp-content\/uploads\/2024\/09\/ClausuraCV.jpeg\",\"articleSection\":[\"Sin categorizar\"],\"inLanguage\":\"eu-ES\"},{\"@type\":\"WebPage\",\"@id\":\"https:\/\/unedpamplona.es\/eu\/el-27-de-septiembre-clausura-de-los-cursos-de-verano-de-las-universidades-navarras\/\",\"url\":\"https:\/\/unedpamplona.es\/eu\/el-27-de-septiembre-clausura-de-los-cursos-de-verano-de-las-universidades-navarras\/\",\"name\":\"Esta tarde, clausura de los Cursos de verano de las universidades navarras - UNED Pamplona\",\"isPartOf\":{\"@id\":\"https:\/\/unedpamplona.es\/eu\/#website\"},\"primaryImageOfPage\":{\"@id\":\"https:\/\/unedpamplona.es\/eu\/el-27-de-septiembre-clausura-de-los-cursos-de-verano-de-las-universidades-navarras\/#primaryimage\"},\"image\":{\"@id\":\"https:\/\/unedpamplona.es\/eu\/el-27-de-septiembre-clausura-de-los-cursos-de-verano-de-las-universidades-navarras\/#primaryimage\"},\"thumbnailUrl\":\"https:\/\/unedpamplona.es\/wp-content\/uploads\/2024\/09\/ClausuraCV.jpeg\",\"datePublished\":\"2024-09-23T07:30:33+00:00\",\"dateModified\":\"2024-09-30T08:54:10+00:00\",\"inLanguage\":\"eu-ES\",\"potentialAction\":[{\"@type\":\"ReadAction\",\"target\":[\"https:\/\/unedpamplona.es\/eu\/el-27-de-septiembre-clausura-de-los-cursos-de-verano-de-las-universidades-navarras\/\"]}]},{\"@type\":\"ImageObject\",\"inLanguage\":\"eu-ES\",\"@id\":\"https:\/\/unedpamplona.es\/eu\/el-27-de-septiembre-clausura-de-los-cursos-de-verano-de-las-universidades-navarras\/#primaryimage\",\"url\":\"https:\/\/unedpamplona.es\/wp-content\/uploads\/2024\/09\/ClausuraCV.jpeg\",\"contentUrl\":\"https:\/\/unedpamplona.es\/wp-content\/uploads\/2024\/09\/ClausuraCV.jpeg\",\"width\":950,\"height\":479},{\"@type\":\"WebSite\",\"@id\":\"https:\/\/unedpamplona.es\/eu\/#website\",\"url\":\"https:\/\/unedpamplona.es\/eu\/\",\"name\":\"UNED Pamplona\",\"description\":\"\",\"publisher\":{\"@id\":\"https:\/\/unedpamplona.es\/eu\/#organization\"},\"potentialAction\":[{\"@type\":\"SearchAction\",\"target\":{\"@type\":\"EntryPoint\",\"urlTemplate\":\"https:\/\/unedpamplona.es\/eu\/?s={search_term_string}\"},\"query-input\":\"required name=search_term_string\"}],\"inLanguage\":\"eu-ES\"},{\"@type\":\"Organization\",\"@id\":\"https:\/\/unedpamplona.es\/eu\/#organization\",\"name\":\"UNED Pamplona\",\"url\":\"https:\/\/unedpamplona.es\/eu\/\",\"logo\":{\"@type\":\"ImageObject\",\"inLanguage\":\"eu-ES\",\"@id\":\"https:\/\/unedpamplona.es\/eu\/#\/schema\/logo\/image\/\",\"url\":\"https:\/\/unedpamplona.es\/wp-content\/uploads\/2024\/02\/uned_pamplona_logo.png\",\"contentUrl\":\"https:\/\/unedpamplona.es\/wp-content\/uploads\/2024\/02\/uned_pamplona_logo.png\",\"width\":218,\"height\":104,\"caption\":\"UNED Pamplona\"},\"image\":{\"@id\":\"https:\/\/unedpamplona.es\/eu\/#\/schema\/logo\/image\/\"},\"sameAs\":[\"https:\/\/x.com\/unedpamplona\",\"https:\/\/www.youtube.com\/channel\/UCR2jc6TbCMAPnbcA17Z0wwg\",\"https:\/\/www.instagram.com\/unedpamplona\/\"]},{\"@type\":\"Person\",\"@id\":\"https:\/\/unedpamplona.es\/eu\/#\/schema\/person\/62a05b70c6808d41d8de2111f2b5f568\",\"name\":\"uned\",\"image\":{\"@type\":\"ImageObject\",\"inLanguage\":\"eu-ES\",\"@id\":\"https:\/\/unedpamplona.es\/eu\/#\/schema\/person\/image\/\",\"url\":\"https:\/\/secure.gravatar.com\/avatar\/344a1f8262dc552fd951ddf77b72239b?s=96&d=mm&r=g\",\"contentUrl\":\"https:\/\/secure.gravatar.com\/avatar\/344a1f8262dc552fd951ddf77b72239b?s=96&d=mm&r=g\",\"caption\":\"uned\"},\"url\":\"https:\/\/unedpamplona.es\/eu\/author\/uned\/\"}]}<\/script>\n<!-- \/ Yoast SEO plugin. -->","yoast_head_json":{"title":"Esta tarde, clausura de los Cursos de verano de las universidades navarras - UNED Pamplona","robots":{"index":"index","follow":"follow","max-snippet":"max-snippet:-1","max-image-preview":"max-image-preview:large","max-video-preview":"max-video-preview:-1"},"canonical":"https:\/\/unedpamplona.es\/eu\/el-27-de-septiembre-clausura-de-los-cursos-de-verano-de-las-universidades-navarras\/","og_locale":"eu_ES","og_type":"article","og_title":"Esta tarde, clausura de los Cursos de verano de las universidades navarras - UNED Pamplona","og_description":"El viernes 27 de septiembre, a las 19:20 horas, se celebrar\u00e1 en el patio claustro del convento de las Salesas (C\/ Rinc\u00f3n de la Aduana, 12) la clausura de la 24 edici\u00f3n de los Cursos de verano de las universidades navarras con una ponencia\/concierto bajo el t\u00edtulo \u201cUn repaso a la historia a trav\u00e9s de [&hellip;]","og_url":"https:\/\/unedpamplona.es\/eu\/el-27-de-septiembre-clausura-de-los-cursos-de-verano-de-las-universidades-navarras\/","og_site_name":"UNED Pamplona","article_published_time":"2024-09-23T07:30:33+00:00","article_modified_time":"2024-09-30T08:54:10+00:00","og_image":[{"width":950,"height":479,"url":"https:\/\/unedpamplona.es\/wp-content\/uploads\/2024\/09\/ClausuraCV.jpeg","type":"image\/jpeg"}],"author":"uned","twitter_card":"summary_large_image","twitter_creator":"@unedpamplona","twitter_site":"@unedpamplona","twitter_misc":{"Written by":"uned","Est. reading time":"3 minutes"},"schema":{"@context":"https:\/\/schema.org","@graph":[{"@type":"Article","@id":"https:\/\/unedpamplona.es\/eu\/el-27-de-septiembre-clausura-de-los-cursos-de-verano-de-las-universidades-navarras\/#article","isPartOf":{"@id":"https:\/\/unedpamplona.es\/eu\/el-27-de-septiembre-clausura-de-los-cursos-de-verano-de-las-universidades-navarras\/"},"author":{"name":"uned","@id":"https:\/\/unedpamplona.es\/eu\/#\/schema\/person\/62a05b70c6808d41d8de2111f2b5f568"},"headline":"Esta tarde, clausura de los Cursos de verano de las universidades navarras","datePublished":"2024-09-23T07:30:33+00:00","dateModified":"2024-09-30T08:54:10+00:00","mainEntityOfPage":{"@id":"https:\/\/unedpamplona.es\/eu\/el-27-de-septiembre-clausura-de-los-cursos-de-verano-de-las-universidades-navarras\/"},"wordCount":468,"publisher":{"@id":"https:\/\/unedpamplona.es\/eu\/#organization"},"image":{"@id":"https:\/\/unedpamplona.es\/eu\/el-27-de-septiembre-clausura-de-los-cursos-de-verano-de-las-universidades-navarras\/#primaryimage"},"thumbnailUrl":"https:\/\/unedpamplona.es\/wp-content\/uploads\/2024\/09\/ClausuraCV.jpeg","articleSection":["Sin categorizar"],"inLanguage":"eu-ES"},{"@type":"WebPage","@id":"https:\/\/unedpamplona.es\/eu\/el-27-de-septiembre-clausura-de-los-cursos-de-verano-de-las-universidades-navarras\/","url":"https:\/\/unedpamplona.es\/eu\/el-27-de-septiembre-clausura-de-los-cursos-de-verano-de-las-universidades-navarras\/","name":"Esta tarde, clausura de los Cursos de verano de las universidades navarras - UNED Pamplona","isPartOf":{"@id":"https:\/\/unedpamplona.es\/eu\/#website"},"primaryImageOfPage":{"@id":"https:\/\/unedpamplona.es\/eu\/el-27-de-septiembre-clausura-de-los-cursos-de-verano-de-las-universidades-navarras\/#primaryimage"},"image":{"@id":"https:\/\/unedpamplona.es\/eu\/el-27-de-septiembre-clausura-de-los-cursos-de-verano-de-las-universidades-navarras\/#primaryimage"},"thumbnailUrl":"https:\/\/unedpamplona.es\/wp-content\/uploads\/2024\/09\/ClausuraCV.jpeg","datePublished":"2024-09-23T07:30:33+00:00","dateModified":"2024-09-30T08:54:10+00:00","inLanguage":"eu-ES","potentialAction":[{"@type":"ReadAction","target":["https:\/\/unedpamplona.es\/eu\/el-27-de-septiembre-clausura-de-los-cursos-de-verano-de-las-universidades-navarras\/"]}]},{"@type":"ImageObject","inLanguage":"eu-ES","@id":"https:\/\/unedpamplona.es\/eu\/el-27-de-septiembre-clausura-de-los-cursos-de-verano-de-las-universidades-navarras\/#primaryimage","url":"https:\/\/unedpamplona.es\/wp-content\/uploads\/2024\/09\/ClausuraCV.jpeg","contentUrl":"https:\/\/unedpamplona.es\/wp-content\/uploads\/2024\/09\/ClausuraCV.jpeg","width":950,"height":479},{"@type":"WebSite","@id":"https:\/\/unedpamplona.es\/eu\/#website","url":"https:\/\/unedpamplona.es\/eu\/","name":"UNED Pamplona","description":"","publisher":{"@id":"https:\/\/unedpamplona.es\/eu\/#organization"},"potentialAction":[{"@type":"SearchAction","target":{"@type":"EntryPoint","urlTemplate":"https:\/\/unedpamplona.es\/eu\/?s={search_term_string}"},"query-input":"required name=search_term_string"}],"inLanguage":"eu-ES"},{"@type":"Organization","@id":"https:\/\/unedpamplona.es\/eu\/#organization","name":"UNED Pamplona","url":"https:\/\/unedpamplona.es\/eu\/","logo":{"@type":"ImageObject","inLanguage":"eu-ES","@id":"https:\/\/unedpamplona.es\/eu\/#\/schema\/logo\/image\/","url":"https:\/\/unedpamplona.es\/wp-content\/uploads\/2024\/02\/uned_pamplona_logo.png","contentUrl":"https:\/\/unedpamplona.es\/wp-content\/uploads\/2024\/02\/uned_pamplona_logo.png","width":218,"height":104,"caption":"UNED Pamplona"},"image":{"@id":"https:\/\/unedpamplona.es\/eu\/#\/schema\/logo\/image\/"},"sameAs":["https:\/\/x.com\/unedpamplona","https:\/\/www.youtube.com\/channel\/UCR2jc6TbCMAPnbcA17Z0wwg","https:\/\/www.instagram.com\/unedpamplona\/"]},{"@type":"Person","@id":"https:\/\/unedpamplona.es\/eu\/#\/schema\/person\/62a05b70c6808d41d8de2111f2b5f568","name":"uned","image":{"@type":"ImageObject","inLanguage":"eu-ES","@id":"https:\/\/unedpamplona.es\/eu\/#\/schema\/person\/image\/","url":"https:\/\/secure.gravatar.com\/avatar\/344a1f8262dc552fd951ddf77b72239b?s=96&d=mm&r=g","contentUrl":"https:\/\/secure.gravatar.com\/avatar\/344a1f8262dc552fd951ddf77b72239b?s=96&d=mm&r=g","caption":"uned"},"url":"https:\/\/unedpamplona.es\/eu\/author\/uned\/"}]}},"_links":{"self":[{"href":"https:\/\/unedpamplona.es\/eu\/wp-json\/wp\/v2\/posts\/4761"}],"collection":[{"href":"https:\/\/unedpamplona.es\/eu\/wp-json\/wp\/v2\/posts"}],"about":[{"href":"https:\/\/unedpamplona.es\/eu\/wp-json\/wp\/v2\/types\/post"}],"author":[{"embeddable":true,"href":"https:\/\/unedpamplona.es\/eu\/wp-json\/wp\/v2\/users\/2"}],"replies":[{"embeddable":true,"href":"https:\/\/unedpamplona.es\/eu\/wp-json\/wp\/v2\/comments?post=4761"}],"version-history":[{"count":12,"href":"https:\/\/unedpamplona.es\/eu\/wp-json\/wp\/v2\/posts\/4761\/revisions"}],"predecessor-version":[{"id":4809,"href":"https:\/\/unedpamplona.es\/eu\/wp-json\/wp\/v2\/posts\/4761\/revisions\/4809"}],"wp:featuredmedia":[{"embeddable":true,"href":"https:\/\/unedpamplona.es\/eu\/wp-json\/wp\/v2\/media\/4762"}],"wp:attachment":[{"href":"https:\/\/unedpamplona.es\/eu\/wp-json\/wp\/v2\/media?parent=4761"}],"wp:term":[{"taxonomy":"category","embeddable":true,"href":"https:\/\/unedpamplona.es\/eu\/wp-json\/wp\/v2\/categories?post=4761"},{"taxonomy":"post_tag","embeddable":true,"href":"https:\/\/unedpamplona.es\/eu\/wp-json\/wp\/v2\/tags?post=4761"}],"curies":[{"name":"wp","href":"https:\/\/api.w.org\/{rel}","templated":true}]}}