{"id":4787,"date":"2024-09-23T12:52:02","date_gmt":"2024-09-23T10:52:02","guid":{"rendered":"https:\/\/unedpamplona.es\/?p=4787"},"modified":"2024-10-02T10:01:29","modified_gmt":"2024-10-02T08:01:29","slug":"4787","status":"publish","type":"post","link":"https:\/\/unedpamplona.es\/eu\/4787\/","title":{"rendered":"La intervenci\u00f3n socioeducativa en la infancia y adolescencia, a estudio en un curso de verano"},"content":{"rendered":"<div class=\"xdj266r x11i5rnm xat24cr x1mh8g0r x1vvkbs x126k92a\">\n<div dir=\"auto\">\n<p>UNED Pamplona acoge los d\u00edas 26 y 27 de septiembre\u00a0 el curso de verano de verano &#8220;Infancia y adolescencia en transformaci\u00f3n: intervenci\u00f3n socio-educativa en entornos formales y no-formales&#8221; en el que se abordar\u00e1n herramientas y estrategias para los profesionales en el \u00e1mbito de la intervenci\u00f3n socioeducativa con ni\u00f1os\/as y adolescentes en contextos de educaci\u00f3n formal como en proyectos de educaci\u00f3n no-formal.<\/p>\n<\/div>\n<\/div>\n<div class=\"x11i5rnm xat24cr x1mh8g0r x1vvkbs xtlvy1s x126k92a\">\n<div dir=\"auto\">A trav\u00e9s del estudio de las sesiones del curso, se proporcionar\u00e1 una visi\u00f3n amplia y detallada sobre la intervenci\u00f3n socioeducativa en la infancia y adolescencia, abordando tanto aspectos te\u00f3ricos como pr\u00e1cticos, y ofreciendo herramientas concretas para los participantes del curso. Asimismo, se proporcionar\u00e1 una visi\u00f3n sobre la intervenci\u00f3n socio-educativa en la infancia y adolescencia, ofreciendo herramientas concretas para los participantes del curso.<\/div>\n<\/div>\n<div dir=\"auto\"><\/div>\n<div dir=\"auto\"><\/div>\n<div dir=\"auto\"><strong>Programa<\/strong><\/div>\n<div dir=\"auto\">\n<ul id=\"programa\">\n<li><span class=\"fechas_programa\">Jueves, 26 de septiembre<\/span>\n<ul>\n<li><span class=\"h\">09:00-09:15 h.<\/span>\u00a0<span class=\"t color_b3\">Bienvenida a las personas asistentes y entrega de documentaci\u00f3n\u00a0<\/span>\n<ul class=\"listaPonente\">\n<li class=\"datosPonentes\"><span class=\"ponente\">D\u00f1a. Ana Biurrun Moreno<\/span>\u00a0<span class=\"cargo\"><span class=\"cargo_ponente\">Profesora tutora en UNED Pamplona<\/span><\/span><\/li>\n<li class=\"datosPonentes\"><span class=\"ponente\">D. Javier P\u00e1ez Gallego<\/span>\u00a0<span class=\"cargo\"><span class=\"cargo_ponente\">Profesor de Universidad. Trabajo Social. UNED<\/span><\/span><\/li>\n<li class=\"datosPonentes\"><span class=\"ponente\">D\u00f1a. Yolanda Marcos Francia<\/span>\u00a0<span class=\"cargo\"><span class=\"cargo_ponente\">Presidenta del Colegio Oficial de Educadoras y Educadores Sociales de Navarra<\/span><\/span><\/li>\n<\/ul>\n<\/li>\n<li><span class=\"h\">09:15-10:45 h.<\/span>\u00a0<span class=\"t color_b3\">Entrenamiento en la toma de decisiones durante la infancia y adolescencia.<\/span>\n<ul class=\"listaPonente\">\n<li class=\"datosPonentes\"><span class=\"ponente\">D. Javier P\u00e1ez Gallego<\/span>\u00a0<span class=\"cargo\"><span class=\"cargo_ponente\">Profesor de Universidad. Trabajo Social. UNED<\/span><\/span><\/li>\n<li class=\"datosPonentes\"><span class=\"ponente\">D. David Soberanas Carmona<\/span>\u00a0<span class=\"cargo\"><span class=\"cargo_ponente\">Educador Social. Coordinador Parental y Psicoterapeuta familiar<\/span><\/span><\/li>\n<li class=\"datosPonentes\"><span class=\"ponente\">D\u00f1a. Mar\u00eda Cristina Lopes Dos Santos<\/span>\u00a0<span class=\"cargo\"><span class=\"cargo_ponente\">Directora T\u00e9cnica Fundaci\u00f3n Gizain y Profesora Asociada UPNA<\/span><\/span><\/li>\n<\/ul>\n<\/li>\n<li><span class=\"h\">10:45-12:15 h.<\/span>\u00a0<span class=\"t color_b3\">Educaci\u00f3n en valores en la infancia y adolescencia<\/span>\n<ul class=\"listaPonente\">\n<li class=\"datosPonentes\"><span class=\"ponente\">D\u00f1a. Marisa Aristu Areopagita<\/span>\u00a0<span class=\"cargo\"><span class=\"cargo_ponente\">Fundaci\u00f3n Proyecto Hombre Navarra<\/span><\/span><\/li>\n<li class=\"datosPonentes\"><span class=\"ponente\">D. Javier P\u00e1ez Gallego<\/span>\u00a0<span class=\"cargo\"><span class=\"cargo_ponente\">Profesor de Universidad. Trabajo Social. UNED<\/span><\/span><\/li>\n<\/ul>\n<\/li>\n<li><span class=\"h\">12:15-12:45 h.<\/span>\u00a0<span class=\"t color_b3\">Descanso<\/span><\/li>\n<li><span class=\"h\">12:45-14:15 h.<\/span>\u00a0<span class=\"t color_b3\">Entornos formales de intervenci\u00f3n socio-educativa<\/span>\n<ul class=\"listaPonente\">\n<li class=\"datosPonentes\"><span class=\"ponente\">D. Gorka Lekuna Herrero<\/span>\u00a0<span class=\"cargo\"><span class=\"cargo_ponente\">Educador social y Experto en \u00c9tica para la Intervenci\u00f3n Social<\/span><\/span><\/li>\n<li class=\"datosPonentes\"><span class=\"ponente\">D. Miguel Urra Canales<\/span>\u00a0<span class=\"cargo\"><span class=\"cargo_ponente\">Docente e investigador. Trabajador Social y Soci\u00f3logo. UNED<\/span><\/span><\/li>\n<\/ul>\n<\/li>\n<li><span class=\"h\">17:00-18:30 h.<\/span>\u00a0<span class=\"t color_b3\">Entornos no-formales de intervenci\u00f3n socio-educativa<\/span>\n<ul class=\"listaPonente\">\n<li class=\"datosPonentes\"><span class=\"ponente\">D. Jon Echeverr\u00eda Esquina<\/span>\u00a0<span class=\"cargo\"><span class=\"cargo_ponente\">Educador social \u2013 Responsable innovaci\u00f3n socioeducativa ANNF<\/span><\/span><\/li>\n<li class=\"datosPonentes\"><span class=\"ponente\">Dra. Luisa Ar\u00e1nzazu Hern\u00e1ndez Echegaray<\/span>\u00a0<span class=\"cargo\"><span class=\"cargo_ponente\">Trabajadora Social. Profesora Asociada UNED<\/span><\/span><\/li>\n<\/ul>\n<\/li>\n<li><span class=\"h\">18:30-19:00 h.<\/span>\u00a0<span class=\"t color_b3\">Descanso<\/span><\/li>\n<li><span class=\"h\">19:00-20:30 h.<\/span>\u00a0<span class=\"t color_b3\">Familia y comunidad: Alianza para la intervenci\u00f3n socio-educativa<\/span>\n<ul class=\"listaPonente\">\n<li class=\"datosPonentes\"><span class=\"ponente\">D. David Soberanas Carmona<\/span>\u00a0<span class=\"cargo\"><span class=\"cargo_ponente\">Educador Social. Coordinador Parental y Psicoterapeuta familiar<\/span><\/span><\/li>\n<li class=\"datosPonentes\"><span class=\"ponente\">Dr. Rafael Acebes Valent\u00edn<\/span>\u00a0<span class=\"cargo\"><span class=\"cargo_ponente\">Trabajador Social. Profesor Asociado UNED<\/span><\/span><\/li>\n<\/ul>\n<\/li>\n<\/ul>\n<\/li>\n<li><span class=\"fechas_programa\">Viernes, 27 de septiembre<\/span>\n<ul>\n<li><span class=\"h\">09:15-10:45 h.<\/span>\u00a0<span class=\"t color_b3\">Diversidad e inclusi\u00f3n en la intervenci\u00f3n socio-educativa.<\/span>\n<ul class=\"listaPonente\">\n<li class=\"datosPonentes\"><span class=\"ponente\">Dra. In\u00e9s Mart\u00ednez Herrero<\/span>\u00a0<span class=\"cargo\"><span class=\"cargo_ponente\">Profesora de Universidad. Trabajo Social. UNED<\/span><\/span><\/li>\n<li class=\"datosPonentes\"><span class=\"ponente\">D. Alberto Mas Erice<\/span>\u00a0<span class=\"cargo\"><span class=\"cargo_ponente\">Educador Social y Docente<\/span><\/span><\/li>\n<\/ul>\n<\/li>\n<li><span class=\"h\">10:45-12:15 h.<\/span>\u00a0<span class=\"t color_b3\">Tecnolog\u00eda y medios de comunicaci\u00f3n en la intervenci\u00f3n socio-educativa<\/span>\n<ul class=\"listaPonente\">\n<li class=\"datosPonentes\"><span class=\"ponente\">Dr. \u00c1ngel de Juanas Oliva<\/span>\u00a0<span class=\"cargo\"><span class=\"cargo_ponente\">Profesor de Universidad. Educaci\u00f3n Social. UNED.<\/span><\/span><\/li>\n<\/ul>\n<\/li>\n<li><span class=\"h\">12:15-14:15 h.<\/span>\u00a0<span class=\"t color_b3\">Retos y perspectivas futuras en la intervenci\u00f3n socio-educativa<\/span>\n<ul class=\"listaPonente\">\n<li class=\"datosPonentes\"><span class=\"ponente\">D. Jon Echeverr\u00eda Esquina<\/span>\u00a0<span class=\"cargo\"><span class=\"cargo_ponente\">Educador social \u2013 Responsable innovaci\u00f3n socioeducativa ANNF<\/span><\/span><\/li>\n<li class=\"datosPonentes\"><span class=\"ponente\">Dr. Francisco Javier Garc\u00eda Castilla<\/span>\u00a0<span class=\"cargo\"><span class=\"cargo_ponente\">Profesor de Universidad. Trabajo Social. UNED<\/span><\/span><\/li>\n<li class=\"datosPonentes\"><span class=\"ponente\">D\u00f1a. Mar\u00eda Cristina Lopes Dos Santos<\/span>\u00a0<span class=\"cargo\"><span class=\"cargo_ponente\">Directora T\u00e9cnica Fundaci\u00f3n Gizain y Profesora Asociada UPNA<\/span><\/span><\/li>\n<\/ul>\n<\/li>\n<li><span class=\"h\">14:15-14:30 h.<\/span>\u00a0<span class=\"t color_b3\">Clausura y cierre\u00a0<\/span><\/li>\n<\/ul>\n<\/li>\n<\/ul>\n<\/div>\n","protected":false},"excerpt":{"rendered":"<p>UNED Pamplona acoge los d\u00edas 26 y 27 de septiembre\u00a0 el curso de verano de verano &#8220;Infancia y adolescencia en transformaci\u00f3n: intervenci\u00f3n socio-educativa en entornos formales y no-formales&#8221; en el que se abordar\u00e1n herramientas y estrategias para los profesionales en el \u00e1mbito de la intervenci\u00f3n socioeducativa con ni\u00f1os\/as y adolescentes en contextos de educaci\u00f3n formal [&hellip;]<\/p>\n","protected":false},"author":2,"featured_media":4788,"comment_status":"closed","ping_status":"closed","sticky":false,"template":"","format":"standard","meta":{"footnotes":""},"categories":[1],"tags":[],"yoast_head":"<!-- This site is optimized with the Yoast SEO plugin v22.5 - https:\/\/yoast.com\/wordpress\/plugins\/seo\/ -->\n<title>La intervenci\u00f3n socioeducativa en la infancia y adolescencia, a estudio en un curso de verano - UNED Pamplona<\/title>\n<meta name=\"robots\" content=\"index, follow, max-snippet:-1, max-image-preview:large, max-video-preview:-1\" \/>\n<link rel=\"canonical\" href=\"https:\/\/unedpamplona.es\/eu\/4787\/\" \/>\n<meta property=\"og:locale\" content=\"eu_ES\" \/>\n<meta property=\"og:type\" content=\"article\" \/>\n<meta property=\"og:title\" content=\"La intervenci\u00f3n socioeducativa en la infancia y adolescencia, a estudio en un curso de verano - UNED Pamplona\" \/>\n<meta property=\"og:description\" content=\"UNED Pamplona acoge los d\u00edas 26 y 27 de septiembre\u00a0 el curso de verano de verano &#8220;Infancia y adolescencia en transformaci\u00f3n: intervenci\u00f3n socio-educativa en entornos formales y no-formales&#8221; en el que se abordar\u00e1n herramientas y estrategias para los profesionales en el \u00e1mbito de la intervenci\u00f3n socioeducativa con ni\u00f1os\/as y adolescentes en contextos de educaci\u00f3n formal [&hellip;]\" \/>\n<meta property=\"og:url\" content=\"https:\/\/unedpamplona.es\/eu\/4787\/\" \/>\n<meta property=\"og:site_name\" content=\"UNED Pamplona\" \/>\n<meta property=\"article:published_time\" content=\"2024-09-23T10:52:02+00:00\" \/>\n<meta property=\"article:modified_time\" content=\"2024-10-02T08:01:29+00:00\" \/>\n<meta property=\"og:image\" content=\"https:\/\/unedpamplona.es\/wp-content\/uploads\/2024\/09\/CVInfanciaAdolescencia4-scaled.jpg\" \/>\n\t<meta property=\"og:image:width\" content=\"2560\" \/>\n\t<meta property=\"og:image:height\" content=\"1920\" \/>\n\t<meta property=\"og:image:type\" content=\"image\/jpeg\" \/>\n<meta name=\"author\" content=\"uned\" \/>\n<meta name=\"twitter:card\" content=\"summary_large_image\" \/>\n<meta name=\"twitter:creator\" content=\"@unedpamplona\" \/>\n<meta name=\"twitter:site\" content=\"@unedpamplona\" \/>\n<meta name=\"twitter:label1\" content=\"Written by\" \/>\n\t<meta name=\"twitter:data1\" content=\"uned\" \/>\n\t<meta name=\"twitter:label2\" content=\"Est. reading time\" \/>\n\t<meta name=\"twitter:data2\" content=\"3 minutes\" \/>\n<script type=\"application\/ld+json\" class=\"yoast-schema-graph\">{\"@context\":\"https:\/\/schema.org\",\"@graph\":[{\"@type\":\"Article\",\"@id\":\"https:\/\/unedpamplona.es\/eu\/4787\/#article\",\"isPartOf\":{\"@id\":\"https:\/\/unedpamplona.es\/eu\/4787\/\"},\"author\":{\"name\":\"uned\",\"@id\":\"https:\/\/unedpamplona.es\/eu\/#\/schema\/person\/62a05b70c6808d41d8de2111f2b5f568\"},\"headline\":\"La intervenci\u00f3n socioeducativa en la infancia y adolescencia, a estudio en un curso de verano\",\"datePublished\":\"2024-09-23T10:52:02+00:00\",\"dateModified\":\"2024-10-02T08:01:29+00:00\",\"mainEntityOfPage\":{\"@id\":\"https:\/\/unedpamplona.es\/eu\/4787\/\"},\"wordCount\":515,\"publisher\":{\"@id\":\"https:\/\/unedpamplona.es\/eu\/#organization\"},\"image\":{\"@id\":\"https:\/\/unedpamplona.es\/eu\/4787\/#primaryimage\"},\"thumbnailUrl\":\"https:\/\/unedpamplona.es\/wp-content\/uploads\/2024\/09\/CVInfanciaAdolescencia4-scaled.jpg\",\"articleSection\":[\"Sin categorizar\"],\"inLanguage\":\"eu-ES\"},{\"@type\":\"WebPage\",\"@id\":\"https:\/\/unedpamplona.es\/eu\/4787\/\",\"url\":\"https:\/\/unedpamplona.es\/eu\/4787\/\",\"name\":\"La intervenci\u00f3n socioeducativa en la infancia y adolescencia, a estudio en un curso de verano - UNED Pamplona\",\"isPartOf\":{\"@id\":\"https:\/\/unedpamplona.es\/eu\/#website\"},\"primaryImageOfPage\":{\"@id\":\"https:\/\/unedpamplona.es\/eu\/4787\/#primaryimage\"},\"image\":{\"@id\":\"https:\/\/unedpamplona.es\/eu\/4787\/#primaryimage\"},\"thumbnailUrl\":\"https:\/\/unedpamplona.es\/wp-content\/uploads\/2024\/09\/CVInfanciaAdolescencia4-scaled.jpg\",\"datePublished\":\"2024-09-23T10:52:02+00:00\",\"dateModified\":\"2024-10-02T08:01:29+00:00\",\"inLanguage\":\"eu-ES\",\"potentialAction\":[{\"@type\":\"ReadAction\",\"target\":[\"https:\/\/unedpamplona.es\/eu\/4787\/\"]}]},{\"@type\":\"ImageObject\",\"inLanguage\":\"eu-ES\",\"@id\":\"https:\/\/unedpamplona.es\/eu\/4787\/#primaryimage\",\"url\":\"https:\/\/unedpamplona.es\/wp-content\/uploads\/2024\/09\/CVInfanciaAdolescencia4-scaled.jpg\",\"contentUrl\":\"https:\/\/unedpamplona.es\/wp-content\/uploads\/2024\/09\/CVInfanciaAdolescencia4-scaled.jpg\",\"width\":2560,\"height\":1920},{\"@type\":\"WebSite\",\"@id\":\"https:\/\/unedpamplona.es\/eu\/#website\",\"url\":\"https:\/\/unedpamplona.es\/eu\/\",\"name\":\"UNED Pamplona\",\"description\":\"\",\"publisher\":{\"@id\":\"https:\/\/unedpamplona.es\/eu\/#organization\"},\"potentialAction\":[{\"@type\":\"SearchAction\",\"target\":{\"@type\":\"EntryPoint\",\"urlTemplate\":\"https:\/\/unedpamplona.es\/eu\/?s={search_term_string}\"},\"query-input\":\"required name=search_term_string\"}],\"inLanguage\":\"eu-ES\"},{\"@type\":\"Organization\",\"@id\":\"https:\/\/unedpamplona.es\/eu\/#organization\",\"name\":\"UNED Pamplona\",\"url\":\"https:\/\/unedpamplona.es\/eu\/\",\"logo\":{\"@type\":\"ImageObject\",\"inLanguage\":\"eu-ES\",\"@id\":\"https:\/\/unedpamplona.es\/eu\/#\/schema\/logo\/image\/\",\"url\":\"https:\/\/unedpamplona.es\/wp-content\/uploads\/2024\/02\/uned_pamplona_logo.png\",\"contentUrl\":\"https:\/\/unedpamplona.es\/wp-content\/uploads\/2024\/02\/uned_pamplona_logo.png\",\"width\":218,\"height\":104,\"caption\":\"UNED Pamplona\"},\"image\":{\"@id\":\"https:\/\/unedpamplona.es\/eu\/#\/schema\/logo\/image\/\"},\"sameAs\":[\"https:\/\/x.com\/unedpamplona\",\"https:\/\/www.youtube.com\/channel\/UCR2jc6TbCMAPnbcA17Z0wwg\",\"https:\/\/www.instagram.com\/unedpamplona\/\"]},{\"@type\":\"Person\",\"@id\":\"https:\/\/unedpamplona.es\/eu\/#\/schema\/person\/62a05b70c6808d41d8de2111f2b5f568\",\"name\":\"uned\",\"image\":{\"@type\":\"ImageObject\",\"inLanguage\":\"eu-ES\",\"@id\":\"https:\/\/unedpamplona.es\/eu\/#\/schema\/person\/image\/\",\"url\":\"https:\/\/secure.gravatar.com\/avatar\/344a1f8262dc552fd951ddf77b72239b?s=96&d=mm&r=g\",\"contentUrl\":\"https:\/\/secure.gravatar.com\/avatar\/344a1f8262dc552fd951ddf77b72239b?s=96&d=mm&r=g\",\"caption\":\"uned\"},\"url\":\"https:\/\/unedpamplona.es\/eu\/author\/uned\/\"}]}<\/script>\n<!-- \/ Yoast SEO plugin. -->","yoast_head_json":{"title":"La intervenci\u00f3n socioeducativa en la infancia y adolescencia, a estudio en un curso de verano - UNED Pamplona","robots":{"index":"index","follow":"follow","max-snippet":"max-snippet:-1","max-image-preview":"max-image-preview:large","max-video-preview":"max-video-preview:-1"},"canonical":"https:\/\/unedpamplona.es\/eu\/4787\/","og_locale":"eu_ES","og_type":"article","og_title":"La intervenci\u00f3n socioeducativa en la infancia y adolescencia, a estudio en un curso de verano - UNED Pamplona","og_description":"UNED Pamplona acoge los d\u00edas 26 y 27 de septiembre\u00a0 el curso de verano de verano &#8220;Infancia y adolescencia en transformaci\u00f3n: intervenci\u00f3n socio-educativa en entornos formales y no-formales&#8221; en el que se abordar\u00e1n herramientas y estrategias para los profesionales en el \u00e1mbito de la intervenci\u00f3n socioeducativa con ni\u00f1os\/as y adolescentes en contextos de educaci\u00f3n formal [&hellip;]","og_url":"https:\/\/unedpamplona.es\/eu\/4787\/","og_site_name":"UNED Pamplona","article_published_time":"2024-09-23T10:52:02+00:00","article_modified_time":"2024-10-02T08:01:29+00:00","og_image":[{"width":2560,"height":1920,"url":"https:\/\/unedpamplona.es\/wp-content\/uploads\/2024\/09\/CVInfanciaAdolescencia4-scaled.jpg","type":"image\/jpeg"}],"author":"uned","twitter_card":"summary_large_image","twitter_creator":"@unedpamplona","twitter_site":"@unedpamplona","twitter_misc":{"Written by":"uned","Est. reading time":"3 minutes"},"schema":{"@context":"https:\/\/schema.org","@graph":[{"@type":"Article","@id":"https:\/\/unedpamplona.es\/eu\/4787\/#article","isPartOf":{"@id":"https:\/\/unedpamplona.es\/eu\/4787\/"},"author":{"name":"uned","@id":"https:\/\/unedpamplona.es\/eu\/#\/schema\/person\/62a05b70c6808d41d8de2111f2b5f568"},"headline":"La intervenci\u00f3n socioeducativa en la infancia y adolescencia, a estudio en un curso de verano","datePublished":"2024-09-23T10:52:02+00:00","dateModified":"2024-10-02T08:01:29+00:00","mainEntityOfPage":{"@id":"https:\/\/unedpamplona.es\/eu\/4787\/"},"wordCount":515,"publisher":{"@id":"https:\/\/unedpamplona.es\/eu\/#organization"},"image":{"@id":"https:\/\/unedpamplona.es\/eu\/4787\/#primaryimage"},"thumbnailUrl":"https:\/\/unedpamplona.es\/wp-content\/uploads\/2024\/09\/CVInfanciaAdolescencia4-scaled.jpg","articleSection":["Sin categorizar"],"inLanguage":"eu-ES"},{"@type":"WebPage","@id":"https:\/\/unedpamplona.es\/eu\/4787\/","url":"https:\/\/unedpamplona.es\/eu\/4787\/","name":"La intervenci\u00f3n socioeducativa en la infancia y adolescencia, a estudio en un curso de verano - UNED Pamplona","isPartOf":{"@id":"https:\/\/unedpamplona.es\/eu\/#website"},"primaryImageOfPage":{"@id":"https:\/\/unedpamplona.es\/eu\/4787\/#primaryimage"},"image":{"@id":"https:\/\/unedpamplona.es\/eu\/4787\/#primaryimage"},"thumbnailUrl":"https:\/\/unedpamplona.es\/wp-content\/uploads\/2024\/09\/CVInfanciaAdolescencia4-scaled.jpg","datePublished":"2024-09-23T10:52:02+00:00","dateModified":"2024-10-02T08:01:29+00:00","inLanguage":"eu-ES","potentialAction":[{"@type":"ReadAction","target":["https:\/\/unedpamplona.es\/eu\/4787\/"]}]},{"@type":"ImageObject","inLanguage":"eu-ES","@id":"https:\/\/unedpamplona.es\/eu\/4787\/#primaryimage","url":"https:\/\/unedpamplona.es\/wp-content\/uploads\/2024\/09\/CVInfanciaAdolescencia4-scaled.jpg","contentUrl":"https:\/\/unedpamplona.es\/wp-content\/uploads\/2024\/09\/CVInfanciaAdolescencia4-scaled.jpg","width":2560,"height":1920},{"@type":"WebSite","@id":"https:\/\/unedpamplona.es\/eu\/#website","url":"https:\/\/unedpamplona.es\/eu\/","name":"UNED Pamplona","description":"","publisher":{"@id":"https:\/\/unedpamplona.es\/eu\/#organization"},"potentialAction":[{"@type":"SearchAction","target":{"@type":"EntryPoint","urlTemplate":"https:\/\/unedpamplona.es\/eu\/?s={search_term_string}"},"query-input":"required name=search_term_string"}],"inLanguage":"eu-ES"},{"@type":"Organization","@id":"https:\/\/unedpamplona.es\/eu\/#organization","name":"UNED Pamplona","url":"https:\/\/unedpamplona.es\/eu\/","logo":{"@type":"ImageObject","inLanguage":"eu-ES","@id":"https:\/\/unedpamplona.es\/eu\/#\/schema\/logo\/image\/","url":"https:\/\/unedpamplona.es\/wp-content\/uploads\/2024\/02\/uned_pamplona_logo.png","contentUrl":"https:\/\/unedpamplona.es\/wp-content\/uploads\/2024\/02\/uned_pamplona_logo.png","width":218,"height":104,"caption":"UNED Pamplona"},"image":{"@id":"https:\/\/unedpamplona.es\/eu\/#\/schema\/logo\/image\/"},"sameAs":["https:\/\/x.com\/unedpamplona","https:\/\/www.youtube.com\/channel\/UCR2jc6TbCMAPnbcA17Z0wwg","https:\/\/www.instagram.com\/unedpamplona\/"]},{"@type":"Person","@id":"https:\/\/unedpamplona.es\/eu\/#\/schema\/person\/62a05b70c6808d41d8de2111f2b5f568","name":"uned","image":{"@type":"ImageObject","inLanguage":"eu-ES","@id":"https:\/\/unedpamplona.es\/eu\/#\/schema\/person\/image\/","url":"https:\/\/secure.gravatar.com\/avatar\/344a1f8262dc552fd951ddf77b72239b?s=96&d=mm&r=g","contentUrl":"https:\/\/secure.gravatar.com\/avatar\/344a1f8262dc552fd951ddf77b72239b?s=96&d=mm&r=g","caption":"uned"},"url":"https:\/\/unedpamplona.es\/eu\/author\/uned\/"}]}},"_links":{"self":[{"href":"https:\/\/unedpamplona.es\/eu\/wp-json\/wp\/v2\/posts\/4787"}],"collection":[{"href":"https:\/\/unedpamplona.es\/eu\/wp-json\/wp\/v2\/posts"}],"about":[{"href":"https:\/\/unedpamplona.es\/eu\/wp-json\/wp\/v2\/types\/post"}],"author":[{"embeddable":true,"href":"https:\/\/unedpamplona.es\/eu\/wp-json\/wp\/v2\/users\/2"}],"replies":[{"embeddable":true,"href":"https:\/\/unedpamplona.es\/eu\/wp-json\/wp\/v2\/comments?post=4787"}],"version-history":[{"count":9,"href":"https:\/\/unedpamplona.es\/eu\/wp-json\/wp\/v2\/posts\/4787\/revisions"}],"predecessor-version":[{"id":4798,"href":"https:\/\/unedpamplona.es\/eu\/wp-json\/wp\/v2\/posts\/4787\/revisions\/4798"}],"wp:featuredmedia":[{"embeddable":true,"href":"https:\/\/unedpamplona.es\/eu\/wp-json\/wp\/v2\/media\/4788"}],"wp:attachment":[{"href":"https:\/\/unedpamplona.es\/eu\/wp-json\/wp\/v2\/media?parent=4787"}],"wp:term":[{"taxonomy":"category","embeddable":true,"href":"https:\/\/unedpamplona.es\/eu\/wp-json\/wp\/v2\/categories?post=4787"},{"taxonomy":"post_tag","embeddable":true,"href":"https:\/\/unedpamplona.es\/eu\/wp-json\/wp\/v2\/tags?post=4787"}],"curies":[{"name":"wp","href":"https:\/\/api.w.org\/{rel}","templated":true}]}}