{"id":4843,"date":"2024-10-01T13:26:55","date_gmt":"2024-10-01T11:26:55","guid":{"rendered":"https:\/\/unedpamplona.es\/?p=4843"},"modified":"2024-10-04T12:56:42","modified_gmt":"2024-10-04T10:56:42","slug":"uned-pamplona-y-educacion-firman-un-convenio-para-la-formacion-en-inteligencia-emocional-del-profesorado-y-alumnado","status":"publish","type":"post","link":"https:\/\/unedpamplona.es\/eu\/uned-pamplona-y-educacion-firman-un-convenio-para-la-formacion-en-inteligencia-emocional-del-profesorado-y-alumnado\/","title":{"rendered":"UNED Pamplona y Educaci\u00f3n firman un convenio para la formaci\u00f3n en inteligencia emocional del profesorado y alumnado"},"content":{"rendered":"<p>El Consejero de Educaci\u00f3n del Gobierno de Navarra, <strong>Carlos Gimeno<\/strong>, y <strong>Teresa Im\u00edzcoz<\/strong>, Directora de UNED Pamplona y Directora de la C\u00e1tedra de Inteligencia Emocional UNED Pamplona &#8211; Fundaci\u00f3n Caja Navarra, han firmado esta ma\u00f1ana un convenio de colaboraci\u00f3n para fomentar la educaci\u00f3n emocional en el profesorado y alumnado de Navarra. En el acto, han participado tambi\u00e9n <strong>Juan Carlos P\u00e9rez Gonz\u00e1lez<\/strong>, Director Cient\u00edfico de la C\u00e1tedra de Inteligencia Emocional UNED Pamplona &#8211; Fundaci\u00f3n Caja Navarra, y <strong>Gil Sevillano<\/strong>, Director General de Educaci\u00f3n.<\/p>\n<p>Las dos instituciones firmantes consideran relevante contribuir a la mejora de la sociedad navarra a trav\u00e9s de una formaci\u00f3n y educaci\u00f3n de calidad en el \u00e1mbito de la inteligencia emocional.<\/p>\n<p>Teresa Im\u00edzcoz ha explicado que el inter\u00e9s por la creaci\u00f3n de una C\u00e1tedra de Inteligencia Emocional en el Centro Asociado de la UNED en Pamplona<em> \u201cparte de las necesidades sociales detectadas, as\u00ed como del importante impacto que en muchas \u00e1reas de la poblaci\u00f3n navarra pueda tener la formaci\u00f3n, investigaci\u00f3n y transferencia del conocimiento\u201d.\u00a0<\/em><em>\u201cFruto de este inter\u00e9s social, se constituy\u00f3 la C\u00e1tedra de inteligencia emocional UNED Pamplona- Fundaci\u00f3n Caja Navarra en febrero de 2024. Desde entonces, han participado m\u00e1s de 2.400 personas en nuestros cursos de formaci\u00f3n y conferencias sobre inteligencia emocional<\/em>\u201d, ha se\u00f1alado.<\/p>\n<p>En l\u00edneas generales, se puede observar c\u00f3mo en los sistemas educativos actuales, desde Educaci\u00f3n Infantil hasta Bachillerato y Formaci\u00f3n Profesional, fundamentalmente se forma al alumnado en el \u00e1mbito de la inteligencia cognitiva o intelectual, mediante la adquisici\u00f3n de conocimientos. Sin embargo, no se les forma o se les forma escasamente en inteligencia emocional. Por este motivo, se considera apropiado fomentar la educaci\u00f3n emocional en el profesorado y alumnado de Navarra a trav\u00e9s del \u00e1mbito de la C\u00e1tedra de Inteligencia Emocional UNED Pamplona &#8211; Fundaci\u00f3n Caja Navarra.<\/p>\n<p><em>\u201cNos parece importante empezar por esta educaci\u00f3n emocional desde edades tempranas y abordarla desde los dos \u00e1mbitos fundamentales en la educaci\u00f3n de ni\u00f1os y j\u00f3venes: la escuela en todas sus etapas formativas, y la familia. El objetivo es dotar al profesorado navarro de conocimientos y herramientas para trabajar la educaci\u00f3n emocional en las aulas\u201d,<\/em> ha apuntado Im\u00edzcoz.<\/p>\n<p><strong>Gimeno<em>: \u201cRecuperaci\u00f3n del bienestar emocional y del nivel de aprendizaje\u201d<\/em><\/strong><\/p>\n<p>El consejero de Educaci\u00f3n, <strong>Carlos Gimeno,<\/strong> ha expresado <em>que \u201cvenimos de un vuelco inesperado en la escolarizaci\u00f3n, de pasar por una pandemia, por una escolarizaci\u00f3n truncada en dos cursos acad\u00e9micos y esto ha provocado una brecha emocional en el alumnado. La recuperaci\u00f3n del bienestar emocional junto a la recuperaci\u00f3n del nivel de aprendizaje que se pudo perder son dos cuestiones en las que hay que trabajar\u201d.<\/em><\/p>\n<p><em>\u00a0\u201cLos niveles de ansiedad, depresi\u00f3n y de ideas suicidas entre los escolares se van incrementando y eso exige una intervenci\u00f3n y actuaci\u00f3n perfectamente planificadas. Hay que rentabilizar y optimizar todos los recursos para que el profesorado y alumnado navarro mejoren en este aspecto y la calidad del sistema educativo navarro siga avanzando. Este convenio va a revertir de una forma significativa y relevante en el sistema educativo navarro\u201d,<\/em> ha a\u00f1adido el consejero.<\/p>\n<p><strong>APARICIONES EN MEDIOS DE COMUNICACI\u00d3N: <a href=\"https:\/\/unedpamplona.es\/actualidad\/uned-en-los-medios\/\">UNED en los medios &#8211; UNED Pamplona<\/a><\/strong><\/p>\n<div class=\"xdj266r x11i5rnm xat24cr x1mh8g0r x1vvkbs x126k92a\"><strong>-DIARIO DE NAVARRA: <\/strong><a class=\"x1i10hfl xjbqb8w x1ejq31n xd10rxx x1sy0etr x17r0tee x972fbf xcfux6l x1qhh985 xm0m39n x9f619 x1ypdohk xt0psk2 xe8uvvx xdj266r x11i5rnm xat24cr x1mh8g0r xexx8yu x4uap5 x18d9i69 xkhd6sd x16tdsg8 x1hl2dhg xggy1nq x1a2a7pz x1sur9pj xkrqix3 x1fey0fg x1s688f\" tabindex=\"0\" role=\"link\" href=\"https:\/\/www.diariodenavarra.es\/noticias\/navarra\/2024\/10\/02\/educacion-uned-llevan-aulas-inteligencia-emocional-623937-300.html?fbclid=IwZXh0bgNhZW0CMTAAAR0tpOuZj_cEYXFufiIyjLtDXcLxx_O6rd9diu0DDFL-tYYXC8I8U643ZUY_aem_KxZ7RyMzMNV84WLSYo168g\" target=\"_blank\" rel=\"nofollow noopener\">https:\/\/www.diariodenavarra.es\/&#8230;\/educacion-uned-llevan&#8230;<\/a><\/div>\n<div class=\"x11i5rnm xat24cr x1mh8g0r x1vvkbs xtlvy1s x126k92a\">\n<div dir=\"auto\"><strong>-DIARIO DE NOTICIAS: <a href=\"https:\/\/www.noticiasdenavarra.com\/sociedad\/2024\/10\/02\/uned-educacion-colaboran-fomentar-educacion-8757621.html\">UNED y Educaci\u00f3n colaboran para fomentar la educaci\u00f3n emocional (noticiasdenavarra.com)<\/a><\/strong><\/div>\n<\/div>\n<div class=\"x11i5rnm xat24cr x1mh8g0r x1vvkbs xtlvy1s x126k92a\"><strong>-CADENA SER<\/strong>:\u00a0<span class=\"html-span xdj266r x11i5rnm xat24cr x1mh8g0r xexx8yu x4uap5 x18d9i69 xkhd6sd x1hl2dhg x16tdsg8 x1vvkbs\"><a class=\"x1i10hfl xjbqb8w x1ejq31n xd10rxx x1sy0etr x17r0tee x972fbf xcfux6l x1qhh985 xm0m39n x9f619 x1ypdohk xt0psk2 xe8uvvx xdj266r x11i5rnm xat24cr x1mh8g0r xexx8yu x4uap5 x18d9i69 xkhd6sd x16tdsg8 x1hl2dhg xggy1nq x1a2a7pz x1sur9pj xkrqix3 x1fey0fg x1s688f\" tabindex=\"0\" role=\"link\" href=\"https:\/\/cadenaser.com\/audio\/1727861225532\/?fbclid=IwZXh0bgNhZW0CMTAAAR3XcRBt_lpx1imENOHKcd6XmbaamXIw3A62ye9UUAX2wUFOFh8Eneqfrso_aem_UyWm_Q25lFrX-n-HUgdtPg\" target=\"_blank\" rel=\"nofollow noopener\">https:\/\/cadenaser.com\/audio\/1727861225532\/<\/a><\/span><\/div>\n<div class=\"x11i5rnm xat24cr x1mh8g0r x1vvkbs xtlvy1s x126k92a\">\n<div dir=\"auto\"><span class=\"html-span xdj266r x11i5rnm xat24cr x1mh8g0r xexx8yu x4uap5 x18d9i69 xkhd6sd x1hl2dhg x16tdsg8 x1vvkbs\"><strong>-NAVARRA TV<\/strong>: <a href=\"https:\/\/www.navarratelevision.es\/alacarta\/ab92da79-91b1-b9d4-b3a7f52a566ec730\/dl\/x96kys8\/noticias-de-navarra-1430h-01102024\">Noticias de Navarra 14:30h 01\/10\/2024 (navarratelevision.es)<\/a> (minuto 18:20).<\/span><\/div>\n<\/div>\n<div class=\"x11i5rnm xat24cr x1mh8g0r x1vvkbs xtlvy1s x126k92a\">\n<div dir=\"auto\"><span class=\"html-span xdj266r x11i5rnm xat24cr x1mh8g0r xexx8yu x4uap5 x18d9i69 xkhd6sd x1hl2dhg x16tdsg8 x1vvkbs\"><strong>-EUROPA PRESS<\/strong>:\u00a0<\/span><span class=\"html-span xdj266r x11i5rnm xat24cr x1mh8g0r xexx8yu x4uap5 x18d9i69 xkhd6sd x1hl2dhg x16tdsg8 x1vvkbs\"><a class=\"x1i10hfl xjbqb8w x1ejq31n xd10rxx x1sy0etr x17r0tee x972fbf xcfux6l x1qhh985 xm0m39n x9f619 x1ypdohk xt0psk2 xe8uvvx xdj266r x11i5rnm xat24cr x1mh8g0r xexx8yu x4uap5 x18d9i69 xkhd6sd x16tdsg8 x1hl2dhg xggy1nq x1a2a7pz x1sur9pj xkrqix3 x1fey0fg x1s688f\" tabindex=\"0\" role=\"link\" href=\"https:\/\/www.europapress.es\/navarra\/noticia-uned-pamplona-educacion-firman-convenio-formacion-inteligencia-emocional-profesorado-alumnado-20241001164801.html?fbclid=IwZXh0bgNhZW0CMTAAAR32A1zPUHOtrOS4uT0w_-HRCYUP6PAjcDZkIORQxmaDa0YUS28cKJd7tzU_aem__u659K0KQIZdVltdcQ2Now\" target=\"_blank\" rel=\"nofollow noopener\">https:\/\/www.europapress.es\/&#8230;\/noticia-uned-pamplona&#8230;<\/a><\/span><\/div>\n<\/div>\n<p>&nbsp;<\/p>\n<p><strong>Fines de la C\u00e1tedra <\/strong><\/p>\n<p>Los fines de la C\u00e1tedra son:<\/p>\n<ul>\n<li>Ofrecer oportunidades de formaci\u00f3n para mejorar las competencias socioemocionales de profesionales de la docencia, de la orientaci\u00f3n educativa y de la salud en Navarra.<\/li>\n<li>Promover la educaci\u00f3n emocional a lo largo de la vida (de ni\u00f1os, j\u00f3venes y adultos).<\/li>\n<li>Favorecer la difusi\u00f3n de los resultados de investigaci\u00f3n y la transferencia del conocimiento cient\u00edfico a la sociedad navarra.<\/li>\n<li>Estimular la investigaci\u00f3n, b\u00e1sica y aplicada, sobre inteligencia emocional.<\/li>\n<\/ul>\n<p>Y hacerlo desde el rigor cient\u00edfico, evitando simplificaciones u ocurrencias de personas no expertas en esta materia.<\/p>\n<p>Tras m\u00e1s de 33 a\u00f1os de investigaci\u00f3n sobre inteligencia emocional a nivel mundial, las evidencias cient\u00edficas disponibles hasta la fecha se pueden sintetizar destacando el hecho de que ya existe una amplia colecci\u00f3n de meta-an\u00e1lisis que demuestran:<\/p>\n<ol>\n<li>a) Por una parte, los beneficios potenciales de la inteligencia emocional para m\u00faltiples \u00e1reas relevantes de actividad humana individual y grupal a lo largo del ciclo vital, por ejemplo, a nivel educativo, cl\u00ednico, y laboral.<\/li>\n<li>b) Por otra parte, las posibilidades reales de mejora de la inteligencia emocional como consecuencia de apropiadas intervenciones educativas dise\u00f1adas y aplicadas con rigor.<\/li>\n<\/ol>\n<p>En este sentido, el director Cient\u00edfico de la C\u00e1tedra, el profesor Juan Carlos P\u00e9rez Gonz\u00e1lez, de la Facultad de Educaci\u00f3n de la UNED, ha mantenido una l\u00ednea de investigaci\u00f3n estable durante m\u00e1s de dos d\u00e9cadas, y con repercusi\u00f3n internacional, sobre distintos aspectos de la evaluaci\u00f3n de la inteligencia emocional y, finalmente, sobre sus posibilidades de mejora a trav\u00e9s de la intervenci\u00f3n educativa. Sobre esta \u00faltima l\u00ednea, en la actualidad, el Dr. P\u00e9rez-Gonz\u00e1lez es Co-IP del Proyecto del Plan Nacional de I+D del Ministerio de Ciencia y Tecnolog\u00eda, con t\u00edtulo \u201cPROGRAMA DE EDUCACION EMOCIONAL ADOLESCENTE JANE AUSTEN, BASADO EN LA EVIDENCIA Y LA SOSTENIBILIDAD\u201d (JAEEP).<\/p>\n<p><strong>L\u00edneas de trabajo del convenio<\/strong><\/p>\n<p>Con este convenio se pretende impactar positivamente en la educaci\u00f3n navarra de los niveles de educaci\u00f3n Primaria, Secundaria, Formaci\u00f3n Profesional y Bachillerato. Para lograrlo, est\u00e1n previstas cuatro l\u00edneas de trabajo conjunto con el Departamento de Educaci\u00f3n:<\/p>\n<ol start=\"4\">\n<li><strong>Dotar de formaci\u00f3n al profesorado<\/strong> para la posterior implantaci\u00f3n y evaluaci\u00f3n, en una serie de centros educativos seleccionados, de programas de educaci\u00f3n emocional. Se pretende ofrecer una formaci\u00f3n rigurosa, basada en la investigaci\u00f3n, para asentar un nivel de formaci\u00f3n emocional b\u00e1sica del profesorado que le habilite para posteriormente implicarse en la implantaci\u00f3n y evaluaci\u00f3n de programas de educaci\u00f3n emocional.<\/li>\n<li><strong>Diagnosticar las necesidades de formaci\u00f3n emocional del profesorado<\/strong>. Investigaci\u00f3n diagn\u00f3stica de las necesidades del profesorado navarro de Educaci\u00f3n Infantil, Primaria, Secundaria, Bachillerato y Formaci\u00f3n Profesional para averiguar:\n<ul>\n<li>Cu\u00e1les son los conocimientos y las actitudes hacia la educaci\u00f3n emocional del profesorado de Navarra.<\/li>\n<li>Cu\u00e1l es la prevalencia del nivel de estr\u00e9s y \u201cs\u00edndrome de estar quemado\u201d del profesorado de Navarra.<\/li>\n<li>Cu\u00e1l es el nivel de inteligencia emocional del profesorado de Navarra. Qu\u00e9 factores personales y sociales se asocian a su inteligencia emocional.<\/li>\n<li>Cu\u00e1les son las principales necesidades de formaci\u00f3n y asesoramiento del profesorado de Navarra para reducir sus niveles de estr\u00e9s y mejorar su compromiso y eficiencia laboral docente.<\/li>\n<\/ul>\n<\/li>\n<li><strong>Diagnosticar las necesidades de formaci\u00f3n emocional del alumnado. <\/strong>cu\u00e1les son sus niveles de inteligencia emocional, qu\u00e9 factores personales y sociales se asocian a ellos, cu\u00e1les son sus patrones de estrategias de regulaci\u00f3n emocional, cu\u00e1les son sus estrategias de aprendizaje autorregulado, sus niveles de bienestar, sus h\u00e1bitos saludables de sue\u00f1o, alimentaci\u00f3n, ejercicio f\u00edsico, relaci\u00f3n social y uso de dispositivos m\u00f3viles, etc.<\/li>\n<li><strong>Ofertar cursos de formaci\u00f3n en inteligencia emocional para el conjunto del profesorado<\/strong> que se encuentren integradas en la planificaci\u00f3n formativa anual prevista por el Departamento de Educaci\u00f3n y que tengan la consideraci\u00f3n de acciones formativas reconocidas oficialmente.<\/li>\n<\/ol>\n<p>\u201c<em>Para conseguir una educaci\u00f3n emocional s\u00f3lida, basada en la investigaci\u00f3n que desarrolla la UNED y esta C\u00e1tedra de inteligencia emocional se firma este Convenio con el Departamento de Educaci\u00f3n al que agradezco la confianza que deposita en la UNED de Pamplona\u201d<\/em>, ha concluido Teresa Im\u00edzcoz, Directora de UNED Pamplona y Directora de la C\u00e1tedra.<\/p>\n<div class=\"x11i5rnm xat24cr x1mh8g0r x1vvkbs xtlvy1s x126k92a\">\n<div dir=\"auto\"><\/div>\n<\/div>\n","protected":false},"excerpt":{"rendered":"<p>El Consejero de Educaci\u00f3n del Gobierno de Navarra, Carlos Gimeno, y Teresa Im\u00edzcoz, Directora de UNED Pamplona y Directora de la C\u00e1tedra de Inteligencia Emocional UNED Pamplona &#8211; Fundaci\u00f3n Caja Navarra, han firmado esta ma\u00f1ana un convenio de colaboraci\u00f3n para fomentar la educaci\u00f3n emocional en el profesorado y alumnado de Navarra. En el acto, han [&hellip;]<\/p>\n","protected":false},"author":2,"featured_media":4966,"comment_status":"closed","ping_status":"closed","sticky":false,"template":"","format":"standard","meta":{"footnotes":""},"categories":[1],"tags":[],"yoast_head":"<!-- This site is optimized with the Yoast SEO plugin v22.5 - https:\/\/yoast.com\/wordpress\/plugins\/seo\/ -->\n<title>UNED Pamplona y Educaci\u00f3n firman un convenio para la formaci\u00f3n en inteligencia emocional del profesorado y alumnado - UNED Pamplona<\/title>\n<meta name=\"robots\" content=\"index, follow, max-snippet:-1, max-image-preview:large, max-video-preview:-1\" \/>\n<link rel=\"canonical\" href=\"https:\/\/unedpamplona.es\/eu\/uned-pamplona-y-educacion-firman-un-convenio-para-la-formacion-en-inteligencia-emocional-del-profesorado-y-alumnado\/\" \/>\n<meta property=\"og:locale\" content=\"eu_ES\" \/>\n<meta property=\"og:type\" content=\"article\" \/>\n<meta property=\"og:title\" content=\"UNED Pamplona y Educaci\u00f3n firman un convenio para la formaci\u00f3n en inteligencia emocional del profesorado y alumnado - UNED Pamplona\" \/>\n<meta property=\"og:description\" content=\"El Consejero de Educaci\u00f3n del Gobierno de Navarra, Carlos Gimeno, y Teresa Im\u00edzcoz, Directora de UNED Pamplona y Directora de la C\u00e1tedra de Inteligencia Emocional UNED Pamplona &#8211; Fundaci\u00f3n Caja Navarra, han firmado esta ma\u00f1ana un convenio de colaboraci\u00f3n para fomentar la educaci\u00f3n emocional en el profesorado y alumnado de Navarra. En el acto, han [&hellip;]\" \/>\n<meta property=\"og:url\" content=\"https:\/\/unedpamplona.es\/eu\/uned-pamplona-y-educacion-firman-un-convenio-para-la-formacion-en-inteligencia-emocional-del-profesorado-y-alumnado\/\" \/>\n<meta property=\"og:site_name\" content=\"UNED Pamplona\" \/>\n<meta property=\"article:published_time\" content=\"2024-10-01T11:26:55+00:00\" \/>\n<meta property=\"article:modified_time\" content=\"2024-10-04T10:56:42+00:00\" \/>\n<meta property=\"og:image\" content=\"https:\/\/unedpamplona.es\/wp-content\/uploads\/2024\/10\/Firma4-scaled.jpg\" \/>\n\t<meta property=\"og:image:width\" content=\"2560\" \/>\n\t<meta property=\"og:image:height\" content=\"1777\" \/>\n\t<meta property=\"og:image:type\" content=\"image\/jpeg\" \/>\n<meta name=\"author\" content=\"uned\" \/>\n<meta name=\"twitter:card\" content=\"summary_large_image\" \/>\n<meta name=\"twitter:creator\" content=\"@unedpamplona\" \/>\n<meta name=\"twitter:site\" content=\"@unedpamplona\" \/>\n<meta name=\"twitter:label1\" content=\"Written by\" \/>\n\t<meta name=\"twitter:data1\" content=\"uned\" \/>\n\t<meta name=\"twitter:label2\" content=\"Est. reading time\" \/>\n\t<meta name=\"twitter:data2\" content=\"6 minutes\" \/>\n<script type=\"application\/ld+json\" class=\"yoast-schema-graph\">{\"@context\":\"https:\/\/schema.org\",\"@graph\":[{\"@type\":\"Article\",\"@id\":\"https:\/\/unedpamplona.es\/eu\/uned-pamplona-y-educacion-firman-un-convenio-para-la-formacion-en-inteligencia-emocional-del-profesorado-y-alumnado\/#article\",\"isPartOf\":{\"@id\":\"https:\/\/unedpamplona.es\/eu\/uned-pamplona-y-educacion-firman-un-convenio-para-la-formacion-en-inteligencia-emocional-del-profesorado-y-alumnado\/\"},\"author\":{\"name\":\"uned\",\"@id\":\"https:\/\/unedpamplona.es\/eu\/#\/schema\/person\/62a05b70c6808d41d8de2111f2b5f568\"},\"headline\":\"UNED Pamplona y Educaci\u00f3n firman un convenio para la formaci\u00f3n en inteligencia emocional del profesorado y alumnado\",\"datePublished\":\"2024-10-01T11:26:55+00:00\",\"dateModified\":\"2024-10-04T10:56:42+00:00\",\"mainEntityOfPage\":{\"@id\":\"https:\/\/unedpamplona.es\/eu\/uned-pamplona-y-educacion-firman-un-convenio-para-la-formacion-en-inteligencia-emocional-del-profesorado-y-alumnado\/\"},\"wordCount\":1376,\"publisher\":{\"@id\":\"https:\/\/unedpamplona.es\/eu\/#organization\"},\"image\":{\"@id\":\"https:\/\/unedpamplona.es\/eu\/uned-pamplona-y-educacion-firman-un-convenio-para-la-formacion-en-inteligencia-emocional-del-profesorado-y-alumnado\/#primaryimage\"},\"thumbnailUrl\":\"https:\/\/unedpamplona.es\/wp-content\/uploads\/2024\/10\/Firma4-scaled.jpg\",\"articleSection\":[\"Sin categorizar\"],\"inLanguage\":\"eu-ES\"},{\"@type\":\"WebPage\",\"@id\":\"https:\/\/unedpamplona.es\/eu\/uned-pamplona-y-educacion-firman-un-convenio-para-la-formacion-en-inteligencia-emocional-del-profesorado-y-alumnado\/\",\"url\":\"https:\/\/unedpamplona.es\/eu\/uned-pamplona-y-educacion-firman-un-convenio-para-la-formacion-en-inteligencia-emocional-del-profesorado-y-alumnado\/\",\"name\":\"UNED Pamplona y Educaci\u00f3n firman un convenio para la formaci\u00f3n en inteligencia emocional del profesorado y alumnado - UNED Pamplona\",\"isPartOf\":{\"@id\":\"https:\/\/unedpamplona.es\/eu\/#website\"},\"primaryImageOfPage\":{\"@id\":\"https:\/\/unedpamplona.es\/eu\/uned-pamplona-y-educacion-firman-un-convenio-para-la-formacion-en-inteligencia-emocional-del-profesorado-y-alumnado\/#primaryimage\"},\"image\":{\"@id\":\"https:\/\/unedpamplona.es\/eu\/uned-pamplona-y-educacion-firman-un-convenio-para-la-formacion-en-inteligencia-emocional-del-profesorado-y-alumnado\/#primaryimage\"},\"thumbnailUrl\":\"https:\/\/unedpamplona.es\/wp-content\/uploads\/2024\/10\/Firma4-scaled.jpg\",\"datePublished\":\"2024-10-01T11:26:55+00:00\",\"dateModified\":\"2024-10-04T10:56:42+00:00\",\"inLanguage\":\"eu-ES\",\"potentialAction\":[{\"@type\":\"ReadAction\",\"target\":[\"https:\/\/unedpamplona.es\/eu\/uned-pamplona-y-educacion-firman-un-convenio-para-la-formacion-en-inteligencia-emocional-del-profesorado-y-alumnado\/\"]}]},{\"@type\":\"ImageObject\",\"inLanguage\":\"eu-ES\",\"@id\":\"https:\/\/unedpamplona.es\/eu\/uned-pamplona-y-educacion-firman-un-convenio-para-la-formacion-en-inteligencia-emocional-del-profesorado-y-alumnado\/#primaryimage\",\"url\":\"https:\/\/unedpamplona.es\/wp-content\/uploads\/2024\/10\/Firma4-scaled.jpg\",\"contentUrl\":\"https:\/\/unedpamplona.es\/wp-content\/uploads\/2024\/10\/Firma4-scaled.jpg\",\"width\":2560,\"height\":1777},{\"@type\":\"WebSite\",\"@id\":\"https:\/\/unedpamplona.es\/eu\/#website\",\"url\":\"https:\/\/unedpamplona.es\/eu\/\",\"name\":\"UNED Pamplona\",\"description\":\"\",\"publisher\":{\"@id\":\"https:\/\/unedpamplona.es\/eu\/#organization\"},\"potentialAction\":[{\"@type\":\"SearchAction\",\"target\":{\"@type\":\"EntryPoint\",\"urlTemplate\":\"https:\/\/unedpamplona.es\/eu\/?s={search_term_string}\"},\"query-input\":\"required name=search_term_string\"}],\"inLanguage\":\"eu-ES\"},{\"@type\":\"Organization\",\"@id\":\"https:\/\/unedpamplona.es\/eu\/#organization\",\"name\":\"UNED Pamplona\",\"url\":\"https:\/\/unedpamplona.es\/eu\/\",\"logo\":{\"@type\":\"ImageObject\",\"inLanguage\":\"eu-ES\",\"@id\":\"https:\/\/unedpamplona.es\/eu\/#\/schema\/logo\/image\/\",\"url\":\"https:\/\/unedpamplona.es\/wp-content\/uploads\/2024\/02\/uned_pamplona_logo.png\",\"contentUrl\":\"https:\/\/unedpamplona.es\/wp-content\/uploads\/2024\/02\/uned_pamplona_logo.png\",\"width\":218,\"height\":104,\"caption\":\"UNED Pamplona\"},\"image\":{\"@id\":\"https:\/\/unedpamplona.es\/eu\/#\/schema\/logo\/image\/\"},\"sameAs\":[\"https:\/\/x.com\/unedpamplona\",\"https:\/\/www.youtube.com\/channel\/UCR2jc6TbCMAPnbcA17Z0wwg\",\"https:\/\/www.instagram.com\/unedpamplona\/\"]},{\"@type\":\"Person\",\"@id\":\"https:\/\/unedpamplona.es\/eu\/#\/schema\/person\/62a05b70c6808d41d8de2111f2b5f568\",\"name\":\"uned\",\"image\":{\"@type\":\"ImageObject\",\"inLanguage\":\"eu-ES\",\"@id\":\"https:\/\/unedpamplona.es\/eu\/#\/schema\/person\/image\/\",\"url\":\"https:\/\/secure.gravatar.com\/avatar\/344a1f8262dc552fd951ddf77b72239b?s=96&d=mm&r=g\",\"contentUrl\":\"https:\/\/secure.gravatar.com\/avatar\/344a1f8262dc552fd951ddf77b72239b?s=96&d=mm&r=g\",\"caption\":\"uned\"},\"url\":\"https:\/\/unedpamplona.es\/eu\/author\/uned\/\"}]}<\/script>\n<!-- \/ Yoast SEO plugin. -->","yoast_head_json":{"title":"UNED Pamplona y Educaci\u00f3n firman un convenio para la formaci\u00f3n en inteligencia emocional del profesorado y alumnado - UNED Pamplona","robots":{"index":"index","follow":"follow","max-snippet":"max-snippet:-1","max-image-preview":"max-image-preview:large","max-video-preview":"max-video-preview:-1"},"canonical":"https:\/\/unedpamplona.es\/eu\/uned-pamplona-y-educacion-firman-un-convenio-para-la-formacion-en-inteligencia-emocional-del-profesorado-y-alumnado\/","og_locale":"eu_ES","og_type":"article","og_title":"UNED Pamplona y Educaci\u00f3n firman un convenio para la formaci\u00f3n en inteligencia emocional del profesorado y alumnado - UNED Pamplona","og_description":"El Consejero de Educaci\u00f3n del Gobierno de Navarra, Carlos Gimeno, y Teresa Im\u00edzcoz, Directora de UNED Pamplona y Directora de la C\u00e1tedra de Inteligencia Emocional UNED Pamplona &#8211; Fundaci\u00f3n Caja Navarra, han firmado esta ma\u00f1ana un convenio de colaboraci\u00f3n para fomentar la educaci\u00f3n emocional en el profesorado y alumnado de Navarra. En el acto, han [&hellip;]","og_url":"https:\/\/unedpamplona.es\/eu\/uned-pamplona-y-educacion-firman-un-convenio-para-la-formacion-en-inteligencia-emocional-del-profesorado-y-alumnado\/","og_site_name":"UNED Pamplona","article_published_time":"2024-10-01T11:26:55+00:00","article_modified_time":"2024-10-04T10:56:42+00:00","og_image":[{"width":2560,"height":1777,"url":"https:\/\/unedpamplona.es\/wp-content\/uploads\/2024\/10\/Firma4-scaled.jpg","type":"image\/jpeg"}],"author":"uned","twitter_card":"summary_large_image","twitter_creator":"@unedpamplona","twitter_site":"@unedpamplona","twitter_misc":{"Written by":"uned","Est. reading time":"6 minutes"},"schema":{"@context":"https:\/\/schema.org","@graph":[{"@type":"Article","@id":"https:\/\/unedpamplona.es\/eu\/uned-pamplona-y-educacion-firman-un-convenio-para-la-formacion-en-inteligencia-emocional-del-profesorado-y-alumnado\/#article","isPartOf":{"@id":"https:\/\/unedpamplona.es\/eu\/uned-pamplona-y-educacion-firman-un-convenio-para-la-formacion-en-inteligencia-emocional-del-profesorado-y-alumnado\/"},"author":{"name":"uned","@id":"https:\/\/unedpamplona.es\/eu\/#\/schema\/person\/62a05b70c6808d41d8de2111f2b5f568"},"headline":"UNED Pamplona y Educaci\u00f3n firman un convenio para la formaci\u00f3n en inteligencia emocional del profesorado y alumnado","datePublished":"2024-10-01T11:26:55+00:00","dateModified":"2024-10-04T10:56:42+00:00","mainEntityOfPage":{"@id":"https:\/\/unedpamplona.es\/eu\/uned-pamplona-y-educacion-firman-un-convenio-para-la-formacion-en-inteligencia-emocional-del-profesorado-y-alumnado\/"},"wordCount":1376,"publisher":{"@id":"https:\/\/unedpamplona.es\/eu\/#organization"},"image":{"@id":"https:\/\/unedpamplona.es\/eu\/uned-pamplona-y-educacion-firman-un-convenio-para-la-formacion-en-inteligencia-emocional-del-profesorado-y-alumnado\/#primaryimage"},"thumbnailUrl":"https:\/\/unedpamplona.es\/wp-content\/uploads\/2024\/10\/Firma4-scaled.jpg","articleSection":["Sin categorizar"],"inLanguage":"eu-ES"},{"@type":"WebPage","@id":"https:\/\/unedpamplona.es\/eu\/uned-pamplona-y-educacion-firman-un-convenio-para-la-formacion-en-inteligencia-emocional-del-profesorado-y-alumnado\/","url":"https:\/\/unedpamplona.es\/eu\/uned-pamplona-y-educacion-firman-un-convenio-para-la-formacion-en-inteligencia-emocional-del-profesorado-y-alumnado\/","name":"UNED Pamplona y Educaci\u00f3n firman un convenio para la formaci\u00f3n en inteligencia emocional del profesorado y alumnado - UNED Pamplona","isPartOf":{"@id":"https:\/\/unedpamplona.es\/eu\/#website"},"primaryImageOfPage":{"@id":"https:\/\/unedpamplona.es\/eu\/uned-pamplona-y-educacion-firman-un-convenio-para-la-formacion-en-inteligencia-emocional-del-profesorado-y-alumnado\/#primaryimage"},"image":{"@id":"https:\/\/unedpamplona.es\/eu\/uned-pamplona-y-educacion-firman-un-convenio-para-la-formacion-en-inteligencia-emocional-del-profesorado-y-alumnado\/#primaryimage"},"thumbnailUrl":"https:\/\/unedpamplona.es\/wp-content\/uploads\/2024\/10\/Firma4-scaled.jpg","datePublished":"2024-10-01T11:26:55+00:00","dateModified":"2024-10-04T10:56:42+00:00","inLanguage":"eu-ES","potentialAction":[{"@type":"ReadAction","target":["https:\/\/unedpamplona.es\/eu\/uned-pamplona-y-educacion-firman-un-convenio-para-la-formacion-en-inteligencia-emocional-del-profesorado-y-alumnado\/"]}]},{"@type":"ImageObject","inLanguage":"eu-ES","@id":"https:\/\/unedpamplona.es\/eu\/uned-pamplona-y-educacion-firman-un-convenio-para-la-formacion-en-inteligencia-emocional-del-profesorado-y-alumnado\/#primaryimage","url":"https:\/\/unedpamplona.es\/wp-content\/uploads\/2024\/10\/Firma4-scaled.jpg","contentUrl":"https:\/\/unedpamplona.es\/wp-content\/uploads\/2024\/10\/Firma4-scaled.jpg","width":2560,"height":1777},{"@type":"WebSite","@id":"https:\/\/unedpamplona.es\/eu\/#website","url":"https:\/\/unedpamplona.es\/eu\/","name":"UNED Pamplona","description":"","publisher":{"@id":"https:\/\/unedpamplona.es\/eu\/#organization"},"potentialAction":[{"@type":"SearchAction","target":{"@type":"EntryPoint","urlTemplate":"https:\/\/unedpamplona.es\/eu\/?s={search_term_string}"},"query-input":"required name=search_term_string"}],"inLanguage":"eu-ES"},{"@type":"Organization","@id":"https:\/\/unedpamplona.es\/eu\/#organization","name":"UNED Pamplona","url":"https:\/\/unedpamplona.es\/eu\/","logo":{"@type":"ImageObject","inLanguage":"eu-ES","@id":"https:\/\/unedpamplona.es\/eu\/#\/schema\/logo\/image\/","url":"https:\/\/unedpamplona.es\/wp-content\/uploads\/2024\/02\/uned_pamplona_logo.png","contentUrl":"https:\/\/unedpamplona.es\/wp-content\/uploads\/2024\/02\/uned_pamplona_logo.png","width":218,"height":104,"caption":"UNED Pamplona"},"image":{"@id":"https:\/\/unedpamplona.es\/eu\/#\/schema\/logo\/image\/"},"sameAs":["https:\/\/x.com\/unedpamplona","https:\/\/www.youtube.com\/channel\/UCR2jc6TbCMAPnbcA17Z0wwg","https:\/\/www.instagram.com\/unedpamplona\/"]},{"@type":"Person","@id":"https:\/\/unedpamplona.es\/eu\/#\/schema\/person\/62a05b70c6808d41d8de2111f2b5f568","name":"uned","image":{"@type":"ImageObject","inLanguage":"eu-ES","@id":"https:\/\/unedpamplona.es\/eu\/#\/schema\/person\/image\/","url":"https:\/\/secure.gravatar.com\/avatar\/344a1f8262dc552fd951ddf77b72239b?s=96&d=mm&r=g","contentUrl":"https:\/\/secure.gravatar.com\/avatar\/344a1f8262dc552fd951ddf77b72239b?s=96&d=mm&r=g","caption":"uned"},"url":"https:\/\/unedpamplona.es\/eu\/author\/uned\/"}]}},"_links":{"self":[{"href":"https:\/\/unedpamplona.es\/eu\/wp-json\/wp\/v2\/posts\/4843"}],"collection":[{"href":"https:\/\/unedpamplona.es\/eu\/wp-json\/wp\/v2\/posts"}],"about":[{"href":"https:\/\/unedpamplona.es\/eu\/wp-json\/wp\/v2\/types\/post"}],"author":[{"embeddable":true,"href":"https:\/\/unedpamplona.es\/eu\/wp-json\/wp\/v2\/users\/2"}],"replies":[{"embeddable":true,"href":"https:\/\/unedpamplona.es\/eu\/wp-json\/wp\/v2\/comments?post=4843"}],"version-history":[{"count":9,"href":"https:\/\/unedpamplona.es\/eu\/wp-json\/wp\/v2\/posts\/4843\/revisions"}],"predecessor-version":[{"id":4963,"href":"https:\/\/unedpamplona.es\/eu\/wp-json\/wp\/v2\/posts\/4843\/revisions\/4963"}],"wp:featuredmedia":[{"embeddable":true,"href":"https:\/\/unedpamplona.es\/eu\/wp-json\/wp\/v2\/media\/4966"}],"wp:attachment":[{"href":"https:\/\/unedpamplona.es\/eu\/wp-json\/wp\/v2\/media?parent=4843"}],"wp:term":[{"taxonomy":"category","embeddable":true,"href":"https:\/\/unedpamplona.es\/eu\/wp-json\/wp\/v2\/categories?post=4843"},{"taxonomy":"post_tag","embeddable":true,"href":"https:\/\/unedpamplona.es\/eu\/wp-json\/wp\/v2\/tags?post=4843"}],"curies":[{"name":"wp","href":"https:\/\/api.w.org\/{rel}","templated":true}]}}