{"id":4908,"date":"2024-10-09T08:05:15","date_gmt":"2024-10-09T06:05:15","guid":{"rendered":"https:\/\/unedpamplona.es\/?p=4908"},"modified":"2024-10-11T11:59:44","modified_gmt":"2024-10-11T09:59:44","slug":"curso-sobre-salud-emocional-en-adolescentes-y-jovenes","status":"publish","type":"post","link":"https:\/\/unedpamplona.es\/eu\/curso-sobre-salud-emocional-en-adolescentes-y-jovenes\/","title":{"rendered":"La salud emocional en adolescentes y j\u00f3venes, en un curso de la C\u00e1tedra de Inteligencia Emocional"},"content":{"rendered":"<p>Los pr\u00f3ximos <strong>10 y 11 de octubre<\/strong> se celebrar\u00e1 en UNED Pamplona el curso <strong>Salud emocional en adolescentes y j\u00f3venes<\/strong>, dentro de las acciones formativas organizadas desde la C\u00e1tedra de Inteligencia Emocional de UNED Pamplona y Fundaci\u00f3n Caja Navarra.<\/p>\n<p>El objetivo de este curso es analizar las emociones b\u00e1sicas y la gesti\u00f3n, m\u00e1s o menos saludable, de las mismas. A su vez, se expondr\u00e1n las relaciones interpersonales y las habilidades comunicativas como fen\u00f3menos \u00edntimamente relacionados con las emociones. Se ofrecer\u00e1n estrategias de gesti\u00f3n emocional y habilidades comunicativas orientadas a la salud de los individuos y los grupos.<\/p>\n<p>El curso est\u00e1 dirigido e impartido por D. Miguel \u00c1ngel Santed Germ\u00e1n, Catedr\u00e1tico de Psicolog\u00eda de la UNED.<\/p>\n<p><strong>Programa:<\/strong><\/p>\n<p><strong><span class=\"fechas_programa\">Jueves, 10 de octubre.\u00a0<\/span><\/strong><span class=\"h\">16:00-21:00 h.<\/span><\/p>\n<ul>\n<li><span class=\"t color_b3\">Autoconciencia y expresi\u00f3n emocional saludables.<\/span><\/li>\n<li><span class=\"t color_b3\">La naturaleza de las emociones b\u00e1sicas.<\/span><\/li>\n<\/ul>\n<p>&nbsp;<\/p>\n<p><strong><span class=\"fechas_programa\">Viernes, 11 de octubre. <\/span><\/strong><span class=\"h\">16:00-21:00 h.<\/span><\/p>\n<ul>\n<li>Gesti\u00f3n no saludable de las emociones y repercusiones en la salud f\u00edsica y psicol\u00f3gica.<\/li>\n<li><span class=\"t color_b3\">Los roles (positivos y negativos) en las interacciones interpersonales y su relaci\u00f3n con la gesti\u00f3n emocional.<\/span><\/li>\n<li><span class=\"t color_b3\">Habilidades comunicativas (asertividad) y gesti\u00f3n emocional.<\/span><\/li>\n<\/ul>\n<p>&nbsp;<\/p>\n<p><strong><a class=\"matricula\" href=\"https:\/\/extension.uned.es\/inscripcion\/idactividad\/37637\">Matr\u00edcula online:\u00a0<\/a><a href=\"https:\/\/extension.uned.es\/actividad\/37637&amp;codigo=SEEAY\">SALUD EMOCIONAL EN ADOLESCENTES Y J\u00d3VENES | Extensi\u00f3n Universitaria en Pamplona | UNED<\/a><\/strong><\/p>\n<p>&nbsp;<\/p>\n<p>Adem\u00e1s de este curso, tambi\u00e9n se han organizado las siguientes acciones formativas de la C\u00e1tedra:<\/p>\n<p><strong>Mindfulness en la escuela con el programa mindkinder<\/strong><\/p>\n<p>UNED Pamplona: 14, 15, 21 y 22 de octubre. De 16 a 21 horas.<\/p>\n<p>Ponente: Dr. D. Alfonso Jos\u00e9 Moreno G\u00f3mez. Profesor Lengua y Literatura Director TFM\/TFG.<\/p>\n<p><a href=\"https:\/\/extension.uned.es\/actividad\/37603&amp;codigo=MELEC\"><strong>Matr\u00edcula:<\/strong>\u00a0MINDFULNESS EN LA ESCUELA CON EL PROGRAMA MINDKINDER | Extensi\u00f3n Universitaria en Pamplona | UNED<\/a><\/p>\n<p>&nbsp;<\/p>\n<p><strong>Recursos para el coordinador o la coordinadora de bienestar y protecci\u00f3n<\/strong><\/p>\n<p>UNED Pamplona: 8, 9, 22 y 23 de noviembre<\/p>\n<p>Ponente: Dra. D\u00f1a. Silvia Cristina Benito Moreno. Orientadora Educativa \/Profesora Asociada UNED.<\/p>\n<p><a href=\"https:\/\/extension.uned.es\/actividad\/37611&amp;codigo=RPECO\"><strong>Matr\u00edcula:<\/strong>\u00a0RECURSOS PARA EL COORDINADOR O LA COORDINADORA DE BIENESTAR Y PROTECCI\u00d3N | Extensi\u00f3n Universitaria en Pamplona | UNED<\/a><\/p>\n<p>&nbsp;<\/p>\n<p><strong>Liderazgo de base segura y gesti\u00f3n emocional en centro educativos<\/strong><\/p>\n<p>UNED Pamplona: 27 y 28 de noviembre. De 16 a 21 horas.<\/p>\n<p>Ponentes:<\/p>\n<p>Dr. D. Juan Antonio Moriano Le\u00f3n. Catedr\u00e1tico de la UNED. Psicolog\u00eda Social y de las Organizaciones.<\/p>\n<p>Dr. D. Juan Carlos P\u00e9rez Gonz\u00e1lez. Profesor Titular\u00a0 de Universidad \/ Doctor en Educaci\u00f3n.<\/p>\n<p><strong>Matr\u00edcula<\/strong>:\u00a0<a href=\"https:\/\/extension.uned.es\/actividad\/37609&amp;codigo=LDBSY\">LIDERAZGO DE BASE SEGURA Y GESTI\u00d3N EMOCIONAL EN CENTROS EDUCATIVOS | Extensi\u00f3n Universitaria en Pamplona | UNED<\/a><\/p>\n<p>&nbsp;<\/p>\n<p><strong>Ciclo de conferencias: El bullying: prevenci\u00f3n y actuaci\u00f3n en acoso y ciberacoso<\/strong><\/p>\n<p>UNED Pamplona: 5, 12, 19 y 26 de noviembre<\/p>\n<p>Ponentes:<\/p>\n<dl>\n<dt>Dr. D. Rafel Bisquerra Alzina. Presidente de la RIEEB. Catedr\u00e1tico em\u00e9rito.<\/dt>\n<dt><\/dt>\n<dt>Dra. D\u00f1a. Rosario Del Rey Alamillo. Catedr\u00e1tica de Universidad.<\/dt>\n<dt><\/dt>\n<dt>Dra. D\u00f1a. Maite Garaigordobil Landazabal. Doctora en Psicolog\u00eda. Especialista en Psicolog\u00eda Cl\u00ednica.<\/dt>\n<dt><\/dt>\n<dt>Dr. D. Andr\u00e9s Gonz\u00e1lez Bellido. Coordinador General del Programa TEI. Catedr\u00e1tico de Orientaci\u00f3n Educativa.<\/dt>\n<dt><\/dt>\n<dt><strong>Matr\u00edcula<\/strong>:\u00a0<a href=\"https:\/\/extension.uned.es\/actividad\/37617&amp;codigo=EBPYA\">EL BULLYING: PREVENCI\u00d3N Y ACTUACI\u00d3N EN ACOSO Y CIBERACASO | Extensi\u00f3n Universitaria en Pamplona | UNED<\/a><\/dt>\n<\/dl>\n","protected":false},"excerpt":{"rendered":"<p>Los pr\u00f3ximos 10 y 11 de octubre se celebrar\u00e1 en UNED Pamplona el curso Salud emocional en adolescentes y j\u00f3venes, dentro de las acciones formativas organizadas desde la C\u00e1tedra de Inteligencia Emocional de UNED Pamplona y Fundaci\u00f3n Caja Navarra. El objetivo de este curso es analizar las emociones b\u00e1sicas y la gesti\u00f3n, m\u00e1s o menos [&hellip;]<\/p>\n","protected":false},"author":2,"featured_media":4909,"comment_status":"closed","ping_status":"closed","sticky":false,"template":"","format":"standard","meta":{"footnotes":""},"categories":[1],"tags":[],"yoast_head":"<!-- This site is optimized with the Yoast SEO plugin v22.5 - https:\/\/yoast.com\/wordpress\/plugins\/seo\/ -->\n<title>La salud emocional en adolescentes y j\u00f3venes, en un curso de la C\u00e1tedra de Inteligencia Emocional - UNED Pamplona<\/title>\n<meta name=\"robots\" content=\"index, follow, max-snippet:-1, max-image-preview:large, max-video-preview:-1\" \/>\n<link rel=\"canonical\" href=\"https:\/\/unedpamplona.es\/eu\/curso-sobre-salud-emocional-en-adolescentes-y-jovenes\/\" \/>\n<meta property=\"og:locale\" content=\"eu_ES\" \/>\n<meta property=\"og:type\" content=\"article\" \/>\n<meta property=\"og:title\" content=\"La salud emocional en adolescentes y j\u00f3venes, en un curso de la C\u00e1tedra de Inteligencia Emocional - UNED Pamplona\" \/>\n<meta property=\"og:description\" content=\"Los pr\u00f3ximos 10 y 11 de octubre se celebrar\u00e1 en UNED Pamplona el curso Salud emocional en adolescentes y j\u00f3venes, dentro de las acciones formativas organizadas desde la C\u00e1tedra de Inteligencia Emocional de UNED Pamplona y Fundaci\u00f3n Caja Navarra. El objetivo de este curso es analizar las emociones b\u00e1sicas y la gesti\u00f3n, m\u00e1s o menos [&hellip;]\" \/>\n<meta property=\"og:url\" content=\"https:\/\/unedpamplona.es\/eu\/curso-sobre-salud-emocional-en-adolescentes-y-jovenes\/\" \/>\n<meta property=\"og:site_name\" content=\"UNED Pamplona\" \/>\n<meta property=\"article:published_time\" content=\"2024-10-09T06:05:15+00:00\" \/>\n<meta property=\"article:modified_time\" content=\"2024-10-11T09:59:44+00:00\" \/>\n<meta property=\"og:image\" content=\"https:\/\/unedpamplona.es\/wp-content\/uploads\/2024\/10\/Captura-de-pantalla_3-10-2024_115624_extension.uned_.es_.jpeg\" \/>\n\t<meta property=\"og:image:width\" content=\"1060\" \/>\n\t<meta property=\"og:image:height\" content=\"478\" \/>\n\t<meta property=\"og:image:type\" content=\"image\/jpeg\" \/>\n<meta name=\"author\" content=\"uned\" \/>\n<meta name=\"twitter:card\" content=\"summary_large_image\" \/>\n<meta name=\"twitter:creator\" content=\"@unedpamplona\" \/>\n<meta name=\"twitter:site\" content=\"@unedpamplona\" \/>\n<meta name=\"twitter:label1\" content=\"Written by\" \/>\n\t<meta name=\"twitter:data1\" content=\"uned\" \/>\n\t<meta name=\"twitter:label2\" content=\"Est. reading time\" \/>\n\t<meta name=\"twitter:data2\" content=\"3 minutes\" \/>\n<script type=\"application\/ld+json\" class=\"yoast-schema-graph\">{\"@context\":\"https:\/\/schema.org\",\"@graph\":[{\"@type\":\"Article\",\"@id\":\"https:\/\/unedpamplona.es\/eu\/curso-sobre-salud-emocional-en-adolescentes-y-jovenes\/#article\",\"isPartOf\":{\"@id\":\"https:\/\/unedpamplona.es\/eu\/curso-sobre-salud-emocional-en-adolescentes-y-jovenes\/\"},\"author\":{\"name\":\"uned\",\"@id\":\"https:\/\/unedpamplona.es\/eu\/#\/schema\/person\/62a05b70c6808d41d8de2111f2b5f568\"},\"headline\":\"La salud emocional en adolescentes y j\u00f3venes, en un curso de la C\u00e1tedra de Inteligencia Emocional\",\"datePublished\":\"2024-10-09T06:05:15+00:00\",\"dateModified\":\"2024-10-11T09:59:44+00:00\",\"mainEntityOfPage\":{\"@id\":\"https:\/\/unedpamplona.es\/eu\/curso-sobre-salud-emocional-en-adolescentes-y-jovenes\/\"},\"wordCount\":519,\"publisher\":{\"@id\":\"https:\/\/unedpamplona.es\/eu\/#organization\"},\"image\":{\"@id\":\"https:\/\/unedpamplona.es\/eu\/curso-sobre-salud-emocional-en-adolescentes-y-jovenes\/#primaryimage\"},\"thumbnailUrl\":\"https:\/\/unedpamplona.es\/wp-content\/uploads\/2024\/10\/Captura-de-pantalla_3-10-2024_115624_extension.uned_.es_.jpeg\",\"articleSection\":[\"Sin categorizar\"],\"inLanguage\":\"eu-ES\"},{\"@type\":\"WebPage\",\"@id\":\"https:\/\/unedpamplona.es\/eu\/curso-sobre-salud-emocional-en-adolescentes-y-jovenes\/\",\"url\":\"https:\/\/unedpamplona.es\/eu\/curso-sobre-salud-emocional-en-adolescentes-y-jovenes\/\",\"name\":\"La salud emocional en adolescentes y j\u00f3venes, en un curso de la C\u00e1tedra de Inteligencia Emocional - UNED Pamplona\",\"isPartOf\":{\"@id\":\"https:\/\/unedpamplona.es\/eu\/#website\"},\"primaryImageOfPage\":{\"@id\":\"https:\/\/unedpamplona.es\/eu\/curso-sobre-salud-emocional-en-adolescentes-y-jovenes\/#primaryimage\"},\"image\":{\"@id\":\"https:\/\/unedpamplona.es\/eu\/curso-sobre-salud-emocional-en-adolescentes-y-jovenes\/#primaryimage\"},\"thumbnailUrl\":\"https:\/\/unedpamplona.es\/wp-content\/uploads\/2024\/10\/Captura-de-pantalla_3-10-2024_115624_extension.uned_.es_.jpeg\",\"datePublished\":\"2024-10-09T06:05:15+00:00\",\"dateModified\":\"2024-10-11T09:59:44+00:00\",\"inLanguage\":\"eu-ES\",\"potentialAction\":[{\"@type\":\"ReadAction\",\"target\":[\"https:\/\/unedpamplona.es\/eu\/curso-sobre-salud-emocional-en-adolescentes-y-jovenes\/\"]}]},{\"@type\":\"ImageObject\",\"inLanguage\":\"eu-ES\",\"@id\":\"https:\/\/unedpamplona.es\/eu\/curso-sobre-salud-emocional-en-adolescentes-y-jovenes\/#primaryimage\",\"url\":\"https:\/\/unedpamplona.es\/wp-content\/uploads\/2024\/10\/Captura-de-pantalla_3-10-2024_115624_extension.uned_.es_.jpeg\",\"contentUrl\":\"https:\/\/unedpamplona.es\/wp-content\/uploads\/2024\/10\/Captura-de-pantalla_3-10-2024_115624_extension.uned_.es_.jpeg\",\"width\":1060,\"height\":478},{\"@type\":\"WebSite\",\"@id\":\"https:\/\/unedpamplona.es\/eu\/#website\",\"url\":\"https:\/\/unedpamplona.es\/eu\/\",\"name\":\"UNED Pamplona\",\"description\":\"\",\"publisher\":{\"@id\":\"https:\/\/unedpamplona.es\/eu\/#organization\"},\"potentialAction\":[{\"@type\":\"SearchAction\",\"target\":{\"@type\":\"EntryPoint\",\"urlTemplate\":\"https:\/\/unedpamplona.es\/eu\/?s={search_term_string}\"},\"query-input\":\"required name=search_term_string\"}],\"inLanguage\":\"eu-ES\"},{\"@type\":\"Organization\",\"@id\":\"https:\/\/unedpamplona.es\/eu\/#organization\",\"name\":\"UNED Pamplona\",\"url\":\"https:\/\/unedpamplona.es\/eu\/\",\"logo\":{\"@type\":\"ImageObject\",\"inLanguage\":\"eu-ES\",\"@id\":\"https:\/\/unedpamplona.es\/eu\/#\/schema\/logo\/image\/\",\"url\":\"https:\/\/unedpamplona.es\/wp-content\/uploads\/2024\/02\/uned_pamplona_logo.png\",\"contentUrl\":\"https:\/\/unedpamplona.es\/wp-content\/uploads\/2024\/02\/uned_pamplona_logo.png\",\"width\":218,\"height\":104,\"caption\":\"UNED Pamplona\"},\"image\":{\"@id\":\"https:\/\/unedpamplona.es\/eu\/#\/schema\/logo\/image\/\"},\"sameAs\":[\"https:\/\/x.com\/unedpamplona\",\"https:\/\/www.youtube.com\/channel\/UCR2jc6TbCMAPnbcA17Z0wwg\",\"https:\/\/www.instagram.com\/unedpamplona\/\"]},{\"@type\":\"Person\",\"@id\":\"https:\/\/unedpamplona.es\/eu\/#\/schema\/person\/62a05b70c6808d41d8de2111f2b5f568\",\"name\":\"uned\",\"image\":{\"@type\":\"ImageObject\",\"inLanguage\":\"eu-ES\",\"@id\":\"https:\/\/unedpamplona.es\/eu\/#\/schema\/person\/image\/\",\"url\":\"https:\/\/secure.gravatar.com\/avatar\/344a1f8262dc552fd951ddf77b72239b?s=96&d=mm&r=g\",\"contentUrl\":\"https:\/\/secure.gravatar.com\/avatar\/344a1f8262dc552fd951ddf77b72239b?s=96&d=mm&r=g\",\"caption\":\"uned\"},\"url\":\"https:\/\/unedpamplona.es\/eu\/author\/uned\/\"}]}<\/script>\n<!-- \/ Yoast SEO plugin. -->","yoast_head_json":{"title":"La salud emocional en adolescentes y j\u00f3venes, en un curso de la C\u00e1tedra de Inteligencia Emocional - UNED Pamplona","robots":{"index":"index","follow":"follow","max-snippet":"max-snippet:-1","max-image-preview":"max-image-preview:large","max-video-preview":"max-video-preview:-1"},"canonical":"https:\/\/unedpamplona.es\/eu\/curso-sobre-salud-emocional-en-adolescentes-y-jovenes\/","og_locale":"eu_ES","og_type":"article","og_title":"La salud emocional en adolescentes y j\u00f3venes, en un curso de la C\u00e1tedra de Inteligencia Emocional - UNED Pamplona","og_description":"Los pr\u00f3ximos 10 y 11 de octubre se celebrar\u00e1 en UNED Pamplona el curso Salud emocional en adolescentes y j\u00f3venes, dentro de las acciones formativas organizadas desde la C\u00e1tedra de Inteligencia Emocional de UNED Pamplona y Fundaci\u00f3n Caja Navarra. El objetivo de este curso es analizar las emociones b\u00e1sicas y la gesti\u00f3n, m\u00e1s o menos [&hellip;]","og_url":"https:\/\/unedpamplona.es\/eu\/curso-sobre-salud-emocional-en-adolescentes-y-jovenes\/","og_site_name":"UNED Pamplona","article_published_time":"2024-10-09T06:05:15+00:00","article_modified_time":"2024-10-11T09:59:44+00:00","og_image":[{"width":1060,"height":478,"url":"https:\/\/unedpamplona.es\/wp-content\/uploads\/2024\/10\/Captura-de-pantalla_3-10-2024_115624_extension.uned_.es_.jpeg","type":"image\/jpeg"}],"author":"uned","twitter_card":"summary_large_image","twitter_creator":"@unedpamplona","twitter_site":"@unedpamplona","twitter_misc":{"Written by":"uned","Est. reading time":"3 minutes"},"schema":{"@context":"https:\/\/schema.org","@graph":[{"@type":"Article","@id":"https:\/\/unedpamplona.es\/eu\/curso-sobre-salud-emocional-en-adolescentes-y-jovenes\/#article","isPartOf":{"@id":"https:\/\/unedpamplona.es\/eu\/curso-sobre-salud-emocional-en-adolescentes-y-jovenes\/"},"author":{"name":"uned","@id":"https:\/\/unedpamplona.es\/eu\/#\/schema\/person\/62a05b70c6808d41d8de2111f2b5f568"},"headline":"La salud emocional en adolescentes y j\u00f3venes, en un curso de la C\u00e1tedra de Inteligencia Emocional","datePublished":"2024-10-09T06:05:15+00:00","dateModified":"2024-10-11T09:59:44+00:00","mainEntityOfPage":{"@id":"https:\/\/unedpamplona.es\/eu\/curso-sobre-salud-emocional-en-adolescentes-y-jovenes\/"},"wordCount":519,"publisher":{"@id":"https:\/\/unedpamplona.es\/eu\/#organization"},"image":{"@id":"https:\/\/unedpamplona.es\/eu\/curso-sobre-salud-emocional-en-adolescentes-y-jovenes\/#primaryimage"},"thumbnailUrl":"https:\/\/unedpamplona.es\/wp-content\/uploads\/2024\/10\/Captura-de-pantalla_3-10-2024_115624_extension.uned_.es_.jpeg","articleSection":["Sin categorizar"],"inLanguage":"eu-ES"},{"@type":"WebPage","@id":"https:\/\/unedpamplona.es\/eu\/curso-sobre-salud-emocional-en-adolescentes-y-jovenes\/","url":"https:\/\/unedpamplona.es\/eu\/curso-sobre-salud-emocional-en-adolescentes-y-jovenes\/","name":"La salud emocional en adolescentes y j\u00f3venes, en un curso de la C\u00e1tedra de Inteligencia Emocional - UNED Pamplona","isPartOf":{"@id":"https:\/\/unedpamplona.es\/eu\/#website"},"primaryImageOfPage":{"@id":"https:\/\/unedpamplona.es\/eu\/curso-sobre-salud-emocional-en-adolescentes-y-jovenes\/#primaryimage"},"image":{"@id":"https:\/\/unedpamplona.es\/eu\/curso-sobre-salud-emocional-en-adolescentes-y-jovenes\/#primaryimage"},"thumbnailUrl":"https:\/\/unedpamplona.es\/wp-content\/uploads\/2024\/10\/Captura-de-pantalla_3-10-2024_115624_extension.uned_.es_.jpeg","datePublished":"2024-10-09T06:05:15+00:00","dateModified":"2024-10-11T09:59:44+00:00","inLanguage":"eu-ES","potentialAction":[{"@type":"ReadAction","target":["https:\/\/unedpamplona.es\/eu\/curso-sobre-salud-emocional-en-adolescentes-y-jovenes\/"]}]},{"@type":"ImageObject","inLanguage":"eu-ES","@id":"https:\/\/unedpamplona.es\/eu\/curso-sobre-salud-emocional-en-adolescentes-y-jovenes\/#primaryimage","url":"https:\/\/unedpamplona.es\/wp-content\/uploads\/2024\/10\/Captura-de-pantalla_3-10-2024_115624_extension.uned_.es_.jpeg","contentUrl":"https:\/\/unedpamplona.es\/wp-content\/uploads\/2024\/10\/Captura-de-pantalla_3-10-2024_115624_extension.uned_.es_.jpeg","width":1060,"height":478},{"@type":"WebSite","@id":"https:\/\/unedpamplona.es\/eu\/#website","url":"https:\/\/unedpamplona.es\/eu\/","name":"UNED Pamplona","description":"","publisher":{"@id":"https:\/\/unedpamplona.es\/eu\/#organization"},"potentialAction":[{"@type":"SearchAction","target":{"@type":"EntryPoint","urlTemplate":"https:\/\/unedpamplona.es\/eu\/?s={search_term_string}"},"query-input":"required name=search_term_string"}],"inLanguage":"eu-ES"},{"@type":"Organization","@id":"https:\/\/unedpamplona.es\/eu\/#organization","name":"UNED Pamplona","url":"https:\/\/unedpamplona.es\/eu\/","logo":{"@type":"ImageObject","inLanguage":"eu-ES","@id":"https:\/\/unedpamplona.es\/eu\/#\/schema\/logo\/image\/","url":"https:\/\/unedpamplona.es\/wp-content\/uploads\/2024\/02\/uned_pamplona_logo.png","contentUrl":"https:\/\/unedpamplona.es\/wp-content\/uploads\/2024\/02\/uned_pamplona_logo.png","width":218,"height":104,"caption":"UNED Pamplona"},"image":{"@id":"https:\/\/unedpamplona.es\/eu\/#\/schema\/logo\/image\/"},"sameAs":["https:\/\/x.com\/unedpamplona","https:\/\/www.youtube.com\/channel\/UCR2jc6TbCMAPnbcA17Z0wwg","https:\/\/www.instagram.com\/unedpamplona\/"]},{"@type":"Person","@id":"https:\/\/unedpamplona.es\/eu\/#\/schema\/person\/62a05b70c6808d41d8de2111f2b5f568","name":"uned","image":{"@type":"ImageObject","inLanguage":"eu-ES","@id":"https:\/\/unedpamplona.es\/eu\/#\/schema\/person\/image\/","url":"https:\/\/secure.gravatar.com\/avatar\/344a1f8262dc552fd951ddf77b72239b?s=96&d=mm&r=g","contentUrl":"https:\/\/secure.gravatar.com\/avatar\/344a1f8262dc552fd951ddf77b72239b?s=96&d=mm&r=g","caption":"uned"},"url":"https:\/\/unedpamplona.es\/eu\/author\/uned\/"}]}},"_links":{"self":[{"href":"https:\/\/unedpamplona.es\/eu\/wp-json\/wp\/v2\/posts\/4908"}],"collection":[{"href":"https:\/\/unedpamplona.es\/eu\/wp-json\/wp\/v2\/posts"}],"about":[{"href":"https:\/\/unedpamplona.es\/eu\/wp-json\/wp\/v2\/types\/post"}],"author":[{"embeddable":true,"href":"https:\/\/unedpamplona.es\/eu\/wp-json\/wp\/v2\/users\/2"}],"replies":[{"embeddable":true,"href":"https:\/\/unedpamplona.es\/eu\/wp-json\/wp\/v2\/comments?post=4908"}],"version-history":[{"count":6,"href":"https:\/\/unedpamplona.es\/eu\/wp-json\/wp\/v2\/posts\/4908\/revisions"}],"predecessor-version":[{"id":4981,"href":"https:\/\/unedpamplona.es\/eu\/wp-json\/wp\/v2\/posts\/4908\/revisions\/4981"}],"wp:featuredmedia":[{"embeddable":true,"href":"https:\/\/unedpamplona.es\/eu\/wp-json\/wp\/v2\/media\/4909"}],"wp:attachment":[{"href":"https:\/\/unedpamplona.es\/eu\/wp-json\/wp\/v2\/media?parent=4908"}],"wp:term":[{"taxonomy":"category","embeddable":true,"href":"https:\/\/unedpamplona.es\/eu\/wp-json\/wp\/v2\/categories?post=4908"},{"taxonomy":"post_tag","embeddable":true,"href":"https:\/\/unedpamplona.es\/eu\/wp-json\/wp\/v2\/tags?post=4908"}],"curies":[{"name":"wp","href":"https:\/\/api.w.org\/{rel}","templated":true}]}}