{"id":5096,"date":"2024-11-02T12:25:50","date_gmt":"2024-11-02T11:25:50","guid":{"rendered":"https:\/\/unedpamplona.es\/?p=5096"},"modified":"2024-11-05T14:19:46","modified_gmt":"2024-11-05T13:19:46","slug":"ciclo-de-conferencias-el-bullying-prevencion-y-actuacion-en-acoso-y-ciberacoso","status":"publish","type":"post","link":"https:\/\/unedpamplona.es\/eu\/ciclo-de-conferencias-el-bullying-prevencion-y-actuacion-en-acoso-y-ciberacoso\/","title":{"rendered":"Ciclo de conferencias: El bullying: prevenci\u00f3n y actuaci\u00f3n en acoso y ciberacoso. Matr\u00edcula gratuita"},"content":{"rendered":"<p>UNED Pamplona ha organizado el ciclo de conferencias<strong> &#8220;El bullying: prevenci\u00f3n y actuaci\u00f3n en acoso y ciberacoso dentro de las acciones formativas&#8221;<\/strong> de la C\u00e1tedra de Inteligencia Emocional UNED Pamplona &#8211; Fundaci\u00f3n Caja Navarra. Se celebrar\u00e1n en UNED Pamplona los pr\u00f3ximos\u00a0 <strong>5, 12, 19 y 26 de noviembre<\/strong> y la<strong> matr\u00edcula es gratuita.<\/strong><\/p>\n<dl>\n<dt>Este ciclo de conferencias pretende en primer lugar, contextualizar el fen\u00f3meno, clarificando qu\u00e9 es el acoso y ciberacoso, el porcentaje de estudiantes que sufre estas conductas y las graves consecuencias que tiene para el desarrollo y la salud mental de las v\u00edctimas y los agresores. En segundo lugar, se identificar\u00e1n algunas estrategias para detectar y evaluar el acoso-ciberacoso desde la escuela y la familia.<\/dt>\n<\/dl>\n<p>Finalmente, en mayor profundidad se plantear\u00e1n algunas directrices para prevenir e intervenir el acoso-ciberacoso. Aunque la prevenci\u00f3n e intervenci\u00f3n debe ser multidireccional (sociedad, escuela, familia y cl\u00ednica), en esta conferencia se analizar\u00e1 especialmente la prevenci\u00f3n e intervenci\u00f3n desde el contexto escolar y familiar, es decir, qu\u00e9 se puede hacer para prevenir que estas conductas violentas sucedan y tambi\u00e9n para eliminarlas cuando aparecen, desde la escuela y la familia.<\/p>\n<p>En contextos educativos se mencionar\u00e1n programas de prevenci\u00f3n a trav\u00e9s de la intervenci\u00f3n socioemocional, del desarrollo de competencias sociales y emocionales, y programas antibullying propiamente dichos, y tambi\u00e9n cuando la situaci\u00f3n de acoso-ciberacoso se ha producido la necesidad de activar el protocolo antibullying que existe en todas las comunidades. Adem\u00e1s, dentro de la intervenci\u00f3n psicoeducativa se describir\u00e1 en mayor profundidad un programa intervenci\u00f3n para prevenir el acoso-ciberacoso (Cyberprogram 2.0) que se complementa con un videojuego online (Cybereduca cooperativo 2.0) que tambi\u00e9n puede jugarse en familia.<\/p>\n<p>Dentro de la prevenci\u00f3n desde el contexto familiar se comentar\u00e1n algunas pautas de educaci\u00f3n parental que inhiben la conducta violenta, as\u00ed como conductas positivas cuando los padres y madres descubren que su hijo-hija es una v\u00edctima o un acosador.<\/p>\n<p>&nbsp;<\/p>\n<div class=\"cajasActividad\">\n<div class=\"cuadro bcolor_c1\"><strong>Matr\u00edcula<\/strong>:\u00a0<strong><a href=\"https:\/\/extension.uned.es\/actividad\/37617&amp;codigo=EBPYA\">EL BULLYING: PREVENCI\u00d3N Y ACTUACI\u00d3N EN ACOSO Y CIBERACASO | Extensi\u00f3n Universitaria en Pamplona | UNED<\/a><\/strong><\/div>\n<\/div>\n<div><\/div>\n<div><\/div>\n<div><strong>Programa<\/strong><\/div>\n<dl id=\"\">\n<dd>\n<ul id=\"programa\">\n<li><span class=\"fechas_programa\">Martes, 5 de noviembre<\/span>\n<ul>\n<li><span class=\"h\">19:00-20:00 h.<\/span>\u00a0<span class=\"t color_b3\">Acoso y Ciberacoso: Prevenci\u00f3n y Actuaci\u00f3n.<\/span>\n<ul class=\"listaPonente\">\n<li class=\"datosPonentes\"><span class=\"ponente\">Maite Garaigordobil Landazabal<\/span>\u00a0<span class=\"cargo\"><span class=\"cargo_ponente\">Doctora en Psicolog\u00eda. Especialista en Psicolog\u00eda Cl\u00ednica<\/span><\/span><\/li>\n<\/ul>\n<\/li>\n<\/ul>\n<\/li>\n<li><span class=\"fechas_programa\">Martes, 12 de noviembre<\/span>\n<ul>\n<li><span class=\"h\">19:00-20:00 h.<\/span>\u00a0<span class=\"t color_b3\">Retos de la Convivencia Escolar<\/span>\n<ul class=\"listaPonente\">\n<li class=\"datosPonentes\"><span class=\"ponente\">Rosario Del Rey Alamillo<\/span>\u00a0<span class=\"cargo\"><span class=\"cargo_ponente\">Catedr\u00e1tica de Universidad<\/span><\/span><\/li>\n<\/ul>\n<\/li>\n<\/ul>\n<\/li>\n<li><span class=\"fechas_programa\">Martes, 19 de noviembre<\/span>\n<ul>\n<li><span class=\"h\">19:00-20:00 h.<\/span>\u00a0<span class=\"t color_b3\">La Educaci\u00f3n Emocional como estrategia para la prevenci\u00f3n del acoso y el ciberacoso.<\/span>\n<ul class=\"listaPonente\">\n<li class=\"datosPonentes\"><span class=\"ponente\">Rafael Bisquerra Alzina<\/span>\u00a0<span class=\"cargo\"><span class=\"cargo_ponente\">Presidente de la RIEEB. Catedr\u00e1tico em\u00e9rito<\/span><\/span><\/li>\n<\/ul>\n<\/li>\n<\/ul>\n<\/li>\n<li><span class=\"fechas_programa\">martes, 26 de noviembre<\/span>\n<ul>\n<li><span class=\"h\">19:00-20:30 h.<\/span>\u00a0<span class=\"t color_b3\">Programa TEI, Prevenci\u00f3n Comunitaria: &#8220;El alumnado como protagonista en la prevenci\u00f3n de la violencia y el acoso escolar&#8221;<\/span>\n<ul class=\"listaPonente\">\n<li class=\"datosPonentes\"><span class=\"ponente\">Andr\u00e9s Gonz\u00e1lez Bellido<\/span>\u00a0<span class=\"cargo\"><span class=\"cargo_ponente\">Coordinador General del Programa TEI. Catedr\u00e1tico de Orientaci\u00f3n Educativa<\/span><\/span><\/li>\n<\/ul>\n<\/li>\n<\/ul>\n<\/li>\n<\/ul>\n<\/dd>\n<\/dl>\n<p>&nbsp;<\/p>\n","protected":false},"excerpt":{"rendered":"<p>UNED Pamplona ha organizado el ciclo de conferencias &#8220;El bullying: prevenci\u00f3n y actuaci\u00f3n en acoso y ciberacoso dentro de las acciones formativas&#8221; de la C\u00e1tedra de Inteligencia Emocional UNED Pamplona &#8211; Fundaci\u00f3n Caja Navarra. Se celebrar\u00e1n en UNED Pamplona los pr\u00f3ximos\u00a0 5, 12, 19 y 26 de noviembre y la matr\u00edcula es gratuita. Este ciclo [&hellip;]<\/p>\n","protected":false},"author":2,"featured_media":5100,"comment_status":"closed","ping_status":"closed","sticky":false,"template":"","format":"standard","meta":{"footnotes":""},"categories":[1],"tags":[],"yoast_head":"<!-- This site is optimized with the Yoast SEO plugin v22.5 - https:\/\/yoast.com\/wordpress\/plugins\/seo\/ -->\n<title>Ciclo de conferencias: El bullying: prevenci\u00f3n y actuaci\u00f3n en acoso y ciberacoso. Matr\u00edcula gratuita - UNED Pamplona<\/title>\n<meta name=\"robots\" content=\"index, follow, max-snippet:-1, max-image-preview:large, max-video-preview:-1\" \/>\n<link rel=\"canonical\" href=\"https:\/\/unedpamplona.es\/eu\/ciclo-de-conferencias-el-bullying-prevencion-y-actuacion-en-acoso-y-ciberacoso\/\" \/>\n<meta property=\"og:locale\" content=\"eu_ES\" \/>\n<meta property=\"og:type\" content=\"article\" \/>\n<meta property=\"og:title\" content=\"Ciclo de conferencias: El bullying: prevenci\u00f3n y actuaci\u00f3n en acoso y ciberacoso. Matr\u00edcula gratuita - UNED Pamplona\" \/>\n<meta property=\"og:description\" content=\"UNED Pamplona ha organizado el ciclo de conferencias &#8220;El bullying: prevenci\u00f3n y actuaci\u00f3n en acoso y ciberacoso dentro de las acciones formativas&#8221; de la C\u00e1tedra de Inteligencia Emocional UNED Pamplona &#8211; Fundaci\u00f3n Caja Navarra. Se celebrar\u00e1n en UNED Pamplona los pr\u00f3ximos\u00a0 5, 12, 19 y 26 de noviembre y la matr\u00edcula es gratuita. Este ciclo [&hellip;]\" \/>\n<meta property=\"og:url\" content=\"https:\/\/unedpamplona.es\/eu\/ciclo-de-conferencias-el-bullying-prevencion-y-actuacion-en-acoso-y-ciberacoso\/\" \/>\n<meta property=\"og:site_name\" content=\"UNED Pamplona\" \/>\n<meta property=\"article:published_time\" content=\"2024-11-02T11:25:50+00:00\" \/>\n<meta property=\"article:modified_time\" content=\"2024-11-05T13:19:46+00:00\" \/>\n<meta property=\"og:image\" content=\"https:\/\/unedpamplona.es\/wp-content\/uploads\/2024\/10\/7.png\" \/>\n\t<meta property=\"og:image:width\" content=\"1389\" \/>\n\t<meta property=\"og:image:height\" content=\"847\" \/>\n\t<meta property=\"og:image:type\" content=\"image\/png\" \/>\n<meta name=\"author\" content=\"uned\" \/>\n<meta name=\"twitter:card\" content=\"summary_large_image\" \/>\n<meta name=\"twitter:creator\" content=\"@unedpamplona\" \/>\n<meta name=\"twitter:site\" content=\"@unedpamplona\" \/>\n<meta name=\"twitter:label1\" content=\"Written by\" \/>\n\t<meta name=\"twitter:data1\" content=\"uned\" \/>\n\t<meta name=\"twitter:label2\" content=\"Est. reading time\" \/>\n\t<meta name=\"twitter:data2\" content=\"3 minutes\" \/>\n<script type=\"application\/ld+json\" class=\"yoast-schema-graph\">{\"@context\":\"https:\/\/schema.org\",\"@graph\":[{\"@type\":\"Article\",\"@id\":\"https:\/\/unedpamplona.es\/eu\/ciclo-de-conferencias-el-bullying-prevencion-y-actuacion-en-acoso-y-ciberacoso\/#article\",\"isPartOf\":{\"@id\":\"https:\/\/unedpamplona.es\/eu\/ciclo-de-conferencias-el-bullying-prevencion-y-actuacion-en-acoso-y-ciberacoso\/\"},\"author\":{\"name\":\"uned\",\"@id\":\"https:\/\/unedpamplona.es\/eu\/#\/schema\/person\/62a05b70c6808d41d8de2111f2b5f568\"},\"headline\":\"Ciclo de conferencias: El bullying: prevenci\u00f3n y actuaci\u00f3n en acoso y ciberacoso. Matr\u00edcula gratuita\",\"datePublished\":\"2024-11-02T11:25:50+00:00\",\"dateModified\":\"2024-11-05T13:19:46+00:00\",\"mainEntityOfPage\":{\"@id\":\"https:\/\/unedpamplona.es\/eu\/ciclo-de-conferencias-el-bullying-prevencion-y-actuacion-en-acoso-y-ciberacoso\/\"},\"wordCount\":489,\"publisher\":{\"@id\":\"https:\/\/unedpamplona.es\/eu\/#organization\"},\"image\":{\"@id\":\"https:\/\/unedpamplona.es\/eu\/ciclo-de-conferencias-el-bullying-prevencion-y-actuacion-en-acoso-y-ciberacoso\/#primaryimage\"},\"thumbnailUrl\":\"https:\/\/unedpamplona.es\/wp-content\/uploads\/2024\/10\/7.png\",\"articleSection\":[\"Sin categorizar\"],\"inLanguage\":\"eu-ES\"},{\"@type\":\"WebPage\",\"@id\":\"https:\/\/unedpamplona.es\/eu\/ciclo-de-conferencias-el-bullying-prevencion-y-actuacion-en-acoso-y-ciberacoso\/\",\"url\":\"https:\/\/unedpamplona.es\/eu\/ciclo-de-conferencias-el-bullying-prevencion-y-actuacion-en-acoso-y-ciberacoso\/\",\"name\":\"Ciclo de conferencias: El bullying: prevenci\u00f3n y actuaci\u00f3n en acoso y ciberacoso. Matr\u00edcula gratuita - UNED Pamplona\",\"isPartOf\":{\"@id\":\"https:\/\/unedpamplona.es\/eu\/#website\"},\"primaryImageOfPage\":{\"@id\":\"https:\/\/unedpamplona.es\/eu\/ciclo-de-conferencias-el-bullying-prevencion-y-actuacion-en-acoso-y-ciberacoso\/#primaryimage\"},\"image\":{\"@id\":\"https:\/\/unedpamplona.es\/eu\/ciclo-de-conferencias-el-bullying-prevencion-y-actuacion-en-acoso-y-ciberacoso\/#primaryimage\"},\"thumbnailUrl\":\"https:\/\/unedpamplona.es\/wp-content\/uploads\/2024\/10\/7.png\",\"datePublished\":\"2024-11-02T11:25:50+00:00\",\"dateModified\":\"2024-11-05T13:19:46+00:00\",\"inLanguage\":\"eu-ES\",\"potentialAction\":[{\"@type\":\"ReadAction\",\"target\":[\"https:\/\/unedpamplona.es\/eu\/ciclo-de-conferencias-el-bullying-prevencion-y-actuacion-en-acoso-y-ciberacoso\/\"]}]},{\"@type\":\"ImageObject\",\"inLanguage\":\"eu-ES\",\"@id\":\"https:\/\/unedpamplona.es\/eu\/ciclo-de-conferencias-el-bullying-prevencion-y-actuacion-en-acoso-y-ciberacoso\/#primaryimage\",\"url\":\"https:\/\/unedpamplona.es\/wp-content\/uploads\/2024\/10\/7.png\",\"contentUrl\":\"https:\/\/unedpamplona.es\/wp-content\/uploads\/2024\/10\/7.png\",\"width\":1389,\"height\":847},{\"@type\":\"WebSite\",\"@id\":\"https:\/\/unedpamplona.es\/eu\/#website\",\"url\":\"https:\/\/unedpamplona.es\/eu\/\",\"name\":\"UNED Pamplona\",\"description\":\"\",\"publisher\":{\"@id\":\"https:\/\/unedpamplona.es\/eu\/#organization\"},\"potentialAction\":[{\"@type\":\"SearchAction\",\"target\":{\"@type\":\"EntryPoint\",\"urlTemplate\":\"https:\/\/unedpamplona.es\/eu\/?s={search_term_string}\"},\"query-input\":\"required name=search_term_string\"}],\"inLanguage\":\"eu-ES\"},{\"@type\":\"Organization\",\"@id\":\"https:\/\/unedpamplona.es\/eu\/#organization\",\"name\":\"UNED Pamplona\",\"url\":\"https:\/\/unedpamplona.es\/eu\/\",\"logo\":{\"@type\":\"ImageObject\",\"inLanguage\":\"eu-ES\",\"@id\":\"https:\/\/unedpamplona.es\/eu\/#\/schema\/logo\/image\/\",\"url\":\"https:\/\/unedpamplona.es\/wp-content\/uploads\/2024\/02\/uned_pamplona_logo.png\",\"contentUrl\":\"https:\/\/unedpamplona.es\/wp-content\/uploads\/2024\/02\/uned_pamplona_logo.png\",\"width\":218,\"height\":104,\"caption\":\"UNED Pamplona\"},\"image\":{\"@id\":\"https:\/\/unedpamplona.es\/eu\/#\/schema\/logo\/image\/\"},\"sameAs\":[\"https:\/\/x.com\/unedpamplona\",\"https:\/\/www.youtube.com\/channel\/UCR2jc6TbCMAPnbcA17Z0wwg\",\"https:\/\/www.instagram.com\/unedpamplona\/\"]},{\"@type\":\"Person\",\"@id\":\"https:\/\/unedpamplona.es\/eu\/#\/schema\/person\/62a05b70c6808d41d8de2111f2b5f568\",\"name\":\"uned\",\"image\":{\"@type\":\"ImageObject\",\"inLanguage\":\"eu-ES\",\"@id\":\"https:\/\/unedpamplona.es\/eu\/#\/schema\/person\/image\/\",\"url\":\"https:\/\/secure.gravatar.com\/avatar\/344a1f8262dc552fd951ddf77b72239b?s=96&d=mm&r=g\",\"contentUrl\":\"https:\/\/secure.gravatar.com\/avatar\/344a1f8262dc552fd951ddf77b72239b?s=96&d=mm&r=g\",\"caption\":\"uned\"},\"url\":\"https:\/\/unedpamplona.es\/eu\/author\/uned\/\"}]}<\/script>\n<!-- \/ Yoast SEO plugin. -->","yoast_head_json":{"title":"Ciclo de conferencias: El bullying: prevenci\u00f3n y actuaci\u00f3n en acoso y ciberacoso. Matr\u00edcula gratuita - UNED Pamplona","robots":{"index":"index","follow":"follow","max-snippet":"max-snippet:-1","max-image-preview":"max-image-preview:large","max-video-preview":"max-video-preview:-1"},"canonical":"https:\/\/unedpamplona.es\/eu\/ciclo-de-conferencias-el-bullying-prevencion-y-actuacion-en-acoso-y-ciberacoso\/","og_locale":"eu_ES","og_type":"article","og_title":"Ciclo de conferencias: El bullying: prevenci\u00f3n y actuaci\u00f3n en acoso y ciberacoso. Matr\u00edcula gratuita - UNED Pamplona","og_description":"UNED Pamplona ha organizado el ciclo de conferencias &#8220;El bullying: prevenci\u00f3n y actuaci\u00f3n en acoso y ciberacoso dentro de las acciones formativas&#8221; de la C\u00e1tedra de Inteligencia Emocional UNED Pamplona &#8211; Fundaci\u00f3n Caja Navarra. Se celebrar\u00e1n en UNED Pamplona los pr\u00f3ximos\u00a0 5, 12, 19 y 26 de noviembre y la matr\u00edcula es gratuita. Este ciclo [&hellip;]","og_url":"https:\/\/unedpamplona.es\/eu\/ciclo-de-conferencias-el-bullying-prevencion-y-actuacion-en-acoso-y-ciberacoso\/","og_site_name":"UNED Pamplona","article_published_time":"2024-11-02T11:25:50+00:00","article_modified_time":"2024-11-05T13:19:46+00:00","og_image":[{"width":1389,"height":847,"url":"https:\/\/unedpamplona.es\/wp-content\/uploads\/2024\/10\/7.png","type":"image\/png"}],"author":"uned","twitter_card":"summary_large_image","twitter_creator":"@unedpamplona","twitter_site":"@unedpamplona","twitter_misc":{"Written by":"uned","Est. reading time":"3 minutes"},"schema":{"@context":"https:\/\/schema.org","@graph":[{"@type":"Article","@id":"https:\/\/unedpamplona.es\/eu\/ciclo-de-conferencias-el-bullying-prevencion-y-actuacion-en-acoso-y-ciberacoso\/#article","isPartOf":{"@id":"https:\/\/unedpamplona.es\/eu\/ciclo-de-conferencias-el-bullying-prevencion-y-actuacion-en-acoso-y-ciberacoso\/"},"author":{"name":"uned","@id":"https:\/\/unedpamplona.es\/eu\/#\/schema\/person\/62a05b70c6808d41d8de2111f2b5f568"},"headline":"Ciclo de conferencias: El bullying: prevenci\u00f3n y actuaci\u00f3n en acoso y ciberacoso. Matr\u00edcula gratuita","datePublished":"2024-11-02T11:25:50+00:00","dateModified":"2024-11-05T13:19:46+00:00","mainEntityOfPage":{"@id":"https:\/\/unedpamplona.es\/eu\/ciclo-de-conferencias-el-bullying-prevencion-y-actuacion-en-acoso-y-ciberacoso\/"},"wordCount":489,"publisher":{"@id":"https:\/\/unedpamplona.es\/eu\/#organization"},"image":{"@id":"https:\/\/unedpamplona.es\/eu\/ciclo-de-conferencias-el-bullying-prevencion-y-actuacion-en-acoso-y-ciberacoso\/#primaryimage"},"thumbnailUrl":"https:\/\/unedpamplona.es\/wp-content\/uploads\/2024\/10\/7.png","articleSection":["Sin categorizar"],"inLanguage":"eu-ES"},{"@type":"WebPage","@id":"https:\/\/unedpamplona.es\/eu\/ciclo-de-conferencias-el-bullying-prevencion-y-actuacion-en-acoso-y-ciberacoso\/","url":"https:\/\/unedpamplona.es\/eu\/ciclo-de-conferencias-el-bullying-prevencion-y-actuacion-en-acoso-y-ciberacoso\/","name":"Ciclo de conferencias: El bullying: prevenci\u00f3n y actuaci\u00f3n en acoso y ciberacoso. Matr\u00edcula gratuita - UNED Pamplona","isPartOf":{"@id":"https:\/\/unedpamplona.es\/eu\/#website"},"primaryImageOfPage":{"@id":"https:\/\/unedpamplona.es\/eu\/ciclo-de-conferencias-el-bullying-prevencion-y-actuacion-en-acoso-y-ciberacoso\/#primaryimage"},"image":{"@id":"https:\/\/unedpamplona.es\/eu\/ciclo-de-conferencias-el-bullying-prevencion-y-actuacion-en-acoso-y-ciberacoso\/#primaryimage"},"thumbnailUrl":"https:\/\/unedpamplona.es\/wp-content\/uploads\/2024\/10\/7.png","datePublished":"2024-11-02T11:25:50+00:00","dateModified":"2024-11-05T13:19:46+00:00","inLanguage":"eu-ES","potentialAction":[{"@type":"ReadAction","target":["https:\/\/unedpamplona.es\/eu\/ciclo-de-conferencias-el-bullying-prevencion-y-actuacion-en-acoso-y-ciberacoso\/"]}]},{"@type":"ImageObject","inLanguage":"eu-ES","@id":"https:\/\/unedpamplona.es\/eu\/ciclo-de-conferencias-el-bullying-prevencion-y-actuacion-en-acoso-y-ciberacoso\/#primaryimage","url":"https:\/\/unedpamplona.es\/wp-content\/uploads\/2024\/10\/7.png","contentUrl":"https:\/\/unedpamplona.es\/wp-content\/uploads\/2024\/10\/7.png","width":1389,"height":847},{"@type":"WebSite","@id":"https:\/\/unedpamplona.es\/eu\/#website","url":"https:\/\/unedpamplona.es\/eu\/","name":"UNED Pamplona","description":"","publisher":{"@id":"https:\/\/unedpamplona.es\/eu\/#organization"},"potentialAction":[{"@type":"SearchAction","target":{"@type":"EntryPoint","urlTemplate":"https:\/\/unedpamplona.es\/eu\/?s={search_term_string}"},"query-input":"required name=search_term_string"}],"inLanguage":"eu-ES"},{"@type":"Organization","@id":"https:\/\/unedpamplona.es\/eu\/#organization","name":"UNED Pamplona","url":"https:\/\/unedpamplona.es\/eu\/","logo":{"@type":"ImageObject","inLanguage":"eu-ES","@id":"https:\/\/unedpamplona.es\/eu\/#\/schema\/logo\/image\/","url":"https:\/\/unedpamplona.es\/wp-content\/uploads\/2024\/02\/uned_pamplona_logo.png","contentUrl":"https:\/\/unedpamplona.es\/wp-content\/uploads\/2024\/02\/uned_pamplona_logo.png","width":218,"height":104,"caption":"UNED Pamplona"},"image":{"@id":"https:\/\/unedpamplona.es\/eu\/#\/schema\/logo\/image\/"},"sameAs":["https:\/\/x.com\/unedpamplona","https:\/\/www.youtube.com\/channel\/UCR2jc6TbCMAPnbcA17Z0wwg","https:\/\/www.instagram.com\/unedpamplona\/"]},{"@type":"Person","@id":"https:\/\/unedpamplona.es\/eu\/#\/schema\/person\/62a05b70c6808d41d8de2111f2b5f568","name":"uned","image":{"@type":"ImageObject","inLanguage":"eu-ES","@id":"https:\/\/unedpamplona.es\/eu\/#\/schema\/person\/image\/","url":"https:\/\/secure.gravatar.com\/avatar\/344a1f8262dc552fd951ddf77b72239b?s=96&d=mm&r=g","contentUrl":"https:\/\/secure.gravatar.com\/avatar\/344a1f8262dc552fd951ddf77b72239b?s=96&d=mm&r=g","caption":"uned"},"url":"https:\/\/unedpamplona.es\/eu\/author\/uned\/"}]}},"_links":{"self":[{"href":"https:\/\/unedpamplona.es\/eu\/wp-json\/wp\/v2\/posts\/5096"}],"collection":[{"href":"https:\/\/unedpamplona.es\/eu\/wp-json\/wp\/v2\/posts"}],"about":[{"href":"https:\/\/unedpamplona.es\/eu\/wp-json\/wp\/v2\/types\/post"}],"author":[{"embeddable":true,"href":"https:\/\/unedpamplona.es\/eu\/wp-json\/wp\/v2\/users\/2"}],"replies":[{"embeddable":true,"href":"https:\/\/unedpamplona.es\/eu\/wp-json\/wp\/v2\/comments?post=5096"}],"version-history":[{"count":10,"href":"https:\/\/unedpamplona.es\/eu\/wp-json\/wp\/v2\/posts\/5096\/revisions"}],"predecessor-version":[{"id":5108,"href":"https:\/\/unedpamplona.es\/eu\/wp-json\/wp\/v2\/posts\/5096\/revisions\/5108"}],"wp:featuredmedia":[{"embeddable":true,"href":"https:\/\/unedpamplona.es\/eu\/wp-json\/wp\/v2\/media\/5100"}],"wp:attachment":[{"href":"https:\/\/unedpamplona.es\/eu\/wp-json\/wp\/v2\/media?parent=5096"}],"wp:term":[{"taxonomy":"category","embeddable":true,"href":"https:\/\/unedpamplona.es\/eu\/wp-json\/wp\/v2\/categories?post=5096"},{"taxonomy":"post_tag","embeddable":true,"href":"https:\/\/unedpamplona.es\/eu\/wp-json\/wp\/v2\/tags?post=5096"}],"curies":[{"name":"wp","href":"https:\/\/api.w.org\/{rel}","templated":true}]}}