{"id":5115,"date":"2024-10-01T09:37:10","date_gmt":"2024-10-01T07:37:10","guid":{"rendered":"https:\/\/unedpamplona.es\/?p=5115"},"modified":"2024-10-17T10:23:37","modified_gmt":"2024-10-17T08:23:37","slug":"acto-de-apertura-uned-pamplona-del-curso-2024-2025","status":"publish","type":"post","link":"https:\/\/unedpamplona.es\/eu\/acto-de-apertura-uned-pamplona-del-curso-2024-2025\/","title":{"rendered":"Acto de Apertura UNED Pamplona. Curso 2024-2025\u00a0"},"content":{"rendered":"<p>El Centro de UNED Pamplona celebra el <strong>mi\u00e9rcoles 16 de octubre, a las 19:00 horas,<\/strong> en el Aula Fernando Remacha, el Acto de Apertura del Curso Acad\u00e9mico 2024-2025. Este evento marca el inicio de un nuevo curso lleno de oportunidades de aprendizaje y crecimiento.<\/p>\n<p>Durante el acto, se entregar\u00e1n los diplomas a los\/las estudiantes que se graduaron el pasado curso y se reconocer\u00e1 a los profesores-tutores que llevan 20 a\u00f1os de docencia en el Centro.<\/p>\n<p>El acto contar\u00e1 con la presencia de <strong>M\u00aa Elisa Chuli\u00e1 Rodrigo,<\/strong> vicerrectora de Personal Docente e Investigador de la UNED; <strong>Patricia Fanlo<\/strong>, consejera de Universidad, Innovaci\u00f3n y Transformaci\u00f3n Digital del Gobierno de Navarra;<strong> Teresa Im\u00edzcoz,<\/strong> directora de UNED Pamplona; Ram\u00f3n Gonzalo, rector de la UPNA; <strong>Mar\u00eda Iraburu<\/strong>, rectora de la Universidad de Navarra; y <strong>Jos\u00e9 Miguel Laco,<\/strong> secretario general de UNED Pamplona.<\/p>\n<p>La profesora-tutora de UNED Pamplona, Dra. <strong>Olatz Ormaetxea Ruiz<\/strong>, impartir\u00e1 la lecci\u00f3n inaugural del nuevo curso, titulada: \u201c<strong>Bienestar familiar y emocional en tiempos de hoy\u201d.<\/strong><\/p>\n<p>El acto contar\u00e1 con la actuaci\u00f3n musical del Orfe\u00f3n Pamplon\u00e9s.<\/p>\n<p><strong>ENLACE ACTO APERTURA <a href=\"https:\/\/www.youtube.com\/live\/x_JFwQlfr-k\">\ud83d\udd34 EN DIRECTO \/\/ ACTO DE APERTURA DEL CURSO ACAD\u00c9MICO 2024\/2025 UNED PAMPLONA (youtube.com)<\/a><\/strong><\/p>\n<p>&nbsp;<\/p>\n<p>&nbsp;<\/p>\n<p>&nbsp;<\/p>\n<p>&nbsp;<\/p>\n<p>&nbsp;<\/p>\n","protected":false},"excerpt":{"rendered":"<p>El Centro de UNED Pamplona celebra el mi\u00e9rcoles 16 de octubre, a las 19:00 horas, en el Aula Fernando Remacha, el Acto de Apertura del Curso Acad\u00e9mico 2024-2025. Este evento marca el inicio de un nuevo curso lleno de oportunidades de aprendizaje y crecimiento. Durante el acto, se entregar\u00e1n los diplomas a los\/las estudiantes que [&hellip;]<\/p>\n","protected":false},"author":2,"featured_media":4617,"comment_status":"closed","ping_status":"closed","sticky":false,"template":"","format":"standard","meta":{"footnotes":""},"categories":[1],"tags":[],"yoast_head":"<!-- This site is optimized with the Yoast SEO plugin v22.5 - https:\/\/yoast.com\/wordpress\/plugins\/seo\/ -->\n<title>Acto de Apertura UNED Pamplona. Curso 2024-2025\u00a0 - UNED Pamplona<\/title>\n<meta name=\"robots\" content=\"index, follow, max-snippet:-1, max-image-preview:large, max-video-preview:-1\" \/>\n<link rel=\"canonical\" href=\"https:\/\/unedpamplona.es\/eu\/acto-de-apertura-uned-pamplona-del-curso-2024-2025\/\" \/>\n<meta property=\"og:locale\" content=\"eu_ES\" \/>\n<meta property=\"og:type\" content=\"article\" \/>\n<meta property=\"og:title\" content=\"Acto de Apertura UNED Pamplona. Curso 2024-2025\u00a0 - UNED Pamplona\" \/>\n<meta property=\"og:description\" content=\"El Centro de UNED Pamplona celebra el mi\u00e9rcoles 16 de octubre, a las 19:00 horas, en el Aula Fernando Remacha, el Acto de Apertura del Curso Acad\u00e9mico 2024-2025. Este evento marca el inicio de un nuevo curso lleno de oportunidades de aprendizaje y crecimiento. Durante el acto, se entregar\u00e1n los diplomas a los\/las estudiantes que [&hellip;]\" \/>\n<meta property=\"og:url\" content=\"https:\/\/unedpamplona.es\/eu\/acto-de-apertura-uned-pamplona-del-curso-2024-2025\/\" \/>\n<meta property=\"og:site_name\" content=\"UNED Pamplona\" \/>\n<meta property=\"article:published_time\" content=\"2024-10-01T07:37:10+00:00\" \/>\n<meta property=\"article:modified_time\" content=\"2024-10-17T08:23:37+00:00\" \/>\n<meta property=\"og:image\" content=\"https:\/\/unedpamplona.es\/wp-content\/uploads\/2024\/09\/PublicoEspaldas-scaled.jpg\" \/>\n\t<meta property=\"og:image:width\" content=\"2560\" \/>\n\t<meta property=\"og:image:height\" content=\"1707\" \/>\n\t<meta property=\"og:image:type\" content=\"image\/jpeg\" \/>\n<meta name=\"author\" content=\"uned\" \/>\n<meta name=\"twitter:card\" content=\"summary_large_image\" \/>\n<meta name=\"twitter:creator\" content=\"@unedpamplona\" \/>\n<meta name=\"twitter:site\" content=\"@unedpamplona\" \/>\n<meta name=\"twitter:label1\" content=\"Written by\" \/>\n\t<meta name=\"twitter:data1\" content=\"uned\" \/>\n\t<meta name=\"twitter:label2\" content=\"Est. reading time\" \/>\n\t<meta name=\"twitter:data2\" content=\"2 minutes\" \/>\n<script type=\"application\/ld+json\" class=\"yoast-schema-graph\">{\"@context\":\"https:\/\/schema.org\",\"@graph\":[{\"@type\":\"Article\",\"@id\":\"https:\/\/unedpamplona.es\/eu\/acto-de-apertura-uned-pamplona-del-curso-2024-2025\/#article\",\"isPartOf\":{\"@id\":\"https:\/\/unedpamplona.es\/eu\/acto-de-apertura-uned-pamplona-del-curso-2024-2025\/\"},\"author\":{\"name\":\"uned\",\"@id\":\"https:\/\/unedpamplona.es\/eu\/#\/schema\/person\/62a05b70c6808d41d8de2111f2b5f568\"},\"headline\":\"Acto de Apertura UNED Pamplona. Curso 2024-2025\u00a0\",\"datePublished\":\"2024-10-01T07:37:10+00:00\",\"dateModified\":\"2024-10-17T08:23:37+00:00\",\"mainEntityOfPage\":{\"@id\":\"https:\/\/unedpamplona.es\/eu\/acto-de-apertura-uned-pamplona-del-curso-2024-2025\/\"},\"wordCount\":211,\"publisher\":{\"@id\":\"https:\/\/unedpamplona.es\/eu\/#organization\"},\"image\":{\"@id\":\"https:\/\/unedpamplona.es\/eu\/acto-de-apertura-uned-pamplona-del-curso-2024-2025\/#primaryimage\"},\"thumbnailUrl\":\"https:\/\/unedpamplona.es\/wp-content\/uploads\/2024\/09\/PublicoEspaldas-scaled.jpg\",\"articleSection\":[\"Sin categorizar\"],\"inLanguage\":\"eu-ES\"},{\"@type\":\"WebPage\",\"@id\":\"https:\/\/unedpamplona.es\/eu\/acto-de-apertura-uned-pamplona-del-curso-2024-2025\/\",\"url\":\"https:\/\/unedpamplona.es\/eu\/acto-de-apertura-uned-pamplona-del-curso-2024-2025\/\",\"name\":\"Acto de Apertura UNED Pamplona. Curso 2024-2025\u00a0 - UNED Pamplona\",\"isPartOf\":{\"@id\":\"https:\/\/unedpamplona.es\/eu\/#website\"},\"primaryImageOfPage\":{\"@id\":\"https:\/\/unedpamplona.es\/eu\/acto-de-apertura-uned-pamplona-del-curso-2024-2025\/#primaryimage\"},\"image\":{\"@id\":\"https:\/\/unedpamplona.es\/eu\/acto-de-apertura-uned-pamplona-del-curso-2024-2025\/#primaryimage\"},\"thumbnailUrl\":\"https:\/\/unedpamplona.es\/wp-content\/uploads\/2024\/09\/PublicoEspaldas-scaled.jpg\",\"datePublished\":\"2024-10-01T07:37:10+00:00\",\"dateModified\":\"2024-10-17T08:23:37+00:00\",\"inLanguage\":\"eu-ES\",\"potentialAction\":[{\"@type\":\"ReadAction\",\"target\":[\"https:\/\/unedpamplona.es\/eu\/acto-de-apertura-uned-pamplona-del-curso-2024-2025\/\"]}]},{\"@type\":\"ImageObject\",\"inLanguage\":\"eu-ES\",\"@id\":\"https:\/\/unedpamplona.es\/eu\/acto-de-apertura-uned-pamplona-del-curso-2024-2025\/#primaryimage\",\"url\":\"https:\/\/unedpamplona.es\/wp-content\/uploads\/2024\/09\/PublicoEspaldas-scaled.jpg\",\"contentUrl\":\"https:\/\/unedpamplona.es\/wp-content\/uploads\/2024\/09\/PublicoEspaldas-scaled.jpg\",\"width\":2560,\"height\":1707},{\"@type\":\"WebSite\",\"@id\":\"https:\/\/unedpamplona.es\/eu\/#website\",\"url\":\"https:\/\/unedpamplona.es\/eu\/\",\"name\":\"UNED Pamplona\",\"description\":\"\",\"publisher\":{\"@id\":\"https:\/\/unedpamplona.es\/eu\/#organization\"},\"potentialAction\":[{\"@type\":\"SearchAction\",\"target\":{\"@type\":\"EntryPoint\",\"urlTemplate\":\"https:\/\/unedpamplona.es\/eu\/?s={search_term_string}\"},\"query-input\":\"required name=search_term_string\"}],\"inLanguage\":\"eu-ES\"},{\"@type\":\"Organization\",\"@id\":\"https:\/\/unedpamplona.es\/eu\/#organization\",\"name\":\"UNED Pamplona\",\"url\":\"https:\/\/unedpamplona.es\/eu\/\",\"logo\":{\"@type\":\"ImageObject\",\"inLanguage\":\"eu-ES\",\"@id\":\"https:\/\/unedpamplona.es\/eu\/#\/schema\/logo\/image\/\",\"url\":\"https:\/\/unedpamplona.es\/wp-content\/uploads\/2024\/02\/uned_pamplona_logo.png\",\"contentUrl\":\"https:\/\/unedpamplona.es\/wp-content\/uploads\/2024\/02\/uned_pamplona_logo.png\",\"width\":218,\"height\":104,\"caption\":\"UNED Pamplona\"},\"image\":{\"@id\":\"https:\/\/unedpamplona.es\/eu\/#\/schema\/logo\/image\/\"},\"sameAs\":[\"https:\/\/x.com\/unedpamplona\",\"https:\/\/www.youtube.com\/channel\/UCR2jc6TbCMAPnbcA17Z0wwg\",\"https:\/\/www.instagram.com\/unedpamplona\/\"]},{\"@type\":\"Person\",\"@id\":\"https:\/\/unedpamplona.es\/eu\/#\/schema\/person\/62a05b70c6808d41d8de2111f2b5f568\",\"name\":\"uned\",\"image\":{\"@type\":\"ImageObject\",\"inLanguage\":\"eu-ES\",\"@id\":\"https:\/\/unedpamplona.es\/eu\/#\/schema\/person\/image\/\",\"url\":\"https:\/\/secure.gravatar.com\/avatar\/344a1f8262dc552fd951ddf77b72239b?s=96&d=mm&r=g\",\"contentUrl\":\"https:\/\/secure.gravatar.com\/avatar\/344a1f8262dc552fd951ddf77b72239b?s=96&d=mm&r=g\",\"caption\":\"uned\"},\"url\":\"https:\/\/unedpamplona.es\/eu\/author\/uned\/\"}]}<\/script>\n<!-- \/ Yoast SEO plugin. -->","yoast_head_json":{"title":"Acto de Apertura UNED Pamplona. Curso 2024-2025\u00a0 - UNED Pamplona","robots":{"index":"index","follow":"follow","max-snippet":"max-snippet:-1","max-image-preview":"max-image-preview:large","max-video-preview":"max-video-preview:-1"},"canonical":"https:\/\/unedpamplona.es\/eu\/acto-de-apertura-uned-pamplona-del-curso-2024-2025\/","og_locale":"eu_ES","og_type":"article","og_title":"Acto de Apertura UNED Pamplona. Curso 2024-2025\u00a0 - UNED Pamplona","og_description":"El Centro de UNED Pamplona celebra el mi\u00e9rcoles 16 de octubre, a las 19:00 horas, en el Aula Fernando Remacha, el Acto de Apertura del Curso Acad\u00e9mico 2024-2025. Este evento marca el inicio de un nuevo curso lleno de oportunidades de aprendizaje y crecimiento. Durante el acto, se entregar\u00e1n los diplomas a los\/las estudiantes que [&hellip;]","og_url":"https:\/\/unedpamplona.es\/eu\/acto-de-apertura-uned-pamplona-del-curso-2024-2025\/","og_site_name":"UNED Pamplona","article_published_time":"2024-10-01T07:37:10+00:00","article_modified_time":"2024-10-17T08:23:37+00:00","og_image":[{"width":2560,"height":1707,"url":"https:\/\/unedpamplona.es\/wp-content\/uploads\/2024\/09\/PublicoEspaldas-scaled.jpg","type":"image\/jpeg"}],"author":"uned","twitter_card":"summary_large_image","twitter_creator":"@unedpamplona","twitter_site":"@unedpamplona","twitter_misc":{"Written by":"uned","Est. reading time":"2 minutes"},"schema":{"@context":"https:\/\/schema.org","@graph":[{"@type":"Article","@id":"https:\/\/unedpamplona.es\/eu\/acto-de-apertura-uned-pamplona-del-curso-2024-2025\/#article","isPartOf":{"@id":"https:\/\/unedpamplona.es\/eu\/acto-de-apertura-uned-pamplona-del-curso-2024-2025\/"},"author":{"name":"uned","@id":"https:\/\/unedpamplona.es\/eu\/#\/schema\/person\/62a05b70c6808d41d8de2111f2b5f568"},"headline":"Acto de Apertura UNED Pamplona. Curso 2024-2025\u00a0","datePublished":"2024-10-01T07:37:10+00:00","dateModified":"2024-10-17T08:23:37+00:00","mainEntityOfPage":{"@id":"https:\/\/unedpamplona.es\/eu\/acto-de-apertura-uned-pamplona-del-curso-2024-2025\/"},"wordCount":211,"publisher":{"@id":"https:\/\/unedpamplona.es\/eu\/#organization"},"image":{"@id":"https:\/\/unedpamplona.es\/eu\/acto-de-apertura-uned-pamplona-del-curso-2024-2025\/#primaryimage"},"thumbnailUrl":"https:\/\/unedpamplona.es\/wp-content\/uploads\/2024\/09\/PublicoEspaldas-scaled.jpg","articleSection":["Sin categorizar"],"inLanguage":"eu-ES"},{"@type":"WebPage","@id":"https:\/\/unedpamplona.es\/eu\/acto-de-apertura-uned-pamplona-del-curso-2024-2025\/","url":"https:\/\/unedpamplona.es\/eu\/acto-de-apertura-uned-pamplona-del-curso-2024-2025\/","name":"Acto de Apertura UNED Pamplona. Curso 2024-2025\u00a0 - UNED Pamplona","isPartOf":{"@id":"https:\/\/unedpamplona.es\/eu\/#website"},"primaryImageOfPage":{"@id":"https:\/\/unedpamplona.es\/eu\/acto-de-apertura-uned-pamplona-del-curso-2024-2025\/#primaryimage"},"image":{"@id":"https:\/\/unedpamplona.es\/eu\/acto-de-apertura-uned-pamplona-del-curso-2024-2025\/#primaryimage"},"thumbnailUrl":"https:\/\/unedpamplona.es\/wp-content\/uploads\/2024\/09\/PublicoEspaldas-scaled.jpg","datePublished":"2024-10-01T07:37:10+00:00","dateModified":"2024-10-17T08:23:37+00:00","inLanguage":"eu-ES","potentialAction":[{"@type":"ReadAction","target":["https:\/\/unedpamplona.es\/eu\/acto-de-apertura-uned-pamplona-del-curso-2024-2025\/"]}]},{"@type":"ImageObject","inLanguage":"eu-ES","@id":"https:\/\/unedpamplona.es\/eu\/acto-de-apertura-uned-pamplona-del-curso-2024-2025\/#primaryimage","url":"https:\/\/unedpamplona.es\/wp-content\/uploads\/2024\/09\/PublicoEspaldas-scaled.jpg","contentUrl":"https:\/\/unedpamplona.es\/wp-content\/uploads\/2024\/09\/PublicoEspaldas-scaled.jpg","width":2560,"height":1707},{"@type":"WebSite","@id":"https:\/\/unedpamplona.es\/eu\/#website","url":"https:\/\/unedpamplona.es\/eu\/","name":"UNED Pamplona","description":"","publisher":{"@id":"https:\/\/unedpamplona.es\/eu\/#organization"},"potentialAction":[{"@type":"SearchAction","target":{"@type":"EntryPoint","urlTemplate":"https:\/\/unedpamplona.es\/eu\/?s={search_term_string}"},"query-input":"required name=search_term_string"}],"inLanguage":"eu-ES"},{"@type":"Organization","@id":"https:\/\/unedpamplona.es\/eu\/#organization","name":"UNED Pamplona","url":"https:\/\/unedpamplona.es\/eu\/","logo":{"@type":"ImageObject","inLanguage":"eu-ES","@id":"https:\/\/unedpamplona.es\/eu\/#\/schema\/logo\/image\/","url":"https:\/\/unedpamplona.es\/wp-content\/uploads\/2024\/02\/uned_pamplona_logo.png","contentUrl":"https:\/\/unedpamplona.es\/wp-content\/uploads\/2024\/02\/uned_pamplona_logo.png","width":218,"height":104,"caption":"UNED Pamplona"},"image":{"@id":"https:\/\/unedpamplona.es\/eu\/#\/schema\/logo\/image\/"},"sameAs":["https:\/\/x.com\/unedpamplona","https:\/\/www.youtube.com\/channel\/UCR2jc6TbCMAPnbcA17Z0wwg","https:\/\/www.instagram.com\/unedpamplona\/"]},{"@type":"Person","@id":"https:\/\/unedpamplona.es\/eu\/#\/schema\/person\/62a05b70c6808d41d8de2111f2b5f568","name":"uned","image":{"@type":"ImageObject","inLanguage":"eu-ES","@id":"https:\/\/unedpamplona.es\/eu\/#\/schema\/person\/image\/","url":"https:\/\/secure.gravatar.com\/avatar\/344a1f8262dc552fd951ddf77b72239b?s=96&d=mm&r=g","contentUrl":"https:\/\/secure.gravatar.com\/avatar\/344a1f8262dc552fd951ddf77b72239b?s=96&d=mm&r=g","caption":"uned"},"url":"https:\/\/unedpamplona.es\/eu\/author\/uned\/"}]}},"_links":{"self":[{"href":"https:\/\/unedpamplona.es\/eu\/wp-json\/wp\/v2\/posts\/5115"}],"collection":[{"href":"https:\/\/unedpamplona.es\/eu\/wp-json\/wp\/v2\/posts"}],"about":[{"href":"https:\/\/unedpamplona.es\/eu\/wp-json\/wp\/v2\/types\/post"}],"author":[{"embeddable":true,"href":"https:\/\/unedpamplona.es\/eu\/wp-json\/wp\/v2\/users\/2"}],"replies":[{"embeddable":true,"href":"https:\/\/unedpamplona.es\/eu\/wp-json\/wp\/v2\/comments?post=5115"}],"version-history":[{"count":18,"href":"https:\/\/unedpamplona.es\/eu\/wp-json\/wp\/v2\/posts\/5115\/revisions"}],"predecessor-version":[{"id":5154,"href":"https:\/\/unedpamplona.es\/eu\/wp-json\/wp\/v2\/posts\/5115\/revisions\/5154"}],"wp:featuredmedia":[{"embeddable":true,"href":"https:\/\/unedpamplona.es\/eu\/wp-json\/wp\/v2\/media\/4617"}],"wp:attachment":[{"href":"https:\/\/unedpamplona.es\/eu\/wp-json\/wp\/v2\/media?parent=5115"}],"wp:term":[{"taxonomy":"category","embeddable":true,"href":"https:\/\/unedpamplona.es\/eu\/wp-json\/wp\/v2\/categories?post=5115"},{"taxonomy":"post_tag","embeddable":true,"href":"https:\/\/unedpamplona.es\/eu\/wp-json\/wp\/v2\/tags?post=5115"}],"curies":[{"name":"wp","href":"https:\/\/api.w.org\/{rel}","templated":true}]}}