{"id":5125,"date":"2024-09-22T09:00:49","date_gmt":"2024-09-22T07:00:49","guid":{"rendered":"https:\/\/unedpamplona.es\/?p=5125"},"modified":"2024-10-29T09:05:59","modified_gmt":"2024-10-29T08:05:59","slug":"curso-de-recursos-para-el-coordinador-o-la-coordinadora-de-bienestar-y-proteccion-catedra-inteligencia-emocional","status":"publish","type":"post","link":"https:\/\/unedpamplona.es\/eu\/curso-de-recursos-para-el-coordinador-o-la-coordinadora-de-bienestar-y-proteccion-catedra-inteligencia-emocional\/","title":{"rendered":"Curso de recursos para el coordinador o la coordinadora de bienestar y protecci\u00f3n. C\u00e1tedra Inteligencia Emocional"},"content":{"rendered":"<p>UNED Pamplona ha organizado, dentro de la C\u00e1tedra de Inteligencia Emocional, el nuevo curso de<strong> &#8220;Recursos para el coordinador o la coordinadora de bienestar y protecci\u00f3n&#8221;.<\/strong><\/p>\n<p>Tanto la Ley Org\u00e1nica 3\/2020, de 29 de diciembre, por la que se modifica la Ley Org\u00e1nica 2\/2006, de 3 de mayo, de Educaci\u00f3n (LOMLOE), como la Ley Org\u00e1nica 8\/2021, de 4 de junio, de protecci\u00f3n integral de la infancia y la adolescencia frente a la violencia (LOPIVI), regulan la figura de Coordinador o Coordinadora de Bienestar y Protecci\u00f3n, en todos los centros educativos.<\/p>\n<p>El presente curso pretende aportar una formaci\u00f3n de los dos primeros niveles requeridos al profesional que se ocupe de esta labor. As\u00ed, en este curso se incluye un primer nivel de formaci\u00f3n b\u00e1sica y un segundo nivel de formaci\u00f3n habilitante. El primer nivel busca aportar conocimientos suficientes como para comprender los referentes normativos y cient\u00edficos de promoci\u00f3n del bienestar y de protecci\u00f3n de la infancia, y para detectar situaciones de riesgo. El segundo nivel busca aportar conocimientos y competencias para el desempe\u00f1o de la funci\u00f3n de coordinador o coordinadora de bienestar y protecci\u00f3n en los centros educativos, y para los miembros del equipo directivo. La formaci\u00f3n de este curso tendr\u00e1 un acento especial en principios de la educaci\u00f3n emocional y de prevenci\u00f3n de conflictos, y de protecci\u00f3n contra el acoso y el ciberacoso.<\/p>\n<p>El curso se celebrar\u00e1 en el Centro de Pamplona los pr\u00f3ximos <strong>8, 9, 22 y 23 de noviembre<\/strong> y ser\u00e1 impartido por\u00a0 <strong>Silvia Cristina Benito Moreno, <\/strong>Orientadora Educativa y profesora asociada UNED, y por <strong><span class=\"ponente\">Juan Carlos P\u00e9rez Gonz\u00e1lez,<\/span><\/strong> p<span class=\"cargo\"><span class=\"cargo_ponente\">rofesor titular de Universidad y Doctor en Educaci\u00f3n<\/span><\/span><\/p>\n<p>&nbsp;<\/p>\n<p><a href=\"https:\/\/extension.uned.es\/actividad\/37611&amp;codigo=RPECO\"><strong>Matr\u00edcula:<\/strong> RECURSOS PARA EL COORDINADOR O LA COORDINADORA DE BIENESTAR Y PROTECCI\u00d3N | Extensi\u00f3n Universitaria en Pamplona | UNED<\/a><\/p>\n<p>&nbsp;<\/p>\n<p><strong>Programa<\/strong><\/p>\n<ul id=\"programa\">\n<li><span class=\"fechas_programa\">Viernes, 8 de noviembre<\/span>\n<ul>\n<li><span class=\"h\">16:00-20:00 h.<\/span>\u00a0<span class=\"t color_b3\">Marco normativo y conceptual<\/span>\n<div class=\"t color_b3\">&#8211; Introducci\u00f3n al curso y normativa b\u00e1sica: Presentaci\u00f3n de la LOMLOE y la LOPIVI &#8211; Derechos de la infancia y la adolescencia: Marcos internacional y nacional &#8211; Funciones del Coordinador o Coordinadora<\/div>\n<ul class=\"listaPonente\">\n<li class=\"datosPonentes\"><span class=\"ponente\">Juan Carlos P\u00e9rez Gonz\u00e1lez<\/span>\u00a0<span class=\"cargo\"><span class=\"cargo_ponente\">Profesor Titular de Universidad \/ Doctor en educaci\u00f3n<\/span><\/span><\/li>\n<li class=\"datosPonentes\"><span class=\"ponente\">Silvia Cristina Benito Moreno<\/span>\u00a0<span class=\"cargo\"><span class=\"cargo_ponente\">Orientadora Educativa \/ Profesora Asociada UNED<\/span><\/span><\/li>\n<\/ul>\n<\/li>\n<\/ul>\n<\/li>\n<li><span class=\"fechas_programa\">S\u00e1bado, 9 de noviembre<\/span>\n<ul>\n<li><span class=\"h\">09:30-13:30 h.<\/span>\u00a0<span class=\"t color_b3\">Identificaci\u00f3n de factores protectores y riesgos, y detecci\u00f3n temprana<\/span>\n<div class=\"t color_b3\">&#8211; Interacci\u00f3n social, sociometr\u00eda y acoso &#8211; Factores de vulnerabilidad &#8211; Protocolos de actuaci\u00f3n &#8211; Estudio de casos reales<\/div>\n<ul class=\"listaPonente\">\n<li class=\"datosPonentes\"><span class=\"ponente\">Juan Carlos P\u00e9rez Gonz\u00e1lez<\/span>\u00a0<span class=\"cargo\"><span class=\"cargo_ponente\">Profesor Titular de Universidad \/ Doctor en educaci\u00f3n<\/span><\/span><\/li>\n<li class=\"datosPonentes\"><span class=\"ponente\">Silvia Cristina Benito Moreno<\/span>\u00a0<span class=\"cargo\"><span class=\"cargo_ponente\">Orientadora Educativa \/ Profesora Asociada UNED<\/span><\/span><\/li>\n<\/ul>\n<\/li>\n<\/ul>\n<\/li>\n<li><span class=\"fechas_programa\">Viernes, 22 de noviembre<\/span>\n<ul>\n<li><span class=\"h\">16:00-20:00 h.<\/span>\u00a0<span class=\"t color_b3\">Estrategias de prevenci\u00f3n y promoci\u00f3n de un entorno seguro<\/span>\n<div class=\"t color_b3\">&#8211; Estrategias de prevenci\u00f3n: Educaci\u00f3n emocional &#8211; Fomento del bienestar: Democracia escolar &#8211; Prevenci\u00f3n del acoso y ciberacoso &#8211; Taller pr\u00e1ctico: Creaci\u00f3n de un plan de acci\u00f3n para la promoci\u00f3n del bienestar en los centros educativos<\/div>\n<ul class=\"listaPonente\">\n<li class=\"datosPonentes\"><span class=\"ponente\">Juan Carlos P\u00e9rez Gonz\u00e1lez<\/span>\u00a0<span class=\"cargo\"><span class=\"cargo_ponente\">Profesor Titular de Universidad \/ Doctor en Educaci\u00f3n<\/span><\/span><\/li>\n<li class=\"datosPonentes\"><span class=\"ponente\">Silvia Cristina Benito Moreno<\/span>\u00a0<span class=\"cargo\"><span class=\"cargo_ponente\">Orientadora Educativa \/ Profesora Asociada UNED<\/span><\/span><\/li>\n<\/ul>\n<\/li>\n<\/ul>\n<\/li>\n<li><span class=\"fechas_programa\">S\u00e1bado, 23 de noviembre<\/span>\n<ul>\n<li><span class=\"h\">09:30-13:30 h.<\/span>\u00a0<span class=\"t color_b3\">Coordinaci\u00f3n y trabajo en red<\/span>\n<div class=\"t color_b3\">&#8211; Colaboraci\u00f3n interinstitucional &#8211; Trabajo en red con la comunidad educativa &#8211; Mi proyecto<\/div>\n<ul class=\"listaPonente\">\n<li class=\"datosPonentes\"><span class=\"ponente\">Juan Carlos P\u00e9rez Gonz\u00e1lez<\/span>\u00a0<span class=\"cargo\"><span class=\"cargo_ponente\">Profesor Titular de Universidad \/ Doctor en educaci\u00f3n<\/span><\/span><\/li>\n<li class=\"datosPonentes\"><span class=\"ponente\">Silvia Cristina Benito Moreno<\/span>\u00a0<span class=\"cargo\"><span class=\"cargo_ponente\">Orientadora Educativa \/ Profesora Asociada UNED<\/span><\/span><\/li>\n<\/ul>\n<\/li>\n<\/ul>\n<\/li>\n<\/ul>\n<p>&nbsp;<\/p>\n","protected":false},"excerpt":{"rendered":"<p>UNED Pamplona ha organizado, dentro de la C\u00e1tedra de Inteligencia Emocional, el nuevo curso de &#8220;Recursos para el coordinador o la coordinadora de bienestar y protecci\u00f3n&#8221;. Tanto la Ley Org\u00e1nica 3\/2020, de 29 de diciembre, por la que se modifica la Ley Org\u00e1nica 2\/2006, de 3 de mayo, de Educaci\u00f3n (LOMLOE), como la Ley Org\u00e1nica [&hellip;]<\/p>\n","protected":false},"author":2,"featured_media":5126,"comment_status":"closed","ping_status":"closed","sticky":false,"template":"","format":"standard","meta":{"footnotes":""},"categories":[1],"tags":[],"yoast_head":"<!-- This site is optimized with the Yoast SEO plugin v22.5 - https:\/\/yoast.com\/wordpress\/plugins\/seo\/ -->\n<title>Curso de recursos para el coordinador o la coordinadora de bienestar y protecci\u00f3n. C\u00e1tedra Inteligencia Emocional - UNED Pamplona<\/title>\n<meta name=\"robots\" content=\"index, follow, max-snippet:-1, max-image-preview:large, max-video-preview:-1\" \/>\n<link rel=\"canonical\" href=\"https:\/\/unedpamplona.es\/eu\/curso-de-recursos-para-el-coordinador-o-la-coordinadora-de-bienestar-y-proteccion-catedra-inteligencia-emocional\/\" \/>\n<meta property=\"og:locale\" content=\"eu_ES\" \/>\n<meta property=\"og:type\" content=\"article\" \/>\n<meta property=\"og:title\" content=\"Curso de recursos para el coordinador o la coordinadora de bienestar y protecci\u00f3n. C\u00e1tedra Inteligencia Emocional - UNED Pamplona\" \/>\n<meta property=\"og:description\" content=\"UNED Pamplona ha organizado, dentro de la C\u00e1tedra de Inteligencia Emocional, el nuevo curso de &#8220;Recursos para el coordinador o la coordinadora de bienestar y protecci\u00f3n&#8221;. Tanto la Ley Org\u00e1nica 3\/2020, de 29 de diciembre, por la que se modifica la Ley Org\u00e1nica 2\/2006, de 3 de mayo, de Educaci\u00f3n (LOMLOE), como la Ley Org\u00e1nica [&hellip;]\" \/>\n<meta property=\"og:url\" content=\"https:\/\/unedpamplona.es\/eu\/curso-de-recursos-para-el-coordinador-o-la-coordinadora-de-bienestar-y-proteccion-catedra-inteligencia-emocional\/\" \/>\n<meta property=\"og:site_name\" content=\"UNED Pamplona\" \/>\n<meta property=\"article:published_time\" content=\"2024-09-22T07:00:49+00:00\" \/>\n<meta property=\"article:modified_time\" content=\"2024-10-29T08:05:59+00:00\" \/>\n<meta property=\"og:image\" content=\"https:\/\/unedpamplona.es\/wp-content\/uploads\/2024\/10\/Recursos-coordinador.jpg\" \/>\n\t<meta property=\"og:image:width\" content=\"596\" \/>\n\t<meta property=\"og:image:height\" content=\"377\" \/>\n\t<meta property=\"og:image:type\" content=\"image\/jpeg\" \/>\n<meta name=\"author\" content=\"uned\" \/>\n<meta name=\"twitter:card\" content=\"summary_large_image\" \/>\n<meta name=\"twitter:creator\" content=\"@unedpamplona\" \/>\n<meta name=\"twitter:site\" content=\"@unedpamplona\" \/>\n<meta name=\"twitter:label1\" content=\"Written by\" \/>\n\t<meta name=\"twitter:data1\" content=\"uned\" \/>\n\t<meta name=\"twitter:label2\" content=\"Est. reading time\" \/>\n\t<meta name=\"twitter:data2\" content=\"3 minutes\" \/>\n<script type=\"application\/ld+json\" class=\"yoast-schema-graph\">{\"@context\":\"https:\/\/schema.org\",\"@graph\":[{\"@type\":\"Article\",\"@id\":\"https:\/\/unedpamplona.es\/eu\/curso-de-recursos-para-el-coordinador-o-la-coordinadora-de-bienestar-y-proteccion-catedra-inteligencia-emocional\/#article\",\"isPartOf\":{\"@id\":\"https:\/\/unedpamplona.es\/eu\/curso-de-recursos-para-el-coordinador-o-la-coordinadora-de-bienestar-y-proteccion-catedra-inteligencia-emocional\/\"},\"author\":{\"name\":\"uned\",\"@id\":\"https:\/\/unedpamplona.es\/eu\/#\/schema\/person\/62a05b70c6808d41d8de2111f2b5f568\"},\"headline\":\"Curso de recursos para el coordinador o la coordinadora de bienestar y protecci\u00f3n. C\u00e1tedra Inteligencia Emocional\",\"datePublished\":\"2024-09-22T07:00:49+00:00\",\"dateModified\":\"2024-10-29T08:05:59+00:00\",\"mainEntityOfPage\":{\"@id\":\"https:\/\/unedpamplona.es\/eu\/curso-de-recursos-para-el-coordinador-o-la-coordinadora-de-bienestar-y-proteccion-catedra-inteligencia-emocional\/\"},\"wordCount\":589,\"publisher\":{\"@id\":\"https:\/\/unedpamplona.es\/eu\/#organization\"},\"image\":{\"@id\":\"https:\/\/unedpamplona.es\/eu\/curso-de-recursos-para-el-coordinador-o-la-coordinadora-de-bienestar-y-proteccion-catedra-inteligencia-emocional\/#primaryimage\"},\"thumbnailUrl\":\"https:\/\/unedpamplona.es\/wp-content\/uploads\/2024\/10\/Recursos-coordinador.jpg\",\"articleSection\":[\"Sin categorizar\"],\"inLanguage\":\"eu-ES\"},{\"@type\":\"WebPage\",\"@id\":\"https:\/\/unedpamplona.es\/eu\/curso-de-recursos-para-el-coordinador-o-la-coordinadora-de-bienestar-y-proteccion-catedra-inteligencia-emocional\/\",\"url\":\"https:\/\/unedpamplona.es\/eu\/curso-de-recursos-para-el-coordinador-o-la-coordinadora-de-bienestar-y-proteccion-catedra-inteligencia-emocional\/\",\"name\":\"Curso de recursos para el coordinador o la coordinadora de bienestar y protecci\u00f3n. C\u00e1tedra Inteligencia Emocional - UNED Pamplona\",\"isPartOf\":{\"@id\":\"https:\/\/unedpamplona.es\/eu\/#website\"},\"primaryImageOfPage\":{\"@id\":\"https:\/\/unedpamplona.es\/eu\/curso-de-recursos-para-el-coordinador-o-la-coordinadora-de-bienestar-y-proteccion-catedra-inteligencia-emocional\/#primaryimage\"},\"image\":{\"@id\":\"https:\/\/unedpamplona.es\/eu\/curso-de-recursos-para-el-coordinador-o-la-coordinadora-de-bienestar-y-proteccion-catedra-inteligencia-emocional\/#primaryimage\"},\"thumbnailUrl\":\"https:\/\/unedpamplona.es\/wp-content\/uploads\/2024\/10\/Recursos-coordinador.jpg\",\"datePublished\":\"2024-09-22T07:00:49+00:00\",\"dateModified\":\"2024-10-29T08:05:59+00:00\",\"inLanguage\":\"eu-ES\",\"potentialAction\":[{\"@type\":\"ReadAction\",\"target\":[\"https:\/\/unedpamplona.es\/eu\/curso-de-recursos-para-el-coordinador-o-la-coordinadora-de-bienestar-y-proteccion-catedra-inteligencia-emocional\/\"]}]},{\"@type\":\"ImageObject\",\"inLanguage\":\"eu-ES\",\"@id\":\"https:\/\/unedpamplona.es\/eu\/curso-de-recursos-para-el-coordinador-o-la-coordinadora-de-bienestar-y-proteccion-catedra-inteligencia-emocional\/#primaryimage\",\"url\":\"https:\/\/unedpamplona.es\/wp-content\/uploads\/2024\/10\/Recursos-coordinador.jpg\",\"contentUrl\":\"https:\/\/unedpamplona.es\/wp-content\/uploads\/2024\/10\/Recursos-coordinador.jpg\",\"width\":596,\"height\":377},{\"@type\":\"WebSite\",\"@id\":\"https:\/\/unedpamplona.es\/eu\/#website\",\"url\":\"https:\/\/unedpamplona.es\/eu\/\",\"name\":\"UNED Pamplona\",\"description\":\"\",\"publisher\":{\"@id\":\"https:\/\/unedpamplona.es\/eu\/#organization\"},\"potentialAction\":[{\"@type\":\"SearchAction\",\"target\":{\"@type\":\"EntryPoint\",\"urlTemplate\":\"https:\/\/unedpamplona.es\/eu\/?s={search_term_string}\"},\"query-input\":\"required name=search_term_string\"}],\"inLanguage\":\"eu-ES\"},{\"@type\":\"Organization\",\"@id\":\"https:\/\/unedpamplona.es\/eu\/#organization\",\"name\":\"UNED Pamplona\",\"url\":\"https:\/\/unedpamplona.es\/eu\/\",\"logo\":{\"@type\":\"ImageObject\",\"inLanguage\":\"eu-ES\",\"@id\":\"https:\/\/unedpamplona.es\/eu\/#\/schema\/logo\/image\/\",\"url\":\"https:\/\/unedpamplona.es\/wp-content\/uploads\/2024\/02\/uned_pamplona_logo.png\",\"contentUrl\":\"https:\/\/unedpamplona.es\/wp-content\/uploads\/2024\/02\/uned_pamplona_logo.png\",\"width\":218,\"height\":104,\"caption\":\"UNED Pamplona\"},\"image\":{\"@id\":\"https:\/\/unedpamplona.es\/eu\/#\/schema\/logo\/image\/\"},\"sameAs\":[\"https:\/\/x.com\/unedpamplona\",\"https:\/\/www.youtube.com\/channel\/UCR2jc6TbCMAPnbcA17Z0wwg\",\"https:\/\/www.instagram.com\/unedpamplona\/\"]},{\"@type\":\"Person\",\"@id\":\"https:\/\/unedpamplona.es\/eu\/#\/schema\/person\/62a05b70c6808d41d8de2111f2b5f568\",\"name\":\"uned\",\"image\":{\"@type\":\"ImageObject\",\"inLanguage\":\"eu-ES\",\"@id\":\"https:\/\/unedpamplona.es\/eu\/#\/schema\/person\/image\/\",\"url\":\"https:\/\/secure.gravatar.com\/avatar\/344a1f8262dc552fd951ddf77b72239b?s=96&d=mm&r=g\",\"contentUrl\":\"https:\/\/secure.gravatar.com\/avatar\/344a1f8262dc552fd951ddf77b72239b?s=96&d=mm&r=g\",\"caption\":\"uned\"},\"url\":\"https:\/\/unedpamplona.es\/eu\/author\/uned\/\"}]}<\/script>\n<!-- \/ Yoast SEO plugin. -->","yoast_head_json":{"title":"Curso de recursos para el coordinador o la coordinadora de bienestar y protecci\u00f3n. C\u00e1tedra Inteligencia Emocional - UNED Pamplona","robots":{"index":"index","follow":"follow","max-snippet":"max-snippet:-1","max-image-preview":"max-image-preview:large","max-video-preview":"max-video-preview:-1"},"canonical":"https:\/\/unedpamplona.es\/eu\/curso-de-recursos-para-el-coordinador-o-la-coordinadora-de-bienestar-y-proteccion-catedra-inteligencia-emocional\/","og_locale":"eu_ES","og_type":"article","og_title":"Curso de recursos para el coordinador o la coordinadora de bienestar y protecci\u00f3n. C\u00e1tedra Inteligencia Emocional - UNED Pamplona","og_description":"UNED Pamplona ha organizado, dentro de la C\u00e1tedra de Inteligencia Emocional, el nuevo curso de &#8220;Recursos para el coordinador o la coordinadora de bienestar y protecci\u00f3n&#8221;. Tanto la Ley Org\u00e1nica 3\/2020, de 29 de diciembre, por la que se modifica la Ley Org\u00e1nica 2\/2006, de 3 de mayo, de Educaci\u00f3n (LOMLOE), como la Ley Org\u00e1nica [&hellip;]","og_url":"https:\/\/unedpamplona.es\/eu\/curso-de-recursos-para-el-coordinador-o-la-coordinadora-de-bienestar-y-proteccion-catedra-inteligencia-emocional\/","og_site_name":"UNED Pamplona","article_published_time":"2024-09-22T07:00:49+00:00","article_modified_time":"2024-10-29T08:05:59+00:00","og_image":[{"width":596,"height":377,"url":"https:\/\/unedpamplona.es\/wp-content\/uploads\/2024\/10\/Recursos-coordinador.jpg","type":"image\/jpeg"}],"author":"uned","twitter_card":"summary_large_image","twitter_creator":"@unedpamplona","twitter_site":"@unedpamplona","twitter_misc":{"Written by":"uned","Est. reading time":"3 minutes"},"schema":{"@context":"https:\/\/schema.org","@graph":[{"@type":"Article","@id":"https:\/\/unedpamplona.es\/eu\/curso-de-recursos-para-el-coordinador-o-la-coordinadora-de-bienestar-y-proteccion-catedra-inteligencia-emocional\/#article","isPartOf":{"@id":"https:\/\/unedpamplona.es\/eu\/curso-de-recursos-para-el-coordinador-o-la-coordinadora-de-bienestar-y-proteccion-catedra-inteligencia-emocional\/"},"author":{"name":"uned","@id":"https:\/\/unedpamplona.es\/eu\/#\/schema\/person\/62a05b70c6808d41d8de2111f2b5f568"},"headline":"Curso de recursos para el coordinador o la coordinadora de bienestar y protecci\u00f3n. C\u00e1tedra Inteligencia Emocional","datePublished":"2024-09-22T07:00:49+00:00","dateModified":"2024-10-29T08:05:59+00:00","mainEntityOfPage":{"@id":"https:\/\/unedpamplona.es\/eu\/curso-de-recursos-para-el-coordinador-o-la-coordinadora-de-bienestar-y-proteccion-catedra-inteligencia-emocional\/"},"wordCount":589,"publisher":{"@id":"https:\/\/unedpamplona.es\/eu\/#organization"},"image":{"@id":"https:\/\/unedpamplona.es\/eu\/curso-de-recursos-para-el-coordinador-o-la-coordinadora-de-bienestar-y-proteccion-catedra-inteligencia-emocional\/#primaryimage"},"thumbnailUrl":"https:\/\/unedpamplona.es\/wp-content\/uploads\/2024\/10\/Recursos-coordinador.jpg","articleSection":["Sin categorizar"],"inLanguage":"eu-ES"},{"@type":"WebPage","@id":"https:\/\/unedpamplona.es\/eu\/curso-de-recursos-para-el-coordinador-o-la-coordinadora-de-bienestar-y-proteccion-catedra-inteligencia-emocional\/","url":"https:\/\/unedpamplona.es\/eu\/curso-de-recursos-para-el-coordinador-o-la-coordinadora-de-bienestar-y-proteccion-catedra-inteligencia-emocional\/","name":"Curso de recursos para el coordinador o la coordinadora de bienestar y protecci\u00f3n. C\u00e1tedra Inteligencia Emocional - UNED Pamplona","isPartOf":{"@id":"https:\/\/unedpamplona.es\/eu\/#website"},"primaryImageOfPage":{"@id":"https:\/\/unedpamplona.es\/eu\/curso-de-recursos-para-el-coordinador-o-la-coordinadora-de-bienestar-y-proteccion-catedra-inteligencia-emocional\/#primaryimage"},"image":{"@id":"https:\/\/unedpamplona.es\/eu\/curso-de-recursos-para-el-coordinador-o-la-coordinadora-de-bienestar-y-proteccion-catedra-inteligencia-emocional\/#primaryimage"},"thumbnailUrl":"https:\/\/unedpamplona.es\/wp-content\/uploads\/2024\/10\/Recursos-coordinador.jpg","datePublished":"2024-09-22T07:00:49+00:00","dateModified":"2024-10-29T08:05:59+00:00","inLanguage":"eu-ES","potentialAction":[{"@type":"ReadAction","target":["https:\/\/unedpamplona.es\/eu\/curso-de-recursos-para-el-coordinador-o-la-coordinadora-de-bienestar-y-proteccion-catedra-inteligencia-emocional\/"]}]},{"@type":"ImageObject","inLanguage":"eu-ES","@id":"https:\/\/unedpamplona.es\/eu\/curso-de-recursos-para-el-coordinador-o-la-coordinadora-de-bienestar-y-proteccion-catedra-inteligencia-emocional\/#primaryimage","url":"https:\/\/unedpamplona.es\/wp-content\/uploads\/2024\/10\/Recursos-coordinador.jpg","contentUrl":"https:\/\/unedpamplona.es\/wp-content\/uploads\/2024\/10\/Recursos-coordinador.jpg","width":596,"height":377},{"@type":"WebSite","@id":"https:\/\/unedpamplona.es\/eu\/#website","url":"https:\/\/unedpamplona.es\/eu\/","name":"UNED Pamplona","description":"","publisher":{"@id":"https:\/\/unedpamplona.es\/eu\/#organization"},"potentialAction":[{"@type":"SearchAction","target":{"@type":"EntryPoint","urlTemplate":"https:\/\/unedpamplona.es\/eu\/?s={search_term_string}"},"query-input":"required name=search_term_string"}],"inLanguage":"eu-ES"},{"@type":"Organization","@id":"https:\/\/unedpamplona.es\/eu\/#organization","name":"UNED Pamplona","url":"https:\/\/unedpamplona.es\/eu\/","logo":{"@type":"ImageObject","inLanguage":"eu-ES","@id":"https:\/\/unedpamplona.es\/eu\/#\/schema\/logo\/image\/","url":"https:\/\/unedpamplona.es\/wp-content\/uploads\/2024\/02\/uned_pamplona_logo.png","contentUrl":"https:\/\/unedpamplona.es\/wp-content\/uploads\/2024\/02\/uned_pamplona_logo.png","width":218,"height":104,"caption":"UNED Pamplona"},"image":{"@id":"https:\/\/unedpamplona.es\/eu\/#\/schema\/logo\/image\/"},"sameAs":["https:\/\/x.com\/unedpamplona","https:\/\/www.youtube.com\/channel\/UCR2jc6TbCMAPnbcA17Z0wwg","https:\/\/www.instagram.com\/unedpamplona\/"]},{"@type":"Person","@id":"https:\/\/unedpamplona.es\/eu\/#\/schema\/person\/62a05b70c6808d41d8de2111f2b5f568","name":"uned","image":{"@type":"ImageObject","inLanguage":"eu-ES","@id":"https:\/\/unedpamplona.es\/eu\/#\/schema\/person\/image\/","url":"https:\/\/secure.gravatar.com\/avatar\/344a1f8262dc552fd951ddf77b72239b?s=96&d=mm&r=g","contentUrl":"https:\/\/secure.gravatar.com\/avatar\/344a1f8262dc552fd951ddf77b72239b?s=96&d=mm&r=g","caption":"uned"},"url":"https:\/\/unedpamplona.es\/eu\/author\/uned\/"}]}},"_links":{"self":[{"href":"https:\/\/unedpamplona.es\/eu\/wp-json\/wp\/v2\/posts\/5125"}],"collection":[{"href":"https:\/\/unedpamplona.es\/eu\/wp-json\/wp\/v2\/posts"}],"about":[{"href":"https:\/\/unedpamplona.es\/eu\/wp-json\/wp\/v2\/types\/post"}],"author":[{"embeddable":true,"href":"https:\/\/unedpamplona.es\/eu\/wp-json\/wp\/v2\/users\/2"}],"replies":[{"embeddable":true,"href":"https:\/\/unedpamplona.es\/eu\/wp-json\/wp\/v2\/comments?post=5125"}],"version-history":[{"count":4,"href":"https:\/\/unedpamplona.es\/eu\/wp-json\/wp\/v2\/posts\/5125\/revisions"}],"predecessor-version":[{"id":5134,"href":"https:\/\/unedpamplona.es\/eu\/wp-json\/wp\/v2\/posts\/5125\/revisions\/5134"}],"wp:featuredmedia":[{"embeddable":true,"href":"https:\/\/unedpamplona.es\/eu\/wp-json\/wp\/v2\/media\/5126"}],"wp:attachment":[{"href":"https:\/\/unedpamplona.es\/eu\/wp-json\/wp\/v2\/media?parent=5125"}],"wp:term":[{"taxonomy":"category","embeddable":true,"href":"https:\/\/unedpamplona.es\/eu\/wp-json\/wp\/v2\/categories?post=5125"},{"taxonomy":"post_tag","embeddable":true,"href":"https:\/\/unedpamplona.es\/eu\/wp-json\/wp\/v2\/tags?post=5125"}],"curies":[{"name":"wp","href":"https:\/\/api.w.org\/{rel}","templated":true}]}}