{"id":5155,"date":"2024-10-17T10:22:55","date_gmt":"2024-10-17T08:22:55","guid":{"rendered":"https:\/\/unedpamplona.es\/?p=5155"},"modified":"2024-10-22T13:44:11","modified_gmt":"2024-10-22T11:44:11","slug":"uned-pamplona-celebro-el-acto-de-apertura-2024-25","status":"publish","type":"post","link":"https:\/\/unedpamplona.es\/eu\/uned-pamplona-celebro-el-acto-de-apertura-2024-25\/","title":{"rendered":"UNED Pamplona celebra el Acto de Apertura del nuevo curso 2024-2025"},"content":{"rendered":"<p>UNED Pamplona celebr\u00f3 el 16 de octubre el Acto de Apertura del nuevo curso acad\u00e9mico 2024-25 en el aula Fernando Remacha del Edificio El Sario. El acto cont\u00f3 con la presencia de la vicerrectora de Personal Docente e Investigador de la UNED, Elisa Chuli\u00e1; de la consejera de Universidad, Innovaci\u00f3n y Transformaci\u00f3n Digital, Patricia Fanlo; de la directora de UNED Pamplona, Teresa Im\u00edzcoz; y de Jos\u00e9 Miguel Laco, Secretario de UNED Pamplona, entre otras autoridades acad\u00e9micas y pol\u00edticas de la Comunidad Foral.<\/p>\n<p><strong>Jos\u00e9 Miguel Laco<\/strong> present\u00f3 el resumen de la memoria del curso 2023-2024. Posteriormente, la profesora y doctora <strong>Olatz Ormaetxea<\/strong> imparti\u00f3 la lecci\u00f3n inaugural, titulada \u201cBienestar familiar y emocional en tiempos de hoy: &#8220;En estos tiempos convulsos, quiero transmitir un halo de esperanza a trav\u00e9s de los valores que considero m\u00e1s importantes en mi vida: el amor y las relaciones saludables entre personas&#8221;.<\/p>\n<p>Durante el acto, tambi\u00e9n se entregaron los diplomas a una representaci\u00f3n de estudiantes que finalizaron sus estudios el pasado curso, y se concedi\u00f3 la la Insignia de Honor a los profesores <strong>Arturo Hugo Ari\u00f1o Plana y Diego Mart\u00edn Maza Ozcoidi,<\/strong> docentes con veinte a\u00f1os de vinculaci\u00f3n en el centro.<\/p>\n<p>Por su parte, la directora de UNED Pamplona,<strong> Teresa Im\u00edzcoz<\/strong>, se\u00f1al\u00f3 en su discurso que &#8220;nuestra primera obligaci\u00f3n es preguntarnos si estamos a la altura de lo que se espera de nosotros&#8221;. \u00bfEstamos ofreciendo un buen servicio a la sociedad? \u00bfSomos capaces de dar respuestas a los retos de nuestro tiempo? La universidad no ha sido nunca -y menos puede serlo ahora- una instituci\u00f3n al margen de los problemas reales de la sociedad. En un mundo lleno de incertidumbres, disrupciones tecnol\u00f3gicas y crisis de diversa \u00edndole, la primera pregunta que hemos de hacernos es si estamos construyendo una universidad responsable, social y atenta a la diversidad de nuestro mundo&#8221;, expuso la directora de UNED Pamplona.<\/p>\n<p>La consejera de Universidad, Innovaci\u00f3n y Transformaci\u00f3n Digital, <strong>Patricia Fanlo,<\/strong> reconoci\u00f3 la importancia de esta instituci\u00f3n para la educaci\u00f3n superior en Navarra. Durante su intervenci\u00f3n, Fanlo\u00a0 destac\u00f3 el papel fundamental de la UNED en Navarra, al afirmar que \u201ceste centro es un pilar fundamental de la educaci\u00f3n a distancia en nuestra Comunidad y un referente en el \u00e1mbito nacional\u201d. En este sentido, resalt\u00f3 que las m\u00e1s de 9.000 matr\u00edculas alcanzadas el pasado curso son un claro reflejo del creciente inter\u00e9s por la oferta acad\u00e9mica y cultural de la UNED, no s\u00f3lo entre la poblaci\u00f3n m\u00e1s joven, sino tambi\u00e9n entre los mayores, gracias al programa UNED Senior.<\/p>\n<p><strong>9.500 matr\u00edculas en UNED Pamplona<\/strong><\/p>\n<p>En cuanto a la oferta acad\u00e9mica, UNED Pamplona ha alcanzado m\u00e1s de 9.500 matr\u00edculas el pasado curso, con 132 tutores y tutoras. El centro ofrece 30 grados, 11 grados combinados, 75 m\u00e1steres oficiales y 23 microt\u00edtulos, adem\u00e1s de una importante oferta de extensi\u00f3n universitaria.<\/p>\n<p>Los estudios del Grado en Psicolog\u00eda han sido, una vez m\u00e1s, los m\u00e1s demandados, seguidos de Geograf\u00eda e Historia, y Derecho.\u00a0En t\u00e9rminos de edad, la mayor\u00eda de los estudiantes se encuentran en la franja de 40 a 49 a\u00f1os, aunque el centro tambi\u00e9n cuenta con alumnado mayor, entre el que destaca una estudiante de 88 a\u00f1os, matriculada en el Grado de Estudios Ingleses.<\/p>\n<p>La ceremonia cont\u00f3 con la actuaci\u00f3n musical del Orfe\u00f3n Pamplon\u00e9s y concluy\u00f3 con la tradicional interpretaci\u00f3n del \u201cGaudeamus Igitur\u201d.<\/p>\n<p><strong><a href=\"https:\/\/youtu.be\/RA5FrUZAD08\">V\u00cdDEO DEL ACTO COMPLETO\u00a0<\/a><\/strong><\/p>\n<p>&nbsp;<\/p>\n<p>&nbsp;<\/p>\n","protected":false},"excerpt":{"rendered":"<p>UNED Pamplona celebr\u00f3 el 16 de octubre el Acto de Apertura del nuevo curso acad\u00e9mico 2024-25 en el aula Fernando Remacha del Edificio El Sario. El acto cont\u00f3 con la presencia de la vicerrectora de Personal Docente e Investigador de la UNED, Elisa Chuli\u00e1; de la consejera de Universidad, Innovaci\u00f3n y Transformaci\u00f3n Digital, Patricia Fanlo; [&hellip;]<\/p>\n","protected":false},"author":2,"featured_media":5181,"comment_status":"closed","ping_status":"closed","sticky":false,"template":"","format":"standard","meta":{"footnotes":""},"categories":[1],"tags":[],"yoast_head":"<!-- This site is optimized with the Yoast SEO plugin v22.5 - https:\/\/yoast.com\/wordpress\/plugins\/seo\/ -->\n<title>UNED Pamplona celebra el Acto de Apertura del nuevo curso 2024-2025 - UNED Pamplona<\/title>\n<meta name=\"robots\" content=\"index, follow, max-snippet:-1, max-image-preview:large, max-video-preview:-1\" \/>\n<link rel=\"canonical\" href=\"https:\/\/unedpamplona.es\/eu\/uned-pamplona-celebro-el-acto-de-apertura-2024-25\/\" \/>\n<meta property=\"og:locale\" content=\"eu_ES\" \/>\n<meta property=\"og:type\" content=\"article\" \/>\n<meta property=\"og:title\" content=\"UNED Pamplona celebra el Acto de Apertura del nuevo curso 2024-2025 - UNED Pamplona\" \/>\n<meta property=\"og:description\" content=\"UNED Pamplona celebr\u00f3 el 16 de octubre el Acto de Apertura del nuevo curso acad\u00e9mico 2024-25 en el aula Fernando Remacha del Edificio El Sario. El acto cont\u00f3 con la presencia de la vicerrectora de Personal Docente e Investigador de la UNED, Elisa Chuli\u00e1; de la consejera de Universidad, Innovaci\u00f3n y Transformaci\u00f3n Digital, Patricia Fanlo; [&hellip;]\" \/>\n<meta property=\"og:url\" content=\"https:\/\/unedpamplona.es\/eu\/uned-pamplona-celebro-el-acto-de-apertura-2024-25\/\" \/>\n<meta property=\"og:site_name\" content=\"UNED Pamplona\" \/>\n<meta property=\"article:published_time\" content=\"2024-10-17T08:22:55+00:00\" \/>\n<meta property=\"article:modified_time\" content=\"2024-10-22T11:44:11+00:00\" \/>\n<meta property=\"og:image\" content=\"https:\/\/unedpamplona.es\/wp-content\/uploads\/2024\/10\/MO1_4170-scaled.jpg\" \/>\n\t<meta property=\"og:image:width\" content=\"2560\" \/>\n\t<meta property=\"og:image:height\" content=\"1707\" \/>\n\t<meta property=\"og:image:type\" content=\"image\/jpeg\" \/>\n<meta name=\"author\" content=\"uned\" \/>\n<meta name=\"twitter:card\" content=\"summary_large_image\" \/>\n<meta name=\"twitter:creator\" content=\"@unedpamplona\" \/>\n<meta name=\"twitter:site\" content=\"@unedpamplona\" \/>\n<meta name=\"twitter:label1\" content=\"Written by\" \/>\n\t<meta name=\"twitter:data1\" content=\"uned\" \/>\n\t<meta name=\"twitter:label2\" content=\"Est. reading time\" \/>\n\t<meta name=\"twitter:data2\" content=\"3 minutes\" \/>\n<script type=\"application\/ld+json\" class=\"yoast-schema-graph\">{\"@context\":\"https:\/\/schema.org\",\"@graph\":[{\"@type\":\"Article\",\"@id\":\"https:\/\/unedpamplona.es\/eu\/uned-pamplona-celebro-el-acto-de-apertura-2024-25\/#article\",\"isPartOf\":{\"@id\":\"https:\/\/unedpamplona.es\/eu\/uned-pamplona-celebro-el-acto-de-apertura-2024-25\/\"},\"author\":{\"name\":\"uned\",\"@id\":\"https:\/\/unedpamplona.es\/eu\/#\/schema\/person\/62a05b70c6808d41d8de2111f2b5f568\"},\"headline\":\"UNED Pamplona celebra el Acto de Apertura del nuevo curso 2024-2025\",\"datePublished\":\"2024-10-17T08:22:55+00:00\",\"dateModified\":\"2024-10-22T11:44:11+00:00\",\"mainEntityOfPage\":{\"@id\":\"https:\/\/unedpamplona.es\/eu\/uned-pamplona-celebro-el-acto-de-apertura-2024-25\/\"},\"wordCount\":607,\"publisher\":{\"@id\":\"https:\/\/unedpamplona.es\/eu\/#organization\"},\"image\":{\"@id\":\"https:\/\/unedpamplona.es\/eu\/uned-pamplona-celebro-el-acto-de-apertura-2024-25\/#primaryimage\"},\"thumbnailUrl\":\"https:\/\/unedpamplona.es\/wp-content\/uploads\/2024\/10\/MO1_4170-scaled.jpg\",\"articleSection\":[\"Sin categorizar\"],\"inLanguage\":\"eu-ES\"},{\"@type\":\"WebPage\",\"@id\":\"https:\/\/unedpamplona.es\/eu\/uned-pamplona-celebro-el-acto-de-apertura-2024-25\/\",\"url\":\"https:\/\/unedpamplona.es\/eu\/uned-pamplona-celebro-el-acto-de-apertura-2024-25\/\",\"name\":\"UNED Pamplona celebra el Acto de Apertura del nuevo curso 2024-2025 - UNED Pamplona\",\"isPartOf\":{\"@id\":\"https:\/\/unedpamplona.es\/eu\/#website\"},\"primaryImageOfPage\":{\"@id\":\"https:\/\/unedpamplona.es\/eu\/uned-pamplona-celebro-el-acto-de-apertura-2024-25\/#primaryimage\"},\"image\":{\"@id\":\"https:\/\/unedpamplona.es\/eu\/uned-pamplona-celebro-el-acto-de-apertura-2024-25\/#primaryimage\"},\"thumbnailUrl\":\"https:\/\/unedpamplona.es\/wp-content\/uploads\/2024\/10\/MO1_4170-scaled.jpg\",\"datePublished\":\"2024-10-17T08:22:55+00:00\",\"dateModified\":\"2024-10-22T11:44:11+00:00\",\"inLanguage\":\"eu-ES\",\"potentialAction\":[{\"@type\":\"ReadAction\",\"target\":[\"https:\/\/unedpamplona.es\/eu\/uned-pamplona-celebro-el-acto-de-apertura-2024-25\/\"]}]},{\"@type\":\"ImageObject\",\"inLanguage\":\"eu-ES\",\"@id\":\"https:\/\/unedpamplona.es\/eu\/uned-pamplona-celebro-el-acto-de-apertura-2024-25\/#primaryimage\",\"url\":\"https:\/\/unedpamplona.es\/wp-content\/uploads\/2024\/10\/MO1_4170-scaled.jpg\",\"contentUrl\":\"https:\/\/unedpamplona.es\/wp-content\/uploads\/2024\/10\/MO1_4170-scaled.jpg\",\"width\":2560,\"height\":1707},{\"@type\":\"WebSite\",\"@id\":\"https:\/\/unedpamplona.es\/eu\/#website\",\"url\":\"https:\/\/unedpamplona.es\/eu\/\",\"name\":\"UNED Pamplona\",\"description\":\"\",\"publisher\":{\"@id\":\"https:\/\/unedpamplona.es\/eu\/#organization\"},\"potentialAction\":[{\"@type\":\"SearchAction\",\"target\":{\"@type\":\"EntryPoint\",\"urlTemplate\":\"https:\/\/unedpamplona.es\/eu\/?s={search_term_string}\"},\"query-input\":\"required name=search_term_string\"}],\"inLanguage\":\"eu-ES\"},{\"@type\":\"Organization\",\"@id\":\"https:\/\/unedpamplona.es\/eu\/#organization\",\"name\":\"UNED Pamplona\",\"url\":\"https:\/\/unedpamplona.es\/eu\/\",\"logo\":{\"@type\":\"ImageObject\",\"inLanguage\":\"eu-ES\",\"@id\":\"https:\/\/unedpamplona.es\/eu\/#\/schema\/logo\/image\/\",\"url\":\"https:\/\/unedpamplona.es\/wp-content\/uploads\/2024\/02\/uned_pamplona_logo.png\",\"contentUrl\":\"https:\/\/unedpamplona.es\/wp-content\/uploads\/2024\/02\/uned_pamplona_logo.png\",\"width\":218,\"height\":104,\"caption\":\"UNED Pamplona\"},\"image\":{\"@id\":\"https:\/\/unedpamplona.es\/eu\/#\/schema\/logo\/image\/\"},\"sameAs\":[\"https:\/\/x.com\/unedpamplona\",\"https:\/\/www.youtube.com\/channel\/UCR2jc6TbCMAPnbcA17Z0wwg\",\"https:\/\/www.instagram.com\/unedpamplona\/\"]},{\"@type\":\"Person\",\"@id\":\"https:\/\/unedpamplona.es\/eu\/#\/schema\/person\/62a05b70c6808d41d8de2111f2b5f568\",\"name\":\"uned\",\"image\":{\"@type\":\"ImageObject\",\"inLanguage\":\"eu-ES\",\"@id\":\"https:\/\/unedpamplona.es\/eu\/#\/schema\/person\/image\/\",\"url\":\"https:\/\/secure.gravatar.com\/avatar\/344a1f8262dc552fd951ddf77b72239b?s=96&d=mm&r=g\",\"contentUrl\":\"https:\/\/secure.gravatar.com\/avatar\/344a1f8262dc552fd951ddf77b72239b?s=96&d=mm&r=g\",\"caption\":\"uned\"},\"url\":\"https:\/\/unedpamplona.es\/eu\/author\/uned\/\"}]}<\/script>\n<!-- \/ Yoast SEO plugin. -->","yoast_head_json":{"title":"UNED Pamplona celebra el Acto de Apertura del nuevo curso 2024-2025 - UNED Pamplona","robots":{"index":"index","follow":"follow","max-snippet":"max-snippet:-1","max-image-preview":"max-image-preview:large","max-video-preview":"max-video-preview:-1"},"canonical":"https:\/\/unedpamplona.es\/eu\/uned-pamplona-celebro-el-acto-de-apertura-2024-25\/","og_locale":"eu_ES","og_type":"article","og_title":"UNED Pamplona celebra el Acto de Apertura del nuevo curso 2024-2025 - UNED Pamplona","og_description":"UNED Pamplona celebr\u00f3 el 16 de octubre el Acto de Apertura del nuevo curso acad\u00e9mico 2024-25 en el aula Fernando Remacha del Edificio El Sario. El acto cont\u00f3 con la presencia de la vicerrectora de Personal Docente e Investigador de la UNED, Elisa Chuli\u00e1; de la consejera de Universidad, Innovaci\u00f3n y Transformaci\u00f3n Digital, Patricia Fanlo; [&hellip;]","og_url":"https:\/\/unedpamplona.es\/eu\/uned-pamplona-celebro-el-acto-de-apertura-2024-25\/","og_site_name":"UNED Pamplona","article_published_time":"2024-10-17T08:22:55+00:00","article_modified_time":"2024-10-22T11:44:11+00:00","og_image":[{"width":2560,"height":1707,"url":"https:\/\/unedpamplona.es\/wp-content\/uploads\/2024\/10\/MO1_4170-scaled.jpg","type":"image\/jpeg"}],"author":"uned","twitter_card":"summary_large_image","twitter_creator":"@unedpamplona","twitter_site":"@unedpamplona","twitter_misc":{"Written by":"uned","Est. reading time":"3 minutes"},"schema":{"@context":"https:\/\/schema.org","@graph":[{"@type":"Article","@id":"https:\/\/unedpamplona.es\/eu\/uned-pamplona-celebro-el-acto-de-apertura-2024-25\/#article","isPartOf":{"@id":"https:\/\/unedpamplona.es\/eu\/uned-pamplona-celebro-el-acto-de-apertura-2024-25\/"},"author":{"name":"uned","@id":"https:\/\/unedpamplona.es\/eu\/#\/schema\/person\/62a05b70c6808d41d8de2111f2b5f568"},"headline":"UNED Pamplona celebra el Acto de Apertura del nuevo curso 2024-2025","datePublished":"2024-10-17T08:22:55+00:00","dateModified":"2024-10-22T11:44:11+00:00","mainEntityOfPage":{"@id":"https:\/\/unedpamplona.es\/eu\/uned-pamplona-celebro-el-acto-de-apertura-2024-25\/"},"wordCount":607,"publisher":{"@id":"https:\/\/unedpamplona.es\/eu\/#organization"},"image":{"@id":"https:\/\/unedpamplona.es\/eu\/uned-pamplona-celebro-el-acto-de-apertura-2024-25\/#primaryimage"},"thumbnailUrl":"https:\/\/unedpamplona.es\/wp-content\/uploads\/2024\/10\/MO1_4170-scaled.jpg","articleSection":["Sin categorizar"],"inLanguage":"eu-ES"},{"@type":"WebPage","@id":"https:\/\/unedpamplona.es\/eu\/uned-pamplona-celebro-el-acto-de-apertura-2024-25\/","url":"https:\/\/unedpamplona.es\/eu\/uned-pamplona-celebro-el-acto-de-apertura-2024-25\/","name":"UNED Pamplona celebra el Acto de Apertura del nuevo curso 2024-2025 - UNED Pamplona","isPartOf":{"@id":"https:\/\/unedpamplona.es\/eu\/#website"},"primaryImageOfPage":{"@id":"https:\/\/unedpamplona.es\/eu\/uned-pamplona-celebro-el-acto-de-apertura-2024-25\/#primaryimage"},"image":{"@id":"https:\/\/unedpamplona.es\/eu\/uned-pamplona-celebro-el-acto-de-apertura-2024-25\/#primaryimage"},"thumbnailUrl":"https:\/\/unedpamplona.es\/wp-content\/uploads\/2024\/10\/MO1_4170-scaled.jpg","datePublished":"2024-10-17T08:22:55+00:00","dateModified":"2024-10-22T11:44:11+00:00","inLanguage":"eu-ES","potentialAction":[{"@type":"ReadAction","target":["https:\/\/unedpamplona.es\/eu\/uned-pamplona-celebro-el-acto-de-apertura-2024-25\/"]}]},{"@type":"ImageObject","inLanguage":"eu-ES","@id":"https:\/\/unedpamplona.es\/eu\/uned-pamplona-celebro-el-acto-de-apertura-2024-25\/#primaryimage","url":"https:\/\/unedpamplona.es\/wp-content\/uploads\/2024\/10\/MO1_4170-scaled.jpg","contentUrl":"https:\/\/unedpamplona.es\/wp-content\/uploads\/2024\/10\/MO1_4170-scaled.jpg","width":2560,"height":1707},{"@type":"WebSite","@id":"https:\/\/unedpamplona.es\/eu\/#website","url":"https:\/\/unedpamplona.es\/eu\/","name":"UNED Pamplona","description":"","publisher":{"@id":"https:\/\/unedpamplona.es\/eu\/#organization"},"potentialAction":[{"@type":"SearchAction","target":{"@type":"EntryPoint","urlTemplate":"https:\/\/unedpamplona.es\/eu\/?s={search_term_string}"},"query-input":"required name=search_term_string"}],"inLanguage":"eu-ES"},{"@type":"Organization","@id":"https:\/\/unedpamplona.es\/eu\/#organization","name":"UNED Pamplona","url":"https:\/\/unedpamplona.es\/eu\/","logo":{"@type":"ImageObject","inLanguage":"eu-ES","@id":"https:\/\/unedpamplona.es\/eu\/#\/schema\/logo\/image\/","url":"https:\/\/unedpamplona.es\/wp-content\/uploads\/2024\/02\/uned_pamplona_logo.png","contentUrl":"https:\/\/unedpamplona.es\/wp-content\/uploads\/2024\/02\/uned_pamplona_logo.png","width":218,"height":104,"caption":"UNED Pamplona"},"image":{"@id":"https:\/\/unedpamplona.es\/eu\/#\/schema\/logo\/image\/"},"sameAs":["https:\/\/x.com\/unedpamplona","https:\/\/www.youtube.com\/channel\/UCR2jc6TbCMAPnbcA17Z0wwg","https:\/\/www.instagram.com\/unedpamplona\/"]},{"@type":"Person","@id":"https:\/\/unedpamplona.es\/eu\/#\/schema\/person\/62a05b70c6808d41d8de2111f2b5f568","name":"uned","image":{"@type":"ImageObject","inLanguage":"eu-ES","@id":"https:\/\/unedpamplona.es\/eu\/#\/schema\/person\/image\/","url":"https:\/\/secure.gravatar.com\/avatar\/344a1f8262dc552fd951ddf77b72239b?s=96&d=mm&r=g","contentUrl":"https:\/\/secure.gravatar.com\/avatar\/344a1f8262dc552fd951ddf77b72239b?s=96&d=mm&r=g","caption":"uned"},"url":"https:\/\/unedpamplona.es\/eu\/author\/uned\/"}]}},"_links":{"self":[{"href":"https:\/\/unedpamplona.es\/eu\/wp-json\/wp\/v2\/posts\/5155"}],"collection":[{"href":"https:\/\/unedpamplona.es\/eu\/wp-json\/wp\/v2\/posts"}],"about":[{"href":"https:\/\/unedpamplona.es\/eu\/wp-json\/wp\/v2\/types\/post"}],"author":[{"embeddable":true,"href":"https:\/\/unedpamplona.es\/eu\/wp-json\/wp\/v2\/users\/2"}],"replies":[{"embeddable":true,"href":"https:\/\/unedpamplona.es\/eu\/wp-json\/wp\/v2\/comments?post=5155"}],"version-history":[{"count":11,"href":"https:\/\/unedpamplona.es\/eu\/wp-json\/wp\/v2\/posts\/5155\/revisions"}],"predecessor-version":[{"id":5304,"href":"https:\/\/unedpamplona.es\/eu\/wp-json\/wp\/v2\/posts\/5155\/revisions\/5304"}],"wp:featuredmedia":[{"embeddable":true,"href":"https:\/\/unedpamplona.es\/eu\/wp-json\/wp\/v2\/media\/5181"}],"wp:attachment":[{"href":"https:\/\/unedpamplona.es\/eu\/wp-json\/wp\/v2\/media?parent=5155"}],"wp:term":[{"taxonomy":"category","embeddable":true,"href":"https:\/\/unedpamplona.es\/eu\/wp-json\/wp\/v2\/categories?post=5155"},{"taxonomy":"post_tag","embeddable":true,"href":"https:\/\/unedpamplona.es\/eu\/wp-json\/wp\/v2\/tags?post=5155"}],"curies":[{"name":"wp","href":"https:\/\/api.w.org\/{rel}","templated":true}]}}