{"id":5526,"date":"2024-11-05T09:26:48","date_gmt":"2024-11-05T08:26:48","guid":{"rendered":"https:\/\/unedpamplona.es\/?p=5526"},"modified":"2024-11-22T11:45:48","modified_gmt":"2024-11-22T10:45:48","slug":"jornadas-sobre-vivienda-retos-actuales-y-soluciones","status":"publish","type":"post","link":"https:\/\/unedpamplona.es\/eu\/jornadas-sobre-vivienda-retos-actuales-y-soluciones\/","title":{"rendered":"UNED Pamplona acoge las jornadas sobre vivienda: retos actuales y soluciones"},"content":{"rendered":"<p>UNED Pamplona acoge esta semana unas jornadas sobre la vivienda. Los cambios experimentados desde hace unas d\u00e9cadas han provocado modificaciones en nuestro estilo de vida y han puesto de manifiesto problemas que parecen estar lejos de haber encontrado una soluci\u00f3n definitiva.<\/p>\n<p>Estas jornadas cuentan con la colaboraci\u00f3n del Parlamento de Navarra y persiguen un <strong>doble objetivo.<\/strong><\/p>\n<ul>\n<li>Por un lado, buscan reunir a tres de los m\u00e1s reputados especialistas que han tratado la cuesti\u00f3n de la vivienda desde el \u00e1mbito de la sociolog\u00eda, el urbanismo y los estudios sociales aplicados. Buscando cubrir frentes a menudo descuidados en este debate, los ponentes introducir\u00e1n al p\u00fablico en la noci\u00f3n de los \u201cbarrios vulnerables\u201d, en el problema de la vivienda en Espa\u00f1a y c\u00f3mo se ve afectado por la vivienda rural y la cuesti\u00f3n del fen\u00f3meno llamado \u201csoledad residencial\u201d.<\/li>\n<li>Por otro lado, la \u00faltima de nuestras sesiones pretende centrar el foco en un diagn\u00f3stico de la situaci\u00f3n \u201ca pie de calle\u201d sobre uno de los puntos del Plan Anual Normativo del Gobierno de Navarra, el tocante a la Ley Foral del Derecho a la Vivienda en Navarra. Gracias al formato de mesa redonda, se producir\u00e1 una conversaci\u00f3n con representantes de distintos colectivos y plataformas que trabajaban en la b\u00fasqueda de soluciones reales.<\/li>\n<\/ul>\n<p>Las jornadas se desarrollan los d\u00edas <strong>18, 19, 20 y 21 de noviembre,<\/strong> con las participaci\u00f3n de los siguientes <strong>ponentes<\/strong>:<\/p>\n<ul>\n<li><strong>Julio A. Del Pino Artacho,<\/strong> profesor titular de Sociolog\u00eda, UNED<\/li>\n<li><strong>Agust\u00edn Hern\u00e1ndez Aja, <\/strong>catedr\u00e1tico em\u00e9rito contratado de la Universidad Polit\u00e9cnica de Madrid<\/li>\n<li><strong>Irene Lebrus\u00e1n Murillo, <\/strong>profesora en la Universidad Aut\u00f3noma de Madrid. Investigadora en el Centro Internacional sobre el Envejecimiento (CENIE)<\/li>\n<\/ul>\n<p>La entrada es <strong>GRATUITA<\/strong> hasta completar aforo. Es necesario inscribirse en el siguiente enlace<\/p>\n<p style=\"text-align: center;\"><a href=\"https:\/\/extension.uned.es\/actividad\/40903&amp;codigo=JSVRA\">INSCRIPCI\u00d3N GRATUITA<\/a><\/p>\n<p>&nbsp;<\/p>\n<p>*Aunque se recomienda la asistencia presencial, pues facilita una provechosa interacci\u00f3n con los ponentes, las ponencias se retransmitir\u00e1n \u00edntegras online en directo. Asimismo, quienes se matriculen en la modalidad \u201conline diferido\u201d recibir\u00e1n un enlace con las grabaciones.<\/p>\n","protected":false},"excerpt":{"rendered":"<p>UNED Pamplona acoge esta semana unas jornadas sobre la vivienda. Los cambios experimentados desde hace unas d\u00e9cadas han provocado modificaciones en nuestro estilo de vida y han puesto de manifiesto problemas que parecen estar lejos de haber encontrado una soluci\u00f3n definitiva. Estas jornadas cuentan con la colaboraci\u00f3n del Parlamento de Navarra y persiguen un doble [&hellip;]<\/p>\n","protected":false},"author":2,"featured_media":5709,"comment_status":"closed","ping_status":"closed","sticky":false,"template":"","format":"standard","meta":{"footnotes":""},"categories":[44],"tags":[],"yoast_head":"<!-- This site is optimized with the Yoast SEO plugin v22.5 - https:\/\/yoast.com\/wordpress\/plugins\/seo\/ -->\n<title>UNED Pamplona acoge las jornadas sobre vivienda: retos actuales y soluciones - UNED Pamplona<\/title>\n<meta name=\"robots\" content=\"index, follow, max-snippet:-1, max-image-preview:large, max-video-preview:-1\" \/>\n<link rel=\"canonical\" href=\"https:\/\/unedpamplona.es\/eu\/jornadas-sobre-vivienda-retos-actuales-y-soluciones\/\" \/>\n<meta property=\"og:locale\" content=\"eu_ES\" \/>\n<meta property=\"og:type\" content=\"article\" \/>\n<meta property=\"og:title\" content=\"UNED Pamplona acoge las jornadas sobre vivienda: retos actuales y soluciones - UNED Pamplona\" \/>\n<meta property=\"og:description\" content=\"UNED Pamplona acoge esta semana unas jornadas sobre la vivienda. Los cambios experimentados desde hace unas d\u00e9cadas han provocado modificaciones en nuestro estilo de vida y han puesto de manifiesto problemas que parecen estar lejos de haber encontrado una soluci\u00f3n definitiva. Estas jornadas cuentan con la colaboraci\u00f3n del Parlamento de Navarra y persiguen un doble [&hellip;]\" \/>\n<meta property=\"og:url\" content=\"https:\/\/unedpamplona.es\/eu\/jornadas-sobre-vivienda-retos-actuales-y-soluciones\/\" \/>\n<meta property=\"og:site_name\" content=\"UNED Pamplona\" \/>\n<meta property=\"article:published_time\" content=\"2024-11-05T08:26:48+00:00\" \/>\n<meta property=\"article:modified_time\" content=\"2024-11-22T10:45:48+00:00\" \/>\n<meta property=\"og:image\" content=\"https:\/\/unedpamplona.es\/wp-content\/uploads\/2024\/11\/Vivienda2-scaled.jpeg\" \/>\n\t<meta property=\"og:image:width\" content=\"1920\" \/>\n\t<meta property=\"og:image:height\" content=\"2560\" \/>\n\t<meta property=\"og:image:type\" content=\"image\/jpeg\" \/>\n<meta name=\"author\" content=\"uned\" \/>\n<meta name=\"twitter:card\" content=\"summary_large_image\" \/>\n<meta name=\"twitter:creator\" content=\"@unedpamplona\" \/>\n<meta name=\"twitter:site\" content=\"@unedpamplona\" \/>\n<meta name=\"twitter:label1\" content=\"Written by\" \/>\n\t<meta name=\"twitter:data1\" content=\"uned\" \/>\n\t<meta name=\"twitter:label2\" content=\"Est. reading time\" \/>\n\t<meta name=\"twitter:data2\" content=\"2 minutes\" \/>\n<script type=\"application\/ld+json\" class=\"yoast-schema-graph\">{\"@context\":\"https:\/\/schema.org\",\"@graph\":[{\"@type\":\"Article\",\"@id\":\"https:\/\/unedpamplona.es\/eu\/jornadas-sobre-vivienda-retos-actuales-y-soluciones\/#article\",\"isPartOf\":{\"@id\":\"https:\/\/unedpamplona.es\/eu\/jornadas-sobre-vivienda-retos-actuales-y-soluciones\/\"},\"author\":{\"name\":\"uned\",\"@id\":\"https:\/\/unedpamplona.es\/eu\/#\/schema\/person\/62a05b70c6808d41d8de2111f2b5f568\"},\"headline\":\"UNED Pamplona acoge las jornadas sobre vivienda: retos actuales y soluciones\",\"datePublished\":\"2024-11-05T08:26:48+00:00\",\"dateModified\":\"2024-11-22T10:45:48+00:00\",\"mainEntityOfPage\":{\"@id\":\"https:\/\/unedpamplona.es\/eu\/jornadas-sobre-vivienda-retos-actuales-y-soluciones\/\"},\"wordCount\":361,\"publisher\":{\"@id\":\"https:\/\/unedpamplona.es\/eu\/#organization\"},\"image\":{\"@id\":\"https:\/\/unedpamplona.es\/eu\/jornadas-sobre-vivienda-retos-actuales-y-soluciones\/#primaryimage\"},\"thumbnailUrl\":\"https:\/\/unedpamplona.es\/wp-content\/uploads\/2024\/11\/Vivienda2-scaled.jpeg\",\"articleSection\":[\"Jornadas\"],\"inLanguage\":\"eu-ES\"},{\"@type\":\"WebPage\",\"@id\":\"https:\/\/unedpamplona.es\/eu\/jornadas-sobre-vivienda-retos-actuales-y-soluciones\/\",\"url\":\"https:\/\/unedpamplona.es\/eu\/jornadas-sobre-vivienda-retos-actuales-y-soluciones\/\",\"name\":\"UNED Pamplona acoge las jornadas sobre vivienda: retos actuales y soluciones - UNED Pamplona\",\"isPartOf\":{\"@id\":\"https:\/\/unedpamplona.es\/eu\/#website\"},\"primaryImageOfPage\":{\"@id\":\"https:\/\/unedpamplona.es\/eu\/jornadas-sobre-vivienda-retos-actuales-y-soluciones\/#primaryimage\"},\"image\":{\"@id\":\"https:\/\/unedpamplona.es\/eu\/jornadas-sobre-vivienda-retos-actuales-y-soluciones\/#primaryimage\"},\"thumbnailUrl\":\"https:\/\/unedpamplona.es\/wp-content\/uploads\/2024\/11\/Vivienda2-scaled.jpeg\",\"datePublished\":\"2024-11-05T08:26:48+00:00\",\"dateModified\":\"2024-11-22T10:45:48+00:00\",\"inLanguage\":\"eu-ES\",\"potentialAction\":[{\"@type\":\"ReadAction\",\"target\":[\"https:\/\/unedpamplona.es\/eu\/jornadas-sobre-vivienda-retos-actuales-y-soluciones\/\"]}]},{\"@type\":\"ImageObject\",\"inLanguage\":\"eu-ES\",\"@id\":\"https:\/\/unedpamplona.es\/eu\/jornadas-sobre-vivienda-retos-actuales-y-soluciones\/#primaryimage\",\"url\":\"https:\/\/unedpamplona.es\/wp-content\/uploads\/2024\/11\/Vivienda2-scaled.jpeg\",\"contentUrl\":\"https:\/\/unedpamplona.es\/wp-content\/uploads\/2024\/11\/Vivienda2-scaled.jpeg\",\"width\":1920,\"height\":2560},{\"@type\":\"WebSite\",\"@id\":\"https:\/\/unedpamplona.es\/eu\/#website\",\"url\":\"https:\/\/unedpamplona.es\/eu\/\",\"name\":\"UNED Pamplona\",\"description\":\"\",\"publisher\":{\"@id\":\"https:\/\/unedpamplona.es\/eu\/#organization\"},\"potentialAction\":[{\"@type\":\"SearchAction\",\"target\":{\"@type\":\"EntryPoint\",\"urlTemplate\":\"https:\/\/unedpamplona.es\/eu\/?s={search_term_string}\"},\"query-input\":\"required name=search_term_string\"}],\"inLanguage\":\"eu-ES\"},{\"@type\":\"Organization\",\"@id\":\"https:\/\/unedpamplona.es\/eu\/#organization\",\"name\":\"UNED Pamplona\",\"url\":\"https:\/\/unedpamplona.es\/eu\/\",\"logo\":{\"@type\":\"ImageObject\",\"inLanguage\":\"eu-ES\",\"@id\":\"https:\/\/unedpamplona.es\/eu\/#\/schema\/logo\/image\/\",\"url\":\"https:\/\/unedpamplona.es\/wp-content\/uploads\/2024\/02\/uned_pamplona_logo.png\",\"contentUrl\":\"https:\/\/unedpamplona.es\/wp-content\/uploads\/2024\/02\/uned_pamplona_logo.png\",\"width\":218,\"height\":104,\"caption\":\"UNED Pamplona\"},\"image\":{\"@id\":\"https:\/\/unedpamplona.es\/eu\/#\/schema\/logo\/image\/\"},\"sameAs\":[\"https:\/\/x.com\/unedpamplona\",\"https:\/\/www.youtube.com\/channel\/UCR2jc6TbCMAPnbcA17Z0wwg\",\"https:\/\/www.instagram.com\/unedpamplona\/\"]},{\"@type\":\"Person\",\"@id\":\"https:\/\/unedpamplona.es\/eu\/#\/schema\/person\/62a05b70c6808d41d8de2111f2b5f568\",\"name\":\"uned\",\"image\":{\"@type\":\"ImageObject\",\"inLanguage\":\"eu-ES\",\"@id\":\"https:\/\/unedpamplona.es\/eu\/#\/schema\/person\/image\/\",\"url\":\"https:\/\/secure.gravatar.com\/avatar\/344a1f8262dc552fd951ddf77b72239b?s=96&d=mm&r=g\",\"contentUrl\":\"https:\/\/secure.gravatar.com\/avatar\/344a1f8262dc552fd951ddf77b72239b?s=96&d=mm&r=g\",\"caption\":\"uned\"},\"url\":\"https:\/\/unedpamplona.es\/eu\/author\/uned\/\"}]}<\/script>\n<!-- \/ Yoast SEO plugin. -->","yoast_head_json":{"title":"UNED Pamplona acoge las jornadas sobre vivienda: retos actuales y soluciones - UNED Pamplona","robots":{"index":"index","follow":"follow","max-snippet":"max-snippet:-1","max-image-preview":"max-image-preview:large","max-video-preview":"max-video-preview:-1"},"canonical":"https:\/\/unedpamplona.es\/eu\/jornadas-sobre-vivienda-retos-actuales-y-soluciones\/","og_locale":"eu_ES","og_type":"article","og_title":"UNED Pamplona acoge las jornadas sobre vivienda: retos actuales y soluciones - UNED Pamplona","og_description":"UNED Pamplona acoge esta semana unas jornadas sobre la vivienda. Los cambios experimentados desde hace unas d\u00e9cadas han provocado modificaciones en nuestro estilo de vida y han puesto de manifiesto problemas que parecen estar lejos de haber encontrado una soluci\u00f3n definitiva. Estas jornadas cuentan con la colaboraci\u00f3n del Parlamento de Navarra y persiguen un doble [&hellip;]","og_url":"https:\/\/unedpamplona.es\/eu\/jornadas-sobre-vivienda-retos-actuales-y-soluciones\/","og_site_name":"UNED Pamplona","article_published_time":"2024-11-05T08:26:48+00:00","article_modified_time":"2024-11-22T10:45:48+00:00","og_image":[{"width":1920,"height":2560,"url":"https:\/\/unedpamplona.es\/wp-content\/uploads\/2024\/11\/Vivienda2-scaled.jpeg","type":"image\/jpeg"}],"author":"uned","twitter_card":"summary_large_image","twitter_creator":"@unedpamplona","twitter_site":"@unedpamplona","twitter_misc":{"Written by":"uned","Est. reading time":"2 minutes"},"schema":{"@context":"https:\/\/schema.org","@graph":[{"@type":"Article","@id":"https:\/\/unedpamplona.es\/eu\/jornadas-sobre-vivienda-retos-actuales-y-soluciones\/#article","isPartOf":{"@id":"https:\/\/unedpamplona.es\/eu\/jornadas-sobre-vivienda-retos-actuales-y-soluciones\/"},"author":{"name":"uned","@id":"https:\/\/unedpamplona.es\/eu\/#\/schema\/person\/62a05b70c6808d41d8de2111f2b5f568"},"headline":"UNED Pamplona acoge las jornadas sobre vivienda: retos actuales y soluciones","datePublished":"2024-11-05T08:26:48+00:00","dateModified":"2024-11-22T10:45:48+00:00","mainEntityOfPage":{"@id":"https:\/\/unedpamplona.es\/eu\/jornadas-sobre-vivienda-retos-actuales-y-soluciones\/"},"wordCount":361,"publisher":{"@id":"https:\/\/unedpamplona.es\/eu\/#organization"},"image":{"@id":"https:\/\/unedpamplona.es\/eu\/jornadas-sobre-vivienda-retos-actuales-y-soluciones\/#primaryimage"},"thumbnailUrl":"https:\/\/unedpamplona.es\/wp-content\/uploads\/2024\/11\/Vivienda2-scaled.jpeg","articleSection":["Jornadas"],"inLanguage":"eu-ES"},{"@type":"WebPage","@id":"https:\/\/unedpamplona.es\/eu\/jornadas-sobre-vivienda-retos-actuales-y-soluciones\/","url":"https:\/\/unedpamplona.es\/eu\/jornadas-sobre-vivienda-retos-actuales-y-soluciones\/","name":"UNED Pamplona acoge las jornadas sobre vivienda: retos actuales y soluciones - UNED Pamplona","isPartOf":{"@id":"https:\/\/unedpamplona.es\/eu\/#website"},"primaryImageOfPage":{"@id":"https:\/\/unedpamplona.es\/eu\/jornadas-sobre-vivienda-retos-actuales-y-soluciones\/#primaryimage"},"image":{"@id":"https:\/\/unedpamplona.es\/eu\/jornadas-sobre-vivienda-retos-actuales-y-soluciones\/#primaryimage"},"thumbnailUrl":"https:\/\/unedpamplona.es\/wp-content\/uploads\/2024\/11\/Vivienda2-scaled.jpeg","datePublished":"2024-11-05T08:26:48+00:00","dateModified":"2024-11-22T10:45:48+00:00","inLanguage":"eu-ES","potentialAction":[{"@type":"ReadAction","target":["https:\/\/unedpamplona.es\/eu\/jornadas-sobre-vivienda-retos-actuales-y-soluciones\/"]}]},{"@type":"ImageObject","inLanguage":"eu-ES","@id":"https:\/\/unedpamplona.es\/eu\/jornadas-sobre-vivienda-retos-actuales-y-soluciones\/#primaryimage","url":"https:\/\/unedpamplona.es\/wp-content\/uploads\/2024\/11\/Vivienda2-scaled.jpeg","contentUrl":"https:\/\/unedpamplona.es\/wp-content\/uploads\/2024\/11\/Vivienda2-scaled.jpeg","width":1920,"height":2560},{"@type":"WebSite","@id":"https:\/\/unedpamplona.es\/eu\/#website","url":"https:\/\/unedpamplona.es\/eu\/","name":"UNED Pamplona","description":"","publisher":{"@id":"https:\/\/unedpamplona.es\/eu\/#organization"},"potentialAction":[{"@type":"SearchAction","target":{"@type":"EntryPoint","urlTemplate":"https:\/\/unedpamplona.es\/eu\/?s={search_term_string}"},"query-input":"required name=search_term_string"}],"inLanguage":"eu-ES"},{"@type":"Organization","@id":"https:\/\/unedpamplona.es\/eu\/#organization","name":"UNED Pamplona","url":"https:\/\/unedpamplona.es\/eu\/","logo":{"@type":"ImageObject","inLanguage":"eu-ES","@id":"https:\/\/unedpamplona.es\/eu\/#\/schema\/logo\/image\/","url":"https:\/\/unedpamplona.es\/wp-content\/uploads\/2024\/02\/uned_pamplona_logo.png","contentUrl":"https:\/\/unedpamplona.es\/wp-content\/uploads\/2024\/02\/uned_pamplona_logo.png","width":218,"height":104,"caption":"UNED Pamplona"},"image":{"@id":"https:\/\/unedpamplona.es\/eu\/#\/schema\/logo\/image\/"},"sameAs":["https:\/\/x.com\/unedpamplona","https:\/\/www.youtube.com\/channel\/UCR2jc6TbCMAPnbcA17Z0wwg","https:\/\/www.instagram.com\/unedpamplona\/"]},{"@type":"Person","@id":"https:\/\/unedpamplona.es\/eu\/#\/schema\/person\/62a05b70c6808d41d8de2111f2b5f568","name":"uned","image":{"@type":"ImageObject","inLanguage":"eu-ES","@id":"https:\/\/unedpamplona.es\/eu\/#\/schema\/person\/image\/","url":"https:\/\/secure.gravatar.com\/avatar\/344a1f8262dc552fd951ddf77b72239b?s=96&d=mm&r=g","contentUrl":"https:\/\/secure.gravatar.com\/avatar\/344a1f8262dc552fd951ddf77b72239b?s=96&d=mm&r=g","caption":"uned"},"url":"https:\/\/unedpamplona.es\/eu\/author\/uned\/"}]}},"_links":{"self":[{"href":"https:\/\/unedpamplona.es\/eu\/wp-json\/wp\/v2\/posts\/5526"}],"collection":[{"href":"https:\/\/unedpamplona.es\/eu\/wp-json\/wp\/v2\/posts"}],"about":[{"href":"https:\/\/unedpamplona.es\/eu\/wp-json\/wp\/v2\/types\/post"}],"author":[{"embeddable":true,"href":"https:\/\/unedpamplona.es\/eu\/wp-json\/wp\/v2\/users\/2"}],"replies":[{"embeddable":true,"href":"https:\/\/unedpamplona.es\/eu\/wp-json\/wp\/v2\/comments?post=5526"}],"version-history":[{"count":10,"href":"https:\/\/unedpamplona.es\/eu\/wp-json\/wp\/v2\/posts\/5526\/revisions"}],"predecessor-version":[{"id":5713,"href":"https:\/\/unedpamplona.es\/eu\/wp-json\/wp\/v2\/posts\/5526\/revisions\/5713"}],"wp:featuredmedia":[{"embeddable":true,"href":"https:\/\/unedpamplona.es\/eu\/wp-json\/wp\/v2\/media\/5709"}],"wp:attachment":[{"href":"https:\/\/unedpamplona.es\/eu\/wp-json\/wp\/v2\/media?parent=5526"}],"wp:term":[{"taxonomy":"category","embeddable":true,"href":"https:\/\/unedpamplona.es\/eu\/wp-json\/wp\/v2\/categories?post=5526"},{"taxonomy":"post_tag","embeddable":true,"href":"https:\/\/unedpamplona.es\/eu\/wp-json\/wp\/v2\/tags?post=5526"}],"curies":[{"name":"wp","href":"https:\/\/api.w.org\/{rel}","templated":true}]}}