{"id":5654,"date":"2024-11-12T16:59:35","date_gmt":"2024-11-12T15:59:35","guid":{"rendered":"https:\/\/unedpamplona.es\/?p=5654"},"modified":"2024-11-12T17:00:33","modified_gmt":"2024-11-12T16:00:33","slug":"microrrelatos-la-esencia-de-una-historia-en-pocas-palabras","status":"publish","type":"post","link":"https:\/\/unedpamplona.es\/eu\/microrrelatos-la-esencia-de-una-historia-en-pocas-palabras\/","title":{"rendered":"Microrrelatos: La esencia de una historia en pocas palabras"},"content":{"rendered":"<p>Este curso nos acercar\u00e1 al <strong>microrrelato como la manifestaci\u00f3n literaria m\u00e1s novedosa y cercana en el tiempo<\/strong>. Se considera el cuarto g\u00e9nero narrativo y el m\u00e1s emblem\u00e1tico del siglo XXI.<\/p>\n<p>La formaci\u00f3n se desarrollar\u00e1 en <strong>6 sesiones<\/strong>, distribuidas los d\u00eda 13, 20 y 27 de febrero y 6, 13 y 20 de marzo. Tendr\u00e1 una parte te\u00f3rica, pero todas las sesiones llevar\u00e1n siempre una pr\u00e1ctica que culminar\u00e1 con la participaci\u00f3n de las personas inscritas en el concurso de microrrelatos que va a convocar UNED Pamplona. La tem\u00e1tica de la formaci\u00f3n ser\u00e1 la siguiente:<\/p>\n<ul>\n<li><strong>Historia<\/strong> del microrrelato. Definici\u00f3n y caracter\u00edsticas principales. Dec\u00e1logo y los cinco sentidos del microrrelato<\/li>\n<li>\u00a0<span class=\"t color_b3\">Principales <strong>reglas del g\u00e9nero.<\/strong> Estructura del microrrelato<\/span><\/li>\n<li><strong>Tipos<\/strong> de microrrelato. Lectura y an\u00e1lisis de grandes textos. Bibliograf\u00eda recomendada<\/li>\n<li><strong>Reescritura y parodia<\/strong>. Vuelta de tuerca a textos cl\u00e1sicos<\/li>\n<li>\u00a0<span class=\"t color_b3\">Discurso sustituido. Juegos del lenguaje. Escritura emblem\u00e1tica. <strong>Microrrelatos con mensaje<\/strong>. La historia B. Visi\u00f3n trascendente<\/span><\/li>\n<li><strong>La f\u00e1bula y el bestiario.<\/strong> Moraleja y humanizaci\u00f3n de animales y objetos. El discurso mim\u00e9tico. Juegos metaliterarios<\/li>\n<\/ul>\n<p>La formaci\u00f3n est\u00e1 impartida por el <strong>escritor\u00a0<span class=\"ponente\">Francisco Javier Cano Santa B\u00e1rbara.\u00a0<\/span><\/strong><\/p>\n<p><strong><a href=\"https:\/\/extension.uned.es\/actividad\/idactividad\/40969\">MATR\u00cdCULA ABIERTA\u00a0<\/a><\/strong><\/p>\n","protected":false},"excerpt":{"rendered":"<p>Este curso nos acercar\u00e1 al microrrelato como la manifestaci\u00f3n literaria m\u00e1s novedosa y cercana en el tiempo. Se considera el cuarto g\u00e9nero narrativo y el m\u00e1s emblem\u00e1tico del siglo XXI. La formaci\u00f3n se desarrollar\u00e1 en 6 sesiones, distribuidas los d\u00eda 13, 20 y 27 de febrero y 6, 13 y 20 de marzo. Tendr\u00e1 una [&hellip;]<\/p>\n","protected":false},"author":2,"featured_media":5638,"comment_status":"closed","ping_status":"closed","sticky":false,"template":"","format":"standard","meta":{"footnotes":""},"categories":[11],"tags":[],"yoast_head":"<!-- This site is optimized with the Yoast SEO plugin v22.5 - https:\/\/yoast.com\/wordpress\/plugins\/seo\/ -->\n<title>Microrrelatos: La esencia de una historia en pocas palabras - UNED Pamplona<\/title>\n<meta name=\"description\" content=\"Literatura\" \/>\n<meta name=\"robots\" content=\"index, follow, max-snippet:-1, max-image-preview:large, max-video-preview:-1\" \/>\n<link rel=\"canonical\" href=\"https:\/\/unedpamplona.es\/eu\/microrrelatos-la-esencia-de-una-historia-en-pocas-palabras\/\" \/>\n<meta property=\"og:locale\" content=\"eu_ES\" \/>\n<meta property=\"og:type\" content=\"article\" \/>\n<meta property=\"og:title\" content=\"Microrrelatos: La esencia de una historia en pocas palabras - UNED Pamplona\" \/>\n<meta property=\"og:description\" content=\"Literatura\" \/>\n<meta property=\"og:url\" content=\"https:\/\/unedpamplona.es\/eu\/microrrelatos-la-esencia-de-una-historia-en-pocas-palabras\/\" \/>\n<meta property=\"og:site_name\" content=\"UNED Pamplona\" \/>\n<meta property=\"article:published_time\" content=\"2024-11-12T15:59:35+00:00\" \/>\n<meta property=\"article:modified_time\" content=\"2024-11-12T16:00:33+00:00\" \/>\n<meta property=\"og:image\" content=\"https:\/\/unedpamplona.es\/wp-content\/uploads\/2024\/11\/microrrelato-1-scaled.jpg\" \/>\n\t<meta property=\"og:image:width\" content=\"2560\" \/>\n\t<meta property=\"og:image:height\" content=\"1706\" \/>\n\t<meta property=\"og:image:type\" content=\"image\/jpeg\" \/>\n<meta name=\"author\" content=\"uned\" \/>\n<meta name=\"twitter:card\" content=\"summary_large_image\" \/>\n<meta name=\"twitter:creator\" content=\"@unedpamplona\" \/>\n<meta name=\"twitter:site\" content=\"@unedpamplona\" \/>\n<meta name=\"twitter:label1\" content=\"Written by\" \/>\n\t<meta name=\"twitter:data1\" content=\"uned\" \/>\n\t<meta name=\"twitter:label2\" content=\"Est. reading time\" \/>\n\t<meta name=\"twitter:data2\" content=\"2 minutes\" \/>\n<script type=\"application\/ld+json\" class=\"yoast-schema-graph\">{\"@context\":\"https:\/\/schema.org\",\"@graph\":[{\"@type\":\"Article\",\"@id\":\"https:\/\/unedpamplona.es\/eu\/microrrelatos-la-esencia-de-una-historia-en-pocas-palabras\/#article\",\"isPartOf\":{\"@id\":\"https:\/\/unedpamplona.es\/eu\/microrrelatos-la-esencia-de-una-historia-en-pocas-palabras\/\"},\"author\":{\"name\":\"uned\",\"@id\":\"https:\/\/unedpamplona.es\/eu\/#\/schema\/person\/62a05b70c6808d41d8de2111f2b5f568\"},\"headline\":\"Microrrelatos: La esencia de una historia en pocas palabras\",\"datePublished\":\"2024-11-12T15:59:35+00:00\",\"dateModified\":\"2024-11-12T16:00:33+00:00\",\"mainEntityOfPage\":{\"@id\":\"https:\/\/unedpamplona.es\/eu\/microrrelatos-la-esencia-de-una-historia-en-pocas-palabras\/\"},\"wordCount\":210,\"publisher\":{\"@id\":\"https:\/\/unedpamplona.es\/eu\/#organization\"},\"image\":{\"@id\":\"https:\/\/unedpamplona.es\/eu\/microrrelatos-la-esencia-de-una-historia-en-pocas-palabras\/#primaryimage\"},\"thumbnailUrl\":\"https:\/\/unedpamplona.es\/wp-content\/uploads\/2024\/11\/microrrelato-1-scaled.jpg\",\"articleSection\":[\"Actualidad\"],\"inLanguage\":\"eu-ES\"},{\"@type\":\"WebPage\",\"@id\":\"https:\/\/unedpamplona.es\/eu\/microrrelatos-la-esencia-de-una-historia-en-pocas-palabras\/\",\"url\":\"https:\/\/unedpamplona.es\/eu\/microrrelatos-la-esencia-de-una-historia-en-pocas-palabras\/\",\"name\":\"Microrrelatos: La esencia de una historia en pocas palabras - UNED Pamplona\",\"isPartOf\":{\"@id\":\"https:\/\/unedpamplona.es\/eu\/#website\"},\"primaryImageOfPage\":{\"@id\":\"https:\/\/unedpamplona.es\/eu\/microrrelatos-la-esencia-de-una-historia-en-pocas-palabras\/#primaryimage\"},\"image\":{\"@id\":\"https:\/\/unedpamplona.es\/eu\/microrrelatos-la-esencia-de-una-historia-en-pocas-palabras\/#primaryimage\"},\"thumbnailUrl\":\"https:\/\/unedpamplona.es\/wp-content\/uploads\/2024\/11\/microrrelato-1-scaled.jpg\",\"datePublished\":\"2024-11-12T15:59:35+00:00\",\"dateModified\":\"2024-11-12T16:00:33+00:00\",\"description\":\"Literatura\",\"inLanguage\":\"eu-ES\",\"potentialAction\":[{\"@type\":\"ReadAction\",\"target\":[\"https:\/\/unedpamplona.es\/eu\/microrrelatos-la-esencia-de-una-historia-en-pocas-palabras\/\"]}]},{\"@type\":\"ImageObject\",\"inLanguage\":\"eu-ES\",\"@id\":\"https:\/\/unedpamplona.es\/eu\/microrrelatos-la-esencia-de-una-historia-en-pocas-palabras\/#primaryimage\",\"url\":\"https:\/\/unedpamplona.es\/wp-content\/uploads\/2024\/11\/microrrelato-1-scaled.jpg\",\"contentUrl\":\"https:\/\/unedpamplona.es\/wp-content\/uploads\/2024\/11\/microrrelato-1-scaled.jpg\",\"width\":2560,\"height\":1706},{\"@type\":\"WebSite\",\"@id\":\"https:\/\/unedpamplona.es\/eu\/#website\",\"url\":\"https:\/\/unedpamplona.es\/eu\/\",\"name\":\"UNED Pamplona\",\"description\":\"\",\"publisher\":{\"@id\":\"https:\/\/unedpamplona.es\/eu\/#organization\"},\"potentialAction\":[{\"@type\":\"SearchAction\",\"target\":{\"@type\":\"EntryPoint\",\"urlTemplate\":\"https:\/\/unedpamplona.es\/eu\/?s={search_term_string}\"},\"query-input\":\"required name=search_term_string\"}],\"inLanguage\":\"eu-ES\"},{\"@type\":\"Organization\",\"@id\":\"https:\/\/unedpamplona.es\/eu\/#organization\",\"name\":\"UNED Pamplona\",\"url\":\"https:\/\/unedpamplona.es\/eu\/\",\"logo\":{\"@type\":\"ImageObject\",\"inLanguage\":\"eu-ES\",\"@id\":\"https:\/\/unedpamplona.es\/eu\/#\/schema\/logo\/image\/\",\"url\":\"https:\/\/unedpamplona.es\/wp-content\/uploads\/2024\/02\/uned_pamplona_logo.png\",\"contentUrl\":\"https:\/\/unedpamplona.es\/wp-content\/uploads\/2024\/02\/uned_pamplona_logo.png\",\"width\":218,\"height\":104,\"caption\":\"UNED Pamplona\"},\"image\":{\"@id\":\"https:\/\/unedpamplona.es\/eu\/#\/schema\/logo\/image\/\"},\"sameAs\":[\"https:\/\/x.com\/unedpamplona\",\"https:\/\/www.youtube.com\/channel\/UCR2jc6TbCMAPnbcA17Z0wwg\",\"https:\/\/www.instagram.com\/unedpamplona\/\"]},{\"@type\":\"Person\",\"@id\":\"https:\/\/unedpamplona.es\/eu\/#\/schema\/person\/62a05b70c6808d41d8de2111f2b5f568\",\"name\":\"uned\",\"image\":{\"@type\":\"ImageObject\",\"inLanguage\":\"eu-ES\",\"@id\":\"https:\/\/unedpamplona.es\/eu\/#\/schema\/person\/image\/\",\"url\":\"https:\/\/secure.gravatar.com\/avatar\/344a1f8262dc552fd951ddf77b72239b?s=96&d=mm&r=g\",\"contentUrl\":\"https:\/\/secure.gravatar.com\/avatar\/344a1f8262dc552fd951ddf77b72239b?s=96&d=mm&r=g\",\"caption\":\"uned\"},\"url\":\"https:\/\/unedpamplona.es\/eu\/author\/uned\/\"}]}<\/script>\n<!-- \/ Yoast SEO plugin. -->","yoast_head_json":{"title":"Microrrelatos: La esencia de una historia en pocas palabras - UNED Pamplona","description":"Literatura","robots":{"index":"index","follow":"follow","max-snippet":"max-snippet:-1","max-image-preview":"max-image-preview:large","max-video-preview":"max-video-preview:-1"},"canonical":"https:\/\/unedpamplona.es\/eu\/microrrelatos-la-esencia-de-una-historia-en-pocas-palabras\/","og_locale":"eu_ES","og_type":"article","og_title":"Microrrelatos: La esencia de una historia en pocas palabras - UNED Pamplona","og_description":"Literatura","og_url":"https:\/\/unedpamplona.es\/eu\/microrrelatos-la-esencia-de-una-historia-en-pocas-palabras\/","og_site_name":"UNED Pamplona","article_published_time":"2024-11-12T15:59:35+00:00","article_modified_time":"2024-11-12T16:00:33+00:00","og_image":[{"width":2560,"height":1706,"url":"https:\/\/unedpamplona.es\/wp-content\/uploads\/2024\/11\/microrrelato-1-scaled.jpg","type":"image\/jpeg"}],"author":"uned","twitter_card":"summary_large_image","twitter_creator":"@unedpamplona","twitter_site":"@unedpamplona","twitter_misc":{"Written by":"uned","Est. reading time":"2 minutes"},"schema":{"@context":"https:\/\/schema.org","@graph":[{"@type":"Article","@id":"https:\/\/unedpamplona.es\/eu\/microrrelatos-la-esencia-de-una-historia-en-pocas-palabras\/#article","isPartOf":{"@id":"https:\/\/unedpamplona.es\/eu\/microrrelatos-la-esencia-de-una-historia-en-pocas-palabras\/"},"author":{"name":"uned","@id":"https:\/\/unedpamplona.es\/eu\/#\/schema\/person\/62a05b70c6808d41d8de2111f2b5f568"},"headline":"Microrrelatos: La esencia de una historia en pocas palabras","datePublished":"2024-11-12T15:59:35+00:00","dateModified":"2024-11-12T16:00:33+00:00","mainEntityOfPage":{"@id":"https:\/\/unedpamplona.es\/eu\/microrrelatos-la-esencia-de-una-historia-en-pocas-palabras\/"},"wordCount":210,"publisher":{"@id":"https:\/\/unedpamplona.es\/eu\/#organization"},"image":{"@id":"https:\/\/unedpamplona.es\/eu\/microrrelatos-la-esencia-de-una-historia-en-pocas-palabras\/#primaryimage"},"thumbnailUrl":"https:\/\/unedpamplona.es\/wp-content\/uploads\/2024\/11\/microrrelato-1-scaled.jpg","articleSection":["Actualidad"],"inLanguage":"eu-ES"},{"@type":"WebPage","@id":"https:\/\/unedpamplona.es\/eu\/microrrelatos-la-esencia-de-una-historia-en-pocas-palabras\/","url":"https:\/\/unedpamplona.es\/eu\/microrrelatos-la-esencia-de-una-historia-en-pocas-palabras\/","name":"Microrrelatos: La esencia de una historia en pocas palabras - UNED Pamplona","isPartOf":{"@id":"https:\/\/unedpamplona.es\/eu\/#website"},"primaryImageOfPage":{"@id":"https:\/\/unedpamplona.es\/eu\/microrrelatos-la-esencia-de-una-historia-en-pocas-palabras\/#primaryimage"},"image":{"@id":"https:\/\/unedpamplona.es\/eu\/microrrelatos-la-esencia-de-una-historia-en-pocas-palabras\/#primaryimage"},"thumbnailUrl":"https:\/\/unedpamplona.es\/wp-content\/uploads\/2024\/11\/microrrelato-1-scaled.jpg","datePublished":"2024-11-12T15:59:35+00:00","dateModified":"2024-11-12T16:00:33+00:00","description":"Literatura","inLanguage":"eu-ES","potentialAction":[{"@type":"ReadAction","target":["https:\/\/unedpamplona.es\/eu\/microrrelatos-la-esencia-de-una-historia-en-pocas-palabras\/"]}]},{"@type":"ImageObject","inLanguage":"eu-ES","@id":"https:\/\/unedpamplona.es\/eu\/microrrelatos-la-esencia-de-una-historia-en-pocas-palabras\/#primaryimage","url":"https:\/\/unedpamplona.es\/wp-content\/uploads\/2024\/11\/microrrelato-1-scaled.jpg","contentUrl":"https:\/\/unedpamplona.es\/wp-content\/uploads\/2024\/11\/microrrelato-1-scaled.jpg","width":2560,"height":1706},{"@type":"WebSite","@id":"https:\/\/unedpamplona.es\/eu\/#website","url":"https:\/\/unedpamplona.es\/eu\/","name":"UNED Pamplona","description":"","publisher":{"@id":"https:\/\/unedpamplona.es\/eu\/#organization"},"potentialAction":[{"@type":"SearchAction","target":{"@type":"EntryPoint","urlTemplate":"https:\/\/unedpamplona.es\/eu\/?s={search_term_string}"},"query-input":"required name=search_term_string"}],"inLanguage":"eu-ES"},{"@type":"Organization","@id":"https:\/\/unedpamplona.es\/eu\/#organization","name":"UNED Pamplona","url":"https:\/\/unedpamplona.es\/eu\/","logo":{"@type":"ImageObject","inLanguage":"eu-ES","@id":"https:\/\/unedpamplona.es\/eu\/#\/schema\/logo\/image\/","url":"https:\/\/unedpamplona.es\/wp-content\/uploads\/2024\/02\/uned_pamplona_logo.png","contentUrl":"https:\/\/unedpamplona.es\/wp-content\/uploads\/2024\/02\/uned_pamplona_logo.png","width":218,"height":104,"caption":"UNED Pamplona"},"image":{"@id":"https:\/\/unedpamplona.es\/eu\/#\/schema\/logo\/image\/"},"sameAs":["https:\/\/x.com\/unedpamplona","https:\/\/www.youtube.com\/channel\/UCR2jc6TbCMAPnbcA17Z0wwg","https:\/\/www.instagram.com\/unedpamplona\/"]},{"@type":"Person","@id":"https:\/\/unedpamplona.es\/eu\/#\/schema\/person\/62a05b70c6808d41d8de2111f2b5f568","name":"uned","image":{"@type":"ImageObject","inLanguage":"eu-ES","@id":"https:\/\/unedpamplona.es\/eu\/#\/schema\/person\/image\/","url":"https:\/\/secure.gravatar.com\/avatar\/344a1f8262dc552fd951ddf77b72239b?s=96&d=mm&r=g","contentUrl":"https:\/\/secure.gravatar.com\/avatar\/344a1f8262dc552fd951ddf77b72239b?s=96&d=mm&r=g","caption":"uned"},"url":"https:\/\/unedpamplona.es\/eu\/author\/uned\/"}]}},"_links":{"self":[{"href":"https:\/\/unedpamplona.es\/eu\/wp-json\/wp\/v2\/posts\/5654"}],"collection":[{"href":"https:\/\/unedpamplona.es\/eu\/wp-json\/wp\/v2\/posts"}],"about":[{"href":"https:\/\/unedpamplona.es\/eu\/wp-json\/wp\/v2\/types\/post"}],"author":[{"embeddable":true,"href":"https:\/\/unedpamplona.es\/eu\/wp-json\/wp\/v2\/users\/2"}],"replies":[{"embeddable":true,"href":"https:\/\/unedpamplona.es\/eu\/wp-json\/wp\/v2\/comments?post=5654"}],"version-history":[{"count":2,"href":"https:\/\/unedpamplona.es\/eu\/wp-json\/wp\/v2\/posts\/5654\/revisions"}],"predecessor-version":[{"id":5658,"href":"https:\/\/unedpamplona.es\/eu\/wp-json\/wp\/v2\/posts\/5654\/revisions\/5658"}],"wp:featuredmedia":[{"embeddable":true,"href":"https:\/\/unedpamplona.es\/eu\/wp-json\/wp\/v2\/media\/5638"}],"wp:attachment":[{"href":"https:\/\/unedpamplona.es\/eu\/wp-json\/wp\/v2\/media?parent=5654"}],"wp:term":[{"taxonomy":"category","embeddable":true,"href":"https:\/\/unedpamplona.es\/eu\/wp-json\/wp\/v2\/categories?post=5654"},{"taxonomy":"post_tag","embeddable":true,"href":"https:\/\/unedpamplona.es\/eu\/wp-json\/wp\/v2\/tags?post=5654"}],"curies":[{"name":"wp","href":"https:\/\/api.w.org\/{rel}","templated":true}]}}