{"id":5751,"date":"2024-12-11T12:05:17","date_gmt":"2024-12-11T11:05:17","guid":{"rendered":"https:\/\/unedpamplona.es\/?p=5751"},"modified":"2024-12-20T13:33:03","modified_gmt":"2024-12-20T12:33:03","slug":"inauguramos-el-podcast-de-la-catedra-de-inteligencia-emocional","status":"publish","type":"post","link":"https:\/\/unedpamplona.es\/eu\/inauguramos-el-podcast-de-la-catedra-de-inteligencia-emocional\/","title":{"rendered":"Inauguramos el p\u00f3dcast de la C\u00e1tedra de Inteligencia Emocional de UNED Pamplona y Fundaci\u00f3n Caja Navarra"},"content":{"rendered":"<p>Desde UNED Pamplona, os damos la bienvenida al p\u00f3dcast de la C\u00e1tedra de Inteligencia Emocional UNED Pamplona &#8211; Fundaci\u00f3n Caja Navarra, un espacio donde pensar y hablar sobre las emociones, de la mano de grandes especialistas. Presentado por Luis Cort\u00e9s Bri\u00f1ol, con la colaboraci\u00f3n del Gobierno de Navarra.<\/p>\n<p>Ya hemos publicado los tres primeros p\u00f3dcast con <strong>Maite Garaigordobil<\/strong><span class=\"ponente\">\u00a0<strong>Landazabal, <\/strong><\/span><span class=\"cargo\"><span class=\"cargo_ponente\">Doctora en Psicolog\u00eda. Especialista en Psicolog\u00eda Cl\u00ednica, <\/span><\/span><strong>Rosario del Rey Alamillo, <\/strong>Catedr\u00e1tica de Universidad<strong>\u00a0y <\/strong><strong>Leticia Garc\u00e9s Larrea, <\/strong>Orientadora y formadora familiar en Padres Formados.<\/p>\n<ul>\n<li><strong>Acoso, ciberacoso y otros peligros digitales, con Maite Garaigordobil<\/strong>\u00a0<a href=\"https:\/\/go.ivoox.com\/rf\/136126781\">https:\/\/go.ivoox.com\/rf\/136126781<\/a><\/li>\n<li><strong>Retos actuales de la convivencia escolar, con Rosario del Rey<\/strong> <a href=\"https:\/\/go.ivoox.com\/rf\/136127243\">https:\/\/go.ivoox.com\/rf\/136127243<\/a><\/li>\n<li><strong>C\u00f3mo ser mejores padres y madres, con Leticia Garc\u00e9s<\/strong>\u00a0<a href=\"https:\/\/go.ivoox.com\/rf\/136127279\">https:\/\/go.ivoox.com\/rf\/136127279<\/a><\/li>\n<\/ul>\n<p>&nbsp;<\/p>\n<p><img fetchpriority=\"high\" decoding=\"async\" class=\"wp-image-5778 aligncenter\" src=\"https:\/\/unedpamplona.es\/wp-content\/uploads\/2024\/11\/Logo-CIE-GobNavarra-1-300x85.jpeg\" alt=\"\" width=\"481\" height=\"136\" srcset=\"https:\/\/unedpamplona.es\/wp-content\/uploads\/2024\/11\/Logo-CIE-GobNavarra-1-300x85.jpeg 300w, https:\/\/unedpamplona.es\/wp-content\/uploads\/2024\/11\/Logo-CIE-GobNavarra-1.jpeg 594w\" sizes=\"(max-width: 481px) 100vw, 481px\" \/><\/p>\n","protected":false},"excerpt":{"rendered":"<p>Desde UNED Pamplona, os damos la bienvenida al p\u00f3dcast de la C\u00e1tedra de Inteligencia Emocional UNED Pamplona &#8211; Fundaci\u00f3n Caja Navarra, un espacio donde pensar y hablar sobre las emociones, de la mano de grandes especialistas. Presentado por Luis Cort\u00e9s Bri\u00f1ol, con la colaboraci\u00f3n del Gobierno de Navarra. Ya hemos publicado los tres primeros p\u00f3dcast [&hellip;]<\/p>\n","protected":false},"author":2,"featured_media":5790,"comment_status":"closed","ping_status":"closed","sticky":false,"template":"","format":"standard","meta":{"footnotes":""},"categories":[11],"tags":[],"yoast_head":"<!-- This site is optimized with the Yoast SEO plugin v22.5 - https:\/\/yoast.com\/wordpress\/plugins\/seo\/ -->\n<title>Inauguramos el p\u00f3dcast de la C\u00e1tedra de Inteligencia Emocional de UNED Pamplona y Fundaci\u00f3n Caja Navarra - UNED Pamplona<\/title>\n<meta name=\"robots\" content=\"index, follow, max-snippet:-1, max-image-preview:large, max-video-preview:-1\" \/>\n<link rel=\"canonical\" href=\"https:\/\/unedpamplona.es\/eu\/inauguramos-el-podcast-de-la-catedra-de-inteligencia-emocional\/\" \/>\n<meta property=\"og:locale\" content=\"eu_ES\" \/>\n<meta property=\"og:type\" content=\"article\" \/>\n<meta property=\"og:title\" content=\"Inauguramos el p\u00f3dcast de la C\u00e1tedra de Inteligencia Emocional de UNED Pamplona y Fundaci\u00f3n Caja Navarra - UNED Pamplona\" \/>\n<meta property=\"og:description\" content=\"Desde UNED Pamplona, os damos la bienvenida al p\u00f3dcast de la C\u00e1tedra de Inteligencia Emocional UNED Pamplona &#8211; Fundaci\u00f3n Caja Navarra, un espacio donde pensar y hablar sobre las emociones, de la mano de grandes especialistas. Presentado por Luis Cort\u00e9s Bri\u00f1ol, con la colaboraci\u00f3n del Gobierno de Navarra. Ya hemos publicado los tres primeros p\u00f3dcast [&hellip;]\" \/>\n<meta property=\"og:url\" content=\"https:\/\/unedpamplona.es\/eu\/inauguramos-el-podcast-de-la-catedra-de-inteligencia-emocional\/\" \/>\n<meta property=\"og:site_name\" content=\"UNED Pamplona\" \/>\n<meta property=\"article:published_time\" content=\"2024-12-11T11:05:17+00:00\" \/>\n<meta property=\"article:modified_time\" content=\"2024-12-20T12:33:03+00:00\" \/>\n<meta property=\"og:image\" content=\"https:\/\/unedpamplona.es\/wp-content\/uploads\/2024\/11\/1732190970589-1.jpg\" \/>\n\t<meta property=\"og:image:width\" content=\"1193\" \/>\n\t<meta property=\"og:image:height\" content=\"855\" \/>\n\t<meta property=\"og:image:type\" content=\"image\/jpeg\" \/>\n<meta name=\"author\" content=\"uned\" \/>\n<meta name=\"twitter:card\" content=\"summary_large_image\" \/>\n<meta name=\"twitter:creator\" content=\"@unedpamplona\" \/>\n<meta name=\"twitter:site\" content=\"@unedpamplona\" \/>\n<meta name=\"twitter:label1\" content=\"Written by\" \/>\n\t<meta name=\"twitter:data1\" content=\"uned\" \/>\n\t<meta name=\"twitter:label2\" content=\"Est. reading time\" \/>\n\t<meta name=\"twitter:data2\" content=\"1 minute\" \/>\n<script type=\"application\/ld+json\" class=\"yoast-schema-graph\">{\"@context\":\"https:\/\/schema.org\",\"@graph\":[{\"@type\":\"Article\",\"@id\":\"https:\/\/unedpamplona.es\/eu\/inauguramos-el-podcast-de-la-catedra-de-inteligencia-emocional\/#article\",\"isPartOf\":{\"@id\":\"https:\/\/unedpamplona.es\/eu\/inauguramos-el-podcast-de-la-catedra-de-inteligencia-emocional\/\"},\"author\":{\"name\":\"uned\",\"@id\":\"https:\/\/unedpamplona.es\/eu\/#\/schema\/person\/62a05b70c6808d41d8de2111f2b5f568\"},\"headline\":\"Inauguramos el p\u00f3dcast de la C\u00e1tedra de Inteligencia Emocional de UNED Pamplona y Fundaci\u00f3n Caja Navarra\",\"datePublished\":\"2024-12-11T11:05:17+00:00\",\"dateModified\":\"2024-12-20T12:33:03+00:00\",\"mainEntityOfPage\":{\"@id\":\"https:\/\/unedpamplona.es\/eu\/inauguramos-el-podcast-de-la-catedra-de-inteligencia-emocional\/\"},\"wordCount\":161,\"publisher\":{\"@id\":\"https:\/\/unedpamplona.es\/eu\/#organization\"},\"image\":{\"@id\":\"https:\/\/unedpamplona.es\/eu\/inauguramos-el-podcast-de-la-catedra-de-inteligencia-emocional\/#primaryimage\"},\"thumbnailUrl\":\"https:\/\/unedpamplona.es\/wp-content\/uploads\/2024\/11\/1732190970589-1.jpg\",\"articleSection\":[\"Actualidad\"],\"inLanguage\":\"eu-ES\"},{\"@type\":\"WebPage\",\"@id\":\"https:\/\/unedpamplona.es\/eu\/inauguramos-el-podcast-de-la-catedra-de-inteligencia-emocional\/\",\"url\":\"https:\/\/unedpamplona.es\/eu\/inauguramos-el-podcast-de-la-catedra-de-inteligencia-emocional\/\",\"name\":\"Inauguramos el p\u00f3dcast de la C\u00e1tedra de Inteligencia Emocional de UNED Pamplona y Fundaci\u00f3n Caja Navarra - UNED Pamplona\",\"isPartOf\":{\"@id\":\"https:\/\/unedpamplona.es\/eu\/#website\"},\"primaryImageOfPage\":{\"@id\":\"https:\/\/unedpamplona.es\/eu\/inauguramos-el-podcast-de-la-catedra-de-inteligencia-emocional\/#primaryimage\"},\"image\":{\"@id\":\"https:\/\/unedpamplona.es\/eu\/inauguramos-el-podcast-de-la-catedra-de-inteligencia-emocional\/#primaryimage\"},\"thumbnailUrl\":\"https:\/\/unedpamplona.es\/wp-content\/uploads\/2024\/11\/1732190970589-1.jpg\",\"datePublished\":\"2024-12-11T11:05:17+00:00\",\"dateModified\":\"2024-12-20T12:33:03+00:00\",\"inLanguage\":\"eu-ES\",\"potentialAction\":[{\"@type\":\"ReadAction\",\"target\":[\"https:\/\/unedpamplona.es\/eu\/inauguramos-el-podcast-de-la-catedra-de-inteligencia-emocional\/\"]}]},{\"@type\":\"ImageObject\",\"inLanguage\":\"eu-ES\",\"@id\":\"https:\/\/unedpamplona.es\/eu\/inauguramos-el-podcast-de-la-catedra-de-inteligencia-emocional\/#primaryimage\",\"url\":\"https:\/\/unedpamplona.es\/wp-content\/uploads\/2024\/11\/1732190970589-1.jpg\",\"contentUrl\":\"https:\/\/unedpamplona.es\/wp-content\/uploads\/2024\/11\/1732190970589-1.jpg\",\"width\":1193,\"height\":855},{\"@type\":\"WebSite\",\"@id\":\"https:\/\/unedpamplona.es\/eu\/#website\",\"url\":\"https:\/\/unedpamplona.es\/eu\/\",\"name\":\"UNED Pamplona\",\"description\":\"\",\"publisher\":{\"@id\":\"https:\/\/unedpamplona.es\/eu\/#organization\"},\"potentialAction\":[{\"@type\":\"SearchAction\",\"target\":{\"@type\":\"EntryPoint\",\"urlTemplate\":\"https:\/\/unedpamplona.es\/eu\/?s={search_term_string}\"},\"query-input\":\"required name=search_term_string\"}],\"inLanguage\":\"eu-ES\"},{\"@type\":\"Organization\",\"@id\":\"https:\/\/unedpamplona.es\/eu\/#organization\",\"name\":\"UNED Pamplona\",\"url\":\"https:\/\/unedpamplona.es\/eu\/\",\"logo\":{\"@type\":\"ImageObject\",\"inLanguage\":\"eu-ES\",\"@id\":\"https:\/\/unedpamplona.es\/eu\/#\/schema\/logo\/image\/\",\"url\":\"https:\/\/unedpamplona.es\/wp-content\/uploads\/2024\/02\/uned_pamplona_logo.png\",\"contentUrl\":\"https:\/\/unedpamplona.es\/wp-content\/uploads\/2024\/02\/uned_pamplona_logo.png\",\"width\":218,\"height\":104,\"caption\":\"UNED Pamplona\"},\"image\":{\"@id\":\"https:\/\/unedpamplona.es\/eu\/#\/schema\/logo\/image\/\"},\"sameAs\":[\"https:\/\/x.com\/unedpamplona\",\"https:\/\/www.youtube.com\/channel\/UCR2jc6TbCMAPnbcA17Z0wwg\",\"https:\/\/www.instagram.com\/unedpamplona\/\"]},{\"@type\":\"Person\",\"@id\":\"https:\/\/unedpamplona.es\/eu\/#\/schema\/person\/62a05b70c6808d41d8de2111f2b5f568\",\"name\":\"uned\",\"image\":{\"@type\":\"ImageObject\",\"inLanguage\":\"eu-ES\",\"@id\":\"https:\/\/unedpamplona.es\/eu\/#\/schema\/person\/image\/\",\"url\":\"https:\/\/secure.gravatar.com\/avatar\/344a1f8262dc552fd951ddf77b72239b?s=96&d=mm&r=g\",\"contentUrl\":\"https:\/\/secure.gravatar.com\/avatar\/344a1f8262dc552fd951ddf77b72239b?s=96&d=mm&r=g\",\"caption\":\"uned\"},\"url\":\"https:\/\/unedpamplona.es\/eu\/author\/uned\/\"}]}<\/script>\n<!-- \/ Yoast SEO plugin. -->","yoast_head_json":{"title":"Inauguramos el p\u00f3dcast de la C\u00e1tedra de Inteligencia Emocional de UNED Pamplona y Fundaci\u00f3n Caja Navarra - UNED Pamplona","robots":{"index":"index","follow":"follow","max-snippet":"max-snippet:-1","max-image-preview":"max-image-preview:large","max-video-preview":"max-video-preview:-1"},"canonical":"https:\/\/unedpamplona.es\/eu\/inauguramos-el-podcast-de-la-catedra-de-inteligencia-emocional\/","og_locale":"eu_ES","og_type":"article","og_title":"Inauguramos el p\u00f3dcast de la C\u00e1tedra de Inteligencia Emocional de UNED Pamplona y Fundaci\u00f3n Caja Navarra - UNED Pamplona","og_description":"Desde UNED Pamplona, os damos la bienvenida al p\u00f3dcast de la C\u00e1tedra de Inteligencia Emocional UNED Pamplona &#8211; Fundaci\u00f3n Caja Navarra, un espacio donde pensar y hablar sobre las emociones, de la mano de grandes especialistas. Presentado por Luis Cort\u00e9s Bri\u00f1ol, con la colaboraci\u00f3n del Gobierno de Navarra. Ya hemos publicado los tres primeros p\u00f3dcast [&hellip;]","og_url":"https:\/\/unedpamplona.es\/eu\/inauguramos-el-podcast-de-la-catedra-de-inteligencia-emocional\/","og_site_name":"UNED Pamplona","article_published_time":"2024-12-11T11:05:17+00:00","article_modified_time":"2024-12-20T12:33:03+00:00","og_image":[{"width":1193,"height":855,"url":"https:\/\/unedpamplona.es\/wp-content\/uploads\/2024\/11\/1732190970589-1.jpg","type":"image\/jpeg"}],"author":"uned","twitter_card":"summary_large_image","twitter_creator":"@unedpamplona","twitter_site":"@unedpamplona","twitter_misc":{"Written by":"uned","Est. reading time":"1 minute"},"schema":{"@context":"https:\/\/schema.org","@graph":[{"@type":"Article","@id":"https:\/\/unedpamplona.es\/eu\/inauguramos-el-podcast-de-la-catedra-de-inteligencia-emocional\/#article","isPartOf":{"@id":"https:\/\/unedpamplona.es\/eu\/inauguramos-el-podcast-de-la-catedra-de-inteligencia-emocional\/"},"author":{"name":"uned","@id":"https:\/\/unedpamplona.es\/eu\/#\/schema\/person\/62a05b70c6808d41d8de2111f2b5f568"},"headline":"Inauguramos el p\u00f3dcast de la C\u00e1tedra de Inteligencia Emocional de UNED Pamplona y Fundaci\u00f3n Caja Navarra","datePublished":"2024-12-11T11:05:17+00:00","dateModified":"2024-12-20T12:33:03+00:00","mainEntityOfPage":{"@id":"https:\/\/unedpamplona.es\/eu\/inauguramos-el-podcast-de-la-catedra-de-inteligencia-emocional\/"},"wordCount":161,"publisher":{"@id":"https:\/\/unedpamplona.es\/eu\/#organization"},"image":{"@id":"https:\/\/unedpamplona.es\/eu\/inauguramos-el-podcast-de-la-catedra-de-inteligencia-emocional\/#primaryimage"},"thumbnailUrl":"https:\/\/unedpamplona.es\/wp-content\/uploads\/2024\/11\/1732190970589-1.jpg","articleSection":["Actualidad"],"inLanguage":"eu-ES"},{"@type":"WebPage","@id":"https:\/\/unedpamplona.es\/eu\/inauguramos-el-podcast-de-la-catedra-de-inteligencia-emocional\/","url":"https:\/\/unedpamplona.es\/eu\/inauguramos-el-podcast-de-la-catedra-de-inteligencia-emocional\/","name":"Inauguramos el p\u00f3dcast de la C\u00e1tedra de Inteligencia Emocional de UNED Pamplona y Fundaci\u00f3n Caja Navarra - UNED Pamplona","isPartOf":{"@id":"https:\/\/unedpamplona.es\/eu\/#website"},"primaryImageOfPage":{"@id":"https:\/\/unedpamplona.es\/eu\/inauguramos-el-podcast-de-la-catedra-de-inteligencia-emocional\/#primaryimage"},"image":{"@id":"https:\/\/unedpamplona.es\/eu\/inauguramos-el-podcast-de-la-catedra-de-inteligencia-emocional\/#primaryimage"},"thumbnailUrl":"https:\/\/unedpamplona.es\/wp-content\/uploads\/2024\/11\/1732190970589-1.jpg","datePublished":"2024-12-11T11:05:17+00:00","dateModified":"2024-12-20T12:33:03+00:00","inLanguage":"eu-ES","potentialAction":[{"@type":"ReadAction","target":["https:\/\/unedpamplona.es\/eu\/inauguramos-el-podcast-de-la-catedra-de-inteligencia-emocional\/"]}]},{"@type":"ImageObject","inLanguage":"eu-ES","@id":"https:\/\/unedpamplona.es\/eu\/inauguramos-el-podcast-de-la-catedra-de-inteligencia-emocional\/#primaryimage","url":"https:\/\/unedpamplona.es\/wp-content\/uploads\/2024\/11\/1732190970589-1.jpg","contentUrl":"https:\/\/unedpamplona.es\/wp-content\/uploads\/2024\/11\/1732190970589-1.jpg","width":1193,"height":855},{"@type":"WebSite","@id":"https:\/\/unedpamplona.es\/eu\/#website","url":"https:\/\/unedpamplona.es\/eu\/","name":"UNED Pamplona","description":"","publisher":{"@id":"https:\/\/unedpamplona.es\/eu\/#organization"},"potentialAction":[{"@type":"SearchAction","target":{"@type":"EntryPoint","urlTemplate":"https:\/\/unedpamplona.es\/eu\/?s={search_term_string}"},"query-input":"required name=search_term_string"}],"inLanguage":"eu-ES"},{"@type":"Organization","@id":"https:\/\/unedpamplona.es\/eu\/#organization","name":"UNED Pamplona","url":"https:\/\/unedpamplona.es\/eu\/","logo":{"@type":"ImageObject","inLanguage":"eu-ES","@id":"https:\/\/unedpamplona.es\/eu\/#\/schema\/logo\/image\/","url":"https:\/\/unedpamplona.es\/wp-content\/uploads\/2024\/02\/uned_pamplona_logo.png","contentUrl":"https:\/\/unedpamplona.es\/wp-content\/uploads\/2024\/02\/uned_pamplona_logo.png","width":218,"height":104,"caption":"UNED Pamplona"},"image":{"@id":"https:\/\/unedpamplona.es\/eu\/#\/schema\/logo\/image\/"},"sameAs":["https:\/\/x.com\/unedpamplona","https:\/\/www.youtube.com\/channel\/UCR2jc6TbCMAPnbcA17Z0wwg","https:\/\/www.instagram.com\/unedpamplona\/"]},{"@type":"Person","@id":"https:\/\/unedpamplona.es\/eu\/#\/schema\/person\/62a05b70c6808d41d8de2111f2b5f568","name":"uned","image":{"@type":"ImageObject","inLanguage":"eu-ES","@id":"https:\/\/unedpamplona.es\/eu\/#\/schema\/person\/image\/","url":"https:\/\/secure.gravatar.com\/avatar\/344a1f8262dc552fd951ddf77b72239b?s=96&d=mm&r=g","contentUrl":"https:\/\/secure.gravatar.com\/avatar\/344a1f8262dc552fd951ddf77b72239b?s=96&d=mm&r=g","caption":"uned"},"url":"https:\/\/unedpamplona.es\/eu\/author\/uned\/"}]}},"_links":{"self":[{"href":"https:\/\/unedpamplona.es\/eu\/wp-json\/wp\/v2\/posts\/5751"}],"collection":[{"href":"https:\/\/unedpamplona.es\/eu\/wp-json\/wp\/v2\/posts"}],"about":[{"href":"https:\/\/unedpamplona.es\/eu\/wp-json\/wp\/v2\/types\/post"}],"author":[{"embeddable":true,"href":"https:\/\/unedpamplona.es\/eu\/wp-json\/wp\/v2\/users\/2"}],"replies":[{"embeddable":true,"href":"https:\/\/unedpamplona.es\/eu\/wp-json\/wp\/v2\/comments?post=5751"}],"version-history":[{"count":9,"href":"https:\/\/unedpamplona.es\/eu\/wp-json\/wp\/v2\/posts\/5751\/revisions"}],"predecessor-version":[{"id":5785,"href":"https:\/\/unedpamplona.es\/eu\/wp-json\/wp\/v2\/posts\/5751\/revisions\/5785"}],"wp:featuredmedia":[{"embeddable":true,"href":"https:\/\/unedpamplona.es\/eu\/wp-json\/wp\/v2\/media\/5790"}],"wp:attachment":[{"href":"https:\/\/unedpamplona.es\/eu\/wp-json\/wp\/v2\/media?parent=5751"}],"wp:term":[{"taxonomy":"category","embeddable":true,"href":"https:\/\/unedpamplona.es\/eu\/wp-json\/wp\/v2\/categories?post=5751"},{"taxonomy":"post_tag","embeddable":true,"href":"https:\/\/unedpamplona.es\/eu\/wp-json\/wp\/v2\/tags?post=5751"}],"curies":[{"name":"wp","href":"https:\/\/api.w.org\/{rel}","templated":true}]}}