{"id":5765,"date":"2024-12-11T12:48:40","date_gmt":"2024-12-11T11:48:40","guid":{"rendered":"https:\/\/unedpamplona.es\/?p=5765"},"modified":"2024-12-20T10:14:23","modified_gmt":"2024-12-20T09:14:23","slug":"publicado-el-anuario-2024-de-la-catedra-de-inteligencia-emocional-de-uned-pamplona-y-fundacion-caja-navarra","status":"publish","type":"post","link":"https:\/\/unedpamplona.es\/eu\/publicado-el-anuario-2024-de-la-catedra-de-inteligencia-emocional-de-uned-pamplona-y-fundacion-caja-navarra\/","title":{"rendered":"Publicado el Anuario 2024 de la C\u00e1tedra de Inteligencia Emocional de UNED Pamplona y Fundaci\u00f3n Caja Navarra"},"content":{"rendered":"<p>UNED Pamplona ha publicado el <strong>Anuario 2024 de la C\u00e1tedra de Inteligencia Emocional de UNED Pamplona y Fundaci\u00f3n Caja Navarra.\u00a0<\/strong><\/p>\n<p>La publicaci\u00f3n re\u00fane diez art\u00edculos escritos por autores y autoras que han pasado por la C\u00e1tedra a trav\u00e9s de sus cursos y conferencias a lo largo de 2024. Sus voces expertas componen una fotograf\u00eda C\u00e1tedra de Inteligencia Emocional UNED Pamplona &#8211; Fundaci\u00f3n Caja Navarra del \u201cestado de la cuesti\u00f3n\u201d, un paisaje con distintas \u00e1reas y temas concretos, todos ellos de gran actualidad e inter\u00e9s p\u00fablico. Desde<br \/>\nla regulaci\u00f3n emocional a lo largo de la vida, hasta la prevenci\u00f3n del acoso escolar o el suicidio, pasando por la influencia de nuestras creencias en el modo de sentir o la gesti\u00f3n de las emociones en entornos educativos y familiares.<br \/>\nLa C\u00e1tedra tiene como prop\u00f3sito reivindicar el car\u00e1cter cient\u00edfico de los estudios sobre las emociones, la inteligencia emocional y la educaci\u00f3n emocional, as\u00ed como sobre su impacto en nuestro d\u00eda a d\u00eda. Confiamos en que este compendio que ahora ve la luz, publicado con la generosa ayuda de la Direcci\u00f3n General de Universidad del Gobierno de Navarra, sea un buen ejemplo de ello.<\/p>\n<p>Acceso al <a href=\"https:\/\/unedpamplona.es\/wp-content\/uploads\/2024\/11\/Anuario-2024-Catedra-de-Inteligencia-Emocional-UNED-Pamplona-Fundacion-Caja-Navarra.pdf\"><strong>Anuario 2024 de la C\u00e1tedra de Inteligencia Emocional<\/strong><\/a><\/p>\n<p>&nbsp;<\/p>\n<p><img decoding=\"async\" class=\"wp-image-5778 aligncenter\" src=\"https:\/\/unedpamplona.es\/wp-content\/uploads\/2024\/11\/Logo-CIE-GobNavarra-1-300x85.jpeg\" alt=\"\" width=\"413\" height=\"117\" srcset=\"https:\/\/unedpamplona.es\/wp-content\/uploads\/2024\/11\/Logo-CIE-GobNavarra-1-300x85.jpeg 300w, https:\/\/unedpamplona.es\/wp-content\/uploads\/2024\/11\/Logo-CIE-GobNavarra-1.jpeg 594w\" sizes=\"(max-width: 413px) 100vw, 413px\" \/><\/p>\n","protected":false},"excerpt":{"rendered":"<p>UNED Pamplona ha publicado el Anuario 2024 de la C\u00e1tedra de Inteligencia Emocional de UNED Pamplona y Fundaci\u00f3n Caja Navarra.\u00a0 La publicaci\u00f3n re\u00fane diez art\u00edculos escritos por autores y autoras que han pasado por la C\u00e1tedra a trav\u00e9s de sus cursos y conferencias a lo largo de 2024. Sus voces expertas componen una fotograf\u00eda C\u00e1tedra [&hellip;]<\/p>\n","protected":false},"author":2,"featured_media":5769,"comment_status":"closed","ping_status":"closed","sticky":false,"template":"","format":"standard","meta":{"footnotes":""},"categories":[11],"tags":[],"yoast_head":"<!-- This site is optimized with the Yoast SEO plugin v22.5 - https:\/\/yoast.com\/wordpress\/plugins\/seo\/ -->\n<title>Publicado el Anuario 2024 de la C\u00e1tedra de Inteligencia Emocional de UNED Pamplona y Fundaci\u00f3n Caja Navarra - UNED Pamplona<\/title>\n<meta name=\"robots\" content=\"index, follow, max-snippet:-1, max-image-preview:large, max-video-preview:-1\" \/>\n<link rel=\"canonical\" href=\"https:\/\/unedpamplona.es\/eu\/publicado-el-anuario-2024-de-la-catedra-de-inteligencia-emocional-de-uned-pamplona-y-fundacion-caja-navarra\/\" \/>\n<meta property=\"og:locale\" content=\"eu_ES\" \/>\n<meta property=\"og:type\" content=\"article\" \/>\n<meta property=\"og:title\" content=\"Publicado el Anuario 2024 de la C\u00e1tedra de Inteligencia Emocional de UNED Pamplona y Fundaci\u00f3n Caja Navarra - UNED Pamplona\" \/>\n<meta property=\"og:description\" content=\"UNED Pamplona ha publicado el Anuario 2024 de la C\u00e1tedra de Inteligencia Emocional de UNED Pamplona y Fundaci\u00f3n Caja Navarra.\u00a0 La publicaci\u00f3n re\u00fane diez art\u00edculos escritos por autores y autoras que han pasado por la C\u00e1tedra a trav\u00e9s de sus cursos y conferencias a lo largo de 2024. Sus voces expertas componen una fotograf\u00eda C\u00e1tedra [&hellip;]\" \/>\n<meta property=\"og:url\" content=\"https:\/\/unedpamplona.es\/eu\/publicado-el-anuario-2024-de-la-catedra-de-inteligencia-emocional-de-uned-pamplona-y-fundacion-caja-navarra\/\" \/>\n<meta property=\"og:site_name\" content=\"UNED Pamplona\" \/>\n<meta property=\"article:published_time\" content=\"2024-12-11T11:48:40+00:00\" \/>\n<meta property=\"article:modified_time\" content=\"2024-12-20T09:14:23+00:00\" \/>\n<meta property=\"og:image\" content=\"https:\/\/unedpamplona.es\/wp-content\/uploads\/2024\/11\/Portada-Anuario-2024-Catedra-.png\" \/>\n\t<meta property=\"og:image:width\" content=\"714\" \/>\n\t<meta property=\"og:image:height\" content=\"1009\" \/>\n\t<meta property=\"og:image:type\" content=\"image\/png\" \/>\n<meta name=\"author\" content=\"uned\" \/>\n<meta name=\"twitter:card\" content=\"summary_large_image\" \/>\n<meta name=\"twitter:creator\" content=\"@unedpamplona\" \/>\n<meta name=\"twitter:site\" content=\"@unedpamplona\" \/>\n<meta name=\"twitter:label1\" content=\"Written by\" \/>\n\t<meta name=\"twitter:data1\" content=\"uned\" \/>\n\t<meta name=\"twitter:label2\" content=\"Est. reading time\" \/>\n\t<meta name=\"twitter:data2\" content=\"2 minutes\" \/>\n<script type=\"application\/ld+json\" class=\"yoast-schema-graph\">{\"@context\":\"https:\/\/schema.org\",\"@graph\":[{\"@type\":\"Article\",\"@id\":\"https:\/\/unedpamplona.es\/eu\/publicado-el-anuario-2024-de-la-catedra-de-inteligencia-emocional-de-uned-pamplona-y-fundacion-caja-navarra\/#article\",\"isPartOf\":{\"@id\":\"https:\/\/unedpamplona.es\/eu\/publicado-el-anuario-2024-de-la-catedra-de-inteligencia-emocional-de-uned-pamplona-y-fundacion-caja-navarra\/\"},\"author\":{\"name\":\"uned\",\"@id\":\"https:\/\/unedpamplona.es\/eu\/#\/schema\/person\/62a05b70c6808d41d8de2111f2b5f568\"},\"headline\":\"Publicado el Anuario 2024 de la C\u00e1tedra de Inteligencia Emocional de UNED Pamplona y Fundaci\u00f3n Caja Navarra\",\"datePublished\":\"2024-12-11T11:48:40+00:00\",\"dateModified\":\"2024-12-20T09:14:23+00:00\",\"mainEntityOfPage\":{\"@id\":\"https:\/\/unedpamplona.es\/eu\/publicado-el-anuario-2024-de-la-catedra-de-inteligencia-emocional-de-uned-pamplona-y-fundacion-caja-navarra\/\"},\"wordCount\":241,\"publisher\":{\"@id\":\"https:\/\/unedpamplona.es\/eu\/#organization\"},\"image\":{\"@id\":\"https:\/\/unedpamplona.es\/eu\/publicado-el-anuario-2024-de-la-catedra-de-inteligencia-emocional-de-uned-pamplona-y-fundacion-caja-navarra\/#primaryimage\"},\"thumbnailUrl\":\"https:\/\/unedpamplona.es\/wp-content\/uploads\/2024\/11\/Portada-Anuario-2024-Catedra-.png\",\"articleSection\":[\"Actualidad\"],\"inLanguage\":\"eu-ES\"},{\"@type\":\"WebPage\",\"@id\":\"https:\/\/unedpamplona.es\/eu\/publicado-el-anuario-2024-de-la-catedra-de-inteligencia-emocional-de-uned-pamplona-y-fundacion-caja-navarra\/\",\"url\":\"https:\/\/unedpamplona.es\/eu\/publicado-el-anuario-2024-de-la-catedra-de-inteligencia-emocional-de-uned-pamplona-y-fundacion-caja-navarra\/\",\"name\":\"Publicado el Anuario 2024 de la C\u00e1tedra de Inteligencia Emocional de UNED Pamplona y Fundaci\u00f3n Caja Navarra - UNED Pamplona\",\"isPartOf\":{\"@id\":\"https:\/\/unedpamplona.es\/eu\/#website\"},\"primaryImageOfPage\":{\"@id\":\"https:\/\/unedpamplona.es\/eu\/publicado-el-anuario-2024-de-la-catedra-de-inteligencia-emocional-de-uned-pamplona-y-fundacion-caja-navarra\/#primaryimage\"},\"image\":{\"@id\":\"https:\/\/unedpamplona.es\/eu\/publicado-el-anuario-2024-de-la-catedra-de-inteligencia-emocional-de-uned-pamplona-y-fundacion-caja-navarra\/#primaryimage\"},\"thumbnailUrl\":\"https:\/\/unedpamplona.es\/wp-content\/uploads\/2024\/11\/Portada-Anuario-2024-Catedra-.png\",\"datePublished\":\"2024-12-11T11:48:40+00:00\",\"dateModified\":\"2024-12-20T09:14:23+00:00\",\"inLanguage\":\"eu-ES\",\"potentialAction\":[{\"@type\":\"ReadAction\",\"target\":[\"https:\/\/unedpamplona.es\/eu\/publicado-el-anuario-2024-de-la-catedra-de-inteligencia-emocional-de-uned-pamplona-y-fundacion-caja-navarra\/\"]}]},{\"@type\":\"ImageObject\",\"inLanguage\":\"eu-ES\",\"@id\":\"https:\/\/unedpamplona.es\/eu\/publicado-el-anuario-2024-de-la-catedra-de-inteligencia-emocional-de-uned-pamplona-y-fundacion-caja-navarra\/#primaryimage\",\"url\":\"https:\/\/unedpamplona.es\/wp-content\/uploads\/2024\/11\/Portada-Anuario-2024-Catedra-.png\",\"contentUrl\":\"https:\/\/unedpamplona.es\/wp-content\/uploads\/2024\/11\/Portada-Anuario-2024-Catedra-.png\",\"width\":714,\"height\":1009},{\"@type\":\"WebSite\",\"@id\":\"https:\/\/unedpamplona.es\/eu\/#website\",\"url\":\"https:\/\/unedpamplona.es\/eu\/\",\"name\":\"UNED Pamplona\",\"description\":\"\",\"publisher\":{\"@id\":\"https:\/\/unedpamplona.es\/eu\/#organization\"},\"potentialAction\":[{\"@type\":\"SearchAction\",\"target\":{\"@type\":\"EntryPoint\",\"urlTemplate\":\"https:\/\/unedpamplona.es\/eu\/?s={search_term_string}\"},\"query-input\":\"required name=search_term_string\"}],\"inLanguage\":\"eu-ES\"},{\"@type\":\"Organization\",\"@id\":\"https:\/\/unedpamplona.es\/eu\/#organization\",\"name\":\"UNED Pamplona\",\"url\":\"https:\/\/unedpamplona.es\/eu\/\",\"logo\":{\"@type\":\"ImageObject\",\"inLanguage\":\"eu-ES\",\"@id\":\"https:\/\/unedpamplona.es\/eu\/#\/schema\/logo\/image\/\",\"url\":\"https:\/\/unedpamplona.es\/wp-content\/uploads\/2024\/02\/uned_pamplona_logo.png\",\"contentUrl\":\"https:\/\/unedpamplona.es\/wp-content\/uploads\/2024\/02\/uned_pamplona_logo.png\",\"width\":218,\"height\":104,\"caption\":\"UNED Pamplona\"},\"image\":{\"@id\":\"https:\/\/unedpamplona.es\/eu\/#\/schema\/logo\/image\/\"},\"sameAs\":[\"https:\/\/x.com\/unedpamplona\",\"https:\/\/www.youtube.com\/channel\/UCR2jc6TbCMAPnbcA17Z0wwg\",\"https:\/\/www.instagram.com\/unedpamplona\/\"]},{\"@type\":\"Person\",\"@id\":\"https:\/\/unedpamplona.es\/eu\/#\/schema\/person\/62a05b70c6808d41d8de2111f2b5f568\",\"name\":\"uned\",\"image\":{\"@type\":\"ImageObject\",\"inLanguage\":\"eu-ES\",\"@id\":\"https:\/\/unedpamplona.es\/eu\/#\/schema\/person\/image\/\",\"url\":\"https:\/\/secure.gravatar.com\/avatar\/344a1f8262dc552fd951ddf77b72239b?s=96&d=mm&r=g\",\"contentUrl\":\"https:\/\/secure.gravatar.com\/avatar\/344a1f8262dc552fd951ddf77b72239b?s=96&d=mm&r=g\",\"caption\":\"uned\"},\"url\":\"https:\/\/unedpamplona.es\/eu\/author\/uned\/\"}]}<\/script>\n<!-- \/ Yoast SEO plugin. -->","yoast_head_json":{"title":"Publicado el Anuario 2024 de la C\u00e1tedra de Inteligencia Emocional de UNED Pamplona y Fundaci\u00f3n Caja Navarra - UNED Pamplona","robots":{"index":"index","follow":"follow","max-snippet":"max-snippet:-1","max-image-preview":"max-image-preview:large","max-video-preview":"max-video-preview:-1"},"canonical":"https:\/\/unedpamplona.es\/eu\/publicado-el-anuario-2024-de-la-catedra-de-inteligencia-emocional-de-uned-pamplona-y-fundacion-caja-navarra\/","og_locale":"eu_ES","og_type":"article","og_title":"Publicado el Anuario 2024 de la C\u00e1tedra de Inteligencia Emocional de UNED Pamplona y Fundaci\u00f3n Caja Navarra - UNED Pamplona","og_description":"UNED Pamplona ha publicado el Anuario 2024 de la C\u00e1tedra de Inteligencia Emocional de UNED Pamplona y Fundaci\u00f3n Caja Navarra.\u00a0 La publicaci\u00f3n re\u00fane diez art\u00edculos escritos por autores y autoras que han pasado por la C\u00e1tedra a trav\u00e9s de sus cursos y conferencias a lo largo de 2024. Sus voces expertas componen una fotograf\u00eda C\u00e1tedra [&hellip;]","og_url":"https:\/\/unedpamplona.es\/eu\/publicado-el-anuario-2024-de-la-catedra-de-inteligencia-emocional-de-uned-pamplona-y-fundacion-caja-navarra\/","og_site_name":"UNED Pamplona","article_published_time":"2024-12-11T11:48:40+00:00","article_modified_time":"2024-12-20T09:14:23+00:00","og_image":[{"width":714,"height":1009,"url":"https:\/\/unedpamplona.es\/wp-content\/uploads\/2024\/11\/Portada-Anuario-2024-Catedra-.png","type":"image\/png"}],"author":"uned","twitter_card":"summary_large_image","twitter_creator":"@unedpamplona","twitter_site":"@unedpamplona","twitter_misc":{"Written by":"uned","Est. reading time":"2 minutes"},"schema":{"@context":"https:\/\/schema.org","@graph":[{"@type":"Article","@id":"https:\/\/unedpamplona.es\/eu\/publicado-el-anuario-2024-de-la-catedra-de-inteligencia-emocional-de-uned-pamplona-y-fundacion-caja-navarra\/#article","isPartOf":{"@id":"https:\/\/unedpamplona.es\/eu\/publicado-el-anuario-2024-de-la-catedra-de-inteligencia-emocional-de-uned-pamplona-y-fundacion-caja-navarra\/"},"author":{"name":"uned","@id":"https:\/\/unedpamplona.es\/eu\/#\/schema\/person\/62a05b70c6808d41d8de2111f2b5f568"},"headline":"Publicado el Anuario 2024 de la C\u00e1tedra de Inteligencia Emocional de UNED Pamplona y Fundaci\u00f3n Caja Navarra","datePublished":"2024-12-11T11:48:40+00:00","dateModified":"2024-12-20T09:14:23+00:00","mainEntityOfPage":{"@id":"https:\/\/unedpamplona.es\/eu\/publicado-el-anuario-2024-de-la-catedra-de-inteligencia-emocional-de-uned-pamplona-y-fundacion-caja-navarra\/"},"wordCount":241,"publisher":{"@id":"https:\/\/unedpamplona.es\/eu\/#organization"},"image":{"@id":"https:\/\/unedpamplona.es\/eu\/publicado-el-anuario-2024-de-la-catedra-de-inteligencia-emocional-de-uned-pamplona-y-fundacion-caja-navarra\/#primaryimage"},"thumbnailUrl":"https:\/\/unedpamplona.es\/wp-content\/uploads\/2024\/11\/Portada-Anuario-2024-Catedra-.png","articleSection":["Actualidad"],"inLanguage":"eu-ES"},{"@type":"WebPage","@id":"https:\/\/unedpamplona.es\/eu\/publicado-el-anuario-2024-de-la-catedra-de-inteligencia-emocional-de-uned-pamplona-y-fundacion-caja-navarra\/","url":"https:\/\/unedpamplona.es\/eu\/publicado-el-anuario-2024-de-la-catedra-de-inteligencia-emocional-de-uned-pamplona-y-fundacion-caja-navarra\/","name":"Publicado el Anuario 2024 de la C\u00e1tedra de Inteligencia Emocional de UNED Pamplona y Fundaci\u00f3n Caja Navarra - UNED Pamplona","isPartOf":{"@id":"https:\/\/unedpamplona.es\/eu\/#website"},"primaryImageOfPage":{"@id":"https:\/\/unedpamplona.es\/eu\/publicado-el-anuario-2024-de-la-catedra-de-inteligencia-emocional-de-uned-pamplona-y-fundacion-caja-navarra\/#primaryimage"},"image":{"@id":"https:\/\/unedpamplona.es\/eu\/publicado-el-anuario-2024-de-la-catedra-de-inteligencia-emocional-de-uned-pamplona-y-fundacion-caja-navarra\/#primaryimage"},"thumbnailUrl":"https:\/\/unedpamplona.es\/wp-content\/uploads\/2024\/11\/Portada-Anuario-2024-Catedra-.png","datePublished":"2024-12-11T11:48:40+00:00","dateModified":"2024-12-20T09:14:23+00:00","inLanguage":"eu-ES","potentialAction":[{"@type":"ReadAction","target":["https:\/\/unedpamplona.es\/eu\/publicado-el-anuario-2024-de-la-catedra-de-inteligencia-emocional-de-uned-pamplona-y-fundacion-caja-navarra\/"]}]},{"@type":"ImageObject","inLanguage":"eu-ES","@id":"https:\/\/unedpamplona.es\/eu\/publicado-el-anuario-2024-de-la-catedra-de-inteligencia-emocional-de-uned-pamplona-y-fundacion-caja-navarra\/#primaryimage","url":"https:\/\/unedpamplona.es\/wp-content\/uploads\/2024\/11\/Portada-Anuario-2024-Catedra-.png","contentUrl":"https:\/\/unedpamplona.es\/wp-content\/uploads\/2024\/11\/Portada-Anuario-2024-Catedra-.png","width":714,"height":1009},{"@type":"WebSite","@id":"https:\/\/unedpamplona.es\/eu\/#website","url":"https:\/\/unedpamplona.es\/eu\/","name":"UNED Pamplona","description":"","publisher":{"@id":"https:\/\/unedpamplona.es\/eu\/#organization"},"potentialAction":[{"@type":"SearchAction","target":{"@type":"EntryPoint","urlTemplate":"https:\/\/unedpamplona.es\/eu\/?s={search_term_string}"},"query-input":"required name=search_term_string"}],"inLanguage":"eu-ES"},{"@type":"Organization","@id":"https:\/\/unedpamplona.es\/eu\/#organization","name":"UNED Pamplona","url":"https:\/\/unedpamplona.es\/eu\/","logo":{"@type":"ImageObject","inLanguage":"eu-ES","@id":"https:\/\/unedpamplona.es\/eu\/#\/schema\/logo\/image\/","url":"https:\/\/unedpamplona.es\/wp-content\/uploads\/2024\/02\/uned_pamplona_logo.png","contentUrl":"https:\/\/unedpamplona.es\/wp-content\/uploads\/2024\/02\/uned_pamplona_logo.png","width":218,"height":104,"caption":"UNED Pamplona"},"image":{"@id":"https:\/\/unedpamplona.es\/eu\/#\/schema\/logo\/image\/"},"sameAs":["https:\/\/x.com\/unedpamplona","https:\/\/www.youtube.com\/channel\/UCR2jc6TbCMAPnbcA17Z0wwg","https:\/\/www.instagram.com\/unedpamplona\/"]},{"@type":"Person","@id":"https:\/\/unedpamplona.es\/eu\/#\/schema\/person\/62a05b70c6808d41d8de2111f2b5f568","name":"uned","image":{"@type":"ImageObject","inLanguage":"eu-ES","@id":"https:\/\/unedpamplona.es\/eu\/#\/schema\/person\/image\/","url":"https:\/\/secure.gravatar.com\/avatar\/344a1f8262dc552fd951ddf77b72239b?s=96&d=mm&r=g","contentUrl":"https:\/\/secure.gravatar.com\/avatar\/344a1f8262dc552fd951ddf77b72239b?s=96&d=mm&r=g","caption":"uned"},"url":"https:\/\/unedpamplona.es\/eu\/author\/uned\/"}]}},"_links":{"self":[{"href":"https:\/\/unedpamplona.es\/eu\/wp-json\/wp\/v2\/posts\/5765"}],"collection":[{"href":"https:\/\/unedpamplona.es\/eu\/wp-json\/wp\/v2\/posts"}],"about":[{"href":"https:\/\/unedpamplona.es\/eu\/wp-json\/wp\/v2\/types\/post"}],"author":[{"embeddable":true,"href":"https:\/\/unedpamplona.es\/eu\/wp-json\/wp\/v2\/users\/2"}],"replies":[{"embeddable":true,"href":"https:\/\/unedpamplona.es\/eu\/wp-json\/wp\/v2\/comments?post=5765"}],"version-history":[{"count":7,"href":"https:\/\/unedpamplona.es\/eu\/wp-json\/wp\/v2\/posts\/5765\/revisions"}],"predecessor-version":[{"id":5784,"href":"https:\/\/unedpamplona.es\/eu\/wp-json\/wp\/v2\/posts\/5765\/revisions\/5784"}],"wp:featuredmedia":[{"embeddable":true,"href":"https:\/\/unedpamplona.es\/eu\/wp-json\/wp\/v2\/media\/5769"}],"wp:attachment":[{"href":"https:\/\/unedpamplona.es\/eu\/wp-json\/wp\/v2\/media?parent=5765"}],"wp:term":[{"taxonomy":"category","embeddable":true,"href":"https:\/\/unedpamplona.es\/eu\/wp-json\/wp\/v2\/categories?post=5765"},{"taxonomy":"post_tag","embeddable":true,"href":"https:\/\/unedpamplona.es\/eu\/wp-json\/wp\/v2\/tags?post=5765"}],"curies":[{"name":"wp","href":"https:\/\/api.w.org\/{rel}","templated":true}]}}