{"id":5797,"date":"2024-12-15T10:32:44","date_gmt":"2024-12-15T09:32:44","guid":{"rendered":"https:\/\/unedpamplona.es\/?p=5797"},"modified":"2025-01-15T09:32:50","modified_gmt":"2025-01-15T08:32:50","slug":"uned-pamplona-participa-en-el-programa-primera-experiencia-en-las-administraciones-publicas","status":"publish","type":"post","link":"https:\/\/unedpamplona.es\/eu\/uned-pamplona-participa-en-el-programa-primera-experiencia-en-las-administraciones-publicas\/","title":{"rendered":"UNED Pamplona participa en el programa &#8220;Primera experiencia en las Administraciones P\u00fablicas&#8221; financiado por la Uni\u00f3n Europea"},"content":{"rendered":"<p>El Centro de UNED Pamplona est\u00e1 participando en el programa <a href=\"https:\/\/unedpamplona.es\/wp-content\/uploads\/2024\/11\/UE-1.pdf\">&#8220;Primera experiencia en las Administraciones P\u00fablicas&#8221;<\/a>, financiado por la Uni\u00f3n Europea. El programa se desarrolla de marzo de 2024 a marzo de 2025.<\/p>\n<p>&nbsp;<\/p>\n<p>&nbsp;<\/p>\n<p>&nbsp;<\/p>\n<p>&nbsp;<\/p>\n<p>&nbsp;<\/p>\n","protected":false},"excerpt":{"rendered":"<p>El Centro de UNED Pamplona est\u00e1 participando en el programa &#8220;Primera experiencia en las Administraciones P\u00fablicas&#8221;, financiado por la Uni\u00f3n Europea. El programa se desarrolla de marzo de 2024 a marzo de 2025. &nbsp; &nbsp; &nbsp; &nbsp; &nbsp;<\/p>\n","protected":false},"author":2,"featured_media":5818,"comment_status":"closed","ping_status":"closed","sticky":false,"template":"","format":"standard","meta":{"footnotes":""},"categories":[11],"tags":[],"yoast_head":"<!-- This site is optimized with the Yoast SEO plugin v22.5 - https:\/\/yoast.com\/wordpress\/plugins\/seo\/ -->\n<title>UNED Pamplona participa en el programa &quot;Primera experiencia en las Administraciones P\u00fablicas&quot; financiado por la Uni\u00f3n Europea - UNED Pamplona<\/title>\n<meta name=\"robots\" content=\"index, follow, max-snippet:-1, max-image-preview:large, max-video-preview:-1\" \/>\n<link rel=\"canonical\" href=\"https:\/\/unedpamplona.es\/eu\/uned-pamplona-participa-en-el-programa-primera-experiencia-en-las-administraciones-publicas\/\" \/>\n<meta property=\"og:locale\" content=\"eu_ES\" \/>\n<meta property=\"og:type\" content=\"article\" \/>\n<meta property=\"og:title\" content=\"UNED Pamplona participa en el programa &quot;Primera experiencia en las Administraciones P\u00fablicas&quot; financiado por la Uni\u00f3n Europea - UNED Pamplona\" \/>\n<meta property=\"og:description\" content=\"El Centro de UNED Pamplona est\u00e1 participando en el programa &#8220;Primera experiencia en las Administraciones P\u00fablicas&#8221;, financiado por la Uni\u00f3n Europea. El programa se desarrolla de marzo de 2024 a marzo de 2025. &nbsp; &nbsp; &nbsp; &nbsp; &nbsp;\" \/>\n<meta property=\"og:url\" content=\"https:\/\/unedpamplona.es\/eu\/uned-pamplona-participa-en-el-programa-primera-experiencia-en-las-administraciones-publicas\/\" \/>\n<meta property=\"og:site_name\" content=\"UNED Pamplona\" \/>\n<meta property=\"article:published_time\" content=\"2024-12-15T09:32:44+00:00\" \/>\n<meta property=\"article:modified_time\" content=\"2025-01-15T08:32:50+00:00\" \/>\n<meta property=\"og:image\" content=\"https:\/\/unedpamplona.es\/wp-content\/uploads\/2024\/11\/LOGOS-PROYECTO-EUROPEO-2.png\" \/>\n\t<meta property=\"og:image:width\" content=\"297\" \/>\n\t<meta property=\"og:image:height\" content=\"210\" \/>\n\t<meta property=\"og:image:type\" content=\"image\/png\" \/>\n<meta name=\"author\" content=\"uned\" \/>\n<meta name=\"twitter:card\" content=\"summary_large_image\" \/>\n<meta name=\"twitter:creator\" content=\"@unedpamplona\" \/>\n<meta name=\"twitter:site\" content=\"@unedpamplona\" \/>\n<meta name=\"twitter:label1\" content=\"Written by\" \/>\n\t<meta name=\"twitter:data1\" content=\"uned\" \/>\n\t<meta name=\"twitter:label2\" content=\"Est. reading time\" \/>\n\t<meta name=\"twitter:data2\" content=\"1 minute\" \/>\n<script type=\"application\/ld+json\" class=\"yoast-schema-graph\">{\"@context\":\"https:\/\/schema.org\",\"@graph\":[{\"@type\":\"Article\",\"@id\":\"https:\/\/unedpamplona.es\/eu\/uned-pamplona-participa-en-el-programa-primera-experiencia-en-las-administraciones-publicas\/#article\",\"isPartOf\":{\"@id\":\"https:\/\/unedpamplona.es\/eu\/uned-pamplona-participa-en-el-programa-primera-experiencia-en-las-administraciones-publicas\/\"},\"author\":{\"name\":\"uned\",\"@id\":\"https:\/\/unedpamplona.es\/eu\/#\/schema\/person\/62a05b70c6808d41d8de2111f2b5f568\"},\"headline\":\"UNED Pamplona participa en el programa &#8220;Primera experiencia en las Administraciones P\u00fablicas&#8221; financiado por la Uni\u00f3n Europea\",\"datePublished\":\"2024-12-15T09:32:44+00:00\",\"dateModified\":\"2025-01-15T08:32:50+00:00\",\"mainEntityOfPage\":{\"@id\":\"https:\/\/unedpamplona.es\/eu\/uned-pamplona-participa-en-el-programa-primera-experiencia-en-las-administraciones-publicas\/\"},\"wordCount\":57,\"publisher\":{\"@id\":\"https:\/\/unedpamplona.es\/eu\/#organization\"},\"image\":{\"@id\":\"https:\/\/unedpamplona.es\/eu\/uned-pamplona-participa-en-el-programa-primera-experiencia-en-las-administraciones-publicas\/#primaryimage\"},\"thumbnailUrl\":\"https:\/\/unedpamplona.es\/wp-content\/uploads\/2024\/11\/LOGOS-PROYECTO-EUROPEO-2.png\",\"articleSection\":[\"Actualidad\"],\"inLanguage\":\"eu-ES\"},{\"@type\":\"WebPage\",\"@id\":\"https:\/\/unedpamplona.es\/eu\/uned-pamplona-participa-en-el-programa-primera-experiencia-en-las-administraciones-publicas\/\",\"url\":\"https:\/\/unedpamplona.es\/eu\/uned-pamplona-participa-en-el-programa-primera-experiencia-en-las-administraciones-publicas\/\",\"name\":\"UNED Pamplona participa en el programa \\\"Primera experiencia en las Administraciones P\u00fablicas\\\" financiado por la Uni\u00f3n Europea - UNED Pamplona\",\"isPartOf\":{\"@id\":\"https:\/\/unedpamplona.es\/eu\/#website\"},\"primaryImageOfPage\":{\"@id\":\"https:\/\/unedpamplona.es\/eu\/uned-pamplona-participa-en-el-programa-primera-experiencia-en-las-administraciones-publicas\/#primaryimage\"},\"image\":{\"@id\":\"https:\/\/unedpamplona.es\/eu\/uned-pamplona-participa-en-el-programa-primera-experiencia-en-las-administraciones-publicas\/#primaryimage\"},\"thumbnailUrl\":\"https:\/\/unedpamplona.es\/wp-content\/uploads\/2024\/11\/LOGOS-PROYECTO-EUROPEO-2.png\",\"datePublished\":\"2024-12-15T09:32:44+00:00\",\"dateModified\":\"2025-01-15T08:32:50+00:00\",\"inLanguage\":\"eu-ES\",\"potentialAction\":[{\"@type\":\"ReadAction\",\"target\":[\"https:\/\/unedpamplona.es\/eu\/uned-pamplona-participa-en-el-programa-primera-experiencia-en-las-administraciones-publicas\/\"]}]},{\"@type\":\"ImageObject\",\"inLanguage\":\"eu-ES\",\"@id\":\"https:\/\/unedpamplona.es\/eu\/uned-pamplona-participa-en-el-programa-primera-experiencia-en-las-administraciones-publicas\/#primaryimage\",\"url\":\"https:\/\/unedpamplona.es\/wp-content\/uploads\/2024\/11\/LOGOS-PROYECTO-EUROPEO-2.png\",\"contentUrl\":\"https:\/\/unedpamplona.es\/wp-content\/uploads\/2024\/11\/LOGOS-PROYECTO-EUROPEO-2.png\",\"width\":297,\"height\":210},{\"@type\":\"WebSite\",\"@id\":\"https:\/\/unedpamplona.es\/eu\/#website\",\"url\":\"https:\/\/unedpamplona.es\/eu\/\",\"name\":\"UNED Pamplona\",\"description\":\"\",\"publisher\":{\"@id\":\"https:\/\/unedpamplona.es\/eu\/#organization\"},\"potentialAction\":[{\"@type\":\"SearchAction\",\"target\":{\"@type\":\"EntryPoint\",\"urlTemplate\":\"https:\/\/unedpamplona.es\/eu\/?s={search_term_string}\"},\"query-input\":\"required name=search_term_string\"}],\"inLanguage\":\"eu-ES\"},{\"@type\":\"Organization\",\"@id\":\"https:\/\/unedpamplona.es\/eu\/#organization\",\"name\":\"UNED Pamplona\",\"url\":\"https:\/\/unedpamplona.es\/eu\/\",\"logo\":{\"@type\":\"ImageObject\",\"inLanguage\":\"eu-ES\",\"@id\":\"https:\/\/unedpamplona.es\/eu\/#\/schema\/logo\/image\/\",\"url\":\"https:\/\/unedpamplona.es\/wp-content\/uploads\/2024\/02\/uned_pamplona_logo.png\",\"contentUrl\":\"https:\/\/unedpamplona.es\/wp-content\/uploads\/2024\/02\/uned_pamplona_logo.png\",\"width\":218,\"height\":104,\"caption\":\"UNED Pamplona\"},\"image\":{\"@id\":\"https:\/\/unedpamplona.es\/eu\/#\/schema\/logo\/image\/\"},\"sameAs\":[\"https:\/\/x.com\/unedpamplona\",\"https:\/\/www.youtube.com\/channel\/UCR2jc6TbCMAPnbcA17Z0wwg\",\"https:\/\/www.instagram.com\/unedpamplona\/\"]},{\"@type\":\"Person\",\"@id\":\"https:\/\/unedpamplona.es\/eu\/#\/schema\/person\/62a05b70c6808d41d8de2111f2b5f568\",\"name\":\"uned\",\"image\":{\"@type\":\"ImageObject\",\"inLanguage\":\"eu-ES\",\"@id\":\"https:\/\/unedpamplona.es\/eu\/#\/schema\/person\/image\/\",\"url\":\"https:\/\/secure.gravatar.com\/avatar\/344a1f8262dc552fd951ddf77b72239b?s=96&d=mm&r=g\",\"contentUrl\":\"https:\/\/secure.gravatar.com\/avatar\/344a1f8262dc552fd951ddf77b72239b?s=96&d=mm&r=g\",\"caption\":\"uned\"},\"url\":\"https:\/\/unedpamplona.es\/eu\/author\/uned\/\"}]}<\/script>\n<!-- \/ Yoast SEO plugin. -->","yoast_head_json":{"title":"UNED Pamplona participa en el programa \"Primera experiencia en las Administraciones P\u00fablicas\" financiado por la Uni\u00f3n Europea - UNED Pamplona","robots":{"index":"index","follow":"follow","max-snippet":"max-snippet:-1","max-image-preview":"max-image-preview:large","max-video-preview":"max-video-preview:-1"},"canonical":"https:\/\/unedpamplona.es\/eu\/uned-pamplona-participa-en-el-programa-primera-experiencia-en-las-administraciones-publicas\/","og_locale":"eu_ES","og_type":"article","og_title":"UNED Pamplona participa en el programa \"Primera experiencia en las Administraciones P\u00fablicas\" financiado por la Uni\u00f3n Europea - UNED Pamplona","og_description":"El Centro de UNED Pamplona est\u00e1 participando en el programa &#8220;Primera experiencia en las Administraciones P\u00fablicas&#8221;, financiado por la Uni\u00f3n Europea. El programa se desarrolla de marzo de 2024 a marzo de 2025. &nbsp; &nbsp; &nbsp; &nbsp; &nbsp;","og_url":"https:\/\/unedpamplona.es\/eu\/uned-pamplona-participa-en-el-programa-primera-experiencia-en-las-administraciones-publicas\/","og_site_name":"UNED Pamplona","article_published_time":"2024-12-15T09:32:44+00:00","article_modified_time":"2025-01-15T08:32:50+00:00","og_image":[{"width":297,"height":210,"url":"https:\/\/unedpamplona.es\/wp-content\/uploads\/2024\/11\/LOGOS-PROYECTO-EUROPEO-2.png","type":"image\/png"}],"author":"uned","twitter_card":"summary_large_image","twitter_creator":"@unedpamplona","twitter_site":"@unedpamplona","twitter_misc":{"Written by":"uned","Est. reading time":"1 minute"},"schema":{"@context":"https:\/\/schema.org","@graph":[{"@type":"Article","@id":"https:\/\/unedpamplona.es\/eu\/uned-pamplona-participa-en-el-programa-primera-experiencia-en-las-administraciones-publicas\/#article","isPartOf":{"@id":"https:\/\/unedpamplona.es\/eu\/uned-pamplona-participa-en-el-programa-primera-experiencia-en-las-administraciones-publicas\/"},"author":{"name":"uned","@id":"https:\/\/unedpamplona.es\/eu\/#\/schema\/person\/62a05b70c6808d41d8de2111f2b5f568"},"headline":"UNED Pamplona participa en el programa &#8220;Primera experiencia en las Administraciones P\u00fablicas&#8221; financiado por la Uni\u00f3n Europea","datePublished":"2024-12-15T09:32:44+00:00","dateModified":"2025-01-15T08:32:50+00:00","mainEntityOfPage":{"@id":"https:\/\/unedpamplona.es\/eu\/uned-pamplona-participa-en-el-programa-primera-experiencia-en-las-administraciones-publicas\/"},"wordCount":57,"publisher":{"@id":"https:\/\/unedpamplona.es\/eu\/#organization"},"image":{"@id":"https:\/\/unedpamplona.es\/eu\/uned-pamplona-participa-en-el-programa-primera-experiencia-en-las-administraciones-publicas\/#primaryimage"},"thumbnailUrl":"https:\/\/unedpamplona.es\/wp-content\/uploads\/2024\/11\/LOGOS-PROYECTO-EUROPEO-2.png","articleSection":["Actualidad"],"inLanguage":"eu-ES"},{"@type":"WebPage","@id":"https:\/\/unedpamplona.es\/eu\/uned-pamplona-participa-en-el-programa-primera-experiencia-en-las-administraciones-publicas\/","url":"https:\/\/unedpamplona.es\/eu\/uned-pamplona-participa-en-el-programa-primera-experiencia-en-las-administraciones-publicas\/","name":"UNED Pamplona participa en el programa \"Primera experiencia en las Administraciones P\u00fablicas\" financiado por la Uni\u00f3n Europea - UNED Pamplona","isPartOf":{"@id":"https:\/\/unedpamplona.es\/eu\/#website"},"primaryImageOfPage":{"@id":"https:\/\/unedpamplona.es\/eu\/uned-pamplona-participa-en-el-programa-primera-experiencia-en-las-administraciones-publicas\/#primaryimage"},"image":{"@id":"https:\/\/unedpamplona.es\/eu\/uned-pamplona-participa-en-el-programa-primera-experiencia-en-las-administraciones-publicas\/#primaryimage"},"thumbnailUrl":"https:\/\/unedpamplona.es\/wp-content\/uploads\/2024\/11\/LOGOS-PROYECTO-EUROPEO-2.png","datePublished":"2024-12-15T09:32:44+00:00","dateModified":"2025-01-15T08:32:50+00:00","inLanguage":"eu-ES","potentialAction":[{"@type":"ReadAction","target":["https:\/\/unedpamplona.es\/eu\/uned-pamplona-participa-en-el-programa-primera-experiencia-en-las-administraciones-publicas\/"]}]},{"@type":"ImageObject","inLanguage":"eu-ES","@id":"https:\/\/unedpamplona.es\/eu\/uned-pamplona-participa-en-el-programa-primera-experiencia-en-las-administraciones-publicas\/#primaryimage","url":"https:\/\/unedpamplona.es\/wp-content\/uploads\/2024\/11\/LOGOS-PROYECTO-EUROPEO-2.png","contentUrl":"https:\/\/unedpamplona.es\/wp-content\/uploads\/2024\/11\/LOGOS-PROYECTO-EUROPEO-2.png","width":297,"height":210},{"@type":"WebSite","@id":"https:\/\/unedpamplona.es\/eu\/#website","url":"https:\/\/unedpamplona.es\/eu\/","name":"UNED Pamplona","description":"","publisher":{"@id":"https:\/\/unedpamplona.es\/eu\/#organization"},"potentialAction":[{"@type":"SearchAction","target":{"@type":"EntryPoint","urlTemplate":"https:\/\/unedpamplona.es\/eu\/?s={search_term_string}"},"query-input":"required name=search_term_string"}],"inLanguage":"eu-ES"},{"@type":"Organization","@id":"https:\/\/unedpamplona.es\/eu\/#organization","name":"UNED Pamplona","url":"https:\/\/unedpamplona.es\/eu\/","logo":{"@type":"ImageObject","inLanguage":"eu-ES","@id":"https:\/\/unedpamplona.es\/eu\/#\/schema\/logo\/image\/","url":"https:\/\/unedpamplona.es\/wp-content\/uploads\/2024\/02\/uned_pamplona_logo.png","contentUrl":"https:\/\/unedpamplona.es\/wp-content\/uploads\/2024\/02\/uned_pamplona_logo.png","width":218,"height":104,"caption":"UNED Pamplona"},"image":{"@id":"https:\/\/unedpamplona.es\/eu\/#\/schema\/logo\/image\/"},"sameAs":["https:\/\/x.com\/unedpamplona","https:\/\/www.youtube.com\/channel\/UCR2jc6TbCMAPnbcA17Z0wwg","https:\/\/www.instagram.com\/unedpamplona\/"]},{"@type":"Person","@id":"https:\/\/unedpamplona.es\/eu\/#\/schema\/person\/62a05b70c6808d41d8de2111f2b5f568","name":"uned","image":{"@type":"ImageObject","inLanguage":"eu-ES","@id":"https:\/\/unedpamplona.es\/eu\/#\/schema\/person\/image\/","url":"https:\/\/secure.gravatar.com\/avatar\/344a1f8262dc552fd951ddf77b72239b?s=96&d=mm&r=g","contentUrl":"https:\/\/secure.gravatar.com\/avatar\/344a1f8262dc552fd951ddf77b72239b?s=96&d=mm&r=g","caption":"uned"},"url":"https:\/\/unedpamplona.es\/eu\/author\/uned\/"}]}},"_links":{"self":[{"href":"https:\/\/unedpamplona.es\/eu\/wp-json\/wp\/v2\/posts\/5797"}],"collection":[{"href":"https:\/\/unedpamplona.es\/eu\/wp-json\/wp\/v2\/posts"}],"about":[{"href":"https:\/\/unedpamplona.es\/eu\/wp-json\/wp\/v2\/types\/post"}],"author":[{"embeddable":true,"href":"https:\/\/unedpamplona.es\/eu\/wp-json\/wp\/v2\/users\/2"}],"replies":[{"embeddable":true,"href":"https:\/\/unedpamplona.es\/eu\/wp-json\/wp\/v2\/comments?post=5797"}],"version-history":[{"count":7,"href":"https:\/\/unedpamplona.es\/eu\/wp-json\/wp\/v2\/posts\/5797\/revisions"}],"predecessor-version":[{"id":5861,"href":"https:\/\/unedpamplona.es\/eu\/wp-json\/wp\/v2\/posts\/5797\/revisions\/5861"}],"wp:featuredmedia":[{"embeddable":true,"href":"https:\/\/unedpamplona.es\/eu\/wp-json\/wp\/v2\/media\/5818"}],"wp:attachment":[{"href":"https:\/\/unedpamplona.es\/eu\/wp-json\/wp\/v2\/media?parent=5797"}],"wp:term":[{"taxonomy":"category","embeddable":true,"href":"https:\/\/unedpamplona.es\/eu\/wp-json\/wp\/v2\/categories?post=5797"},{"taxonomy":"post_tag","embeddable":true,"href":"https:\/\/unedpamplona.es\/eu\/wp-json\/wp\/v2\/tags?post=5797"}],"curies":[{"name":"wp","href":"https:\/\/api.w.org\/{rel}","templated":true}]}}