{"id":6040,"date":"2024-11-28T11:27:41","date_gmt":"2024-11-28T10:27:41","guid":{"rendered":"https:\/\/unedpamplona.es\/?p=6040"},"modified":"2025-01-15T09:34:41","modified_gmt":"2025-01-15T08:34:41","slug":"juan-cruz-alli-cierra-el-curso-la-lorafna-en-el-siglo-xxi-propuesta-de-reforma","status":"publish","type":"post","link":"https:\/\/unedpamplona.es\/eu\/juan-cruz-alli-cierra-el-curso-la-lorafna-en-el-siglo-xxi-propuesta-de-reforma\/","title":{"rendered":"Juan Cruz Alli cierra el curso &#8220;La LORAFNA en el siglo XXI: Propuesta de reforma&#8221;"},"content":{"rendered":"<div class=\"elementor-element elementor-element-3a915c9 elementor-widget elementor-widget-theme-post-title elementor-page-title elementor-widget-heading\" data-id=\"3a915c9\" data-element_type=\"widget\" data-widget_type=\"theme-post-title.default\">\n<div class=\"elementor-widget-container\">\n<p>UNED Pamplona acogi\u00f3 los pasados 21, 22, 26 y 27 de noviembre y 9, 10 y 11 de diciembre el curso\u00a0 &#8220;La LORAFNA en el siglo XXI: propuesta de reforma&#8221;.\u00a0\u00a0Transcurridos 41 a\u00f1os de la aprobaci\u00f3n de la LORAFNA, en el marco de los debates cient\u00edficos y de la ponencia parlamentaria que persigue su reforma y adaptaci\u00f3n a las necesidades sociales, se propone la impartici\u00f3n de un curso de extensi\u00f3n universitaria para los estudiantes de UNED Pamplona.<\/p>\n<p>Intervinieron <strong>investigadores externos<\/strong>\u00a0que han participado en las\u00a0<strong>jornadas cient\u00edficas para la reforma de la LORAFNA<\/strong>, que han investigado y publicado numerosas obras cient\u00edficas sobre Derecho P\u00fablico de Navarra, y\/o imparten docencia de Derecho P\u00fablico de Navarra en otras universidades. Tambi\u00e9n\u00a0participan\u00a0<strong>investigadores externos que han formado parte de las Instituciones de la Comunidad Foral de Navarra<\/strong>\u00a0(Presidencia del Gobierno de Navarra, Parlamento de Navarra, y Defensor del Pueblo de Navarra).<\/p>\n<p>La formaci\u00f3n estuvo dirigida por la profesora tutora de UNED Pamplona, la Dra. <strong>Mar\u00eda Cristina Zoco<\/strong>, y en ella participaron los siguientes ponentes:<\/p>\n<ul>\n<li><strong>D. Juan Cruz Alli Aranguren.\u00a0<\/strong>Ex presidente del Gobierno de Navarra y profesor titular de Derecho Administrativo<\/li>\n<li><strong>Dr. D. Francisco Javier En\u00e9riz Olaechea.\u00a0<\/strong>Ex defensor del Pueblo de Navarra y t\u00e9cnico de Administraci\u00f3n P\u00fablica<\/li>\n<li><strong>Dr. D. Mikel Lizarraga Rada.\u00a0<\/strong>Profesor Ayudante Doctor. UPNA. Investigador<\/li>\n<li><strong>D. Luis Enrique L\u00f3pez Hern\u00e1ndez.\u00a0<\/strong>Profesor Asociado de Derecho Constitucional y de Derecho P\u00fablico de Navarra<\/li>\n<\/ul>\n<\/div>\n<\/div>\n<div class=\"elementor-element elementor-element-93e3ed0 elementor-widget elementor-widget-theme-post-content\" data-id=\"93e3ed0\" data-element_type=\"widget\" data-widget_type=\"theme-post-content.default\">\n<div class=\"elementor-widget-container\">\n<p>&nbsp;<\/p>\n<\/div>\n<\/div>\n","protected":false},"excerpt":{"rendered":"<p>UNED Pamplona acogi\u00f3 los pasados 21, 22, 26 y 27 de noviembre y 9, 10 y 11 de diciembre el curso\u00a0 &#8220;La LORAFNA en el siglo XXI: propuesta de reforma&#8221;.\u00a0\u00a0Transcurridos 41 a\u00f1os de la aprobaci\u00f3n de la LORAFNA, en el marco de los debates cient\u00edficos y de la ponencia parlamentaria que persigue su reforma y [&hellip;]<\/p>\n","protected":false},"author":2,"featured_media":6042,"comment_status":"closed","ping_status":"closed","sticky":false,"template":"","format":"standard","meta":{"footnotes":""},"categories":[1],"tags":[],"yoast_head":"<!-- This site is optimized with the Yoast SEO plugin v22.5 - https:\/\/yoast.com\/wordpress\/plugins\/seo\/ -->\n<title>Juan Cruz Alli cierra el curso &quot;La LORAFNA en el siglo XXI: Propuesta de reforma&quot; - UNED Pamplona<\/title>\n<meta name=\"robots\" content=\"index, follow, max-snippet:-1, max-image-preview:large, max-video-preview:-1\" \/>\n<link rel=\"canonical\" href=\"https:\/\/unedpamplona.es\/eu\/juan-cruz-alli-cierra-el-curso-la-lorafna-en-el-siglo-xxi-propuesta-de-reforma\/\" \/>\n<meta property=\"og:locale\" content=\"eu_ES\" \/>\n<meta property=\"og:type\" content=\"article\" \/>\n<meta property=\"og:title\" content=\"Juan Cruz Alli cierra el curso &quot;La LORAFNA en el siglo XXI: Propuesta de reforma&quot; - UNED Pamplona\" \/>\n<meta property=\"og:description\" content=\"UNED Pamplona acogi\u00f3 los pasados 21, 22, 26 y 27 de noviembre y 9, 10 y 11 de diciembre el curso\u00a0 &#8220;La LORAFNA en el siglo XXI: propuesta de reforma&#8221;.\u00a0\u00a0Transcurridos 41 a\u00f1os de la aprobaci\u00f3n de la LORAFNA, en el marco de los debates cient\u00edficos y de la ponencia parlamentaria que persigue su reforma y [&hellip;]\" \/>\n<meta property=\"og:url\" content=\"https:\/\/unedpamplona.es\/eu\/juan-cruz-alli-cierra-el-curso-la-lorafna-en-el-siglo-xxi-propuesta-de-reforma\/\" \/>\n<meta property=\"og:site_name\" content=\"UNED Pamplona\" \/>\n<meta property=\"article:published_time\" content=\"2024-11-28T10:27:41+00:00\" \/>\n<meta property=\"article:modified_time\" content=\"2025-01-15T08:34:41+00:00\" \/>\n<meta property=\"og:image\" content=\"https:\/\/unedpamplona.es\/wp-content\/uploads\/2024\/12\/Alli-scaled.jpeg\" \/>\n\t<meta property=\"og:image:width\" content=\"2560\" \/>\n\t<meta property=\"og:image:height\" content=\"1811\" \/>\n\t<meta property=\"og:image:type\" content=\"image\/jpeg\" \/>\n<meta name=\"author\" content=\"uned\" \/>\n<meta name=\"twitter:card\" content=\"summary_large_image\" \/>\n<meta name=\"twitter:creator\" content=\"@unedpamplona\" \/>\n<meta name=\"twitter:site\" content=\"@unedpamplona\" \/>\n<meta name=\"twitter:label1\" content=\"Written by\" \/>\n\t<meta name=\"twitter:data1\" content=\"uned\" \/>\n\t<meta name=\"twitter:label2\" content=\"Est. reading time\" \/>\n\t<meta name=\"twitter:data2\" content=\"2 minutes\" \/>\n<script type=\"application\/ld+json\" class=\"yoast-schema-graph\">{\"@context\":\"https:\/\/schema.org\",\"@graph\":[{\"@type\":\"Article\",\"@id\":\"https:\/\/unedpamplona.es\/eu\/juan-cruz-alli-cierra-el-curso-la-lorafna-en-el-siglo-xxi-propuesta-de-reforma\/#article\",\"isPartOf\":{\"@id\":\"https:\/\/unedpamplona.es\/eu\/juan-cruz-alli-cierra-el-curso-la-lorafna-en-el-siglo-xxi-propuesta-de-reforma\/\"},\"author\":{\"name\":\"uned\",\"@id\":\"https:\/\/unedpamplona.es\/eu\/#\/schema\/person\/62a05b70c6808d41d8de2111f2b5f568\"},\"headline\":\"Juan Cruz Alli cierra el curso &#8220;La LORAFNA en el siglo XXI: Propuesta de reforma&#8221;\",\"datePublished\":\"2024-11-28T10:27:41+00:00\",\"dateModified\":\"2025-01-15T08:34:41+00:00\",\"mainEntityOfPage\":{\"@id\":\"https:\/\/unedpamplona.es\/eu\/juan-cruz-alli-cierra-el-curso-la-lorafna-en-el-siglo-xxi-propuesta-de-reforma\/\"},\"wordCount\":260,\"publisher\":{\"@id\":\"https:\/\/unedpamplona.es\/eu\/#organization\"},\"image\":{\"@id\":\"https:\/\/unedpamplona.es\/eu\/juan-cruz-alli-cierra-el-curso-la-lorafna-en-el-siglo-xxi-propuesta-de-reforma\/#primaryimage\"},\"thumbnailUrl\":\"https:\/\/unedpamplona.es\/wp-content\/uploads\/2024\/12\/Alli-scaled.jpeg\",\"articleSection\":[\"Sin categorizar\"],\"inLanguage\":\"eu-ES\"},{\"@type\":\"WebPage\",\"@id\":\"https:\/\/unedpamplona.es\/eu\/juan-cruz-alli-cierra-el-curso-la-lorafna-en-el-siglo-xxi-propuesta-de-reforma\/\",\"url\":\"https:\/\/unedpamplona.es\/eu\/juan-cruz-alli-cierra-el-curso-la-lorafna-en-el-siglo-xxi-propuesta-de-reforma\/\",\"name\":\"Juan Cruz Alli cierra el curso \\\"La LORAFNA en el siglo XXI: Propuesta de reforma\\\" - UNED Pamplona\",\"isPartOf\":{\"@id\":\"https:\/\/unedpamplona.es\/eu\/#website\"},\"primaryImageOfPage\":{\"@id\":\"https:\/\/unedpamplona.es\/eu\/juan-cruz-alli-cierra-el-curso-la-lorafna-en-el-siglo-xxi-propuesta-de-reforma\/#primaryimage\"},\"image\":{\"@id\":\"https:\/\/unedpamplona.es\/eu\/juan-cruz-alli-cierra-el-curso-la-lorafna-en-el-siglo-xxi-propuesta-de-reforma\/#primaryimage\"},\"thumbnailUrl\":\"https:\/\/unedpamplona.es\/wp-content\/uploads\/2024\/12\/Alli-scaled.jpeg\",\"datePublished\":\"2024-11-28T10:27:41+00:00\",\"dateModified\":\"2025-01-15T08:34:41+00:00\",\"inLanguage\":\"eu-ES\",\"potentialAction\":[{\"@type\":\"ReadAction\",\"target\":[\"https:\/\/unedpamplona.es\/eu\/juan-cruz-alli-cierra-el-curso-la-lorafna-en-el-siglo-xxi-propuesta-de-reforma\/\"]}]},{\"@type\":\"ImageObject\",\"inLanguage\":\"eu-ES\",\"@id\":\"https:\/\/unedpamplona.es\/eu\/juan-cruz-alli-cierra-el-curso-la-lorafna-en-el-siglo-xxi-propuesta-de-reforma\/#primaryimage\",\"url\":\"https:\/\/unedpamplona.es\/wp-content\/uploads\/2024\/12\/Alli-scaled.jpeg\",\"contentUrl\":\"https:\/\/unedpamplona.es\/wp-content\/uploads\/2024\/12\/Alli-scaled.jpeg\",\"width\":2560,\"height\":1811},{\"@type\":\"WebSite\",\"@id\":\"https:\/\/unedpamplona.es\/eu\/#website\",\"url\":\"https:\/\/unedpamplona.es\/eu\/\",\"name\":\"UNED Pamplona\",\"description\":\"\",\"publisher\":{\"@id\":\"https:\/\/unedpamplona.es\/eu\/#organization\"},\"potentialAction\":[{\"@type\":\"SearchAction\",\"target\":{\"@type\":\"EntryPoint\",\"urlTemplate\":\"https:\/\/unedpamplona.es\/eu\/?s={search_term_string}\"},\"query-input\":\"required name=search_term_string\"}],\"inLanguage\":\"eu-ES\"},{\"@type\":\"Organization\",\"@id\":\"https:\/\/unedpamplona.es\/eu\/#organization\",\"name\":\"UNED Pamplona\",\"url\":\"https:\/\/unedpamplona.es\/eu\/\",\"logo\":{\"@type\":\"ImageObject\",\"inLanguage\":\"eu-ES\",\"@id\":\"https:\/\/unedpamplona.es\/eu\/#\/schema\/logo\/image\/\",\"url\":\"https:\/\/unedpamplona.es\/wp-content\/uploads\/2024\/02\/uned_pamplona_logo.png\",\"contentUrl\":\"https:\/\/unedpamplona.es\/wp-content\/uploads\/2024\/02\/uned_pamplona_logo.png\",\"width\":218,\"height\":104,\"caption\":\"UNED Pamplona\"},\"image\":{\"@id\":\"https:\/\/unedpamplona.es\/eu\/#\/schema\/logo\/image\/\"},\"sameAs\":[\"https:\/\/x.com\/unedpamplona\",\"https:\/\/www.youtube.com\/channel\/UCR2jc6TbCMAPnbcA17Z0wwg\",\"https:\/\/www.instagram.com\/unedpamplona\/\"]},{\"@type\":\"Person\",\"@id\":\"https:\/\/unedpamplona.es\/eu\/#\/schema\/person\/62a05b70c6808d41d8de2111f2b5f568\",\"name\":\"uned\",\"image\":{\"@type\":\"ImageObject\",\"inLanguage\":\"eu-ES\",\"@id\":\"https:\/\/unedpamplona.es\/eu\/#\/schema\/person\/image\/\",\"url\":\"https:\/\/secure.gravatar.com\/avatar\/344a1f8262dc552fd951ddf77b72239b?s=96&d=mm&r=g\",\"contentUrl\":\"https:\/\/secure.gravatar.com\/avatar\/344a1f8262dc552fd951ddf77b72239b?s=96&d=mm&r=g\",\"caption\":\"uned\"},\"url\":\"https:\/\/unedpamplona.es\/eu\/author\/uned\/\"}]}<\/script>\n<!-- \/ Yoast SEO plugin. -->","yoast_head_json":{"title":"Juan Cruz Alli cierra el curso \"La LORAFNA en el siglo XXI: Propuesta de reforma\" - UNED Pamplona","robots":{"index":"index","follow":"follow","max-snippet":"max-snippet:-1","max-image-preview":"max-image-preview:large","max-video-preview":"max-video-preview:-1"},"canonical":"https:\/\/unedpamplona.es\/eu\/juan-cruz-alli-cierra-el-curso-la-lorafna-en-el-siglo-xxi-propuesta-de-reforma\/","og_locale":"eu_ES","og_type":"article","og_title":"Juan Cruz Alli cierra el curso \"La LORAFNA en el siglo XXI: Propuesta de reforma\" - UNED Pamplona","og_description":"UNED Pamplona acogi\u00f3 los pasados 21, 22, 26 y 27 de noviembre y 9, 10 y 11 de diciembre el curso\u00a0 &#8220;La LORAFNA en el siglo XXI: propuesta de reforma&#8221;.\u00a0\u00a0Transcurridos 41 a\u00f1os de la aprobaci\u00f3n de la LORAFNA, en el marco de los debates cient\u00edficos y de la ponencia parlamentaria que persigue su reforma y [&hellip;]","og_url":"https:\/\/unedpamplona.es\/eu\/juan-cruz-alli-cierra-el-curso-la-lorafna-en-el-siglo-xxi-propuesta-de-reforma\/","og_site_name":"UNED Pamplona","article_published_time":"2024-11-28T10:27:41+00:00","article_modified_time":"2025-01-15T08:34:41+00:00","og_image":[{"width":2560,"height":1811,"url":"https:\/\/unedpamplona.es\/wp-content\/uploads\/2024\/12\/Alli-scaled.jpeg","type":"image\/jpeg"}],"author":"uned","twitter_card":"summary_large_image","twitter_creator":"@unedpamplona","twitter_site":"@unedpamplona","twitter_misc":{"Written by":"uned","Est. reading time":"2 minutes"},"schema":{"@context":"https:\/\/schema.org","@graph":[{"@type":"Article","@id":"https:\/\/unedpamplona.es\/eu\/juan-cruz-alli-cierra-el-curso-la-lorafna-en-el-siglo-xxi-propuesta-de-reforma\/#article","isPartOf":{"@id":"https:\/\/unedpamplona.es\/eu\/juan-cruz-alli-cierra-el-curso-la-lorafna-en-el-siglo-xxi-propuesta-de-reforma\/"},"author":{"name":"uned","@id":"https:\/\/unedpamplona.es\/eu\/#\/schema\/person\/62a05b70c6808d41d8de2111f2b5f568"},"headline":"Juan Cruz Alli cierra el curso &#8220;La LORAFNA en el siglo XXI: Propuesta de reforma&#8221;","datePublished":"2024-11-28T10:27:41+00:00","dateModified":"2025-01-15T08:34:41+00:00","mainEntityOfPage":{"@id":"https:\/\/unedpamplona.es\/eu\/juan-cruz-alli-cierra-el-curso-la-lorafna-en-el-siglo-xxi-propuesta-de-reforma\/"},"wordCount":260,"publisher":{"@id":"https:\/\/unedpamplona.es\/eu\/#organization"},"image":{"@id":"https:\/\/unedpamplona.es\/eu\/juan-cruz-alli-cierra-el-curso-la-lorafna-en-el-siglo-xxi-propuesta-de-reforma\/#primaryimage"},"thumbnailUrl":"https:\/\/unedpamplona.es\/wp-content\/uploads\/2024\/12\/Alli-scaled.jpeg","articleSection":["Sin categorizar"],"inLanguage":"eu-ES"},{"@type":"WebPage","@id":"https:\/\/unedpamplona.es\/eu\/juan-cruz-alli-cierra-el-curso-la-lorafna-en-el-siglo-xxi-propuesta-de-reforma\/","url":"https:\/\/unedpamplona.es\/eu\/juan-cruz-alli-cierra-el-curso-la-lorafna-en-el-siglo-xxi-propuesta-de-reforma\/","name":"Juan Cruz Alli cierra el curso \"La LORAFNA en el siglo XXI: Propuesta de reforma\" - UNED Pamplona","isPartOf":{"@id":"https:\/\/unedpamplona.es\/eu\/#website"},"primaryImageOfPage":{"@id":"https:\/\/unedpamplona.es\/eu\/juan-cruz-alli-cierra-el-curso-la-lorafna-en-el-siglo-xxi-propuesta-de-reforma\/#primaryimage"},"image":{"@id":"https:\/\/unedpamplona.es\/eu\/juan-cruz-alli-cierra-el-curso-la-lorafna-en-el-siglo-xxi-propuesta-de-reforma\/#primaryimage"},"thumbnailUrl":"https:\/\/unedpamplona.es\/wp-content\/uploads\/2024\/12\/Alli-scaled.jpeg","datePublished":"2024-11-28T10:27:41+00:00","dateModified":"2025-01-15T08:34:41+00:00","inLanguage":"eu-ES","potentialAction":[{"@type":"ReadAction","target":["https:\/\/unedpamplona.es\/eu\/juan-cruz-alli-cierra-el-curso-la-lorafna-en-el-siglo-xxi-propuesta-de-reforma\/"]}]},{"@type":"ImageObject","inLanguage":"eu-ES","@id":"https:\/\/unedpamplona.es\/eu\/juan-cruz-alli-cierra-el-curso-la-lorafna-en-el-siglo-xxi-propuesta-de-reforma\/#primaryimage","url":"https:\/\/unedpamplona.es\/wp-content\/uploads\/2024\/12\/Alli-scaled.jpeg","contentUrl":"https:\/\/unedpamplona.es\/wp-content\/uploads\/2024\/12\/Alli-scaled.jpeg","width":2560,"height":1811},{"@type":"WebSite","@id":"https:\/\/unedpamplona.es\/eu\/#website","url":"https:\/\/unedpamplona.es\/eu\/","name":"UNED Pamplona","description":"","publisher":{"@id":"https:\/\/unedpamplona.es\/eu\/#organization"},"potentialAction":[{"@type":"SearchAction","target":{"@type":"EntryPoint","urlTemplate":"https:\/\/unedpamplona.es\/eu\/?s={search_term_string}"},"query-input":"required name=search_term_string"}],"inLanguage":"eu-ES"},{"@type":"Organization","@id":"https:\/\/unedpamplona.es\/eu\/#organization","name":"UNED Pamplona","url":"https:\/\/unedpamplona.es\/eu\/","logo":{"@type":"ImageObject","inLanguage":"eu-ES","@id":"https:\/\/unedpamplona.es\/eu\/#\/schema\/logo\/image\/","url":"https:\/\/unedpamplona.es\/wp-content\/uploads\/2024\/02\/uned_pamplona_logo.png","contentUrl":"https:\/\/unedpamplona.es\/wp-content\/uploads\/2024\/02\/uned_pamplona_logo.png","width":218,"height":104,"caption":"UNED Pamplona"},"image":{"@id":"https:\/\/unedpamplona.es\/eu\/#\/schema\/logo\/image\/"},"sameAs":["https:\/\/x.com\/unedpamplona","https:\/\/www.youtube.com\/channel\/UCR2jc6TbCMAPnbcA17Z0wwg","https:\/\/www.instagram.com\/unedpamplona\/"]},{"@type":"Person","@id":"https:\/\/unedpamplona.es\/eu\/#\/schema\/person\/62a05b70c6808d41d8de2111f2b5f568","name":"uned","image":{"@type":"ImageObject","inLanguage":"eu-ES","@id":"https:\/\/unedpamplona.es\/eu\/#\/schema\/person\/image\/","url":"https:\/\/secure.gravatar.com\/avatar\/344a1f8262dc552fd951ddf77b72239b?s=96&d=mm&r=g","contentUrl":"https:\/\/secure.gravatar.com\/avatar\/344a1f8262dc552fd951ddf77b72239b?s=96&d=mm&r=g","caption":"uned"},"url":"https:\/\/unedpamplona.es\/eu\/author\/uned\/"}]}},"_links":{"self":[{"href":"https:\/\/unedpamplona.es\/eu\/wp-json\/wp\/v2\/posts\/6040"}],"collection":[{"href":"https:\/\/unedpamplona.es\/eu\/wp-json\/wp\/v2\/posts"}],"about":[{"href":"https:\/\/unedpamplona.es\/eu\/wp-json\/wp\/v2\/types\/post"}],"author":[{"embeddable":true,"href":"https:\/\/unedpamplona.es\/eu\/wp-json\/wp\/v2\/users\/2"}],"replies":[{"embeddable":true,"href":"https:\/\/unedpamplona.es\/eu\/wp-json\/wp\/v2\/comments?post=6040"}],"version-history":[{"count":3,"href":"https:\/\/unedpamplona.es\/eu\/wp-json\/wp\/v2\/posts\/6040\/revisions"}],"predecessor-version":[{"id":6046,"href":"https:\/\/unedpamplona.es\/eu\/wp-json\/wp\/v2\/posts\/6040\/revisions\/6046"}],"wp:featuredmedia":[{"embeddable":true,"href":"https:\/\/unedpamplona.es\/eu\/wp-json\/wp\/v2\/media\/6042"}],"wp:attachment":[{"href":"https:\/\/unedpamplona.es\/eu\/wp-json\/wp\/v2\/media?parent=6040"}],"wp:term":[{"taxonomy":"category","embeddable":true,"href":"https:\/\/unedpamplona.es\/eu\/wp-json\/wp\/v2\/categories?post=6040"},{"taxonomy":"post_tag","embeddable":true,"href":"https:\/\/unedpamplona.es\/eu\/wp-json\/wp\/v2\/tags?post=6040"}],"curies":[{"name":"wp","href":"https:\/\/api.w.org\/{rel}","templated":true}]}}