{"id":6191,"date":"2025-01-15T10:10:39","date_gmt":"2025-01-15T09:10:39","guid":{"rendered":"https:\/\/unedpamplona.es\/?p=6191"},"modified":"2025-01-15T13:16:16","modified_gmt":"2025-01-15T12:16:16","slug":"6191","status":"publish","type":"post","link":"https:\/\/unedpamplona.es\/eu\/6191\/","title":{"rendered":"Conferencia \u00abBotiqu\u00edn para gestionar las emergencias emocionales\u00bb, con Emilio Garrido"},"content":{"rendered":"<p>\u00abBotiqu\u00edn para gestionar las emergencias emocionales\u00bb es un ensayo terap\u00e9utico, una herramienta pr\u00e1ctica como \u201clibro de mesilla\u201d, para cuando uno se encuentra en una emergencia emocional y no sabe qu\u00e9 hacer. Proponemos una explicaci\u00f3n cl\u00ednico-terap\u00e9utica, de los principales momentos de la vida personal de cada uno de nosotros en los que estamos a punto de perder el equilibrio emocional y, ese desajuste o desequilibrio se hace\u00a0<i>persistente, exagerado y puede llegar a ser cr\u00f3nico, y<\/i>\u00a0decimos en cada uno de esos niveles mencionados, que estamos en emergencia emocional. Bueno, pues aqu\u00ed tienen un ciento de \u201ctiritas, ap\u00f3sitos\u201d psicol\u00f3gicos y cognitivos donde agarrarse para no perder dicho equilibrio o que el desgarro emocional sea el menor posible. No olvidemos que la farmacia est\u00e1 dentro de ti.<\/p>\n<div><\/div>\n<div><strong>Ponente: Dr. D. Emilio Garrido Land\u00edvar. <\/strong>Catedr\u00e1tico en Psicolog\u00eda de la Personalidad, Evaluaci\u00f3n y Tratamientos Psicol\u00f3gicos<\/div>\n<div><\/div>\n<div><strong>Lugar y fechas<\/strong><\/div>\n<div class=\"cajasActividad\">\n<div class=\"cuadro bcolor_c1\">\n<ul>\n<li>19 de febrero de 2025. De 18:00 a 19:30 h. \u00a0AULA MAGNA de UNED Pamplona<\/li>\n<\/ul>\n<\/div>\n<div class=\"cuadro_verde bcolor_a1\">\n<dl id=\"\">\n<dt><\/dt>\n<dt><strong>Matr\u00edcula\u00a0<\/strong><\/dt>\n<dt>Matr\u00edcula gratuita, previa inscripci\u00f3n online:\u00a0<a href=\"https:\/\/extension.uned.es\/actividad\/41111&amp;codigo=CPGL\">Conferencia \u201cBotiqu\u00edn para gestionar las emergencias emocionales\u201d | Extensi\u00f3n Universitaria en Pamplona | UNED<\/a><\/dt>\n<dt><\/dt>\n<dt><\/dt>\n<dt><\/dt>\n<dt><\/dt>\n<dt><\/dt>\n<dt><\/dt>\n<dt><strong>Curso online o presencial<\/strong><\/dt>\n<dt><\/dt>\n<dt><\/dt>\n<dt><\/dt>\n<dt><\/dt>\n<dt><\/dt>\n<dt><\/dt>\n<dt><strong><a class=\"color_c3\" title=\"Ver m\u00e1s actividades de modalidad Online o presencial\" href=\"https:\/\/extension.uned.es\/indice\/modalidad\/Online%20o%20presencial\">Ver m\u00e1s actividades<\/a><\/strong><\/dt>\n<\/dl>\n<\/div>\n<\/div>\n<div><\/div>\n<p>&nbsp;<\/p>\n<p>&nbsp;<\/p>\n","protected":false},"excerpt":{"rendered":"<p>\u00abBotiqu\u00edn para gestionar las emergencias emocionales\u00bb es un ensayo terap\u00e9utico, una herramienta pr\u00e1ctica como \u201clibro de mesilla\u201d, para cuando uno se encuentra en una emergencia emocional y no sabe qu\u00e9 hacer. Proponemos una explicaci\u00f3n cl\u00ednico-terap\u00e9utica, de los principales momentos de la vida personal de cada uno de nosotros en los que estamos a punto de [&hellip;]<\/p>\n","protected":false},"author":2,"featured_media":6189,"comment_status":"closed","ping_status":"closed","sticky":false,"template":"","format":"standard","meta":{"footnotes":""},"categories":[1],"tags":[],"yoast_head":"<!-- This site is optimized with the Yoast SEO plugin v22.5 - https:\/\/yoast.com\/wordpress\/plugins\/seo\/ -->\n<title>Conferencia \u00abBotiqu\u00edn para gestionar las emergencias emocionales\u00bb, con Emilio Garrido - UNED Pamplona<\/title>\n<meta name=\"robots\" content=\"index, follow, max-snippet:-1, max-image-preview:large, max-video-preview:-1\" \/>\n<link rel=\"canonical\" href=\"https:\/\/unedpamplona.es\/eu\/6191\/\" \/>\n<meta property=\"og:locale\" content=\"eu_ES\" \/>\n<meta property=\"og:type\" content=\"article\" \/>\n<meta property=\"og:title\" content=\"Conferencia \u00abBotiqu\u00edn para gestionar las emergencias emocionales\u00bb, con Emilio Garrido - UNED Pamplona\" \/>\n<meta property=\"og:description\" content=\"\u00abBotiqu\u00edn para gestionar las emergencias emocionales\u00bb es un ensayo terap\u00e9utico, una herramienta pr\u00e1ctica como \u201clibro de mesilla\u201d, para cuando uno se encuentra en una emergencia emocional y no sabe qu\u00e9 hacer. Proponemos una explicaci\u00f3n cl\u00ednico-terap\u00e9utica, de los principales momentos de la vida personal de cada uno de nosotros en los que estamos a punto de [&hellip;]\" \/>\n<meta property=\"og:url\" content=\"https:\/\/unedpamplona.es\/eu\/6191\/\" \/>\n<meta property=\"og:site_name\" content=\"UNED Pamplona\" \/>\n<meta property=\"article:published_time\" content=\"2025-01-15T09:10:39+00:00\" \/>\n<meta property=\"article:modified_time\" content=\"2025-01-15T12:16:16+00:00\" \/>\n<meta property=\"og:image\" content=\"https:\/\/unedpamplona.es\/wp-content\/uploads\/2025\/01\/botiquins-1.jpeg\" \/>\n\t<meta property=\"og:image:width\" content=\"1066\" \/>\n\t<meta property=\"og:image:height\" content=\"527\" \/>\n\t<meta property=\"og:image:type\" content=\"image\/jpeg\" \/>\n<meta name=\"author\" content=\"uned\" \/>\n<meta name=\"twitter:card\" content=\"summary_large_image\" \/>\n<meta name=\"twitter:creator\" content=\"@unedpamplona\" \/>\n<meta name=\"twitter:site\" content=\"@unedpamplona\" \/>\n<meta name=\"twitter:label1\" content=\"Written by\" \/>\n\t<meta name=\"twitter:data1\" content=\"uned\" \/>\n\t<meta name=\"twitter:label2\" content=\"Est. reading time\" \/>\n\t<meta name=\"twitter:data2\" content=\"2 minutes\" \/>\n<script type=\"application\/ld+json\" class=\"yoast-schema-graph\">{\"@context\":\"https:\/\/schema.org\",\"@graph\":[{\"@type\":\"Article\",\"@id\":\"https:\/\/unedpamplona.es\/eu\/6191\/#article\",\"isPartOf\":{\"@id\":\"https:\/\/unedpamplona.es\/eu\/6191\/\"},\"author\":{\"name\":\"uned\",\"@id\":\"https:\/\/unedpamplona.es\/eu\/#\/schema\/person\/62a05b70c6808d41d8de2111f2b5f568\"},\"headline\":\"Conferencia \u00abBotiqu\u00edn para gestionar las emergencias emocionales\u00bb, con Emilio Garrido\",\"datePublished\":\"2025-01-15T09:10:39+00:00\",\"dateModified\":\"2025-01-15T12:16:16+00:00\",\"mainEntityOfPage\":{\"@id\":\"https:\/\/unedpamplona.es\/eu\/6191\/\"},\"wordCount\":213,\"publisher\":{\"@id\":\"https:\/\/unedpamplona.es\/eu\/#organization\"},\"image\":{\"@id\":\"https:\/\/unedpamplona.es\/eu\/6191\/#primaryimage\"},\"thumbnailUrl\":\"https:\/\/unedpamplona.es\/wp-content\/uploads\/2025\/01\/botiquins-1.jpeg\",\"articleSection\":[\"Sin categorizar\"],\"inLanguage\":\"eu-ES\"},{\"@type\":\"WebPage\",\"@id\":\"https:\/\/unedpamplona.es\/eu\/6191\/\",\"url\":\"https:\/\/unedpamplona.es\/eu\/6191\/\",\"name\":\"Conferencia \u00abBotiqu\u00edn para gestionar las emergencias emocionales\u00bb, con Emilio Garrido - UNED Pamplona\",\"isPartOf\":{\"@id\":\"https:\/\/unedpamplona.es\/eu\/#website\"},\"primaryImageOfPage\":{\"@id\":\"https:\/\/unedpamplona.es\/eu\/6191\/#primaryimage\"},\"image\":{\"@id\":\"https:\/\/unedpamplona.es\/eu\/6191\/#primaryimage\"},\"thumbnailUrl\":\"https:\/\/unedpamplona.es\/wp-content\/uploads\/2025\/01\/botiquins-1.jpeg\",\"datePublished\":\"2025-01-15T09:10:39+00:00\",\"dateModified\":\"2025-01-15T12:16:16+00:00\",\"inLanguage\":\"eu-ES\",\"potentialAction\":[{\"@type\":\"ReadAction\",\"target\":[\"https:\/\/unedpamplona.es\/eu\/6191\/\"]}]},{\"@type\":\"ImageObject\",\"inLanguage\":\"eu-ES\",\"@id\":\"https:\/\/unedpamplona.es\/eu\/6191\/#primaryimage\",\"url\":\"https:\/\/unedpamplona.es\/wp-content\/uploads\/2025\/01\/botiquins-1.jpeg\",\"contentUrl\":\"https:\/\/unedpamplona.es\/wp-content\/uploads\/2025\/01\/botiquins-1.jpeg\",\"width\":1066,\"height\":527},{\"@type\":\"WebSite\",\"@id\":\"https:\/\/unedpamplona.es\/eu\/#website\",\"url\":\"https:\/\/unedpamplona.es\/eu\/\",\"name\":\"UNED Pamplona\",\"description\":\"\",\"publisher\":{\"@id\":\"https:\/\/unedpamplona.es\/eu\/#organization\"},\"potentialAction\":[{\"@type\":\"SearchAction\",\"target\":{\"@type\":\"EntryPoint\",\"urlTemplate\":\"https:\/\/unedpamplona.es\/eu\/?s={search_term_string}\"},\"query-input\":\"required name=search_term_string\"}],\"inLanguage\":\"eu-ES\"},{\"@type\":\"Organization\",\"@id\":\"https:\/\/unedpamplona.es\/eu\/#organization\",\"name\":\"UNED Pamplona\",\"url\":\"https:\/\/unedpamplona.es\/eu\/\",\"logo\":{\"@type\":\"ImageObject\",\"inLanguage\":\"eu-ES\",\"@id\":\"https:\/\/unedpamplona.es\/eu\/#\/schema\/logo\/image\/\",\"url\":\"https:\/\/unedpamplona.es\/wp-content\/uploads\/2024\/02\/uned_pamplona_logo.png\",\"contentUrl\":\"https:\/\/unedpamplona.es\/wp-content\/uploads\/2024\/02\/uned_pamplona_logo.png\",\"width\":218,\"height\":104,\"caption\":\"UNED Pamplona\"},\"image\":{\"@id\":\"https:\/\/unedpamplona.es\/eu\/#\/schema\/logo\/image\/\"},\"sameAs\":[\"https:\/\/x.com\/unedpamplona\",\"https:\/\/www.youtube.com\/channel\/UCR2jc6TbCMAPnbcA17Z0wwg\",\"https:\/\/www.instagram.com\/unedpamplona\/\"]},{\"@type\":\"Person\",\"@id\":\"https:\/\/unedpamplona.es\/eu\/#\/schema\/person\/62a05b70c6808d41d8de2111f2b5f568\",\"name\":\"uned\",\"image\":{\"@type\":\"ImageObject\",\"inLanguage\":\"eu-ES\",\"@id\":\"https:\/\/unedpamplona.es\/eu\/#\/schema\/person\/image\/\",\"url\":\"https:\/\/secure.gravatar.com\/avatar\/344a1f8262dc552fd951ddf77b72239b?s=96&d=mm&r=g\",\"contentUrl\":\"https:\/\/secure.gravatar.com\/avatar\/344a1f8262dc552fd951ddf77b72239b?s=96&d=mm&r=g\",\"caption\":\"uned\"},\"url\":\"https:\/\/unedpamplona.es\/eu\/author\/uned\/\"}]}<\/script>\n<!-- \/ Yoast SEO plugin. -->","yoast_head_json":{"title":"Conferencia \u00abBotiqu\u00edn para gestionar las emergencias emocionales\u00bb, con Emilio Garrido - UNED Pamplona","robots":{"index":"index","follow":"follow","max-snippet":"max-snippet:-1","max-image-preview":"max-image-preview:large","max-video-preview":"max-video-preview:-1"},"canonical":"https:\/\/unedpamplona.es\/eu\/6191\/","og_locale":"eu_ES","og_type":"article","og_title":"Conferencia \u00abBotiqu\u00edn para gestionar las emergencias emocionales\u00bb, con Emilio Garrido - UNED Pamplona","og_description":"\u00abBotiqu\u00edn para gestionar las emergencias emocionales\u00bb es un ensayo terap\u00e9utico, una herramienta pr\u00e1ctica como \u201clibro de mesilla\u201d, para cuando uno se encuentra en una emergencia emocional y no sabe qu\u00e9 hacer. Proponemos una explicaci\u00f3n cl\u00ednico-terap\u00e9utica, de los principales momentos de la vida personal de cada uno de nosotros en los que estamos a punto de [&hellip;]","og_url":"https:\/\/unedpamplona.es\/eu\/6191\/","og_site_name":"UNED Pamplona","article_published_time":"2025-01-15T09:10:39+00:00","article_modified_time":"2025-01-15T12:16:16+00:00","og_image":[{"width":1066,"height":527,"url":"https:\/\/unedpamplona.es\/wp-content\/uploads\/2025\/01\/botiquins-1.jpeg","type":"image\/jpeg"}],"author":"uned","twitter_card":"summary_large_image","twitter_creator":"@unedpamplona","twitter_site":"@unedpamplona","twitter_misc":{"Written by":"uned","Est. reading time":"2 minutes"},"schema":{"@context":"https:\/\/schema.org","@graph":[{"@type":"Article","@id":"https:\/\/unedpamplona.es\/eu\/6191\/#article","isPartOf":{"@id":"https:\/\/unedpamplona.es\/eu\/6191\/"},"author":{"name":"uned","@id":"https:\/\/unedpamplona.es\/eu\/#\/schema\/person\/62a05b70c6808d41d8de2111f2b5f568"},"headline":"Conferencia \u00abBotiqu\u00edn para gestionar las emergencias emocionales\u00bb, con Emilio Garrido","datePublished":"2025-01-15T09:10:39+00:00","dateModified":"2025-01-15T12:16:16+00:00","mainEntityOfPage":{"@id":"https:\/\/unedpamplona.es\/eu\/6191\/"},"wordCount":213,"publisher":{"@id":"https:\/\/unedpamplona.es\/eu\/#organization"},"image":{"@id":"https:\/\/unedpamplona.es\/eu\/6191\/#primaryimage"},"thumbnailUrl":"https:\/\/unedpamplona.es\/wp-content\/uploads\/2025\/01\/botiquins-1.jpeg","articleSection":["Sin categorizar"],"inLanguage":"eu-ES"},{"@type":"WebPage","@id":"https:\/\/unedpamplona.es\/eu\/6191\/","url":"https:\/\/unedpamplona.es\/eu\/6191\/","name":"Conferencia \u00abBotiqu\u00edn para gestionar las emergencias emocionales\u00bb, con Emilio Garrido - UNED Pamplona","isPartOf":{"@id":"https:\/\/unedpamplona.es\/eu\/#website"},"primaryImageOfPage":{"@id":"https:\/\/unedpamplona.es\/eu\/6191\/#primaryimage"},"image":{"@id":"https:\/\/unedpamplona.es\/eu\/6191\/#primaryimage"},"thumbnailUrl":"https:\/\/unedpamplona.es\/wp-content\/uploads\/2025\/01\/botiquins-1.jpeg","datePublished":"2025-01-15T09:10:39+00:00","dateModified":"2025-01-15T12:16:16+00:00","inLanguage":"eu-ES","potentialAction":[{"@type":"ReadAction","target":["https:\/\/unedpamplona.es\/eu\/6191\/"]}]},{"@type":"ImageObject","inLanguage":"eu-ES","@id":"https:\/\/unedpamplona.es\/eu\/6191\/#primaryimage","url":"https:\/\/unedpamplona.es\/wp-content\/uploads\/2025\/01\/botiquins-1.jpeg","contentUrl":"https:\/\/unedpamplona.es\/wp-content\/uploads\/2025\/01\/botiquins-1.jpeg","width":1066,"height":527},{"@type":"WebSite","@id":"https:\/\/unedpamplona.es\/eu\/#website","url":"https:\/\/unedpamplona.es\/eu\/","name":"UNED Pamplona","description":"","publisher":{"@id":"https:\/\/unedpamplona.es\/eu\/#organization"},"potentialAction":[{"@type":"SearchAction","target":{"@type":"EntryPoint","urlTemplate":"https:\/\/unedpamplona.es\/eu\/?s={search_term_string}"},"query-input":"required name=search_term_string"}],"inLanguage":"eu-ES"},{"@type":"Organization","@id":"https:\/\/unedpamplona.es\/eu\/#organization","name":"UNED Pamplona","url":"https:\/\/unedpamplona.es\/eu\/","logo":{"@type":"ImageObject","inLanguage":"eu-ES","@id":"https:\/\/unedpamplona.es\/eu\/#\/schema\/logo\/image\/","url":"https:\/\/unedpamplona.es\/wp-content\/uploads\/2024\/02\/uned_pamplona_logo.png","contentUrl":"https:\/\/unedpamplona.es\/wp-content\/uploads\/2024\/02\/uned_pamplona_logo.png","width":218,"height":104,"caption":"UNED Pamplona"},"image":{"@id":"https:\/\/unedpamplona.es\/eu\/#\/schema\/logo\/image\/"},"sameAs":["https:\/\/x.com\/unedpamplona","https:\/\/www.youtube.com\/channel\/UCR2jc6TbCMAPnbcA17Z0wwg","https:\/\/www.instagram.com\/unedpamplona\/"]},{"@type":"Person","@id":"https:\/\/unedpamplona.es\/eu\/#\/schema\/person\/62a05b70c6808d41d8de2111f2b5f568","name":"uned","image":{"@type":"ImageObject","inLanguage":"eu-ES","@id":"https:\/\/unedpamplona.es\/eu\/#\/schema\/person\/image\/","url":"https:\/\/secure.gravatar.com\/avatar\/344a1f8262dc552fd951ddf77b72239b?s=96&d=mm&r=g","contentUrl":"https:\/\/secure.gravatar.com\/avatar\/344a1f8262dc552fd951ddf77b72239b?s=96&d=mm&r=g","caption":"uned"},"url":"https:\/\/unedpamplona.es\/eu\/author\/uned\/"}]}},"_links":{"self":[{"href":"https:\/\/unedpamplona.es\/eu\/wp-json\/wp\/v2\/posts\/6191"}],"collection":[{"href":"https:\/\/unedpamplona.es\/eu\/wp-json\/wp\/v2\/posts"}],"about":[{"href":"https:\/\/unedpamplona.es\/eu\/wp-json\/wp\/v2\/types\/post"}],"author":[{"embeddable":true,"href":"https:\/\/unedpamplona.es\/eu\/wp-json\/wp\/v2\/users\/2"}],"replies":[{"embeddable":true,"href":"https:\/\/unedpamplona.es\/eu\/wp-json\/wp\/v2\/comments?post=6191"}],"version-history":[{"count":8,"href":"https:\/\/unedpamplona.es\/eu\/wp-json\/wp\/v2\/posts\/6191\/revisions"}],"predecessor-version":[{"id":6199,"href":"https:\/\/unedpamplona.es\/eu\/wp-json\/wp\/v2\/posts\/6191\/revisions\/6199"}],"wp:featuredmedia":[{"embeddable":true,"href":"https:\/\/unedpamplona.es\/eu\/wp-json\/wp\/v2\/media\/6189"}],"wp:attachment":[{"href":"https:\/\/unedpamplona.es\/eu\/wp-json\/wp\/v2\/media?parent=6191"}],"wp:term":[{"taxonomy":"category","embeddable":true,"href":"https:\/\/unedpamplona.es\/eu\/wp-json\/wp\/v2\/categories?post=6191"},{"taxonomy":"post_tag","embeddable":true,"href":"https:\/\/unedpamplona.es\/eu\/wp-json\/wp\/v2\/tags?post=6191"}],"curies":[{"name":"wp","href":"https:\/\/api.w.org\/{rel}","templated":true}]}}