{"id":6216,"date":"2025-02-05T08:09:21","date_gmt":"2025-02-05T07:09:21","guid":{"rendered":"https:\/\/unedpamplona.es\/?p=6216"},"modified":"2025-02-12T18:40:39","modified_gmt":"2025-02-12T17:40:39","slug":"conferencia-los-forajidos-en-el-desfiladero-los-enemigos-de-lo-literario","status":"publish","type":"post","link":"https:\/\/unedpamplona.es\/eu\/conferencia-los-forajidos-en-el-desfiladero-los-enemigos-de-lo-literario\/","title":{"rendered":"Conferencia \u201cLos forajidos en el desfiladero. Los enemigos de lo literario\u201d"},"content":{"rendered":"<p>UNED Pamplona ha organizado el pr\u00f3ximo 12 de febrero la conferencia \u201cLos forajidos en el desfiladero. Los enemigos de lo literario\u201d que ser\u00e1 impartida por el escritor Ignacio Lloret. En la elaboraci\u00f3n de cualquier texto literario, sobre todo en el \u00e1mbito de la ficci\u00f3n, el autor debe sortear una serie de obst\u00e1culos tanto en relaci\u00f3n con el desarrollo de la trama como en la elecci\u00f3n del lenguaje, del estilo. Se trata de peque\u00f1as trampas tendidas a lo largo de ese recorrido en las que debe evitar caer para lograr que el resultado final, el relato o la novela, sea el m\u00e1s literario posible.<\/p>\n<p>En esta charla-taller amena e interactiva presentamos a algunos de esos \u201cforajidos\u201d o \u201cenemigos de lo literario\u201d y colaboraremos de forma pr\u00e1ctica en su eliminaci\u00f3n.<\/p>\n<p>Imparte: <strong>Ignacio Lloret,<\/strong> escritor<\/p>\n<p><strong>Fecha<\/strong>:<strong> 12 de febrero de 2025.<\/strong> De 18:00 a 19:30 h.<\/p>\n<p><strong><a href=\"https:\/\/extension.uned.es\/actividad\/41115&amp;codigo=CFEE\">Matr\u00edcula online gratuita<\/a><\/strong><\/p>\n","protected":false},"excerpt":{"rendered":"<p>UNED Pamplona ha organizado el pr\u00f3ximo 12 de febrero la conferencia \u201cLos forajidos en el desfiladero. Los enemigos de lo literario\u201d que ser\u00e1 impartida por el escritor Ignacio Lloret. En la elaboraci\u00f3n de cualquier texto literario, sobre todo en el \u00e1mbito de la ficci\u00f3n, el autor debe sortear una serie de obst\u00e1culos tanto en relaci\u00f3n [&hellip;]<\/p>\n","protected":false},"author":2,"featured_media":6217,"comment_status":"closed","ping_status":"closed","sticky":false,"template":"","format":"standard","meta":{"footnotes":""},"categories":[11],"tags":[],"yoast_head":"<!-- This site is optimized with the Yoast SEO plugin v22.5 - https:\/\/yoast.com\/wordpress\/plugins\/seo\/ -->\n<title>Conferencia \u201cLos forajidos en el desfiladero. Los enemigos de lo literario\u201d - UNED Pamplona<\/title>\n<meta name=\"robots\" content=\"index, follow, max-snippet:-1, max-image-preview:large, max-video-preview:-1\" \/>\n<link rel=\"canonical\" href=\"https:\/\/unedpamplona.es\/eu\/conferencia-los-forajidos-en-el-desfiladero-los-enemigos-de-lo-literario\/\" \/>\n<meta property=\"og:locale\" content=\"eu_ES\" \/>\n<meta property=\"og:type\" content=\"article\" \/>\n<meta property=\"og:title\" content=\"Conferencia \u201cLos forajidos en el desfiladero. Los enemigos de lo literario\u201d - UNED Pamplona\" \/>\n<meta property=\"og:description\" content=\"UNED Pamplona ha organizado el pr\u00f3ximo 12 de febrero la conferencia \u201cLos forajidos en el desfiladero. Los enemigos de lo literario\u201d que ser\u00e1 impartida por el escritor Ignacio Lloret. En la elaboraci\u00f3n de cualquier texto literario, sobre todo en el \u00e1mbito de la ficci\u00f3n, el autor debe sortear una serie de obst\u00e1culos tanto en relaci\u00f3n [&hellip;]\" \/>\n<meta property=\"og:url\" content=\"https:\/\/unedpamplona.es\/eu\/conferencia-los-forajidos-en-el-desfiladero-los-enemigos-de-lo-literario\/\" \/>\n<meta property=\"og:site_name\" content=\"UNED Pamplona\" \/>\n<meta property=\"article:published_time\" content=\"2025-02-05T07:09:21+00:00\" \/>\n<meta property=\"article:modified_time\" content=\"2025-02-12T17:40:39+00:00\" \/>\n<meta property=\"og:image\" content=\"https:\/\/unedpamplona.es\/wp-content\/uploads\/2025\/01\/forajidos.jpeg\" \/>\n\t<meta property=\"og:image:width\" content=\"1256\" \/>\n\t<meta property=\"og:image:height\" content=\"482\" \/>\n\t<meta property=\"og:image:type\" content=\"image\/jpeg\" \/>\n<meta name=\"author\" content=\"uned\" \/>\n<meta name=\"twitter:card\" content=\"summary_large_image\" \/>\n<meta name=\"twitter:creator\" content=\"@unedpamplona\" \/>\n<meta name=\"twitter:site\" content=\"@unedpamplona\" \/>\n<meta name=\"twitter:label1\" content=\"Written by\" \/>\n\t<meta name=\"twitter:data1\" content=\"uned\" \/>\n\t<meta name=\"twitter:label2\" content=\"Est. reading time\" \/>\n\t<meta name=\"twitter:data2\" content=\"1 minute\" \/>\n<script type=\"application\/ld+json\" class=\"yoast-schema-graph\">{\"@context\":\"https:\/\/schema.org\",\"@graph\":[{\"@type\":\"Article\",\"@id\":\"https:\/\/unedpamplona.es\/eu\/conferencia-los-forajidos-en-el-desfiladero-los-enemigos-de-lo-literario\/#article\",\"isPartOf\":{\"@id\":\"https:\/\/unedpamplona.es\/eu\/conferencia-los-forajidos-en-el-desfiladero-los-enemigos-de-lo-literario\/\"},\"author\":{\"name\":\"uned\",\"@id\":\"https:\/\/unedpamplona.es\/eu\/#\/schema\/person\/62a05b70c6808d41d8de2111f2b5f568\"},\"headline\":\"Conferencia \u201cLos forajidos en el desfiladero. Los enemigos de lo literario\u201d\",\"datePublished\":\"2025-02-05T07:09:21+00:00\",\"dateModified\":\"2025-02-12T17:40:39+00:00\",\"mainEntityOfPage\":{\"@id\":\"https:\/\/unedpamplona.es\/eu\/conferencia-los-forajidos-en-el-desfiladero-los-enemigos-de-lo-literario\/\"},\"wordCount\":163,\"publisher\":{\"@id\":\"https:\/\/unedpamplona.es\/eu\/#organization\"},\"image\":{\"@id\":\"https:\/\/unedpamplona.es\/eu\/conferencia-los-forajidos-en-el-desfiladero-los-enemigos-de-lo-literario\/#primaryimage\"},\"thumbnailUrl\":\"https:\/\/unedpamplona.es\/wp-content\/uploads\/2025\/01\/forajidos.jpeg\",\"articleSection\":[\"Actualidad\"],\"inLanguage\":\"eu-ES\"},{\"@type\":\"WebPage\",\"@id\":\"https:\/\/unedpamplona.es\/eu\/conferencia-los-forajidos-en-el-desfiladero-los-enemigos-de-lo-literario\/\",\"url\":\"https:\/\/unedpamplona.es\/eu\/conferencia-los-forajidos-en-el-desfiladero-los-enemigos-de-lo-literario\/\",\"name\":\"Conferencia \u201cLos forajidos en el desfiladero. Los enemigos de lo literario\u201d - UNED Pamplona\",\"isPartOf\":{\"@id\":\"https:\/\/unedpamplona.es\/eu\/#website\"},\"primaryImageOfPage\":{\"@id\":\"https:\/\/unedpamplona.es\/eu\/conferencia-los-forajidos-en-el-desfiladero-los-enemigos-de-lo-literario\/#primaryimage\"},\"image\":{\"@id\":\"https:\/\/unedpamplona.es\/eu\/conferencia-los-forajidos-en-el-desfiladero-los-enemigos-de-lo-literario\/#primaryimage\"},\"thumbnailUrl\":\"https:\/\/unedpamplona.es\/wp-content\/uploads\/2025\/01\/forajidos.jpeg\",\"datePublished\":\"2025-02-05T07:09:21+00:00\",\"dateModified\":\"2025-02-12T17:40:39+00:00\",\"inLanguage\":\"eu-ES\",\"potentialAction\":[{\"@type\":\"ReadAction\",\"target\":[\"https:\/\/unedpamplona.es\/eu\/conferencia-los-forajidos-en-el-desfiladero-los-enemigos-de-lo-literario\/\"]}]},{\"@type\":\"ImageObject\",\"inLanguage\":\"eu-ES\",\"@id\":\"https:\/\/unedpamplona.es\/eu\/conferencia-los-forajidos-en-el-desfiladero-los-enemigos-de-lo-literario\/#primaryimage\",\"url\":\"https:\/\/unedpamplona.es\/wp-content\/uploads\/2025\/01\/forajidos.jpeg\",\"contentUrl\":\"https:\/\/unedpamplona.es\/wp-content\/uploads\/2025\/01\/forajidos.jpeg\",\"width\":1256,\"height\":482},{\"@type\":\"WebSite\",\"@id\":\"https:\/\/unedpamplona.es\/eu\/#website\",\"url\":\"https:\/\/unedpamplona.es\/eu\/\",\"name\":\"UNED Pamplona\",\"description\":\"\",\"publisher\":{\"@id\":\"https:\/\/unedpamplona.es\/eu\/#organization\"},\"potentialAction\":[{\"@type\":\"SearchAction\",\"target\":{\"@type\":\"EntryPoint\",\"urlTemplate\":\"https:\/\/unedpamplona.es\/eu\/?s={search_term_string}\"},\"query-input\":\"required name=search_term_string\"}],\"inLanguage\":\"eu-ES\"},{\"@type\":\"Organization\",\"@id\":\"https:\/\/unedpamplona.es\/eu\/#organization\",\"name\":\"UNED Pamplona\",\"url\":\"https:\/\/unedpamplona.es\/eu\/\",\"logo\":{\"@type\":\"ImageObject\",\"inLanguage\":\"eu-ES\",\"@id\":\"https:\/\/unedpamplona.es\/eu\/#\/schema\/logo\/image\/\",\"url\":\"https:\/\/unedpamplona.es\/wp-content\/uploads\/2024\/02\/uned_pamplona_logo.png\",\"contentUrl\":\"https:\/\/unedpamplona.es\/wp-content\/uploads\/2024\/02\/uned_pamplona_logo.png\",\"width\":218,\"height\":104,\"caption\":\"UNED Pamplona\"},\"image\":{\"@id\":\"https:\/\/unedpamplona.es\/eu\/#\/schema\/logo\/image\/\"},\"sameAs\":[\"https:\/\/x.com\/unedpamplona\",\"https:\/\/www.youtube.com\/channel\/UCR2jc6TbCMAPnbcA17Z0wwg\",\"https:\/\/www.instagram.com\/unedpamplona\/\"]},{\"@type\":\"Person\",\"@id\":\"https:\/\/unedpamplona.es\/eu\/#\/schema\/person\/62a05b70c6808d41d8de2111f2b5f568\",\"name\":\"uned\",\"image\":{\"@type\":\"ImageObject\",\"inLanguage\":\"eu-ES\",\"@id\":\"https:\/\/unedpamplona.es\/eu\/#\/schema\/person\/image\/\",\"url\":\"https:\/\/secure.gravatar.com\/avatar\/344a1f8262dc552fd951ddf77b72239b?s=96&d=mm&r=g\",\"contentUrl\":\"https:\/\/secure.gravatar.com\/avatar\/344a1f8262dc552fd951ddf77b72239b?s=96&d=mm&r=g\",\"caption\":\"uned\"},\"url\":\"https:\/\/unedpamplona.es\/eu\/author\/uned\/\"}]}<\/script>\n<!-- \/ Yoast SEO plugin. -->","yoast_head_json":{"title":"Conferencia \u201cLos forajidos en el desfiladero. Los enemigos de lo literario\u201d - UNED Pamplona","robots":{"index":"index","follow":"follow","max-snippet":"max-snippet:-1","max-image-preview":"max-image-preview:large","max-video-preview":"max-video-preview:-1"},"canonical":"https:\/\/unedpamplona.es\/eu\/conferencia-los-forajidos-en-el-desfiladero-los-enemigos-de-lo-literario\/","og_locale":"eu_ES","og_type":"article","og_title":"Conferencia \u201cLos forajidos en el desfiladero. Los enemigos de lo literario\u201d - UNED Pamplona","og_description":"UNED Pamplona ha organizado el pr\u00f3ximo 12 de febrero la conferencia \u201cLos forajidos en el desfiladero. Los enemigos de lo literario\u201d que ser\u00e1 impartida por el escritor Ignacio Lloret. En la elaboraci\u00f3n de cualquier texto literario, sobre todo en el \u00e1mbito de la ficci\u00f3n, el autor debe sortear una serie de obst\u00e1culos tanto en relaci\u00f3n [&hellip;]","og_url":"https:\/\/unedpamplona.es\/eu\/conferencia-los-forajidos-en-el-desfiladero-los-enemigos-de-lo-literario\/","og_site_name":"UNED Pamplona","article_published_time":"2025-02-05T07:09:21+00:00","article_modified_time":"2025-02-12T17:40:39+00:00","og_image":[{"width":1256,"height":482,"url":"https:\/\/unedpamplona.es\/wp-content\/uploads\/2025\/01\/forajidos.jpeg","type":"image\/jpeg"}],"author":"uned","twitter_card":"summary_large_image","twitter_creator":"@unedpamplona","twitter_site":"@unedpamplona","twitter_misc":{"Written by":"uned","Est. reading time":"1 minute"},"schema":{"@context":"https:\/\/schema.org","@graph":[{"@type":"Article","@id":"https:\/\/unedpamplona.es\/eu\/conferencia-los-forajidos-en-el-desfiladero-los-enemigos-de-lo-literario\/#article","isPartOf":{"@id":"https:\/\/unedpamplona.es\/eu\/conferencia-los-forajidos-en-el-desfiladero-los-enemigos-de-lo-literario\/"},"author":{"name":"uned","@id":"https:\/\/unedpamplona.es\/eu\/#\/schema\/person\/62a05b70c6808d41d8de2111f2b5f568"},"headline":"Conferencia \u201cLos forajidos en el desfiladero. Los enemigos de lo literario\u201d","datePublished":"2025-02-05T07:09:21+00:00","dateModified":"2025-02-12T17:40:39+00:00","mainEntityOfPage":{"@id":"https:\/\/unedpamplona.es\/eu\/conferencia-los-forajidos-en-el-desfiladero-los-enemigos-de-lo-literario\/"},"wordCount":163,"publisher":{"@id":"https:\/\/unedpamplona.es\/eu\/#organization"},"image":{"@id":"https:\/\/unedpamplona.es\/eu\/conferencia-los-forajidos-en-el-desfiladero-los-enemigos-de-lo-literario\/#primaryimage"},"thumbnailUrl":"https:\/\/unedpamplona.es\/wp-content\/uploads\/2025\/01\/forajidos.jpeg","articleSection":["Actualidad"],"inLanguage":"eu-ES"},{"@type":"WebPage","@id":"https:\/\/unedpamplona.es\/eu\/conferencia-los-forajidos-en-el-desfiladero-los-enemigos-de-lo-literario\/","url":"https:\/\/unedpamplona.es\/eu\/conferencia-los-forajidos-en-el-desfiladero-los-enemigos-de-lo-literario\/","name":"Conferencia \u201cLos forajidos en el desfiladero. Los enemigos de lo literario\u201d - UNED Pamplona","isPartOf":{"@id":"https:\/\/unedpamplona.es\/eu\/#website"},"primaryImageOfPage":{"@id":"https:\/\/unedpamplona.es\/eu\/conferencia-los-forajidos-en-el-desfiladero-los-enemigos-de-lo-literario\/#primaryimage"},"image":{"@id":"https:\/\/unedpamplona.es\/eu\/conferencia-los-forajidos-en-el-desfiladero-los-enemigos-de-lo-literario\/#primaryimage"},"thumbnailUrl":"https:\/\/unedpamplona.es\/wp-content\/uploads\/2025\/01\/forajidos.jpeg","datePublished":"2025-02-05T07:09:21+00:00","dateModified":"2025-02-12T17:40:39+00:00","inLanguage":"eu-ES","potentialAction":[{"@type":"ReadAction","target":["https:\/\/unedpamplona.es\/eu\/conferencia-los-forajidos-en-el-desfiladero-los-enemigos-de-lo-literario\/"]}]},{"@type":"ImageObject","inLanguage":"eu-ES","@id":"https:\/\/unedpamplona.es\/eu\/conferencia-los-forajidos-en-el-desfiladero-los-enemigos-de-lo-literario\/#primaryimage","url":"https:\/\/unedpamplona.es\/wp-content\/uploads\/2025\/01\/forajidos.jpeg","contentUrl":"https:\/\/unedpamplona.es\/wp-content\/uploads\/2025\/01\/forajidos.jpeg","width":1256,"height":482},{"@type":"WebSite","@id":"https:\/\/unedpamplona.es\/eu\/#website","url":"https:\/\/unedpamplona.es\/eu\/","name":"UNED Pamplona","description":"","publisher":{"@id":"https:\/\/unedpamplona.es\/eu\/#organization"},"potentialAction":[{"@type":"SearchAction","target":{"@type":"EntryPoint","urlTemplate":"https:\/\/unedpamplona.es\/eu\/?s={search_term_string}"},"query-input":"required name=search_term_string"}],"inLanguage":"eu-ES"},{"@type":"Organization","@id":"https:\/\/unedpamplona.es\/eu\/#organization","name":"UNED Pamplona","url":"https:\/\/unedpamplona.es\/eu\/","logo":{"@type":"ImageObject","inLanguage":"eu-ES","@id":"https:\/\/unedpamplona.es\/eu\/#\/schema\/logo\/image\/","url":"https:\/\/unedpamplona.es\/wp-content\/uploads\/2024\/02\/uned_pamplona_logo.png","contentUrl":"https:\/\/unedpamplona.es\/wp-content\/uploads\/2024\/02\/uned_pamplona_logo.png","width":218,"height":104,"caption":"UNED Pamplona"},"image":{"@id":"https:\/\/unedpamplona.es\/eu\/#\/schema\/logo\/image\/"},"sameAs":["https:\/\/x.com\/unedpamplona","https:\/\/www.youtube.com\/channel\/UCR2jc6TbCMAPnbcA17Z0wwg","https:\/\/www.instagram.com\/unedpamplona\/"]},{"@type":"Person","@id":"https:\/\/unedpamplona.es\/eu\/#\/schema\/person\/62a05b70c6808d41d8de2111f2b5f568","name":"uned","image":{"@type":"ImageObject","inLanguage":"eu-ES","@id":"https:\/\/unedpamplona.es\/eu\/#\/schema\/person\/image\/","url":"https:\/\/secure.gravatar.com\/avatar\/344a1f8262dc552fd951ddf77b72239b?s=96&d=mm&r=g","contentUrl":"https:\/\/secure.gravatar.com\/avatar\/344a1f8262dc552fd951ddf77b72239b?s=96&d=mm&r=g","caption":"uned"},"url":"https:\/\/unedpamplona.es\/eu\/author\/uned\/"}]}},"_links":{"self":[{"href":"https:\/\/unedpamplona.es\/eu\/wp-json\/wp\/v2\/posts\/6216"}],"collection":[{"href":"https:\/\/unedpamplona.es\/eu\/wp-json\/wp\/v2\/posts"}],"about":[{"href":"https:\/\/unedpamplona.es\/eu\/wp-json\/wp\/v2\/types\/post"}],"author":[{"embeddable":true,"href":"https:\/\/unedpamplona.es\/eu\/wp-json\/wp\/v2\/users\/2"}],"replies":[{"embeddable":true,"href":"https:\/\/unedpamplona.es\/eu\/wp-json\/wp\/v2\/comments?post=6216"}],"version-history":[{"count":5,"href":"https:\/\/unedpamplona.es\/eu\/wp-json\/wp\/v2\/posts\/6216\/revisions"}],"predecessor-version":[{"id":6759,"href":"https:\/\/unedpamplona.es\/eu\/wp-json\/wp\/v2\/posts\/6216\/revisions\/6759"}],"wp:featuredmedia":[{"embeddable":true,"href":"https:\/\/unedpamplona.es\/eu\/wp-json\/wp\/v2\/media\/6217"}],"wp:attachment":[{"href":"https:\/\/unedpamplona.es\/eu\/wp-json\/wp\/v2\/media?parent=6216"}],"wp:term":[{"taxonomy":"category","embeddable":true,"href":"https:\/\/unedpamplona.es\/eu\/wp-json\/wp\/v2\/categories?post=6216"},{"taxonomy":"post_tag","embeddable":true,"href":"https:\/\/unedpamplona.es\/eu\/wp-json\/wp\/v2\/tags?post=6216"}],"curies":[{"name":"wp","href":"https:\/\/api.w.org\/{rel}","templated":true}]}}